{"id":422687,"date":"2026-03-26T15:12:00","date_gmt":"2026-03-26T18:12:00","guid":{"rendered":"https:\/\/portaltela.pt\/noticias\/2026\/03\/26\/sanchez-promove-ministro-da-economia-a-vice-e-nomeia-novo-ministro-das-financas\/"},"modified":"2026-03-26T15:12:00","modified_gmt":"2026-03-26T18:12:00","slug":"sanchez-promove-ministro-da-economia-a-vice-e-nomeia-novo-ministro-das-financas","status":"publish","type":"post","link":"https:\/\/portaltela.pt\/noticias\/politica\/2026\/03\/26\/sanchez-promove-ministro-da-economia-a-vice-e-nomeia-novo-ministro-das-financas\/","title":{"rendered":"S\u00e1nchez promove ministro da Economia a vice e nomeia novo ministro das Finan\u00e7as"},"content":{"rendered":"<p>Carlos Cuerpo ser\u00e1 o \u201cn\u00famero dois\u201d do Governo de Pedro S\u00e1nchez, com o ministro a ocupar o cargo de vice-presidente. A nomea\u00e7\u00e3o acontece ap\u00f3s a sa\u00edda de Mar\u00eda Jes\u00fas Montero, que vai liderar a candidatura socialista \u00e0s elei\u00e7\u00f5es regionais da Andaluzia. A declara\u00e7\u00e3o foi feita hoje pelo chefe do Governo, em Madrid, a partir da Moncloa.<\/p>\n<p>Cuerpo passa a ser o primeiro vice-presidente, tornando-se o primeiro homem a ocupar o posto desde 2018, quando o socialista PSOE chegou ao poder. O an\u00fancio confirmou ainda Arcadi Espa\u00f1a como novo ministro das Finan\u00e7as, at\u00e9 agora secret\u00e1rio de Estado de Pol\u00edtica Territorial. Montero deixa o Governo ap\u00f3s oito anos no cargo.<\/p>\n<h3>Altera\u00e7\u00f5es no Governo<\/h3>\n<p>Mar\u00eda Jes\u00fas Montero anunciou que a mudan\u00e7a permite apresentar, nas pr\u00f3ximas semanas, a proposta de Or\u00e7amento do Estado, ainda por aprovar pela C\u00e2mara. O Governo n\u00e3o tem or\u00e7amento aprovado para a legislatura, mantendo o or\u00e7amento de 2023 com prazos de vig\u00eancia prolongados.<\/p>\n<p>O \u00faltimo Or\u00e7amento aprovado pelo Parlamento foi o de 2023, apresentado em dezembro de 2022. Desde ent\u00e3o, o Governo n\u00e3o conseguiu obter apoio suficiente para aprovar um novo documento financeiro, contando com uma alian\u00e7a de oito partidos para aprovar leis.<\/p>\n<p>Pedro S\u00e1nchez destacou o papel de Montero na gest\u00e3o das finan\u00e7as, elogiando o desempenho econ\u00f3mico e a mobiliza\u00e7\u00e3o de fundos europeus. A retirada de Montero permite reorganizar a lideran\u00e7a econ\u00f3mica do Executivo.<\/p>\n<h3>Contexto pol\u00edtico e elei\u00e7\u00f5es na Andaluzia<\/h3>\n<p>As elei\u00e7\u00f5es regionais da Andaluzia est\u00e3o marcadas para 17 de maio, conforme an\u00fancio do atual presidente auton\u00f3mico, Juanma Moreno, do PP. O PP tem conseguido vit\u00f3rias regionais recentes, com cen\u00e1rios de maior competi\u00e7\u00e3o para o PSOE.<\/p>\n<p>Historicamente, a Andaluzia foi um basti\u00e3o do PSOE, mas em 2018 o partido perdeu o governo para uma coliga\u00e7\u00e3o de direita, enquanto em 2022 o PP conquistou maioria absoluta. A regi\u00e3o tem papel estrat\u00e9gico na pol\u00edtica espanhola.<\/p>\n","protected":false},"excerpt":{"rendered":"<ul>\n<li>O presidente do Governo espanhol, Pedro S\u00e1nchez, promove Carlos Cuerpo a vice\u2011presidente primeiro, tornando\u2011o no n\u00famero dois do Executivo.<\/li>\n<li>Cuerpo torna\u2011se o primeiro vice\u2011presidente de S\u00e1nchez e passa a ser o primeiro homem a ocupar o lugar desde 2018.<\/li>\n<li>Arcadi Espa\u00f1a \u00e9 anunciado como novo ministro das Finan\u00e7as, at\u00e9 hoje secret\u00e1rio de Estado de Pol\u00edtica Territorial.<\/li>\n<li>Mar\u00eda Jes\u00fas Montero deixa o cargo para encabe\u00e7ar a candidatura socialista nas elei\u00e7\u00f5es regionais da Andaluzia, marcadas para 17 de maio.<\/li>\n<li>Espanha n\u00e3o tem Or\u00e7amento do Estado aprovado na atual legislatura; o \u00faltimo, de 2023, continua em vigor por prolongamento. O PSOE depende de uma geringon\u00e7a de oito partidos para aprovar leis.<\/li>\n<\/ul>\n","protected":false},"author":2,"featured_media":422690,"comment_status":"closed","ping_status":"closed","sticky":false,"template":"","format":"standard","meta":{"footnotes":""},"categories":[1,5],"tags":[6115,5975,68,34,6000,2832],"class_list":["post-422687","post","type-post","status-publish","format-standard","has-post-thumbnail","hentry","category-noticias","category-politica","tag-_economia","tag-andaluzia","tag-eleicoes","tag-governo","tag-orcamento","tag-politica"],"yoast_head":"<!-- This site is optimized with the Yoast SEO plugin v27.2 - https:\/\/yoast.com\/product\/yoast-seo-wordpress\/ -->\n<title>S\u00e1nchez promove ministro da Economia a vice e nomeia novo ministro das Finan\u00e7as - Portal Tela Portugal<\/title>\n<meta name=\"robots\" content=\"index, follow, max-snippet:-1, max-image-preview:large, max-video-preview:-1\" \/>\n<meta property=\"og:locale\" content=\"pt_PT\" \/>\n<meta property=\"og:type\" content=\"article\" \/>\n<meta property=\"og:title\" content=\"S\u00e1nchez promove ministro da Economia a vice e nomeia novo ministro das Finan\u00e7as - Portal Tela Portugal\" \/>\n<meta property=\"og:description\" content=\"O presidente do Governo espanhol, Pedro S\u00e1nchez, promove Carlos Cuerpo a vice\u2011presidente primeiro, tornando\u2011o no n\u00famero dois do Executivo. Cuerpo torna\u2011se o primeiro vice\u2011presidente de S\u00e1nchez e passa a ser o primeiro homem a ocupar o lugar desde 2018. Arcadi Espa\u00f1a \u00e9 anunciado como novo ministro das Finan\u00e7as, at\u00e9 hoje secret\u00e1rio de Estado de Pol\u00edtica Territorial. Mar\u00eda Jes\u00fas Montero deixa o cargo para encabe\u00e7ar a candidatura socialista nas elei\u00e7\u00f5es regionais da Andaluzia, marcadas para 17 de maio. Espanha n\u00e3o tem Or\u00e7amento do Estado aprovado na atual legislatura; o \u00faltimo, de 2023, continua em vigor por prolongamento. O PSOE depende de uma geringon\u00e7a de oito partidos para aprovar leis.\" \/>\n<meta property=\"og:url\" content=\"https:\/\/portaltela.pt\/noticias\/2026\/03\/26\/sanchez-promove-ministro-da-economia-a-vice-e-nomeia-novo-ministro-das-financas\/\" \/>\n<meta property=\"og:site_name\" content=\"Portal Tela Portugal\" \/>\n<meta property=\"article:published_time\" content=\"2026-03-26T18:12:00+00:00\" \/>\n<meta name=\"author\" content=\"Telinha\" \/>\n<meta name=\"twitter:card\" content=\"summary_large_image\" \/>\n<meta name=\"twitter:label1\" content=\"Escrito por\" \/>\n\t<meta name=\"twitter:data1\" content=\"Telinha\" \/>\n\t<meta name=\"twitter:label2\" content=\"Tempo estimado de leitura\" \/>\n\t<meta name=\"twitter:data2\" content=\"2 minutos\" \/>\n<script type=\"application\/ld+json\" class=\"yoast-schema-graph\">{\"@context\":\"https:\/\/schema.org\",\"@graph\":[{\"@type\":\"Article\",\"@id\":\"https:\/\/portaltela.pt\/noticias\/2026\/03\/26\/sanchez-promove-ministro-da-economia-a-vice-e-nomeia-novo-ministro-das-financas\/#article\",\"isPartOf\":{\"@id\":\"https:\/\/portaltela.pt\/noticias\/2026\/03\/26\/sanchez-promove-ministro-da-economia-a-vice-e-nomeia-novo-ministro-das-financas\/\"},\"author\":{\"name\":\"Telinha\",\"@id\":\"https:\/\/portaltela.pt\/#\/schema\/person\/c4278d4a6028830caff9ee44b42d32ed\"},\"headline\":\"S\u00e1nchez promove ministro da Economia a vice e nomeia novo ministro das Finan\u00e7as\",\"datePublished\":\"2026-03-26T18:12:00+00:00\",\"mainEntityOfPage\":{\"@id\":\"https:\/\/portaltela.pt\/noticias\/2026\/03\/26\/sanchez-promove-ministro-da-economia-a-vice-e-nomeia-novo-ministro-das-financas\/\"},\"wordCount\":363,\"image\":{\"@id\":\"https:\/\/portaltela.pt\/noticias\/2026\/03\/26\/sanchez-promove-ministro-da-economia-a-vice-e-nomeia-novo-ministro-das-financas\/#primaryimage\"},\"thumbnailUrl\":\"https:\/\/portaltela.pt\/s.01k8rhncp4jt1\/2026\/03\/img_1500x1000uu2025-09-01-22-31-19-2232732.jpg\",\"keywords\":[\"_economia\",\"Andaluzia\",\"elei\u00e7\u00f5es\",\"governo\",\"or\u00e7amento\",\"pol\u00edtica\"],\"articleSection\":[\"Not\u00edcias\",\"Pol\u00edtica\"],\"inLanguage\":\"pt-PT\"},{\"@type\":\"WebPage\",\"@id\":\"https:\/\/portaltela.pt\/noticias\/2026\/03\/26\/sanchez-promove-ministro-da-economia-a-vice-e-nomeia-novo-ministro-das-financas\/\",\"url\":\"https:\/\/portaltela.pt\/noticias\/2026\/03\/26\/sanchez-promove-ministro-da-economia-a-vice-e-nomeia-novo-ministro-das-financas\/\",\"name\":\"S\u00e1nchez promove ministro da Economia a vice e nomeia novo ministro das Finan\u00e7as - Portal Tela Portugal\",\"isPartOf\":{\"@id\":\"https:\/\/portaltela.pt\/#website\"},\"primaryImageOfPage\":{\"@id\":\"https:\/\/portaltela.pt\/noticias\/2026\/03\/26\/sanchez-promove-ministro-da-economia-a-vice-e-nomeia-novo-ministro-das-financas\/#primaryimage\"},\"image\":{\"@id\":\"https:\/\/portaltela.pt\/noticias\/2026\/03\/26\/sanchez-promove-ministro-da-economia-a-vice-e-nomeia-novo-ministro-das-financas\/#primaryimage\"},\"thumbnailUrl\":\"https:\/\/portaltela.pt\/s.01k8rhncp4jt1\/2026\/03\/img_1500x1000uu2025-09-01-22-31-19-2232732.jpg\",\"datePublished\":\"2026-03-26T18:12:00+00:00\",\"author\":{\"@id\":\"https:\/\/portaltela.pt\/#\/schema\/person\/c4278d4a6028830caff9ee44b42d32ed\"},\"breadcrumb\":{\"@id\":\"https:\/\/portaltela.pt\/noticias\/2026\/03\/26\/sanchez-promove-ministro-da-economia-a-vice-e-nomeia-novo-ministro-das-financas\/#breadcrumb\"},\"inLanguage\":\"pt-PT\",\"potentialAction\":[{\"@type\":\"ReadAction\",\"target\":[\"https:\/\/portaltela.pt\/noticias\/2026\/03\/26\/sanchez-promove-ministro-da-economia-a-vice-e-nomeia-novo-ministro-das-financas\/\"]}]},{\"@type\":\"ImageObject\",\"inLanguage\":\"pt-PT\",\"@id\":\"https:\/\/portaltela.pt\/noticias\/2026\/03\/26\/sanchez-promove-ministro-da-economia-a-vice-e-nomeia-novo-ministro-das-financas\/#primaryimage\",\"url\":\"https:\/\/portaltela.pt\/s.01k8rhncp4jt1\/2026\/03\/img_1500x1000uu2025-09-01-22-31-19-2232732.jpg\",\"contentUrl\":\"https:\/\/portaltela.pt\/s.01k8rhncp4jt1\/2026\/03\/img_1500x1000uu2025-09-01-22-31-19-2232732.jpg\",\"width\":1500,\"height\":1000,\"caption\":\"Pedro S\u00e1nchez, chefe do governo espanhol\"},{\"@type\":\"BreadcrumbList\",\"@id\":\"https:\/\/portaltela.pt\/noticias\/2026\/03\/26\/sanchez-promove-ministro-da-economia-a-vice-e-nomeia-novo-ministro-das-financas\/#breadcrumb\",\"itemListElement\":[{\"@type\":\"ListItem\",\"position\":1,\"name\":\"In\u00edcio\",\"item\":\"https:\/\/portaltela.pt\/\"},{\"@type\":\"ListItem\",\"position\":2,\"name\":\"S\u00e1nchez promove ministro da Economia a vice e nomeia novo ministro das Finan\u00e7as\"}]},{\"@type\":\"WebSite\",\"@id\":\"https:\/\/portaltela.pt\/#website\",\"url\":\"https:\/\/portaltela.pt\/\",\"name\":\"Portal Tela Portugal\",\"description\":\"\",\"potentialAction\":[{\"@type\":\"SearchAction\",\"target\":{\"@type\":\"EntryPoint\",\"urlTemplate\":\"https:\/\/portaltela.pt\/?s={search_term_string}\"},\"query-input\":{\"@type\":\"PropertyValueSpecification\",\"valueRequired\":true,\"valueName\":\"search_term_string\"}}],\"inLanguage\":\"pt-PT\"},{\"@type\":\"Person\",\"@id\":\"https:\/\/portaltela.pt\/#\/schema\/person\/c4278d4a6028830caff9ee44b42d32ed\",\"name\":\"Telinha\",\"image\":{\"@type\":\"ImageObject\",\"inLanguage\":\"pt-PT\",\"@id\":\"https:\/\/portaltela.pt\/s.01k8rhncp4jt1\/2025\/11\/talking-bot-125x125.png\",\"url\":\"https:\/\/portaltela.pt\/s.01k8rhncp4jt1\/2025\/11\/talking-bot-125x125.png\",\"contentUrl\":\"https:\/\/portaltela.pt\/s.01k8rhncp4jt1\/2025\/11\/talking-bot-125x125.png\",\"caption\":\"Telinha\"},\"sameAs\":[\"https:\/\/portaltela.pt\/\"],\"url\":\"https:\/\/portaltela.pt\/por\/367410592786\/\"}]}<\/script>\n<!-- \/ Yoast SEO plugin. -->","yoast_head_json":{"title":"S\u00e1nchez promove ministro da Economia a vice e nomeia novo ministro das Finan\u00e7as - Portal Tela Portugal","robots":{"index":"index","follow":"follow","max-snippet":"max-snippet:-1","max-image-preview":"max-image-preview:large","max-video-preview":"max-video-preview:-1"},"og_locale":"pt_PT","og_type":"article","og_title":"S\u00e1nchez promove ministro da Economia a vice e nomeia novo ministro das Finan\u00e7as - Portal Tela Portugal","og_description":"O presidente do Governo espanhol, Pedro S\u00e1nchez, promove Carlos Cuerpo a vice\u2011presidente primeiro, tornando\u2011o no n\u00famero dois do Executivo. Cuerpo torna\u2011se o primeiro vice\u2011presidente de S\u00e1nchez e passa a ser o primeiro homem a ocupar o lugar desde 2018. Arcadi Espa\u00f1a \u00e9 anunciado como novo ministro das Finan\u00e7as, at\u00e9 hoje secret\u00e1rio de Estado de Pol\u00edtica Territorial. Mar\u00eda Jes\u00fas Montero deixa o cargo para encabe\u00e7ar a candidatura socialista nas elei\u00e7\u00f5es regionais da Andaluzia, marcadas para 17 de maio. Espanha n\u00e3o tem Or\u00e7amento do Estado aprovado na atual legislatura; o \u00faltimo, de 2023, continua em vigor por prolongamento. O PSOE depende de uma geringon\u00e7a de oito partidos para aprovar leis.","og_url":"https:\/\/portaltela.pt\/noticias\/2026\/03\/26\/sanchez-promove-ministro-da-economia-a-vice-e-nomeia-novo-ministro-das-financas\/","og_site_name":"Portal Tela Portugal","article_published_time":"2026-03-26T18:12:00+00:00","author":"Telinha","twitter_card":"summary_large_image","twitter_misc":{"Escrito por":"Telinha","Tempo estimado de leitura":"2 minutos"},"schema":{"@context":"https:\/\/schema.org","@graph":[{"@type":"Article","@id":"https:\/\/portaltela.pt\/noticias\/2026\/03\/26\/sanchez-promove-ministro-da-economia-a-vice-e-nomeia-novo-ministro-das-financas\/#article","isPartOf":{"@id":"https:\/\/portaltela.pt\/noticias\/2026\/03\/26\/sanchez-promove-ministro-da-economia-a-vice-e-nomeia-novo-ministro-das-financas\/"},"author":{"name":"Telinha","@id":"https:\/\/portaltela.pt\/#\/schema\/person\/c4278d4a6028830caff9ee44b42d32ed"},"headline":"S\u00e1nchez promove ministro da Economia a vice e nomeia novo ministro das Finan\u00e7as","datePublished":"2026-03-26T18:12:00+00:00","mainEntityOfPage":{"@id":"https:\/\/portaltela.pt\/noticias\/2026\/03\/26\/sanchez-promove-ministro-da-economia-a-vice-e-nomeia-novo-ministro-das-financas\/"},"wordCount":363,"image":{"@id":"https:\/\/portaltela.pt\/noticias\/2026\/03\/26\/sanchez-promove-ministro-da-economia-a-vice-e-nomeia-novo-ministro-das-financas\/#primaryimage"},"thumbnailUrl":"https:\/\/portaltela.pt\/s.01k8rhncp4jt1\/2026\/03\/img_1500x1000uu2025-09-01-22-31-19-2232732.jpg","keywords":["_economia","Andaluzia","elei\u00e7\u00f5es","governo","or\u00e7amento","pol\u00edtica"],"articleSection":["Not\u00edcias","Pol\u00edtica"],"inLanguage":"pt-PT"},{"@type":"WebPage","@id":"https:\/\/portaltela.pt\/noticias\/2026\/03\/26\/sanchez-promove-ministro-da-economia-a-vice-e-nomeia-novo-ministro-das-financas\/","url":"https:\/\/portaltela.pt\/noticias\/2026\/03\/26\/sanchez-promove-ministro-da-economia-a-vice-e-nomeia-novo-ministro-das-financas\/","name":"S\u00e1nchez promove ministro da Economia a vice e nomeia novo ministro das Finan\u00e7as - Portal Tela Portugal","isPartOf":{"@id":"https:\/\/portaltela.pt\/#website"},"primaryImageOfPage":{"@id":"https:\/\/portaltela.pt\/noticias\/2026\/03\/26\/sanchez-promove-ministro-da-economia-a-vice-e-nomeia-novo-ministro-das-financas\/#primaryimage"},"image":{"@id":"https:\/\/portaltela.pt\/noticias\/2026\/03\/26\/sanchez-promove-ministro-da-economia-a-vice-e-nomeia-novo-ministro-das-financas\/#primaryimage"},"thumbnailUrl":"https:\/\/portaltela.pt\/s.01k8rhncp4jt1\/2026\/03\/img_1500x1000uu2025-09-01-22-31-19-2232732.jpg","datePublished":"2026-03-26T18:12:00+00:00","author":{"@id":"https:\/\/portaltela.pt\/#\/schema\/person\/c4278d4a6028830caff9ee44b42d32ed"},"breadcrumb":{"@id":"https:\/\/portaltela.pt\/noticias\/2026\/03\/26\/sanchez-promove-ministro-da-economia-a-vice-e-nomeia-novo-ministro-das-financas\/#breadcrumb"},"inLanguage":"pt-PT","potentialAction":[{"@type":"ReadAction","target":["https:\/\/portaltela.pt\/noticias\/2026\/03\/26\/sanchez-promove-ministro-da-economia-a-vice-e-nomeia-novo-ministro-das-financas\/"]}]},{"@type":"ImageObject","inLanguage":"pt-PT","@id":"https:\/\/portaltela.pt\/noticias\/2026\/03\/26\/sanchez-promove-ministro-da-economia-a-vice-e-nomeia-novo-ministro-das-financas\/#primaryimage","url":"https:\/\/portaltela.pt\/s.01k8rhncp4jt1\/2026\/03\/img_1500x1000uu2025-09-01-22-31-19-2232732.jpg","contentUrl":"https:\/\/portaltela.pt\/s.01k8rhncp4jt1\/2026\/03\/img_1500x1000uu2025-09-01-22-31-19-2232732.jpg","width":1500,"height":1000,"caption":"Pedro S\u00e1nchez, chefe do governo espanhol"},{"@type":"BreadcrumbList","@id":"https:\/\/portaltela.pt\/noticias\/2026\/03\/26\/sanchez-promove-ministro-da-economia-a-vice-e-nomeia-novo-ministro-das-financas\/#breadcrumb","itemListElement":[{"@type":"ListItem","position":1,"name":"In\u00edcio","item":"https:\/\/portaltela.pt\/"},{"@type":"ListItem","position":2,"name":"S\u00e1nchez promove ministro da Economia a vice e nomeia novo ministro das Finan\u00e7as"}]},{"@type":"WebSite","@id":"https:\/\/portaltela.pt\/#website","url":"https:\/\/portaltela.pt\/","name":"Portal Tela Portugal","description":"","potentialAction":[{"@type":"SearchAction","target":{"@type":"EntryPoint","urlTemplate":"https:\/\/portaltela.pt\/?s={search_term_string}"},"query-input":{"@type":"PropertyValueSpecification","valueRequired":true,"valueName":"search_term_string"}}],"inLanguage":"pt-PT"},{"@type":"Person","@id":"https:\/\/portaltela.pt\/#\/schema\/person\/c4278d4a6028830caff9ee44b42d32ed","name":"Telinha","image":{"@type":"ImageObject","inLanguage":"pt-PT","@id":"https:\/\/portaltela.pt\/s.01k8rhncp4jt1\/2025\/11\/talking-bot-125x125.png","url":"https:\/\/portaltela.pt\/s.01k8rhncp4jt1\/2025\/11\/talking-bot-125x125.png","contentUrl":"https:\/\/portaltela.pt\/s.01k8rhncp4jt1\/2025\/11\/talking-bot-125x125.png","caption":"Telinha"},"sameAs":["https:\/\/portaltela.pt\/"],"url":"https:\/\/portaltela.pt\/por\/367410592786\/"}]}},"_links":{"self":[{"href":"https:\/\/portaltela.pt\/api\/wp\/v2\/posts\/422687","targetHints":{"allow":["GET"]}}],"collection":[{"href":"https:\/\/portaltela.pt\/api\/wp\/v2\/posts"}],"about":[{"href":"https:\/\/portaltela.pt\/api\/wp\/v2\/types\/post"}],"author":[{"embeddable":true,"href":"https:\/\/portaltela.pt\/api\/wp\/v2\/users\/2"}],"replies":[{"embeddable":true,"href":"https:\/\/portaltela.pt\/api\/wp\/v2\/comments?post=422687"}],"version-history":[{"count":0,"href":"https:\/\/portaltela.pt\/api\/wp\/v2\/posts\/422687\/revisions"}],"wp:featuredmedia":[{"embeddable":true,"href":"https:\/\/portaltela.pt\/api\/wp\/v2\/media\/422690"}],"wp:attachment":[{"href":"https:\/\/portaltela.pt\/api\/wp\/v2\/media?parent=422687"}],"wp:term":[{"taxonomy":"category","embeddable":true,"href":"https:\/\/portaltela.pt\/api\/wp\/v2\/categories?post=422687"},{"taxonomy":"post_tag","embeddable":true,"href":"https:\/\/portaltela.pt\/api\/wp\/v2\/tags?post=422687"}],"curies":[{"name":"wp","href":"https:\/\/api.w.org\/{rel}","templated":true}]}}