{"id":422684,"date":"2026-03-26T15:14:15","date_gmt":"2026-03-26T18:14:15","guid":{"rendered":"https:\/\/portaltela.pt\/noticias\/2026\/03\/26\/inem-operava-apenas-com-longas-horas-de-trabalho-extraordinario\/"},"modified":"2026-03-26T15:14:15","modified_gmt":"2026-03-26T18:14:15","slug":"inem-operava-apenas-com-longas-horas-de-trabalho-extraordinario","status":"publish","type":"post","link":"https:\/\/portaltela.pt\/saude\/2026\/03\/26\/inem-operava-apenas-com-longas-horas-de-trabalho-extraordinario\/","title":{"rendered":"INEM operava apenas com longas horas de trabalho extraordin\u00e1rio"},"content":{"rendered":"<p>O ex-diretor executivo do Servi\u00e7o Nacional de Sa\u00fade (SNS) Ant\u00f3nio Gandra d&#8217;Almeida foi ouvido esta quinta-feira na Comiss\u00e3o Parlamentar de Inqu\u00e9rito ao INEM. Alegou que o INEM s\u00f3 funcionava com muitas horas extra e presta\u00e7\u00e3o de servi\u00e7os, tal como o resto do SNS. A afirma\u00e7\u00e3o ocorreu durante o interrogat\u00f3rio no Parlamento.<\/p>\n<p>Gandra d&#8217;Almeida afirmou que o INEM precisa de ajuda h\u00e1 algum tempo e que, se houvesse investimento em recursos humanos e materiais nos \u00faltimos anos, o funcionamento seria melhor. O depoimento centrou-se na necessidade de refor\u00e7os para acompanhar a crescente operacionalidade.<\/p>\n<p>O ex-diretor do INEM do Norte, que j\u00e1 foi diretor regional da institui\u00e7\u00e3o, referiu problemas de recursos humanos, instala\u00e7\u00f5es e equipamentos desatualizados. Segundo ele, n\u00e3o houve a atualiza\u00e7\u00e3o necess\u00e1ria para acompanhar o aumento da atividade do INEM.<\/p>\n<p>Sobre georreferencia\u00e7\u00e3o, explicou que existe nas viaturas de emerg\u00eancia m\u00e9dica, mas nem todas as VMER disp\u00f5em desse recurso nem funciona em todas as ambul\u00e2ncias. A seu ver, se todas as viaturas tivessem georreferencia\u00e7\u00e3o, a ativa\u00e7\u00e3o seria mais simples.<\/p>\n<p>Gandra d&#8217;Almeida respondeu ainda a quest\u00f5es sobre a greve no INEM em outubro\/novembro de 2024. Disse ter tomado conhecimento da greve, mas n\u00e3o recorda como. Tamb\u00e9m afirmou que n\u00e3o tem mem\u00f3ria de ter falado com o INEM sobre o impacto da paralisa\u00e7\u00e3o.<\/p>\n<h3>Contexto institucional<\/h3>\n<p>O deputado Francisco Sousa Vieira (PSD) questionou o papel da DE-SNS na atua\u00e7\u00e3o do INEM face a falhas identificadas. A deputada Marina Gon\u00e7alves (PS) pediu esclarecimentos adicionais sobre responsabilidades na gest\u00e3o do instituto p\u00fablico.<\/p>\n","protected":false},"excerpt":{"rendered":"<ul>\n<li>O ex-diretor executivo do SNS, Ant\u00f3nio Gandra d&#8217;Almeida, afirmou na Comiss\u00e3o Parlamentar de Inqu\u00e9rito ao INEM que o instituto \u201cs\u00f3 funcionava com muitas horas extra\u201d.<\/li>\n<li>Disse que, sem investimento em recursos humanos e materiais nos \u00faltimos anos, o INEM funcionaria melhor.<\/li>\n<li>Explicou que h\u00e1 georreferencia\u00e7\u00e3o nas viaturas de emerg\u00eancia m\u00e9dica, mas nem todas as VMER (viaturas de mobiliza\u00e7\u00e3o de emerg\u00eancia e resgate) disp\u00f5em desse sistema.<\/li>\n<li>Refor\u00e7ou que o INEM enfrenta falta de recursos humanos, instala\u00e7\u00f5es e equipamentos atualizados, n\u00e3o tendo acompanhado o crescimento da operacionalidade.<\/li>\n<li>Sobre a greve do INEM em outubro\/novembro de 2024, afirmou n\u00e3o se recordar de ter falado com o INEM sobre o impacto e disse que n\u00e3o compete \u00e0 DE-SNS dizer ao instituto p\u00fablico como atuar.<\/li>\n<\/ul>\n","protected":false},"author":2,"featured_media":422688,"comment_status":"closed","ping_status":"closed","sticky":false,"template":"","format":"standard","meta":{"footnotes":""},"categories":[1,6745],"tags":[168,3656,1922,5761,1775,4462],"class_list":["post-422684","post","type-post","status-publish","format-standard","has-post-thumbnail","hentry","category-noticias","category-saude","tag-administracao-publica","tag-ambulancias","tag-inem","tag-servicos-de-saude","tag-sns","tag-vmer"],"yoast_head":"<!-- This site is optimized with the Yoast SEO plugin v27.2 - https:\/\/yoast.com\/product\/yoast-seo-wordpress\/ -->\n<title>INEM operava apenas com longas horas de trabalho extraordin\u00e1rio - Portal Tela Portugal<\/title>\n<meta name=\"robots\" content=\"index, follow, max-snippet:-1, max-image-preview:large, max-video-preview:-1\" \/>\n<meta property=\"og:locale\" content=\"pt_PT\" \/>\n<meta property=\"og:type\" content=\"article\" \/>\n<meta property=\"og:title\" content=\"INEM operava apenas com longas horas de trabalho extraordin\u00e1rio - Portal Tela Portugal\" \/>\n<meta property=\"og:description\" content=\"O ex-diretor executivo do SNS, Ant\u00f3nio Gandra d&#039;Almeida, afirmou na Comiss\u00e3o Parlamentar de Inqu\u00e9rito ao INEM que o instituto \u201cs\u00f3 funcionava com muitas horas extra\u201d. Disse que, sem investimento em recursos humanos e materiais nos \u00faltimos anos, o INEM funcionaria melhor. Explicou que h\u00e1 georreferencia\u00e7\u00e3o nas viaturas de emerg\u00eancia m\u00e9dica, mas nem todas as VMER (viaturas de mobiliza\u00e7\u00e3o de emerg\u00eancia e resgate) disp\u00f5em desse sistema. Refor\u00e7ou que o INEM enfrenta falta de recursos humanos, instala\u00e7\u00f5es e equipamentos atualizados, n\u00e3o tendo acompanhado o crescimento da operacionalidade. Sobre a greve do INEM em outubro\/novembro de 2024, afirmou n\u00e3o se recordar de ter falado com o INEM sobre o impacto e disse que n\u00e3o compete \u00e0 DE-SNS dizer ao instituto p\u00fablico como atuar.\" \/>\n<meta property=\"og:url\" content=\"https:\/\/portaltela.pt\/noticias\/2026\/03\/26\/inem-operava-apenas-com-longas-horas-de-trabalho-extraordinario\/\" \/>\n<meta property=\"og:site_name\" content=\"Portal Tela Portugal\" \/>\n<meta property=\"article:published_time\" content=\"2026-03-26T18:14:15+00:00\" \/>\n<meta name=\"author\" content=\"Telinha\" \/>\n<meta name=\"twitter:card\" content=\"summary_large_image\" \/>\n<meta name=\"twitter:label1\" content=\"Escrito por\" \/>\n\t<meta name=\"twitter:data1\" content=\"Telinha\" \/>\n\t<meta name=\"twitter:label2\" content=\"Tempo estimado de leitura\" \/>\n\t<meta name=\"twitter:data2\" content=\"1 minuto\" \/>\n<script type=\"application\/ld+json\" class=\"yoast-schema-graph\">{\"@context\":\"https:\/\/schema.org\",\"@graph\":[{\"@type\":\"Article\",\"@id\":\"https:\/\/portaltela.pt\/noticias\/2026\/03\/26\/inem-operava-apenas-com-longas-horas-de-trabalho-extraordinario\/#article\",\"isPartOf\":{\"@id\":\"https:\/\/portaltela.pt\/noticias\/2026\/03\/26\/inem-operava-apenas-com-longas-horas-de-trabalho-extraordinario\/\"},\"author\":{\"name\":\"Telinha\",\"@id\":\"https:\/\/portaltela.pt\/#\/schema\/person\/c4278d4a6028830caff9ee44b42d32ed\"},\"headline\":\"INEM operava apenas com longas horas de trabalho extraordin\u00e1rio\",\"datePublished\":\"2026-03-26T18:14:15+00:00\",\"mainEntityOfPage\":{\"@id\":\"https:\/\/portaltela.pt\/noticias\/2026\/03\/26\/inem-operava-apenas-com-longas-horas-de-trabalho-extraordinario\/\"},\"wordCount\":290,\"image\":{\"@id\":\"https:\/\/portaltela.pt\/noticias\/2026\/03\/26\/inem-operava-apenas-com-longas-horas-de-trabalho-extraordinario\/#primaryimage\"},\"thumbnailUrl\":\"https:\/\/portaltela.pt\/s.01k8rhncp4jt1\/2026\/03\/img_1500x1000uu2026-03-26-18-02-26-2274964.jpg\",\"keywords\":[\"administra\u00e7\u00e3o p\u00fablica\",\"ambul\u00e2ncias\",\"INEM\",\"servi\u00e7os de sa\u00fade\",\"SNS\",\"VMER\"],\"articleSection\":[\"Not\u00edcias\",\"Sa\u00fade\"],\"inLanguage\":\"pt-PT\"},{\"@type\":\"WebPage\",\"@id\":\"https:\/\/portaltela.pt\/noticias\/2026\/03\/26\/inem-operava-apenas-com-longas-horas-de-trabalho-extraordinario\/\",\"url\":\"https:\/\/portaltela.pt\/noticias\/2026\/03\/26\/inem-operava-apenas-com-longas-horas-de-trabalho-extraordinario\/\",\"name\":\"INEM operava apenas com longas horas de trabalho extraordin\u00e1rio - Portal Tela Portugal\",\"isPartOf\":{\"@id\":\"https:\/\/portaltela.pt\/#website\"},\"primaryImageOfPage\":{\"@id\":\"https:\/\/portaltela.pt\/noticias\/2026\/03\/26\/inem-operava-apenas-com-longas-horas-de-trabalho-extraordinario\/#primaryimage\"},\"image\":{\"@id\":\"https:\/\/portaltela.pt\/noticias\/2026\/03\/26\/inem-operava-apenas-com-longas-horas-de-trabalho-extraordinario\/#primaryimage\"},\"thumbnailUrl\":\"https:\/\/portaltela.pt\/s.01k8rhncp4jt1\/2026\/03\/img_1500x1000uu2026-03-26-18-02-26-2274964.jpg\",\"datePublished\":\"2026-03-26T18:14:15+00:00\",\"author\":{\"@id\":\"https:\/\/portaltela.pt\/#\/schema\/person\/c4278d4a6028830caff9ee44b42d32ed\"},\"breadcrumb\":{\"@id\":\"https:\/\/portaltela.pt\/noticias\/2026\/03\/26\/inem-operava-apenas-com-longas-horas-de-trabalho-extraordinario\/#breadcrumb\"},\"inLanguage\":\"pt-PT\",\"potentialAction\":[{\"@type\":\"ReadAction\",\"target\":[\"https:\/\/portaltela.pt\/noticias\/2026\/03\/26\/inem-operava-apenas-com-longas-horas-de-trabalho-extraordinario\/\"]}]},{\"@type\":\"ImageObject\",\"inLanguage\":\"pt-PT\",\"@id\":\"https:\/\/portaltela.pt\/noticias\/2026\/03\/26\/inem-operava-apenas-com-longas-horas-de-trabalho-extraordinario\/#primaryimage\",\"url\":\"https:\/\/portaltela.pt\/s.01k8rhncp4jt1\/2026\/03\/img_1500x1000uu2026-03-26-18-02-26-2274964.jpg\",\"contentUrl\":\"https:\/\/portaltela.pt\/s.01k8rhncp4jt1\/2026\/03\/img_1500x1000uu2026-03-26-18-02-26-2274964.jpg\",\"width\":1500,\"height\":1000,\"caption\":\"Gandra d'Almeida no Parlamento\"},{\"@type\":\"BreadcrumbList\",\"@id\":\"https:\/\/portaltela.pt\/noticias\/2026\/03\/26\/inem-operava-apenas-com-longas-horas-de-trabalho-extraordinario\/#breadcrumb\",\"itemListElement\":[{\"@type\":\"ListItem\",\"position\":1,\"name\":\"In\u00edcio\",\"item\":\"https:\/\/portaltela.pt\/\"},{\"@type\":\"ListItem\",\"position\":2,\"name\":\"INEM operava apenas com longas horas de trabalho extraordin\u00e1rio\"}]},{\"@type\":\"WebSite\",\"@id\":\"https:\/\/portaltela.pt\/#website\",\"url\":\"https:\/\/portaltela.pt\/\",\"name\":\"Portal Tela Portugal\",\"description\":\"\",\"potentialAction\":[{\"@type\":\"SearchAction\",\"target\":{\"@type\":\"EntryPoint\",\"urlTemplate\":\"https:\/\/portaltela.pt\/?s={search_term_string}\"},\"query-input\":{\"@type\":\"PropertyValueSpecification\",\"valueRequired\":true,\"valueName\":\"search_term_string\"}}],\"inLanguage\":\"pt-PT\"},{\"@type\":\"Person\",\"@id\":\"https:\/\/portaltela.pt\/#\/schema\/person\/c4278d4a6028830caff9ee44b42d32ed\",\"name\":\"Telinha\",\"image\":{\"@type\":\"ImageObject\",\"inLanguage\":\"pt-PT\",\"@id\":\"https:\/\/portaltela.pt\/s.01k8rhncp4jt1\/2025\/11\/talking-bot-125x125.png\",\"url\":\"https:\/\/portaltela.pt\/s.01k8rhncp4jt1\/2025\/11\/talking-bot-125x125.png\",\"contentUrl\":\"https:\/\/portaltela.pt\/s.01k8rhncp4jt1\/2025\/11\/talking-bot-125x125.png\",\"caption\":\"Telinha\"},\"sameAs\":[\"https:\/\/portaltela.pt\/\"],\"url\":\"https:\/\/portaltela.pt\/por\/367410592786\/\"}]}<\/script>\n<!-- \/ Yoast SEO plugin. -->","yoast_head_json":{"title":"INEM operava apenas com longas horas de trabalho extraordin\u00e1rio - Portal Tela Portugal","robots":{"index":"index","follow":"follow","max-snippet":"max-snippet:-1","max-image-preview":"max-image-preview:large","max-video-preview":"max-video-preview:-1"},"og_locale":"pt_PT","og_type":"article","og_title":"INEM operava apenas com longas horas de trabalho extraordin\u00e1rio - Portal Tela Portugal","og_description":"O ex-diretor executivo do SNS, Ant\u00f3nio Gandra d'Almeida, afirmou na Comiss\u00e3o Parlamentar de Inqu\u00e9rito ao INEM que o instituto \u201cs\u00f3 funcionava com muitas horas extra\u201d. Disse que, sem investimento em recursos humanos e materiais nos \u00faltimos anos, o INEM funcionaria melhor. Explicou que h\u00e1 georreferencia\u00e7\u00e3o nas viaturas de emerg\u00eancia m\u00e9dica, mas nem todas as VMER (viaturas de mobiliza\u00e7\u00e3o de emerg\u00eancia e resgate) disp\u00f5em desse sistema. Refor\u00e7ou que o INEM enfrenta falta de recursos humanos, instala\u00e7\u00f5es e equipamentos atualizados, n\u00e3o tendo acompanhado o crescimento da operacionalidade. Sobre a greve do INEM em outubro\/novembro de 2024, afirmou n\u00e3o se recordar de ter falado com o INEM sobre o impacto e disse que n\u00e3o compete \u00e0 DE-SNS dizer ao instituto p\u00fablico como atuar.","og_url":"https:\/\/portaltela.pt\/noticias\/2026\/03\/26\/inem-operava-apenas-com-longas-horas-de-trabalho-extraordinario\/","og_site_name":"Portal Tela Portugal","article_published_time":"2026-03-26T18:14:15+00:00","author":"Telinha","twitter_card":"summary_large_image","twitter_misc":{"Escrito por":"Telinha","Tempo estimado de leitura":"1 minuto"},"schema":{"@context":"https:\/\/schema.org","@graph":[{"@type":"Article","@id":"https:\/\/portaltela.pt\/noticias\/2026\/03\/26\/inem-operava-apenas-com-longas-horas-de-trabalho-extraordinario\/#article","isPartOf":{"@id":"https:\/\/portaltela.pt\/noticias\/2026\/03\/26\/inem-operava-apenas-com-longas-horas-de-trabalho-extraordinario\/"},"author":{"name":"Telinha","@id":"https:\/\/portaltela.pt\/#\/schema\/person\/c4278d4a6028830caff9ee44b42d32ed"},"headline":"INEM operava apenas com longas horas de trabalho extraordin\u00e1rio","datePublished":"2026-03-26T18:14:15+00:00","mainEntityOfPage":{"@id":"https:\/\/portaltela.pt\/noticias\/2026\/03\/26\/inem-operava-apenas-com-longas-horas-de-trabalho-extraordinario\/"},"wordCount":290,"image":{"@id":"https:\/\/portaltela.pt\/noticias\/2026\/03\/26\/inem-operava-apenas-com-longas-horas-de-trabalho-extraordinario\/#primaryimage"},"thumbnailUrl":"https:\/\/portaltela.pt\/s.01k8rhncp4jt1\/2026\/03\/img_1500x1000uu2026-03-26-18-02-26-2274964.jpg","keywords":["administra\u00e7\u00e3o p\u00fablica","ambul\u00e2ncias","INEM","servi\u00e7os de sa\u00fade","SNS","VMER"],"articleSection":["Not\u00edcias","Sa\u00fade"],"inLanguage":"pt-PT"},{"@type":"WebPage","@id":"https:\/\/portaltela.pt\/noticias\/2026\/03\/26\/inem-operava-apenas-com-longas-horas-de-trabalho-extraordinario\/","url":"https:\/\/portaltela.pt\/noticias\/2026\/03\/26\/inem-operava-apenas-com-longas-horas-de-trabalho-extraordinario\/","name":"INEM operava apenas com longas horas de trabalho extraordin\u00e1rio - Portal Tela Portugal","isPartOf":{"@id":"https:\/\/portaltela.pt\/#website"},"primaryImageOfPage":{"@id":"https:\/\/portaltela.pt\/noticias\/2026\/03\/26\/inem-operava-apenas-com-longas-horas-de-trabalho-extraordinario\/#primaryimage"},"image":{"@id":"https:\/\/portaltela.pt\/noticias\/2026\/03\/26\/inem-operava-apenas-com-longas-horas-de-trabalho-extraordinario\/#primaryimage"},"thumbnailUrl":"https:\/\/portaltela.pt\/s.01k8rhncp4jt1\/2026\/03\/img_1500x1000uu2026-03-26-18-02-26-2274964.jpg","datePublished":"2026-03-26T18:14:15+00:00","author":{"@id":"https:\/\/portaltela.pt\/#\/schema\/person\/c4278d4a6028830caff9ee44b42d32ed"},"breadcrumb":{"@id":"https:\/\/portaltela.pt\/noticias\/2026\/03\/26\/inem-operava-apenas-com-longas-horas-de-trabalho-extraordinario\/#breadcrumb"},"inLanguage":"pt-PT","potentialAction":[{"@type":"ReadAction","target":["https:\/\/portaltela.pt\/noticias\/2026\/03\/26\/inem-operava-apenas-com-longas-horas-de-trabalho-extraordinario\/"]}]},{"@type":"ImageObject","inLanguage":"pt-PT","@id":"https:\/\/portaltela.pt\/noticias\/2026\/03\/26\/inem-operava-apenas-com-longas-horas-de-trabalho-extraordinario\/#primaryimage","url":"https:\/\/portaltela.pt\/s.01k8rhncp4jt1\/2026\/03\/img_1500x1000uu2026-03-26-18-02-26-2274964.jpg","contentUrl":"https:\/\/portaltela.pt\/s.01k8rhncp4jt1\/2026\/03\/img_1500x1000uu2026-03-26-18-02-26-2274964.jpg","width":1500,"height":1000,"caption":"Gandra d'Almeida no Parlamento"},{"@type":"BreadcrumbList","@id":"https:\/\/portaltela.pt\/noticias\/2026\/03\/26\/inem-operava-apenas-com-longas-horas-de-trabalho-extraordinario\/#breadcrumb","itemListElement":[{"@type":"ListItem","position":1,"name":"In\u00edcio","item":"https:\/\/portaltela.pt\/"},{"@type":"ListItem","position":2,"name":"INEM operava apenas com longas horas de trabalho extraordin\u00e1rio"}]},{"@type":"WebSite","@id":"https:\/\/portaltela.pt\/#website","url":"https:\/\/portaltela.pt\/","name":"Portal Tela Portugal","description":"","potentialAction":[{"@type":"SearchAction","target":{"@type":"EntryPoint","urlTemplate":"https:\/\/portaltela.pt\/?s={search_term_string}"},"query-input":{"@type":"PropertyValueSpecification","valueRequired":true,"valueName":"search_term_string"}}],"inLanguage":"pt-PT"},{"@type":"Person","@id":"https:\/\/portaltela.pt\/#\/schema\/person\/c4278d4a6028830caff9ee44b42d32ed","name":"Telinha","image":{"@type":"ImageObject","inLanguage":"pt-PT","@id":"https:\/\/portaltela.pt\/s.01k8rhncp4jt1\/2025\/11\/talking-bot-125x125.png","url":"https:\/\/portaltela.pt\/s.01k8rhncp4jt1\/2025\/11\/talking-bot-125x125.png","contentUrl":"https:\/\/portaltela.pt\/s.01k8rhncp4jt1\/2025\/11\/talking-bot-125x125.png","caption":"Telinha"},"sameAs":["https:\/\/portaltela.pt\/"],"url":"https:\/\/portaltela.pt\/por\/367410592786\/"}]}},"_links":{"self":[{"href":"https:\/\/portaltela.pt\/api\/wp\/v2\/posts\/422684","targetHints":{"allow":["GET"]}}],"collection":[{"href":"https:\/\/portaltela.pt\/api\/wp\/v2\/posts"}],"about":[{"href":"https:\/\/portaltela.pt\/api\/wp\/v2\/types\/post"}],"author":[{"embeddable":true,"href":"https:\/\/portaltela.pt\/api\/wp\/v2\/users\/2"}],"replies":[{"embeddable":true,"href":"https:\/\/portaltela.pt\/api\/wp\/v2\/comments?post=422684"}],"version-history":[{"count":0,"href":"https:\/\/portaltela.pt\/api\/wp\/v2\/posts\/422684\/revisions"}],"wp:featuredmedia":[{"embeddable":true,"href":"https:\/\/portaltela.pt\/api\/wp\/v2\/media\/422688"}],"wp:attachment":[{"href":"https:\/\/portaltela.pt\/api\/wp\/v2\/media?parent=422684"}],"wp:term":[{"taxonomy":"category","embeddable":true,"href":"https:\/\/portaltela.pt\/api\/wp\/v2\/categories?post=422684"},{"taxonomy":"post_tag","embeddable":true,"href":"https:\/\/portaltela.pt\/api\/wp\/v2\/tags?post=422684"}],"curies":[{"name":"wp","href":"https:\/\/api.w.org\/{rel}","templated":true}]}}