{"id":422683,"date":"2026-03-26T15:05:00","date_gmt":"2026-03-26T18:05:00","guid":{"rendered":"https:\/\/portaltela.pt\/noticias\/2026\/03\/26\/governo-recua-nas-ferias-e-afasta-se-da-ugt-nos-contratos-a-termo\/"},"modified":"2026-03-26T15:05:00","modified_gmt":"2026-03-26T18:05:00","slug":"governo-recua-nas-ferias-e-afasta-se-da-ugt-nos-contratos-a-termo","status":"publish","type":"post","link":"https:\/\/portaltela.pt\/sociedade\/2026\/03\/26\/governo-recua-nas-ferias-e-afasta-se-da-ugt-nos-contratos-a-termo\/","title":{"rendered":"Governo recua nas f\u00e9rias e afasta-se da UGT nos contratos a termo"},"content":{"rendered":"<p>O Governo recuou em v\u00e1rios pontos do pacote laboral e distanciou-se da UGT em temas como f\u00e9rias, contratos a termo, banco de horas e jornada cont\u00ednua. A nova proposta foi apresentada aos parceiros sociais ap\u00f3s a reuni\u00e3o desta ter\u00e7a-feira, no \u00e2mbito das negocia\u00e7\u00f5es em curso.<\/p>\n<p>No que diz respeito \u00e0s f\u00e9rias, o documento j\u00e1 n\u00e3o prev\u00ea a soma de 25 dias de f\u00e9rias com os 22 dias existentes, eliminando a refer\u00eancia ao artigo 238.\u00ba do C\u00f3digo do Trabalho. Desta forma, permanece apenas o regime atual de f\u00e9rias.<\/p>\n<p>A jornada cont\u00ednua deixa de ser apresentada como direito, passando a depender de acordo entre empregador e trabalhador ou de conven\u00e7\u00e3o coletiva. A medida reduz a previsibilidade de aplica\u00e7\u00e3o autom\u00e1tica.<\/p>\n<p>Na \u00e1rea da contrata\u00e7\u00e3o a termo, o Governo recua da linha de dois anos e meio para tr\u00eas anos no termo certo, e estabelece cinco anos para o termo incerto, com limites mais restritivos para novas formas de contrata\u00e7\u00e3o. A dura\u00e7\u00e3o m\u00e1xima para casos de calamidade mant\u00e9m-se, mas com condi\u00e7\u00f5es ajustadas.<\/p>\n<p>A ministra do Trabalho, Ros\u00e1rio Ramalho, pode abrir a contrata\u00e7\u00e3o a prazo para atividades motivadas por calamidade declarada, ajustando o alcance a quem nunca teve contrato de trabalho. A dura\u00e7\u00e3o m\u00e1xima segue o teto de dois anos para novos contratos em determinadas situa\u00e7\u00f5es.<\/p>\n<p>A proposta mant\u00e9m, em termos gerais, o fim do banco de horas grupal e refor\u00e7a o banco de horas por acordo individual, com a possibilidade de institui\u00e7\u00e3o por acordo entre empregador e trabalhador na aus\u00eancia de conven\u00e7\u00e3o coletiva. A flexibiliza\u00e7\u00e3o est\u00e1 condicionada ao acordo entre as partes.<\/p>\n<p>Quanto ao outsourcing, o Governo recua da elimina\u00e7\u00e3o total de limites, mantendo a proibi\u00e7\u00e3o de uso externo nos seis meses ap\u00f3s um despedimento apenas para fun\u00e7\u00f5es relacionadas com a atividade principal da empresa, conforme o regime atual, ainda que com altera\u00e7\u00f5es.<\/p>\n<p>A UGT dever\u00e1 apresentar uma posi\u00e7\u00e3o ao secretariado nacional em 9 de abril, enquanto o Governo persiste na revoga\u00e7\u00e3o de alguns mecanismos de flexibiliza\u00e7\u00e3o, buscando um compromisso que equilibre interesses entre empregadores e trabalhadores.<\/p>\n","protected":false},"excerpt":{"rendered":"<ul>\n<li>O Governo recuou em aspetos do pacote laboral: f\u00e9rias, contratos a termo e banco de horas, afastando-se da UGT e deixando a jornada cont\u00ednua dependente de acordo com o empregador.<\/li>\n<li>Desaparece a proposta de acrescentar vinte e dois dias de f\u00e9rias com mais tr\u00eas, mantendo, sem esse adicional, o regime atual de vinte e dois dias.<\/li>\n<li>A dura\u00e7\u00e3o m\u00e1xima dos contratos a termo certo passa a ser de tr\u00eas anos e a dos contratos a termo incerto sobe para cinco anos, segundo o novo documento.<\/li>\n<li>A contrata\u00e7\u00e3o a termo para atividade motivada por calamidade pode ser alargada, e o banco de horas grupal \u00e9 revogado, mantendo apenas o banco de horas individual\u2014institu\u00eddo por acordo entre empregador e trabalhador.<\/li>\n<li>O documento mant\u00e9m a proibi\u00e7\u00e3o de outsourcing nos seis meses ap\u00f3s um despedimento, limitado \u00e0s fun\u00e7\u00f5es relacionadas com o \u00e2mbito da atividade principal da empresa, e restringe a contrata\u00e7\u00e3o a termo a quem nunca teve contrato de trabalho.<\/li>\n<\/ul>\n","protected":false},"author":2,"featured_media":422686,"comment_status":"closed","ping_status":"closed","sticky":false,"template":"","format":"standard","meta":{"footnotes":""},"categories":[1,6871],"tags":[6115,4024,6331,1125,5463,2201],"class_list":["post-422683","post","type-post","status-publish","format-standard","has-post-thumbnail","hentry","category-noticias","category-sociedade","tag-_economia","tag-banco-de-horas","tag-condicoes-de-trabalho","tag-contratos","tag-outsourcing","tag-trabalho"],"yoast_head":"<!-- This site is optimized with the Yoast SEO plugin v27.2 - https:\/\/yoast.com\/product\/yoast-seo-wordpress\/ -->\n<title>Governo recua nas f\u00e9rias e afasta-se da UGT nos contratos a termo - Portal Tela Portugal<\/title>\n<meta name=\"robots\" content=\"index, follow, max-snippet:-1, max-image-preview:large, max-video-preview:-1\" \/>\n<meta property=\"og:locale\" content=\"pt_PT\" \/>\n<meta property=\"og:type\" content=\"article\" \/>\n<meta property=\"og:title\" content=\"Governo recua nas f\u00e9rias e afasta-se da UGT nos contratos a termo - Portal Tela Portugal\" \/>\n<meta property=\"og:description\" content=\"O Governo recuou em aspetos do pacote laboral: f\u00e9rias, contratos a termo e banco de horas, afastando-se da UGT e deixando a jornada cont\u00ednua dependente de acordo com o empregador. Desaparece a proposta de acrescentar vinte e dois dias de f\u00e9rias com mais tr\u00eas, mantendo, sem esse adicional, o regime atual de vinte e dois dias. A dura\u00e7\u00e3o m\u00e1xima dos contratos a termo certo passa a ser de tr\u00eas anos e a dos contratos a termo incerto sobe para cinco anos, segundo o novo documento. A contrata\u00e7\u00e3o a termo para atividade motivada por calamidade pode ser alargada, e o banco de horas grupal \u00e9 revogado, mantendo apenas o banco de horas individual\u2014institu\u00eddo por acordo entre empregador e trabalhador. O documento mant\u00e9m a proibi\u00e7\u00e3o de outsourcing nos seis meses ap\u00f3s um despedimento, limitado \u00e0s fun\u00e7\u00f5es relacionadas com o \u00e2mbito da atividade principal da empresa, e restringe a contrata\u00e7\u00e3o a termo a quem nunca teve contrato de trabalho.\" \/>\n<meta property=\"og:url\" content=\"https:\/\/portaltela.pt\/noticias\/2026\/03\/26\/governo-recua-nas-ferias-e-afasta-se-da-ugt-nos-contratos-a-termo\/\" \/>\n<meta property=\"og:site_name\" content=\"Portal Tela Portugal\" \/>\n<meta property=\"article:published_time\" content=\"2026-03-26T18:05:00+00:00\" \/>\n<meta name=\"author\" content=\"Telinha\" \/>\n<meta name=\"twitter:card\" content=\"summary_large_image\" \/>\n<meta name=\"twitter:label1\" content=\"Escrito por\" \/>\n\t<meta name=\"twitter:data1\" content=\"Telinha\" \/>\n\t<meta name=\"twitter:label2\" content=\"Tempo estimado de leitura\" \/>\n\t<meta name=\"twitter:data2\" content=\"2 minutos\" \/>\n<script type=\"application\/ld+json\" class=\"yoast-schema-graph\">{\"@context\":\"https:\/\/schema.org\",\"@graph\":[{\"@type\":\"Article\",\"@id\":\"https:\/\/portaltela.pt\/noticias\/2026\/03\/26\/governo-recua-nas-ferias-e-afasta-se-da-ugt-nos-contratos-a-termo\/#article\",\"isPartOf\":{\"@id\":\"https:\/\/portaltela.pt\/noticias\/2026\/03\/26\/governo-recua-nas-ferias-e-afasta-se-da-ugt-nos-contratos-a-termo\/\"},\"author\":{\"name\":\"Telinha\",\"@id\":\"https:\/\/portaltela.pt\/#\/schema\/person\/c4278d4a6028830caff9ee44b42d32ed\"},\"headline\":\"Governo recua nas f\u00e9rias e afasta-se da UGT nos contratos a termo\",\"datePublished\":\"2026-03-26T18:05:00+00:00\",\"mainEntityOfPage\":{\"@id\":\"https:\/\/portaltela.pt\/noticias\/2026\/03\/26\/governo-recua-nas-ferias-e-afasta-se-da-ugt-nos-contratos-a-termo\/\"},\"wordCount\":385,\"image\":{\"@id\":\"https:\/\/portaltela.pt\/noticias\/2026\/03\/26\/governo-recua-nas-ferias-e-afasta-se-da-ugt-nos-contratos-a-termo\/#primaryimage\"},\"thumbnailUrl\":\"https:\/\/portaltela.pt\/s.01k8rhncp4jt1\/2026\/03\/tpUHdbIMAGENStypeJPGshare1oBarraFacebook_Publico-83.jpg\",\"keywords\":[\"_economia\",\"banco de horas\",\"condi\u00e7\u00f5es de trabalho\",\"contratos\",\"outsourcing\",\"trabalho\"],\"articleSection\":[\"Not\u00edcias\",\"Sociedade\"],\"inLanguage\":\"pt-PT\"},{\"@type\":\"WebPage\",\"@id\":\"https:\/\/portaltela.pt\/noticias\/2026\/03\/26\/governo-recua-nas-ferias-e-afasta-se-da-ugt-nos-contratos-a-termo\/\",\"url\":\"https:\/\/portaltela.pt\/noticias\/2026\/03\/26\/governo-recua-nas-ferias-e-afasta-se-da-ugt-nos-contratos-a-termo\/\",\"name\":\"Governo recua nas f\u00e9rias e afasta-se da UGT nos contratos a termo - Portal Tela Portugal\",\"isPartOf\":{\"@id\":\"https:\/\/portaltela.pt\/#website\"},\"primaryImageOfPage\":{\"@id\":\"https:\/\/portaltela.pt\/noticias\/2026\/03\/26\/governo-recua-nas-ferias-e-afasta-se-da-ugt-nos-contratos-a-termo\/#primaryimage\"},\"image\":{\"@id\":\"https:\/\/portaltela.pt\/noticias\/2026\/03\/26\/governo-recua-nas-ferias-e-afasta-se-da-ugt-nos-contratos-a-termo\/#primaryimage\"},\"thumbnailUrl\":\"https:\/\/portaltela.pt\/s.01k8rhncp4jt1\/2026\/03\/tpUHdbIMAGENStypeJPGshare1oBarraFacebook_Publico-83.jpg\",\"datePublished\":\"2026-03-26T18:05:00+00:00\",\"author\":{\"@id\":\"https:\/\/portaltela.pt\/#\/schema\/person\/c4278d4a6028830caff9ee44b42d32ed\"},\"breadcrumb\":{\"@id\":\"https:\/\/portaltela.pt\/noticias\/2026\/03\/26\/governo-recua-nas-ferias-e-afasta-se-da-ugt-nos-contratos-a-termo\/#breadcrumb\"},\"inLanguage\":\"pt-PT\",\"potentialAction\":[{\"@type\":\"ReadAction\",\"target\":[\"https:\/\/portaltela.pt\/noticias\/2026\/03\/26\/governo-recua-nas-ferias-e-afasta-se-da-ugt-nos-contratos-a-termo\/\"]}]},{\"@type\":\"ImageObject\",\"inLanguage\":\"pt-PT\",\"@id\":\"https:\/\/portaltela.pt\/noticias\/2026\/03\/26\/governo-recua-nas-ferias-e-afasta-se-da-ugt-nos-contratos-a-termo\/#primaryimage\",\"url\":\"https:\/\/portaltela.pt\/s.01k8rhncp4jt1\/2026\/03\/tpUHdbIMAGENStypeJPGshare1oBarraFacebook_Publico-83.jpg\",\"contentUrl\":\"https:\/\/portaltela.pt\/s.01k8rhncp4jt1\/2026\/03\/tpUHdbIMAGENStypeJPGshare1oBarraFacebook_Publico-83.jpg\",\"width\":1200,\"height\":630,\"caption\":\"Esta semana, Ros\u00e1rio Palma Ramalho, ministra do Trabalho, Solidariedade e Seguran\u00e7a Social, mandou uma nova proposta aos parceiros sociais\"},{\"@type\":\"BreadcrumbList\",\"@id\":\"https:\/\/portaltela.pt\/noticias\/2026\/03\/26\/governo-recua-nas-ferias-e-afasta-se-da-ugt-nos-contratos-a-termo\/#breadcrumb\",\"itemListElement\":[{\"@type\":\"ListItem\",\"position\":1,\"name\":\"In\u00edcio\",\"item\":\"https:\/\/portaltela.pt\/\"},{\"@type\":\"ListItem\",\"position\":2,\"name\":\"Governo recua nas f\u00e9rias e afasta-se da UGT nos contratos a termo\"}]},{\"@type\":\"WebSite\",\"@id\":\"https:\/\/portaltela.pt\/#website\",\"url\":\"https:\/\/portaltela.pt\/\",\"name\":\"Portal Tela Portugal\",\"description\":\"\",\"potentialAction\":[{\"@type\":\"SearchAction\",\"target\":{\"@type\":\"EntryPoint\",\"urlTemplate\":\"https:\/\/portaltela.pt\/?s={search_term_string}\"},\"query-input\":{\"@type\":\"PropertyValueSpecification\",\"valueRequired\":true,\"valueName\":\"search_term_string\"}}],\"inLanguage\":\"pt-PT\"},{\"@type\":\"Person\",\"@id\":\"https:\/\/portaltela.pt\/#\/schema\/person\/c4278d4a6028830caff9ee44b42d32ed\",\"name\":\"Telinha\",\"image\":{\"@type\":\"ImageObject\",\"inLanguage\":\"pt-PT\",\"@id\":\"https:\/\/portaltela.pt\/s.01k8rhncp4jt1\/2025\/11\/talking-bot-125x125.png\",\"url\":\"https:\/\/portaltela.pt\/s.01k8rhncp4jt1\/2025\/11\/talking-bot-125x125.png\",\"contentUrl\":\"https:\/\/portaltela.pt\/s.01k8rhncp4jt1\/2025\/11\/talking-bot-125x125.png\",\"caption\":\"Telinha\"},\"sameAs\":[\"https:\/\/portaltela.pt\/\"],\"url\":\"https:\/\/portaltela.pt\/por\/367410592786\/\"}]}<\/script>\n<!-- \/ Yoast SEO plugin. -->","yoast_head_json":{"title":"Governo recua nas f\u00e9rias e afasta-se da UGT nos contratos a termo - Portal Tela Portugal","robots":{"index":"index","follow":"follow","max-snippet":"max-snippet:-1","max-image-preview":"max-image-preview:large","max-video-preview":"max-video-preview:-1"},"og_locale":"pt_PT","og_type":"article","og_title":"Governo recua nas f\u00e9rias e afasta-se da UGT nos contratos a termo - Portal Tela Portugal","og_description":"O Governo recuou em aspetos do pacote laboral: f\u00e9rias, contratos a termo e banco de horas, afastando-se da UGT e deixando a jornada cont\u00ednua dependente de acordo com o empregador. Desaparece a proposta de acrescentar vinte e dois dias de f\u00e9rias com mais tr\u00eas, mantendo, sem esse adicional, o regime atual de vinte e dois dias. A dura\u00e7\u00e3o m\u00e1xima dos contratos a termo certo passa a ser de tr\u00eas anos e a dos contratos a termo incerto sobe para cinco anos, segundo o novo documento. A contrata\u00e7\u00e3o a termo para atividade motivada por calamidade pode ser alargada, e o banco de horas grupal \u00e9 revogado, mantendo apenas o banco de horas individual\u2014institu\u00eddo por acordo entre empregador e trabalhador. O documento mant\u00e9m a proibi\u00e7\u00e3o de outsourcing nos seis meses ap\u00f3s um despedimento, limitado \u00e0s fun\u00e7\u00f5es relacionadas com o \u00e2mbito da atividade principal da empresa, e restringe a contrata\u00e7\u00e3o a termo a quem nunca teve contrato de trabalho.","og_url":"https:\/\/portaltela.pt\/noticias\/2026\/03\/26\/governo-recua-nas-ferias-e-afasta-se-da-ugt-nos-contratos-a-termo\/","og_site_name":"Portal Tela Portugal","article_published_time":"2026-03-26T18:05:00+00:00","author":"Telinha","twitter_card":"summary_large_image","twitter_misc":{"Escrito por":"Telinha","Tempo estimado de leitura":"2 minutos"},"schema":{"@context":"https:\/\/schema.org","@graph":[{"@type":"Article","@id":"https:\/\/portaltela.pt\/noticias\/2026\/03\/26\/governo-recua-nas-ferias-e-afasta-se-da-ugt-nos-contratos-a-termo\/#article","isPartOf":{"@id":"https:\/\/portaltela.pt\/noticias\/2026\/03\/26\/governo-recua-nas-ferias-e-afasta-se-da-ugt-nos-contratos-a-termo\/"},"author":{"name":"Telinha","@id":"https:\/\/portaltela.pt\/#\/schema\/person\/c4278d4a6028830caff9ee44b42d32ed"},"headline":"Governo recua nas f\u00e9rias e afasta-se da UGT nos contratos a termo","datePublished":"2026-03-26T18:05:00+00:00","mainEntityOfPage":{"@id":"https:\/\/portaltela.pt\/noticias\/2026\/03\/26\/governo-recua-nas-ferias-e-afasta-se-da-ugt-nos-contratos-a-termo\/"},"wordCount":385,"image":{"@id":"https:\/\/portaltela.pt\/noticias\/2026\/03\/26\/governo-recua-nas-ferias-e-afasta-se-da-ugt-nos-contratos-a-termo\/#primaryimage"},"thumbnailUrl":"https:\/\/portaltela.pt\/s.01k8rhncp4jt1\/2026\/03\/tpUHdbIMAGENStypeJPGshare1oBarraFacebook_Publico-83.jpg","keywords":["_economia","banco de horas","condi\u00e7\u00f5es de trabalho","contratos","outsourcing","trabalho"],"articleSection":["Not\u00edcias","Sociedade"],"inLanguage":"pt-PT"},{"@type":"WebPage","@id":"https:\/\/portaltela.pt\/noticias\/2026\/03\/26\/governo-recua-nas-ferias-e-afasta-se-da-ugt-nos-contratos-a-termo\/","url":"https:\/\/portaltela.pt\/noticias\/2026\/03\/26\/governo-recua-nas-ferias-e-afasta-se-da-ugt-nos-contratos-a-termo\/","name":"Governo recua nas f\u00e9rias e afasta-se da UGT nos contratos a termo - Portal Tela Portugal","isPartOf":{"@id":"https:\/\/portaltela.pt\/#website"},"primaryImageOfPage":{"@id":"https:\/\/portaltela.pt\/noticias\/2026\/03\/26\/governo-recua-nas-ferias-e-afasta-se-da-ugt-nos-contratos-a-termo\/#primaryimage"},"image":{"@id":"https:\/\/portaltela.pt\/noticias\/2026\/03\/26\/governo-recua-nas-ferias-e-afasta-se-da-ugt-nos-contratos-a-termo\/#primaryimage"},"thumbnailUrl":"https:\/\/portaltela.pt\/s.01k8rhncp4jt1\/2026\/03\/tpUHdbIMAGENStypeJPGshare1oBarraFacebook_Publico-83.jpg","datePublished":"2026-03-26T18:05:00+00:00","author":{"@id":"https:\/\/portaltela.pt\/#\/schema\/person\/c4278d4a6028830caff9ee44b42d32ed"},"breadcrumb":{"@id":"https:\/\/portaltela.pt\/noticias\/2026\/03\/26\/governo-recua-nas-ferias-e-afasta-se-da-ugt-nos-contratos-a-termo\/#breadcrumb"},"inLanguage":"pt-PT","potentialAction":[{"@type":"ReadAction","target":["https:\/\/portaltela.pt\/noticias\/2026\/03\/26\/governo-recua-nas-ferias-e-afasta-se-da-ugt-nos-contratos-a-termo\/"]}]},{"@type":"ImageObject","inLanguage":"pt-PT","@id":"https:\/\/portaltela.pt\/noticias\/2026\/03\/26\/governo-recua-nas-ferias-e-afasta-se-da-ugt-nos-contratos-a-termo\/#primaryimage","url":"https:\/\/portaltela.pt\/s.01k8rhncp4jt1\/2026\/03\/tpUHdbIMAGENStypeJPGshare1oBarraFacebook_Publico-83.jpg","contentUrl":"https:\/\/portaltela.pt\/s.01k8rhncp4jt1\/2026\/03\/tpUHdbIMAGENStypeJPGshare1oBarraFacebook_Publico-83.jpg","width":1200,"height":630,"caption":"Esta semana, Ros\u00e1rio Palma Ramalho, ministra do Trabalho, Solidariedade e Seguran\u00e7a Social, mandou uma nova proposta aos parceiros sociais"},{"@type":"BreadcrumbList","@id":"https:\/\/portaltela.pt\/noticias\/2026\/03\/26\/governo-recua-nas-ferias-e-afasta-se-da-ugt-nos-contratos-a-termo\/#breadcrumb","itemListElement":[{"@type":"ListItem","position":1,"name":"In\u00edcio","item":"https:\/\/portaltela.pt\/"},{"@type":"ListItem","position":2,"name":"Governo recua nas f\u00e9rias e afasta-se da UGT nos contratos a termo"}]},{"@type":"WebSite","@id":"https:\/\/portaltela.pt\/#website","url":"https:\/\/portaltela.pt\/","name":"Portal Tela Portugal","description":"","potentialAction":[{"@type":"SearchAction","target":{"@type":"EntryPoint","urlTemplate":"https:\/\/portaltela.pt\/?s={search_term_string}"},"query-input":{"@type":"PropertyValueSpecification","valueRequired":true,"valueName":"search_term_string"}}],"inLanguage":"pt-PT"},{"@type":"Person","@id":"https:\/\/portaltela.pt\/#\/schema\/person\/c4278d4a6028830caff9ee44b42d32ed","name":"Telinha","image":{"@type":"ImageObject","inLanguage":"pt-PT","@id":"https:\/\/portaltela.pt\/s.01k8rhncp4jt1\/2025\/11\/talking-bot-125x125.png","url":"https:\/\/portaltela.pt\/s.01k8rhncp4jt1\/2025\/11\/talking-bot-125x125.png","contentUrl":"https:\/\/portaltela.pt\/s.01k8rhncp4jt1\/2025\/11\/talking-bot-125x125.png","caption":"Telinha"},"sameAs":["https:\/\/portaltela.pt\/"],"url":"https:\/\/portaltela.pt\/por\/367410592786\/"}]}},"_links":{"self":[{"href":"https:\/\/portaltela.pt\/api\/wp\/v2\/posts\/422683","targetHints":{"allow":["GET"]}}],"collection":[{"href":"https:\/\/portaltela.pt\/api\/wp\/v2\/posts"}],"about":[{"href":"https:\/\/portaltela.pt\/api\/wp\/v2\/types\/post"}],"author":[{"embeddable":true,"href":"https:\/\/portaltela.pt\/api\/wp\/v2\/users\/2"}],"replies":[{"embeddable":true,"href":"https:\/\/portaltela.pt\/api\/wp\/v2\/comments?post=422683"}],"version-history":[{"count":0,"href":"https:\/\/portaltela.pt\/api\/wp\/v2\/posts\/422683\/revisions"}],"wp:featuredmedia":[{"embeddable":true,"href":"https:\/\/portaltela.pt\/api\/wp\/v2\/media\/422686"}],"wp:attachment":[{"href":"https:\/\/portaltela.pt\/api\/wp\/v2\/media?parent=422683"}],"wp:term":[{"taxonomy":"category","embeddable":true,"href":"https:\/\/portaltela.pt\/api\/wp\/v2\/categories?post=422683"},{"taxonomy":"post_tag","embeddable":true,"href":"https:\/\/portaltela.pt\/api\/wp\/v2\/tags?post=422683"}],"curies":[{"name":"wp","href":"https:\/\/api.w.org\/{rel}","templated":true}]}}