{"id":422678,"date":"2026-03-26T15:01:40","date_gmt":"2026-03-26T18:01:40","guid":{"rendered":"https:\/\/portaltela.pt\/noticias\/2026\/03\/26\/comunicado-oficial-confirma-renuncia-de-vereador\/"},"modified":"2026-03-26T15:01:40","modified_gmt":"2026-03-26T18:01:40","slug":"comunicado-oficial-confirma-renuncia-de-vereador","status":"publish","type":"post","link":"https:\/\/portaltela.pt\/sociedade\/2026\/03\/26\/comunicado-oficial-confirma-renuncia-de-vereador\/","title":{"rendered":"Comunicado oficial confirma ren\u00fancia de vereador"},"content":{"rendered":"<p>A C\u00e2mara Municipal do Marco de Canaveses informou que foi apresentada a ren\u00fancia ao mandato por parte do Vereador Eduardo Justino Ferreira N\u00f3brega. O edil estava eleito pelo PSD, na lista da coliga\u00e7\u00e3o \u201cMarco em Primeiro\u201d.<\/p>\n<p>A ren\u00fancia tem efeitos a partir de 25 de mar\u00e7o de 2026. O munic\u00edpio vai dar seguimento ao procedimento previsto em lei para cumprir a substitui\u00e7\u00e3o do cargo.<\/p>\n<h3>Substitui\u00e7\u00e3o do Vereador<\/h3>\n<p>De acordo com a lei eleitoral, ser\u00e1 desencadeado o processo de substitui\u00e7\u00e3o pelo membro seguinte da lista apresentada pela coliga\u00e7\u00e3o. A escolha recair\u00e1 no substituto imediato \u00e0 posi\u00e7\u00e3o ocupada por N\u00f3brega.<\/p>\n","protected":false},"excerpt":{"rendered":"<ul>\n<li>A C\u00e2mara Municipal do Marco de Canaveses informou a ren\u00fancia ao mandato do Vereador Eduardo Justino Ferreira N\u00f3brega, eleito pelo PSD na lista da coliga\u00e7\u00e3o \u201cMarco em Primeiro\u201d, com efeitos a partir de 25 de mar\u00e7o de 2026.<\/li>\n<li>A ren\u00fancia entra em vigor a partir de 25 de mar\u00e7o de 2026.<\/li>\n<li>Ser\u00e1 desencadeado o processo de substitui\u00e7\u00e3o pelo membro seguinte da lista apresentada pela coliga\u00e7\u00e3o, nos termos da lei.<\/li>\n<li>A substitui\u00e7\u00e3o seguir\u00e1 a ordem da lista da coliga\u00e7\u00e3o Marco em Primeiro.<\/li>\n<li>O processo de substitui\u00e7\u00e3o obedecer\u00e1 \u00e0s normas legais aplic\u00e1veis.<\/li>\n<\/ul>\n","protected":false},"author":2,"featured_media":422679,"comment_status":"closed","ping_status":"closed","sticky":false,"template":"","format":"standard","meta":{"footnotes":""},"categories":[7384,6871],"tags":[5449,68,1371,2832,2458,7025],"class_list":["post-422678","post","type-post","status-publish","format-standard","has-post-thumbnail","hentry","category-curiosidades","category-sociedade","tag-camara-municipal","tag-eleicoes","tag-marco-de-canaveses","tag-politica","tag-psd-cds","tag-renuncias"],"yoast_head":"<!-- This site is optimized with the Yoast SEO plugin v27.2 - https:\/\/yoast.com\/product\/yoast-seo-wordpress\/ -->\n<title>Comunicado oficial confirma ren\u00fancia de vereador - Portal Tela Portugal<\/title>\n<meta name=\"robots\" content=\"index, follow, max-snippet:-1, max-image-preview:large, max-video-preview:-1\" \/>\n<meta property=\"og:locale\" content=\"pt_PT\" \/>\n<meta property=\"og:type\" content=\"article\" \/>\n<meta property=\"og:title\" content=\"Comunicado oficial confirma ren\u00fancia de vereador - Portal Tela Portugal\" \/>\n<meta property=\"og:description\" content=\"A C\u00e2mara Municipal do Marco de Canaveses informou a ren\u00fancia ao mandato do Vereador Eduardo Justino Ferreira N\u00f3brega, eleito pelo PSD na lista da coliga\u00e7\u00e3o \u201cMarco em Primeiro\u201d, com efeitos a partir de 25 de mar\u00e7o de 2026. A ren\u00fancia entra em vigor a partir de 25 de mar\u00e7o de 2026. Ser\u00e1 desencadeado o processo de substitui\u00e7\u00e3o pelo membro seguinte da lista apresentada pela coliga\u00e7\u00e3o, nos termos da lei. A substitui\u00e7\u00e3o seguir\u00e1 a ordem da lista da coliga\u00e7\u00e3o Marco em Primeiro. O processo de substitui\u00e7\u00e3o obedecer\u00e1 \u00e0s normas legais aplic\u00e1veis.\" \/>\n<meta property=\"og:url\" content=\"https:\/\/portaltela.pt\/noticias\/2026\/03\/26\/comunicado-oficial-confirma-renuncia-de-vereador\/\" \/>\n<meta property=\"og:site_name\" content=\"Portal Tela Portugal\" \/>\n<meta property=\"article:published_time\" content=\"2026-03-26T18:01:40+00:00\" \/>\n<meta name=\"author\" content=\"Telinha\" \/>\n<meta name=\"twitter:card\" content=\"summary_large_image\" \/>\n<meta name=\"twitter:label1\" content=\"Escrito por\" \/>\n\t<meta name=\"twitter:data1\" content=\"Telinha\" \/>\n\t<meta name=\"twitter:label2\" content=\"Tempo estimado de leitura\" \/>\n\t<meta name=\"twitter:data2\" content=\"1 minuto\" \/>\n<script type=\"application\/ld+json\" class=\"yoast-schema-graph\">{\"@context\":\"https:\/\/schema.org\",\"@graph\":[{\"@type\":\"Article\",\"@id\":\"https:\/\/portaltela.pt\/noticias\/2026\/03\/26\/comunicado-oficial-confirma-renuncia-de-vereador\/#article\",\"isPartOf\":{\"@id\":\"https:\/\/portaltela.pt\/noticias\/2026\/03\/26\/comunicado-oficial-confirma-renuncia-de-vereador\/\"},\"author\":{\"name\":\"Telinha\",\"@id\":\"https:\/\/portaltela.pt\/#\/schema\/person\/c4278d4a6028830caff9ee44b42d32ed\"},\"headline\":\"Comunicado oficial confirma ren\u00fancia de vereador\",\"datePublished\":\"2026-03-26T18:01:40+00:00\",\"mainEntityOfPage\":{\"@id\":\"https:\/\/portaltela.pt\/noticias\/2026\/03\/26\/comunicado-oficial-confirma-renuncia-de-vereador\/\"},\"wordCount\":115,\"image\":{\"@id\":\"https:\/\/portaltela.pt\/noticias\/2026\/03\/26\/comunicado-oficial-confirma-renuncia-de-vereador\/#primaryimage\"},\"thumbnailUrl\":\"https:\/\/portaltela.pt\/s.01k8rhncp4jt1\/2026\/03\/img_1280x721uu2026-03-26-18-01-35-2274962.jpg\",\"keywords\":[\"C\u00e2mara Municipal\",\"elei\u00e7\u00f5es\",\"Marco de Canaveses\",\"pol\u00edtica\",\"PSD\/CDS\",\"ren\u00fancias\"],\"articleSection\":[\"Curiosidades\",\"Sociedade\"],\"inLanguage\":\"pt-PT\"},{\"@type\":\"WebPage\",\"@id\":\"https:\/\/portaltela.pt\/noticias\/2026\/03\/26\/comunicado-oficial-confirma-renuncia-de-vereador\/\",\"url\":\"https:\/\/portaltela.pt\/noticias\/2026\/03\/26\/comunicado-oficial-confirma-renuncia-de-vereador\/\",\"name\":\"Comunicado oficial confirma ren\u00fancia de vereador - Portal Tela Portugal\",\"isPartOf\":{\"@id\":\"https:\/\/portaltela.pt\/#website\"},\"primaryImageOfPage\":{\"@id\":\"https:\/\/portaltela.pt\/noticias\/2026\/03\/26\/comunicado-oficial-confirma-renuncia-de-vereador\/#primaryimage\"},\"image\":{\"@id\":\"https:\/\/portaltela.pt\/noticias\/2026\/03\/26\/comunicado-oficial-confirma-renuncia-de-vereador\/#primaryimage\"},\"thumbnailUrl\":\"https:\/\/portaltela.pt\/s.01k8rhncp4jt1\/2026\/03\/img_1280x721uu2026-03-26-18-01-35-2274962.jpg\",\"datePublished\":\"2026-03-26T18:01:40+00:00\",\"author\":{\"@id\":\"https:\/\/portaltela.pt\/#\/schema\/person\/c4278d4a6028830caff9ee44b42d32ed\"},\"breadcrumb\":{\"@id\":\"https:\/\/portaltela.pt\/noticias\/2026\/03\/26\/comunicado-oficial-confirma-renuncia-de-vereador\/#breadcrumb\"},\"inLanguage\":\"pt-PT\",\"potentialAction\":[{\"@type\":\"ReadAction\",\"target\":[\"https:\/\/portaltela.pt\/noticias\/2026\/03\/26\/comunicado-oficial-confirma-renuncia-de-vereador\/\"]}]},{\"@type\":\"ImageObject\",\"inLanguage\":\"pt-PT\",\"@id\":\"https:\/\/portaltela.pt\/noticias\/2026\/03\/26\/comunicado-oficial-confirma-renuncia-de-vereador\/#primaryimage\",\"url\":\"https:\/\/portaltela.pt\/s.01k8rhncp4jt1\/2026\/03\/img_1280x721uu2026-03-26-18-01-35-2274962.jpg\",\"contentUrl\":\"https:\/\/portaltela.pt\/s.01k8rhncp4jt1\/2026\/03\/img_1280x721uu2026-03-26-18-01-35-2274962.jpg\",\"width\":796,\"height\":448,\"caption\":\"Vereador apresenta ren\u00fancia ao cargo na C\u00e2mara Municipal\"},{\"@type\":\"BreadcrumbList\",\"@id\":\"https:\/\/portaltela.pt\/noticias\/2026\/03\/26\/comunicado-oficial-confirma-renuncia-de-vereador\/#breadcrumb\",\"itemListElement\":[{\"@type\":\"ListItem\",\"position\":1,\"name\":\"In\u00edcio\",\"item\":\"https:\/\/portaltela.pt\/\"},{\"@type\":\"ListItem\",\"position\":2,\"name\":\"Comunicado oficial confirma ren\u00fancia de vereador\"}]},{\"@type\":\"WebSite\",\"@id\":\"https:\/\/portaltela.pt\/#website\",\"url\":\"https:\/\/portaltela.pt\/\",\"name\":\"Portal Tela Portugal\",\"description\":\"\",\"potentialAction\":[{\"@type\":\"SearchAction\",\"target\":{\"@type\":\"EntryPoint\",\"urlTemplate\":\"https:\/\/portaltela.pt\/?s={search_term_string}\"},\"query-input\":{\"@type\":\"PropertyValueSpecification\",\"valueRequired\":true,\"valueName\":\"search_term_string\"}}],\"inLanguage\":\"pt-PT\"},{\"@type\":\"Person\",\"@id\":\"https:\/\/portaltela.pt\/#\/schema\/person\/c4278d4a6028830caff9ee44b42d32ed\",\"name\":\"Telinha\",\"image\":{\"@type\":\"ImageObject\",\"inLanguage\":\"pt-PT\",\"@id\":\"https:\/\/portaltela.pt\/s.01k8rhncp4jt1\/2025\/11\/talking-bot-125x125.png\",\"url\":\"https:\/\/portaltela.pt\/s.01k8rhncp4jt1\/2025\/11\/talking-bot-125x125.png\",\"contentUrl\":\"https:\/\/portaltela.pt\/s.01k8rhncp4jt1\/2025\/11\/talking-bot-125x125.png\",\"caption\":\"Telinha\"},\"sameAs\":[\"https:\/\/portaltela.pt\/\"],\"url\":\"https:\/\/portaltela.pt\/por\/367410592786\/\"}]}<\/script>\n<!-- \/ Yoast SEO plugin. -->","yoast_head_json":{"title":"Comunicado oficial confirma ren\u00fancia de vereador - Portal Tela Portugal","robots":{"index":"index","follow":"follow","max-snippet":"max-snippet:-1","max-image-preview":"max-image-preview:large","max-video-preview":"max-video-preview:-1"},"og_locale":"pt_PT","og_type":"article","og_title":"Comunicado oficial confirma ren\u00fancia de vereador - Portal Tela Portugal","og_description":"A C\u00e2mara Municipal do Marco de Canaveses informou a ren\u00fancia ao mandato do Vereador Eduardo Justino Ferreira N\u00f3brega, eleito pelo PSD na lista da coliga\u00e7\u00e3o \u201cMarco em Primeiro\u201d, com efeitos a partir de 25 de mar\u00e7o de 2026. A ren\u00fancia entra em vigor a partir de 25 de mar\u00e7o de 2026. Ser\u00e1 desencadeado o processo de substitui\u00e7\u00e3o pelo membro seguinte da lista apresentada pela coliga\u00e7\u00e3o, nos termos da lei. A substitui\u00e7\u00e3o seguir\u00e1 a ordem da lista da coliga\u00e7\u00e3o Marco em Primeiro. O processo de substitui\u00e7\u00e3o obedecer\u00e1 \u00e0s normas legais aplic\u00e1veis.","og_url":"https:\/\/portaltela.pt\/noticias\/2026\/03\/26\/comunicado-oficial-confirma-renuncia-de-vereador\/","og_site_name":"Portal Tela Portugal","article_published_time":"2026-03-26T18:01:40+00:00","author":"Telinha","twitter_card":"summary_large_image","twitter_misc":{"Escrito por":"Telinha","Tempo estimado de leitura":"1 minuto"},"schema":{"@context":"https:\/\/schema.org","@graph":[{"@type":"Article","@id":"https:\/\/portaltela.pt\/noticias\/2026\/03\/26\/comunicado-oficial-confirma-renuncia-de-vereador\/#article","isPartOf":{"@id":"https:\/\/portaltela.pt\/noticias\/2026\/03\/26\/comunicado-oficial-confirma-renuncia-de-vereador\/"},"author":{"name":"Telinha","@id":"https:\/\/portaltela.pt\/#\/schema\/person\/c4278d4a6028830caff9ee44b42d32ed"},"headline":"Comunicado oficial confirma ren\u00fancia de vereador","datePublished":"2026-03-26T18:01:40+00:00","mainEntityOfPage":{"@id":"https:\/\/portaltela.pt\/noticias\/2026\/03\/26\/comunicado-oficial-confirma-renuncia-de-vereador\/"},"wordCount":115,"image":{"@id":"https:\/\/portaltela.pt\/noticias\/2026\/03\/26\/comunicado-oficial-confirma-renuncia-de-vereador\/#primaryimage"},"thumbnailUrl":"https:\/\/portaltela.pt\/s.01k8rhncp4jt1\/2026\/03\/img_1280x721uu2026-03-26-18-01-35-2274962.jpg","keywords":["C\u00e2mara Municipal","elei\u00e7\u00f5es","Marco de Canaveses","pol\u00edtica","PSD\/CDS","ren\u00fancias"],"articleSection":["Curiosidades","Sociedade"],"inLanguage":"pt-PT"},{"@type":"WebPage","@id":"https:\/\/portaltela.pt\/noticias\/2026\/03\/26\/comunicado-oficial-confirma-renuncia-de-vereador\/","url":"https:\/\/portaltela.pt\/noticias\/2026\/03\/26\/comunicado-oficial-confirma-renuncia-de-vereador\/","name":"Comunicado oficial confirma ren\u00fancia de vereador - Portal Tela Portugal","isPartOf":{"@id":"https:\/\/portaltela.pt\/#website"},"primaryImageOfPage":{"@id":"https:\/\/portaltela.pt\/noticias\/2026\/03\/26\/comunicado-oficial-confirma-renuncia-de-vereador\/#primaryimage"},"image":{"@id":"https:\/\/portaltela.pt\/noticias\/2026\/03\/26\/comunicado-oficial-confirma-renuncia-de-vereador\/#primaryimage"},"thumbnailUrl":"https:\/\/portaltela.pt\/s.01k8rhncp4jt1\/2026\/03\/img_1280x721uu2026-03-26-18-01-35-2274962.jpg","datePublished":"2026-03-26T18:01:40+00:00","author":{"@id":"https:\/\/portaltela.pt\/#\/schema\/person\/c4278d4a6028830caff9ee44b42d32ed"},"breadcrumb":{"@id":"https:\/\/portaltela.pt\/noticias\/2026\/03\/26\/comunicado-oficial-confirma-renuncia-de-vereador\/#breadcrumb"},"inLanguage":"pt-PT","potentialAction":[{"@type":"ReadAction","target":["https:\/\/portaltela.pt\/noticias\/2026\/03\/26\/comunicado-oficial-confirma-renuncia-de-vereador\/"]}]},{"@type":"ImageObject","inLanguage":"pt-PT","@id":"https:\/\/portaltela.pt\/noticias\/2026\/03\/26\/comunicado-oficial-confirma-renuncia-de-vereador\/#primaryimage","url":"https:\/\/portaltela.pt\/s.01k8rhncp4jt1\/2026\/03\/img_1280x721uu2026-03-26-18-01-35-2274962.jpg","contentUrl":"https:\/\/portaltela.pt\/s.01k8rhncp4jt1\/2026\/03\/img_1280x721uu2026-03-26-18-01-35-2274962.jpg","width":796,"height":448,"caption":"Vereador apresenta ren\u00fancia ao cargo na C\u00e2mara Municipal"},{"@type":"BreadcrumbList","@id":"https:\/\/portaltela.pt\/noticias\/2026\/03\/26\/comunicado-oficial-confirma-renuncia-de-vereador\/#breadcrumb","itemListElement":[{"@type":"ListItem","position":1,"name":"In\u00edcio","item":"https:\/\/portaltela.pt\/"},{"@type":"ListItem","position":2,"name":"Comunicado oficial confirma ren\u00fancia de vereador"}]},{"@type":"WebSite","@id":"https:\/\/portaltela.pt\/#website","url":"https:\/\/portaltela.pt\/","name":"Portal Tela Portugal","description":"","potentialAction":[{"@type":"SearchAction","target":{"@type":"EntryPoint","urlTemplate":"https:\/\/portaltela.pt\/?s={search_term_string}"},"query-input":{"@type":"PropertyValueSpecification","valueRequired":true,"valueName":"search_term_string"}}],"inLanguage":"pt-PT"},{"@type":"Person","@id":"https:\/\/portaltela.pt\/#\/schema\/person\/c4278d4a6028830caff9ee44b42d32ed","name":"Telinha","image":{"@type":"ImageObject","inLanguage":"pt-PT","@id":"https:\/\/portaltela.pt\/s.01k8rhncp4jt1\/2025\/11\/talking-bot-125x125.png","url":"https:\/\/portaltela.pt\/s.01k8rhncp4jt1\/2025\/11\/talking-bot-125x125.png","contentUrl":"https:\/\/portaltela.pt\/s.01k8rhncp4jt1\/2025\/11\/talking-bot-125x125.png","caption":"Telinha"},"sameAs":["https:\/\/portaltela.pt\/"],"url":"https:\/\/portaltela.pt\/por\/367410592786\/"}]}},"_links":{"self":[{"href":"https:\/\/portaltela.pt\/api\/wp\/v2\/posts\/422678","targetHints":{"allow":["GET"]}}],"collection":[{"href":"https:\/\/portaltela.pt\/api\/wp\/v2\/posts"}],"about":[{"href":"https:\/\/portaltela.pt\/api\/wp\/v2\/types\/post"}],"author":[{"embeddable":true,"href":"https:\/\/portaltela.pt\/api\/wp\/v2\/users\/2"}],"replies":[{"embeddable":true,"href":"https:\/\/portaltela.pt\/api\/wp\/v2\/comments?post=422678"}],"version-history":[{"count":0,"href":"https:\/\/portaltela.pt\/api\/wp\/v2\/posts\/422678\/revisions"}],"wp:featuredmedia":[{"embeddable":true,"href":"https:\/\/portaltela.pt\/api\/wp\/v2\/media\/422679"}],"wp:attachment":[{"href":"https:\/\/portaltela.pt\/api\/wp\/v2\/media?parent=422678"}],"wp:term":[{"taxonomy":"category","embeddable":true,"href":"https:\/\/portaltela.pt\/api\/wp\/v2\/categories?post=422678"},{"taxonomy":"post_tag","embeddable":true,"href":"https:\/\/portaltela.pt\/api\/wp\/v2\/tags?post=422678"}],"curies":[{"name":"wp","href":"https:\/\/api.w.org\/{rel}","templated":true}]}}