{"id":422674,"date":"2026-03-26T15:09:00","date_gmt":"2026-03-26T18:09:00","guid":{"rendered":"https:\/\/portaltela.pt\/noticias\/2026\/03\/26\/paz-na-ucrania-entra-em-impasse-afirma-presidente-finlandes\/"},"modified":"2026-03-26T15:09:00","modified_gmt":"2026-03-26T18:09:00","slug":"paz-na-ucrania-entra-em-impasse-afirma-presidente-finlandes","status":"publish","type":"post","link":"https:\/\/portaltela.pt\/noticias\/internacional\/2026\/03\/26\/paz-na-ucrania-entra-em-impasse-afirma-presidente-finlandes\/","title":{"rendered":"Paz na Ucr\u00e2nia entra em impasse, afirma presidente finland\u00eas"},"content":{"rendered":"<p>O Presidente da Finl\u00e2ndia afirmou que as negocia\u00e7\u00f5es de paz sobre a Ucr\u00e2nia est\u00e3o num impasse. A declara\u00e7\u00e3o n\u00e3o detalha os motivos nem aponta respons\u00e1veis diretos pelo bloqueio do processo.<\/p>\n<p>Segundo o l\u00edder finland\u00eas, o estado atual das negocia\u00e7\u00f5es permanece sem avan\u00e7os significativos. N\u00e3o foram reveladas datas de novas conversa\u00e7\u00f5es nem o elenco de mediadores envolvidos.<\/p>\n<p>O an\u00fancio n\u00e3o especifica o local nem o quadro temporal previsto para eventuais retomadas. Resta aguardar por informa\u00e7\u00f5es oficiais adicionais que expliquem a situa\u00e7\u00e3o e as pr\u00f3ximas etapas.<\/p>\n<p>As informa\u00e7\u00f5es completas permanecem restritas a subscritores. O texto dispon\u00edvel neste momento resume o posicionamento do governo finland\u00eas e o estado das negocia\u00e7\u00f5es.<\/p>\n<p>Fontes oficiais n\u00e3o divulgaram detalhes adicionais neste comunicado. O tema continua a ser pauta de observadores internacionais atentos ao andamento diplom\u00e1tico.<\/p>\n<p>N\u00e3o houve confirma\u00e7\u00e3o sobre compromissos formais ou prazos para uma audi\u00eancia entre as partes envolvidas. O contexto atual sugere uma pausa ou desacordo entre os agentes mediadores.<\/p>\n","protected":false},"excerpt":{"rendered":"<ul>\n<li>O presidente da Finl\u00e2ndia afirma que as negocia\u00e7\u00f5es de paz sobre a Ucr\u00e2nia est\u00e3o num impasse.<\/li>\n<li>A afirma\u00e7\u00e3o n\u00e3o traz detalhes adicionais dispon\u00edveis publicamente.<\/li>\n<li>O conte\u00fado completo da not\u00edcia est\u00e1 acess\u00edvel apenas a subscritores.<\/li>\n<li>N\u00e3o h\u00e1 informa\u00e7\u00f5es adicionais verific\u00e1veis dispon\u00edveis no momento p\u00fablico.<\/li>\n<\/ul>\n","protected":false},"author":2,"featured_media":422675,"comment_status":"closed","ping_status":"closed","sticky":false,"template":"","format":"standard","meta":{"footnotes":""},"categories":[6814,4],"tags":[6384,29,3484,5259,2023,7439],"class_list":["post-422674","post","type-post","status-publish","format-standard","has-post-thumbnail","hentry","category-geopolitica","category-internacional","tag-a-ucrania","tag-diplomacia","tag-finlandia","tag-observadores-internacionais","tag-organizacoes-internacionais","tag-politica-externa"],"yoast_head":"<!-- This site is optimized with the Yoast SEO plugin v27.2 - https:\/\/yoast.com\/product\/yoast-seo-wordpress\/ -->\n<title>Paz na Ucr\u00e2nia entra em impasse, afirma presidente finland\u00eas - Portal Tela Portugal<\/title>\n<meta name=\"robots\" content=\"index, follow, max-snippet:-1, max-image-preview:large, max-video-preview:-1\" \/>\n<meta property=\"og:locale\" content=\"pt_PT\" \/>\n<meta property=\"og:type\" content=\"article\" \/>\n<meta property=\"og:title\" content=\"Paz na Ucr\u00e2nia entra em impasse, afirma presidente finland\u00eas - Portal Tela Portugal\" \/>\n<meta property=\"og:description\" content=\"O presidente da Finl\u00e2ndia afirma que as negocia\u00e7\u00f5es de paz sobre a Ucr\u00e2nia est\u00e3o num impasse. A afirma\u00e7\u00e3o n\u00e3o traz detalhes adicionais dispon\u00edveis publicamente. O conte\u00fado completo da not\u00edcia est\u00e1 acess\u00edvel apenas a subscritores. N\u00e3o h\u00e1 informa\u00e7\u00f5es adicionais verific\u00e1veis dispon\u00edveis no momento p\u00fablico.\" \/>\n<meta property=\"og:url\" content=\"https:\/\/portaltela.pt\/noticias\/2026\/03\/26\/paz-na-ucrania-entra-em-impasse-afirma-presidente-finlandes\/\" \/>\n<meta property=\"og:site_name\" content=\"Portal Tela Portugal\" \/>\n<meta property=\"article:published_time\" content=\"2026-03-26T18:09:00+00:00\" \/>\n<meta name=\"author\" content=\"Telinha\" \/>\n<meta name=\"twitter:card\" content=\"summary_large_image\" \/>\n<meta name=\"twitter:label1\" content=\"Escrito por\" \/>\n\t<meta name=\"twitter:data1\" content=\"Telinha\" \/>\n\t<meta name=\"twitter:label2\" content=\"Tempo estimado de leitura\" \/>\n\t<meta name=\"twitter:data2\" content=\"1 minuto\" \/>\n<script type=\"application\/ld+json\" class=\"yoast-schema-graph\">{\"@context\":\"https:\/\/schema.org\",\"@graph\":[{\"@type\":\"Article\",\"@id\":\"https:\/\/portaltela.pt\/noticias\/2026\/03\/26\/paz-na-ucrania-entra-em-impasse-afirma-presidente-finlandes\/#article\",\"isPartOf\":{\"@id\":\"https:\/\/portaltela.pt\/noticias\/2026\/03\/26\/paz-na-ucrania-entra-em-impasse-afirma-presidente-finlandes\/\"},\"author\":{\"name\":\"Telinha\",\"@id\":\"https:\/\/portaltela.pt\/#\/schema\/person\/c4278d4a6028830caff9ee44b42d32ed\"},\"headline\":\"Paz na Ucr\u00e2nia entra em impasse, afirma presidente finland\u00eas\",\"datePublished\":\"2026-03-26T18:09:00+00:00\",\"mainEntityOfPage\":{\"@id\":\"https:\/\/portaltela.pt\/noticias\/2026\/03\/26\/paz-na-ucrania-entra-em-impasse-afirma-presidente-finlandes\/\"},\"wordCount\":193,\"image\":{\"@id\":\"https:\/\/portaltela.pt\/noticias\/2026\/03\/26\/paz-na-ucrania-entra-em-impasse-afirma-presidente-finlandes\/#primaryimage\"},\"thumbnailUrl\":\"https:\/\/portaltela.pt\/s.01k8rhncp4jt1\/2026\/03\/CACHE_780X1200_ANALOG_WATERMARKED_46829843_661198637999227.jpg\",\"keywords\":[\"a Ucr\u00e2nia\",\"diplomacia\",\"Finl\u00e2ndia\",\"observadores internacionais\",\"organiza\u00e7\u00f5es internacionais\",\"pol\u00edtica externa\"],\"articleSection\":[\"Geopol\u00edtica\",\"Internacional\"],\"inLanguage\":\"pt-PT\"},{\"@type\":\"WebPage\",\"@id\":\"https:\/\/portaltela.pt\/noticias\/2026\/03\/26\/paz-na-ucrania-entra-em-impasse-afirma-presidente-finlandes\/\",\"url\":\"https:\/\/portaltela.pt\/noticias\/2026\/03\/26\/paz-na-ucrania-entra-em-impasse-afirma-presidente-finlandes\/\",\"name\":\"Paz na Ucr\u00e2nia entra em impasse, afirma presidente finland\u00eas - Portal Tela Portugal\",\"isPartOf\":{\"@id\":\"https:\/\/portaltela.pt\/#website\"},\"primaryImageOfPage\":{\"@id\":\"https:\/\/portaltela.pt\/noticias\/2026\/03\/26\/paz-na-ucrania-entra-em-impasse-afirma-presidente-finlandes\/#primaryimage\"},\"image\":{\"@id\":\"https:\/\/portaltela.pt\/noticias\/2026\/03\/26\/paz-na-ucrania-entra-em-impasse-afirma-presidente-finlandes\/#primaryimage\"},\"thumbnailUrl\":\"https:\/\/portaltela.pt\/s.01k8rhncp4jt1\/2026\/03\/CACHE_780X1200_ANALOG_WATERMARKED_46829843_661198637999227.jpg\",\"datePublished\":\"2026-03-26T18:09:00+00:00\",\"author\":{\"@id\":\"https:\/\/portaltela.pt\/#\/schema\/person\/c4278d4a6028830caff9ee44b42d32ed\"},\"breadcrumb\":{\"@id\":\"https:\/\/portaltela.pt\/noticias\/2026\/03\/26\/paz-na-ucrania-entra-em-impasse-afirma-presidente-finlandes\/#breadcrumb\"},\"inLanguage\":\"pt-PT\",\"potentialAction\":[{\"@type\":\"ReadAction\",\"target\":[\"https:\/\/portaltela.pt\/noticias\/2026\/03\/26\/paz-na-ucrania-entra-em-impasse-afirma-presidente-finlandes\/\"]}]},{\"@type\":\"ImageObject\",\"inLanguage\":\"pt-PT\",\"@id\":\"https:\/\/portaltela.pt\/noticias\/2026\/03\/26\/paz-na-ucrania-entra-em-impasse-afirma-presidente-finlandes\/#primaryimage\",\"url\":\"https:\/\/portaltela.pt\/s.01k8rhncp4jt1\/2026\/03\/CACHE_780X1200_ANALOG_WATERMARKED_46829843_661198637999227.jpg\",\"contentUrl\":\"https:\/\/portaltela.pt\/s.01k8rhncp4jt1\/2026\/03\/CACHE_780X1200_ANALOG_WATERMARKED_46829843_661198637999227.jpg\",\"width\":768,\"height\":512,\"caption\":\"Negocia\u00e7\u00f5es de paz sobre a Ucr\u00e2nia \u201cnum impasse\u201d \u2013 Presidente finland\u00eas\"},{\"@type\":\"BreadcrumbList\",\"@id\":\"https:\/\/portaltela.pt\/noticias\/2026\/03\/26\/paz-na-ucrania-entra-em-impasse-afirma-presidente-finlandes\/#breadcrumb\",\"itemListElement\":[{\"@type\":\"ListItem\",\"position\":1,\"name\":\"In\u00edcio\",\"item\":\"https:\/\/portaltela.pt\/\"},{\"@type\":\"ListItem\",\"position\":2,\"name\":\"Paz na Ucr\u00e2nia entra em impasse, afirma presidente finland\u00eas\"}]},{\"@type\":\"WebSite\",\"@id\":\"https:\/\/portaltela.pt\/#website\",\"url\":\"https:\/\/portaltela.pt\/\",\"name\":\"Portal Tela Portugal\",\"description\":\"\",\"potentialAction\":[{\"@type\":\"SearchAction\",\"target\":{\"@type\":\"EntryPoint\",\"urlTemplate\":\"https:\/\/portaltela.pt\/?s={search_term_string}\"},\"query-input\":{\"@type\":\"PropertyValueSpecification\",\"valueRequired\":true,\"valueName\":\"search_term_string\"}}],\"inLanguage\":\"pt-PT\"},{\"@type\":\"Person\",\"@id\":\"https:\/\/portaltela.pt\/#\/schema\/person\/c4278d4a6028830caff9ee44b42d32ed\",\"name\":\"Telinha\",\"image\":{\"@type\":\"ImageObject\",\"inLanguage\":\"pt-PT\",\"@id\":\"https:\/\/portaltela.pt\/s.01k8rhncp4jt1\/2025\/11\/talking-bot-125x125.png\",\"url\":\"https:\/\/portaltela.pt\/s.01k8rhncp4jt1\/2025\/11\/talking-bot-125x125.png\",\"contentUrl\":\"https:\/\/portaltela.pt\/s.01k8rhncp4jt1\/2025\/11\/talking-bot-125x125.png\",\"caption\":\"Telinha\"},\"sameAs\":[\"https:\/\/portaltela.pt\/\"],\"url\":\"https:\/\/portaltela.pt\/por\/367410592786\/\"}]}<\/script>\n<!-- \/ Yoast SEO plugin. -->","yoast_head_json":{"title":"Paz na Ucr\u00e2nia entra em impasse, afirma presidente finland\u00eas - Portal Tela Portugal","robots":{"index":"index","follow":"follow","max-snippet":"max-snippet:-1","max-image-preview":"max-image-preview:large","max-video-preview":"max-video-preview:-1"},"og_locale":"pt_PT","og_type":"article","og_title":"Paz na Ucr\u00e2nia entra em impasse, afirma presidente finland\u00eas - Portal Tela Portugal","og_description":"O presidente da Finl\u00e2ndia afirma que as negocia\u00e7\u00f5es de paz sobre a Ucr\u00e2nia est\u00e3o num impasse. A afirma\u00e7\u00e3o n\u00e3o traz detalhes adicionais dispon\u00edveis publicamente. O conte\u00fado completo da not\u00edcia est\u00e1 acess\u00edvel apenas a subscritores. N\u00e3o h\u00e1 informa\u00e7\u00f5es adicionais verific\u00e1veis dispon\u00edveis no momento p\u00fablico.","og_url":"https:\/\/portaltela.pt\/noticias\/2026\/03\/26\/paz-na-ucrania-entra-em-impasse-afirma-presidente-finlandes\/","og_site_name":"Portal Tela Portugal","article_published_time":"2026-03-26T18:09:00+00:00","author":"Telinha","twitter_card":"summary_large_image","twitter_misc":{"Escrito por":"Telinha","Tempo estimado de leitura":"1 minuto"},"schema":{"@context":"https:\/\/schema.org","@graph":[{"@type":"Article","@id":"https:\/\/portaltela.pt\/noticias\/2026\/03\/26\/paz-na-ucrania-entra-em-impasse-afirma-presidente-finlandes\/#article","isPartOf":{"@id":"https:\/\/portaltela.pt\/noticias\/2026\/03\/26\/paz-na-ucrania-entra-em-impasse-afirma-presidente-finlandes\/"},"author":{"name":"Telinha","@id":"https:\/\/portaltela.pt\/#\/schema\/person\/c4278d4a6028830caff9ee44b42d32ed"},"headline":"Paz na Ucr\u00e2nia entra em impasse, afirma presidente finland\u00eas","datePublished":"2026-03-26T18:09:00+00:00","mainEntityOfPage":{"@id":"https:\/\/portaltela.pt\/noticias\/2026\/03\/26\/paz-na-ucrania-entra-em-impasse-afirma-presidente-finlandes\/"},"wordCount":193,"image":{"@id":"https:\/\/portaltela.pt\/noticias\/2026\/03\/26\/paz-na-ucrania-entra-em-impasse-afirma-presidente-finlandes\/#primaryimage"},"thumbnailUrl":"https:\/\/portaltela.pt\/s.01k8rhncp4jt1\/2026\/03\/CACHE_780X1200_ANALOG_WATERMARKED_46829843_661198637999227.jpg","keywords":["a Ucr\u00e2nia","diplomacia","Finl\u00e2ndia","observadores internacionais","organiza\u00e7\u00f5es internacionais","pol\u00edtica externa"],"articleSection":["Geopol\u00edtica","Internacional"],"inLanguage":"pt-PT"},{"@type":"WebPage","@id":"https:\/\/portaltela.pt\/noticias\/2026\/03\/26\/paz-na-ucrania-entra-em-impasse-afirma-presidente-finlandes\/","url":"https:\/\/portaltela.pt\/noticias\/2026\/03\/26\/paz-na-ucrania-entra-em-impasse-afirma-presidente-finlandes\/","name":"Paz na Ucr\u00e2nia entra em impasse, afirma presidente finland\u00eas - Portal Tela Portugal","isPartOf":{"@id":"https:\/\/portaltela.pt\/#website"},"primaryImageOfPage":{"@id":"https:\/\/portaltela.pt\/noticias\/2026\/03\/26\/paz-na-ucrania-entra-em-impasse-afirma-presidente-finlandes\/#primaryimage"},"image":{"@id":"https:\/\/portaltela.pt\/noticias\/2026\/03\/26\/paz-na-ucrania-entra-em-impasse-afirma-presidente-finlandes\/#primaryimage"},"thumbnailUrl":"https:\/\/portaltela.pt\/s.01k8rhncp4jt1\/2026\/03\/CACHE_780X1200_ANALOG_WATERMARKED_46829843_661198637999227.jpg","datePublished":"2026-03-26T18:09:00+00:00","author":{"@id":"https:\/\/portaltela.pt\/#\/schema\/person\/c4278d4a6028830caff9ee44b42d32ed"},"breadcrumb":{"@id":"https:\/\/portaltela.pt\/noticias\/2026\/03\/26\/paz-na-ucrania-entra-em-impasse-afirma-presidente-finlandes\/#breadcrumb"},"inLanguage":"pt-PT","potentialAction":[{"@type":"ReadAction","target":["https:\/\/portaltela.pt\/noticias\/2026\/03\/26\/paz-na-ucrania-entra-em-impasse-afirma-presidente-finlandes\/"]}]},{"@type":"ImageObject","inLanguage":"pt-PT","@id":"https:\/\/portaltela.pt\/noticias\/2026\/03\/26\/paz-na-ucrania-entra-em-impasse-afirma-presidente-finlandes\/#primaryimage","url":"https:\/\/portaltela.pt\/s.01k8rhncp4jt1\/2026\/03\/CACHE_780X1200_ANALOG_WATERMARKED_46829843_661198637999227.jpg","contentUrl":"https:\/\/portaltela.pt\/s.01k8rhncp4jt1\/2026\/03\/CACHE_780X1200_ANALOG_WATERMARKED_46829843_661198637999227.jpg","width":768,"height":512,"caption":"Negocia\u00e7\u00f5es de paz sobre a Ucr\u00e2nia \u201cnum impasse\u201d \u2013 Presidente finland\u00eas"},{"@type":"BreadcrumbList","@id":"https:\/\/portaltela.pt\/noticias\/2026\/03\/26\/paz-na-ucrania-entra-em-impasse-afirma-presidente-finlandes\/#breadcrumb","itemListElement":[{"@type":"ListItem","position":1,"name":"In\u00edcio","item":"https:\/\/portaltela.pt\/"},{"@type":"ListItem","position":2,"name":"Paz na Ucr\u00e2nia entra em impasse, afirma presidente finland\u00eas"}]},{"@type":"WebSite","@id":"https:\/\/portaltela.pt\/#website","url":"https:\/\/portaltela.pt\/","name":"Portal Tela Portugal","description":"","potentialAction":[{"@type":"SearchAction","target":{"@type":"EntryPoint","urlTemplate":"https:\/\/portaltela.pt\/?s={search_term_string}"},"query-input":{"@type":"PropertyValueSpecification","valueRequired":true,"valueName":"search_term_string"}}],"inLanguage":"pt-PT"},{"@type":"Person","@id":"https:\/\/portaltela.pt\/#\/schema\/person\/c4278d4a6028830caff9ee44b42d32ed","name":"Telinha","image":{"@type":"ImageObject","inLanguage":"pt-PT","@id":"https:\/\/portaltela.pt\/s.01k8rhncp4jt1\/2025\/11\/talking-bot-125x125.png","url":"https:\/\/portaltela.pt\/s.01k8rhncp4jt1\/2025\/11\/talking-bot-125x125.png","contentUrl":"https:\/\/portaltela.pt\/s.01k8rhncp4jt1\/2025\/11\/talking-bot-125x125.png","caption":"Telinha"},"sameAs":["https:\/\/portaltela.pt\/"],"url":"https:\/\/portaltela.pt\/por\/367410592786\/"}]}},"_links":{"self":[{"href":"https:\/\/portaltela.pt\/api\/wp\/v2\/posts\/422674","targetHints":{"allow":["GET"]}}],"collection":[{"href":"https:\/\/portaltela.pt\/api\/wp\/v2\/posts"}],"about":[{"href":"https:\/\/portaltela.pt\/api\/wp\/v2\/types\/post"}],"author":[{"embeddable":true,"href":"https:\/\/portaltela.pt\/api\/wp\/v2\/users\/2"}],"replies":[{"embeddable":true,"href":"https:\/\/portaltela.pt\/api\/wp\/v2\/comments?post=422674"}],"version-history":[{"count":0,"href":"https:\/\/portaltela.pt\/api\/wp\/v2\/posts\/422674\/revisions"}],"wp:featuredmedia":[{"embeddable":true,"href":"https:\/\/portaltela.pt\/api\/wp\/v2\/media\/422675"}],"wp:attachment":[{"href":"https:\/\/portaltela.pt\/api\/wp\/v2\/media?parent=422674"}],"wp:term":[{"taxonomy":"category","embeddable":true,"href":"https:\/\/portaltela.pt\/api\/wp\/v2\/categories?post=422674"},{"taxonomy":"post_tag","embeddable":true,"href":"https:\/\/portaltela.pt\/api\/wp\/v2\/tags?post=422674"}],"curies":[{"name":"wp","href":"https:\/\/api.w.org\/{rel}","templated":true}]}}