{"id":422661,"date":"2026-03-26T14:49:00","date_gmt":"2026-03-26T17:49:00","guid":{"rendered":"https:\/\/portaltela.pt\/noticias\/2026\/03\/26\/bellingham-revela-bastidores-de-cirurgia-dolorosa-ao-ombro\/"},"modified":"2026-03-26T14:49:00","modified_gmt":"2026-03-26T17:49:00","slug":"bellingham-revela-bastidores-de-cirurgia-dolorosa-ao-ombro","status":"publish","type":"post","link":"https:\/\/portaltela.pt\/desporto\/futebol\/2026\/03\/26\/bellingham-revela-bastidores-de-cirurgia-dolorosa-ao-ombro\/","title":{"rendered":"Bellingham revela bastidores de cirurgia dolorosa ao ombro"},"content":{"rendered":"<p>Jude Bellingham revelou, sem filtros, o calv\u00e1rio vivido devido \u00e0 les\u00e3o no ombro esquerdo. O m\u00e9dio do Real Madrid mostra no YouTube o processo completo da cirurgia, realizada em julho de 2025, e o que antecedeu o procedimento.<\/p>\n<p>No v\u00eddeo, o jogador descreve a ansiedade extrema antes da opera\u00e7\u00e3o e o medo de falhar em momentos decisivos, como o Mundial de 2022. A grava\u00e7\u00e3o foi feita tr\u00eas dias ap\u00f3s a interven\u00e7\u00e3o.<\/p>\n<p>A les\u00e3o surgiu pela primeira vez no Borussia Dortmund, na temporada 2022\/23, quando o ombro foi deslocado pela primeira vez. O jogador admite que adiou a cirurgia para estar presente em competi\u00e7\u00f5es importantes.<\/p>\n<p>Mesmo com dores, Bellingham disputou jogos com prote\u00e7\u00e3o, incluindo atua\u00e7\u00f5es pelo Real Madrid em 2023 e 2024, com novos deslocamentos relatados. Um epis\u00f3dio particularmente marcante foi frente ao Rayo Vallecano, em novembro de 2023.<\/p>\n<p>Nesse jogo, o ombro ficou deslocado por um per\u00edodo, e a recupera\u00e7\u00e3o n\u00e3o foi simples. Os fisioterapeutas agiram rapidamente, mas o epis\u00f3dio causou uma experi\u00eancia descrita como horr\u00edvel pelo atleta.<\/p>\n<p>O impacto da les\u00e3o estendeu-se ao corpo, com o uso de prote\u00e7\u00e3o que exigia compensa\u00e7\u00e3o de outras \u00e1reas. Bellingham disse ter desenvolvido uma h\u00e9rnia discal associada ao problema, aumentando a gravidade da situa\u00e7\u00e3o.<\/p>\n<p>Ap\u00f3s novas reca\u00eddas, o jogador decidiu pela cirurgia na temporada seguinte, poucos dias ap\u00f3s o Real Madrid ser eliminado do Mundial de Clubes. A interven\u00e7\u00e3o marcou o desfecho de um longo per\u00edodo de recupera\u00e7\u00e3o e de decis\u00f5es dif\u00edceis.<\/p>\n","protected":false},"excerpt":{"rendered":"<ul>\n<li>Jude Bellingham revelou num v\u00eddeo no YouTube a cirurgia ao ombro esquerdo, efetuada em julho de 2025, e mostrou o registo desde a conversa com o cirurgi\u00e3o at\u00e9 \u00e0 opera\u00e7\u00e3o.<\/li>\n<li>O m\u00e9dio do Real Madrid disse sentir a maior ansiedade de sempre antes do procedimento.<\/li>\n<li>A les\u00e3o come\u00e7ou em 2022\/23, no Borussia Dortmund, com a primeira desloca\u00e7\u00e3o do ombro, e o jogador adiou a cirurgia para n\u00e3o falhar compromissos importantes, incluindo o Mundial do Qatar de 2022.<\/li>\n<li>Em 2023, voltou a deslocar o ombro v\u00e1rias vezes pelo Real Madrid, sendo um epis\u00f3dio particularmente marcante frente ao Rayo Vallecano, em novembro de 2023.<\/li>\n<li>A les\u00e3o teve impactos noutras partes do corpo, com necessidade de prote\u00e7\u00e3o que obrigou a compensa\u00e7\u00f5es, chegando a desenvolver uma h\u00e9rnia discal; a cirurgia foi finalmente realizada dias ap\u00f3s a elimina\u00e7\u00e3o do Real Madrid no Mundial de Clubes.<\/li>\n<\/ul>\n","protected":false},"author":2,"featured_media":422664,"comment_status":"closed","ping_status":"closed","sticky":false,"template":"","format":"standard","meta":{"footnotes":""},"categories":[21,24],"tags":[2594,90,32,2967,2538,2714],"class_list":["post-422661","post","type-post","status-publish","format-standard","has-post-thumbnail","hentry","category-desporto","category-futebol","tag-cirurgia","tag-copa-do-mundo","tag-futebol","tag-jude-bellingham","tag-lesoes","tag-real-madrid"],"yoast_head":"<!-- This site is optimized with the Yoast SEO plugin v27.2 - https:\/\/yoast.com\/product\/yoast-seo-wordpress\/ -->\n<title>Bellingham revela bastidores de cirurgia dolorosa ao ombro - Portal Tela Portugal<\/title>\n<meta name=\"robots\" content=\"index, follow, max-snippet:-1, max-image-preview:large, max-video-preview:-1\" \/>\n<meta property=\"og:locale\" content=\"pt_PT\" \/>\n<meta property=\"og:type\" content=\"article\" \/>\n<meta property=\"og:title\" content=\"Bellingham revela bastidores de cirurgia dolorosa ao ombro - Portal Tela Portugal\" \/>\n<meta property=\"og:description\" content=\"Jude Bellingham revelou num v\u00eddeo no YouTube a cirurgia ao ombro esquerdo, efetuada em julho de 2025, e mostrou o registo desde a conversa com o cirurgi\u00e3o at\u00e9 \u00e0 opera\u00e7\u00e3o. O m\u00e9dio do Real Madrid disse sentir a maior ansiedade de sempre antes do procedimento. A les\u00e3o come\u00e7ou em 2022\/23, no Borussia Dortmund, com a primeira desloca\u00e7\u00e3o do ombro, e o jogador adiou a cirurgia para n\u00e3o falhar compromissos importantes, incluindo o Mundial do Qatar de 2022. Em 2023, voltou a deslocar o ombro v\u00e1rias vezes pelo Real Madrid, sendo um epis\u00f3dio particularmente marcante frente ao Rayo Vallecano, em novembro de 2023. A les\u00e3o teve impactos noutras partes do corpo, com necessidade de prote\u00e7\u00e3o que obrigou a compensa\u00e7\u00f5es, chegando a desenvolver uma h\u00e9rnia discal; a cirurgia foi finalmente realizada dias ap\u00f3s a elimina\u00e7\u00e3o do Real Madrid no Mundial de Clubes.\" \/>\n<meta property=\"og:url\" content=\"https:\/\/portaltela.pt\/noticias\/2026\/03\/26\/bellingham-revela-bastidores-de-cirurgia-dolorosa-ao-ombro\/\" \/>\n<meta property=\"og:site_name\" content=\"Portal Tela Portugal\" \/>\n<meta property=\"article:published_time\" content=\"2026-03-26T17:49:00+00:00\" \/>\n<meta name=\"author\" content=\"Telinha\" \/>\n<meta name=\"twitter:card\" content=\"summary_large_image\" \/>\n<meta name=\"twitter:label1\" content=\"Escrito por\" \/>\n\t<meta name=\"twitter:data1\" content=\"Telinha\" \/>\n\t<meta name=\"twitter:label2\" content=\"Tempo estimado de leitura\" \/>\n\t<meta name=\"twitter:data2\" content=\"1 minuto\" \/>\n<script type=\"application\/ld+json\" class=\"yoast-schema-graph\">{\"@context\":\"https:\/\/schema.org\",\"@graph\":[{\"@type\":\"Article\",\"@id\":\"https:\/\/portaltela.pt\/noticias\/2026\/03\/26\/bellingham-revela-bastidores-de-cirurgia-dolorosa-ao-ombro\/#article\",\"isPartOf\":{\"@id\":\"https:\/\/portaltela.pt\/noticias\/2026\/03\/26\/bellingham-revela-bastidores-de-cirurgia-dolorosa-ao-ombro\/\"},\"author\":{\"name\":\"Telinha\",\"@id\":\"https:\/\/portaltela.pt\/#\/schema\/person\/c4278d4a6028830caff9ee44b42d32ed\"},\"headline\":\"Bellingham revela bastidores de cirurgia dolorosa ao ombro\",\"datePublished\":\"2026-03-26T17:49:00+00:00\",\"mainEntityOfPage\":{\"@id\":\"https:\/\/portaltela.pt\/noticias\/2026\/03\/26\/bellingham-revela-bastidores-de-cirurgia-dolorosa-ao-ombro\/\"},\"wordCount\":273,\"image\":{\"@id\":\"https:\/\/portaltela.pt\/noticias\/2026\/03\/26\/bellingham-revela-bastidores-de-cirurgia-dolorosa-ao-ombro\/#primaryimage\"},\"thumbnailUrl\":\"https:\/\/portaltela.pt\/s.01k8rhncp4jt1\/2026\/03\/img_920x518uu2026-02-01-17-06-21-2418852-im-639055623994055128.jpg\",\"keywords\":[\"cirurgia\",\"copa do mundo\",\"futebol\",\"Jude Bellingham\",\"les\u00f5es\",\"Real Madrid\"],\"articleSection\":[\"Desporto\",\"Futebol\"],\"inLanguage\":\"pt-PT\"},{\"@type\":\"WebPage\",\"@id\":\"https:\/\/portaltela.pt\/noticias\/2026\/03\/26\/bellingham-revela-bastidores-de-cirurgia-dolorosa-ao-ombro\/\",\"url\":\"https:\/\/portaltela.pt\/noticias\/2026\/03\/26\/bellingham-revela-bastidores-de-cirurgia-dolorosa-ao-ombro\/\",\"name\":\"Bellingham revela bastidores de cirurgia dolorosa ao ombro - Portal Tela Portugal\",\"isPartOf\":{\"@id\":\"https:\/\/portaltela.pt\/#website\"},\"primaryImageOfPage\":{\"@id\":\"https:\/\/portaltela.pt\/noticias\/2026\/03\/26\/bellingham-revela-bastidores-de-cirurgia-dolorosa-ao-ombro\/#primaryimage\"},\"image\":{\"@id\":\"https:\/\/portaltela.pt\/noticias\/2026\/03\/26\/bellingham-revela-bastidores-de-cirurgia-dolorosa-ao-ombro\/#primaryimage\"},\"thumbnailUrl\":\"https:\/\/portaltela.pt\/s.01k8rhncp4jt1\/2026\/03\/img_920x518uu2026-02-01-17-06-21-2418852-im-639055623994055128.jpg\",\"datePublished\":\"2026-03-26T17:49:00+00:00\",\"author\":{\"@id\":\"https:\/\/portaltela.pt\/#\/schema\/person\/c4278d4a6028830caff9ee44b42d32ed\"},\"breadcrumb\":{\"@id\":\"https:\/\/portaltela.pt\/noticias\/2026\/03\/26\/bellingham-revela-bastidores-de-cirurgia-dolorosa-ao-ombro\/#breadcrumb\"},\"inLanguage\":\"pt-PT\",\"potentialAction\":[{\"@type\":\"ReadAction\",\"target\":[\"https:\/\/portaltela.pt\/noticias\/2026\/03\/26\/bellingham-revela-bastidores-de-cirurgia-dolorosa-ao-ombro\/\"]}]},{\"@type\":\"ImageObject\",\"inLanguage\":\"pt-PT\",\"@id\":\"https:\/\/portaltela.pt\/noticias\/2026\/03\/26\/bellingham-revela-bastidores-de-cirurgia-dolorosa-ao-ombro\/#primaryimage\",\"url\":\"https:\/\/portaltela.pt\/s.01k8rhncp4jt1\/2026\/03\/img_920x518uu2026-02-01-17-06-21-2418852-im-639055623994055128.jpg\",\"contentUrl\":\"https:\/\/portaltela.pt\/s.01k8rhncp4jt1\/2026\/03\/img_920x518uu2026-02-01-17-06-21-2418852-im-639055623994055128.jpg\",\"width\":796,\"height\":448,\"caption\":\"Bellingham\"},{\"@type\":\"BreadcrumbList\",\"@id\":\"https:\/\/portaltela.pt\/noticias\/2026\/03\/26\/bellingham-revela-bastidores-de-cirurgia-dolorosa-ao-ombro\/#breadcrumb\",\"itemListElement\":[{\"@type\":\"ListItem\",\"position\":1,\"name\":\"In\u00edcio\",\"item\":\"https:\/\/portaltela.pt\/\"},{\"@type\":\"ListItem\",\"position\":2,\"name\":\"Bellingham revela bastidores de cirurgia dolorosa ao ombro\"}]},{\"@type\":\"WebSite\",\"@id\":\"https:\/\/portaltela.pt\/#website\",\"url\":\"https:\/\/portaltela.pt\/\",\"name\":\"Portal Tela Portugal\",\"description\":\"\",\"potentialAction\":[{\"@type\":\"SearchAction\",\"target\":{\"@type\":\"EntryPoint\",\"urlTemplate\":\"https:\/\/portaltela.pt\/?s={search_term_string}\"},\"query-input\":{\"@type\":\"PropertyValueSpecification\",\"valueRequired\":true,\"valueName\":\"search_term_string\"}}],\"inLanguage\":\"pt-PT\"},{\"@type\":\"Person\",\"@id\":\"https:\/\/portaltela.pt\/#\/schema\/person\/c4278d4a6028830caff9ee44b42d32ed\",\"name\":\"Telinha\",\"image\":{\"@type\":\"ImageObject\",\"inLanguage\":\"pt-PT\",\"@id\":\"https:\/\/portaltela.pt\/s.01k8rhncp4jt1\/2025\/11\/talking-bot-125x125.png\",\"url\":\"https:\/\/portaltela.pt\/s.01k8rhncp4jt1\/2025\/11\/talking-bot-125x125.png\",\"contentUrl\":\"https:\/\/portaltela.pt\/s.01k8rhncp4jt1\/2025\/11\/talking-bot-125x125.png\",\"caption\":\"Telinha\"},\"sameAs\":[\"https:\/\/portaltela.pt\/\"],\"url\":\"https:\/\/portaltela.pt\/por\/367410592786\/\"}]}<\/script>\n<!-- \/ Yoast SEO plugin. -->","yoast_head_json":{"title":"Bellingham revela bastidores de cirurgia dolorosa ao ombro - Portal Tela Portugal","robots":{"index":"index","follow":"follow","max-snippet":"max-snippet:-1","max-image-preview":"max-image-preview:large","max-video-preview":"max-video-preview:-1"},"og_locale":"pt_PT","og_type":"article","og_title":"Bellingham revela bastidores de cirurgia dolorosa ao ombro - Portal Tela Portugal","og_description":"Jude Bellingham revelou num v\u00eddeo no YouTube a cirurgia ao ombro esquerdo, efetuada em julho de 2025, e mostrou o registo desde a conversa com o cirurgi\u00e3o at\u00e9 \u00e0 opera\u00e7\u00e3o. O m\u00e9dio do Real Madrid disse sentir a maior ansiedade de sempre antes do procedimento. A les\u00e3o come\u00e7ou em 2022\/23, no Borussia Dortmund, com a primeira desloca\u00e7\u00e3o do ombro, e o jogador adiou a cirurgia para n\u00e3o falhar compromissos importantes, incluindo o Mundial do Qatar de 2022. Em 2023, voltou a deslocar o ombro v\u00e1rias vezes pelo Real Madrid, sendo um epis\u00f3dio particularmente marcante frente ao Rayo Vallecano, em novembro de 2023. A les\u00e3o teve impactos noutras partes do corpo, com necessidade de prote\u00e7\u00e3o que obrigou a compensa\u00e7\u00f5es, chegando a desenvolver uma h\u00e9rnia discal; a cirurgia foi finalmente realizada dias ap\u00f3s a elimina\u00e7\u00e3o do Real Madrid no Mundial de Clubes.","og_url":"https:\/\/portaltela.pt\/noticias\/2026\/03\/26\/bellingham-revela-bastidores-de-cirurgia-dolorosa-ao-ombro\/","og_site_name":"Portal Tela Portugal","article_published_time":"2026-03-26T17:49:00+00:00","author":"Telinha","twitter_card":"summary_large_image","twitter_misc":{"Escrito por":"Telinha","Tempo estimado de leitura":"1 minuto"},"schema":{"@context":"https:\/\/schema.org","@graph":[{"@type":"Article","@id":"https:\/\/portaltela.pt\/noticias\/2026\/03\/26\/bellingham-revela-bastidores-de-cirurgia-dolorosa-ao-ombro\/#article","isPartOf":{"@id":"https:\/\/portaltela.pt\/noticias\/2026\/03\/26\/bellingham-revela-bastidores-de-cirurgia-dolorosa-ao-ombro\/"},"author":{"name":"Telinha","@id":"https:\/\/portaltela.pt\/#\/schema\/person\/c4278d4a6028830caff9ee44b42d32ed"},"headline":"Bellingham revela bastidores de cirurgia dolorosa ao ombro","datePublished":"2026-03-26T17:49:00+00:00","mainEntityOfPage":{"@id":"https:\/\/portaltela.pt\/noticias\/2026\/03\/26\/bellingham-revela-bastidores-de-cirurgia-dolorosa-ao-ombro\/"},"wordCount":273,"image":{"@id":"https:\/\/portaltela.pt\/noticias\/2026\/03\/26\/bellingham-revela-bastidores-de-cirurgia-dolorosa-ao-ombro\/#primaryimage"},"thumbnailUrl":"https:\/\/portaltela.pt\/s.01k8rhncp4jt1\/2026\/03\/img_920x518uu2026-02-01-17-06-21-2418852-im-639055623994055128.jpg","keywords":["cirurgia","copa do mundo","futebol","Jude Bellingham","les\u00f5es","Real Madrid"],"articleSection":["Desporto","Futebol"],"inLanguage":"pt-PT"},{"@type":"WebPage","@id":"https:\/\/portaltela.pt\/noticias\/2026\/03\/26\/bellingham-revela-bastidores-de-cirurgia-dolorosa-ao-ombro\/","url":"https:\/\/portaltela.pt\/noticias\/2026\/03\/26\/bellingham-revela-bastidores-de-cirurgia-dolorosa-ao-ombro\/","name":"Bellingham revela bastidores de cirurgia dolorosa ao ombro - Portal Tela Portugal","isPartOf":{"@id":"https:\/\/portaltela.pt\/#website"},"primaryImageOfPage":{"@id":"https:\/\/portaltela.pt\/noticias\/2026\/03\/26\/bellingham-revela-bastidores-de-cirurgia-dolorosa-ao-ombro\/#primaryimage"},"image":{"@id":"https:\/\/portaltela.pt\/noticias\/2026\/03\/26\/bellingham-revela-bastidores-de-cirurgia-dolorosa-ao-ombro\/#primaryimage"},"thumbnailUrl":"https:\/\/portaltela.pt\/s.01k8rhncp4jt1\/2026\/03\/img_920x518uu2026-02-01-17-06-21-2418852-im-639055623994055128.jpg","datePublished":"2026-03-26T17:49:00+00:00","author":{"@id":"https:\/\/portaltela.pt\/#\/schema\/person\/c4278d4a6028830caff9ee44b42d32ed"},"breadcrumb":{"@id":"https:\/\/portaltela.pt\/noticias\/2026\/03\/26\/bellingham-revela-bastidores-de-cirurgia-dolorosa-ao-ombro\/#breadcrumb"},"inLanguage":"pt-PT","potentialAction":[{"@type":"ReadAction","target":["https:\/\/portaltela.pt\/noticias\/2026\/03\/26\/bellingham-revela-bastidores-de-cirurgia-dolorosa-ao-ombro\/"]}]},{"@type":"ImageObject","inLanguage":"pt-PT","@id":"https:\/\/portaltela.pt\/noticias\/2026\/03\/26\/bellingham-revela-bastidores-de-cirurgia-dolorosa-ao-ombro\/#primaryimage","url":"https:\/\/portaltela.pt\/s.01k8rhncp4jt1\/2026\/03\/img_920x518uu2026-02-01-17-06-21-2418852-im-639055623994055128.jpg","contentUrl":"https:\/\/portaltela.pt\/s.01k8rhncp4jt1\/2026\/03\/img_920x518uu2026-02-01-17-06-21-2418852-im-639055623994055128.jpg","width":796,"height":448,"caption":"Bellingham"},{"@type":"BreadcrumbList","@id":"https:\/\/portaltela.pt\/noticias\/2026\/03\/26\/bellingham-revela-bastidores-de-cirurgia-dolorosa-ao-ombro\/#breadcrumb","itemListElement":[{"@type":"ListItem","position":1,"name":"In\u00edcio","item":"https:\/\/portaltela.pt\/"},{"@type":"ListItem","position":2,"name":"Bellingham revela bastidores de cirurgia dolorosa ao ombro"}]},{"@type":"WebSite","@id":"https:\/\/portaltela.pt\/#website","url":"https:\/\/portaltela.pt\/","name":"Portal Tela Portugal","description":"","potentialAction":[{"@type":"SearchAction","target":{"@type":"EntryPoint","urlTemplate":"https:\/\/portaltela.pt\/?s={search_term_string}"},"query-input":{"@type":"PropertyValueSpecification","valueRequired":true,"valueName":"search_term_string"}}],"inLanguage":"pt-PT"},{"@type":"Person","@id":"https:\/\/portaltela.pt\/#\/schema\/person\/c4278d4a6028830caff9ee44b42d32ed","name":"Telinha","image":{"@type":"ImageObject","inLanguage":"pt-PT","@id":"https:\/\/portaltela.pt\/s.01k8rhncp4jt1\/2025\/11\/talking-bot-125x125.png","url":"https:\/\/portaltela.pt\/s.01k8rhncp4jt1\/2025\/11\/talking-bot-125x125.png","contentUrl":"https:\/\/portaltela.pt\/s.01k8rhncp4jt1\/2025\/11\/talking-bot-125x125.png","caption":"Telinha"},"sameAs":["https:\/\/portaltela.pt\/"],"url":"https:\/\/portaltela.pt\/por\/367410592786\/"}]}},"_links":{"self":[{"href":"https:\/\/portaltela.pt\/api\/wp\/v2\/posts\/422661","targetHints":{"allow":["GET"]}}],"collection":[{"href":"https:\/\/portaltela.pt\/api\/wp\/v2\/posts"}],"about":[{"href":"https:\/\/portaltela.pt\/api\/wp\/v2\/types\/post"}],"author":[{"embeddable":true,"href":"https:\/\/portaltela.pt\/api\/wp\/v2\/users\/2"}],"replies":[{"embeddable":true,"href":"https:\/\/portaltela.pt\/api\/wp\/v2\/comments?post=422661"}],"version-history":[{"count":0,"href":"https:\/\/portaltela.pt\/api\/wp\/v2\/posts\/422661\/revisions"}],"wp:featuredmedia":[{"embeddable":true,"href":"https:\/\/portaltela.pt\/api\/wp\/v2\/media\/422664"}],"wp:attachment":[{"href":"https:\/\/portaltela.pt\/api\/wp\/v2\/media?parent=422661"}],"wp:term":[{"taxonomy":"category","embeddable":true,"href":"https:\/\/portaltela.pt\/api\/wp\/v2\/categories?post=422661"},{"taxonomy":"post_tag","embeddable":true,"href":"https:\/\/portaltela.pt\/api\/wp\/v2\/tags?post=422661"}],"curies":[{"name":"wp","href":"https:\/\/api.w.org\/{rel}","templated":true}]}}