{"id":422652,"date":"2026-03-26T14:58:47","date_gmt":"2026-03-26T17:58:47","guid":{"rendered":"https:\/\/portaltela.pt\/noticias\/2026\/03\/26\/montenegro-divulga-lista-de-clientes-ja-conhecida-e-antecipa-se-a-transparencia\/"},"modified":"2026-03-26T14:58:47","modified_gmt":"2026-03-26T17:58:47","slug":"montenegro-divulga-lista-de-clientes-ja-conhecida-e-antecipa-se-a-transparencia","status":"publish","type":"post","link":"https:\/\/portaltela.pt\/noticias\/politica\/2026\/03\/26\/montenegro-divulga-lista-de-clientes-ja-conhecida-e-antecipa-se-a-transparencia\/","title":{"rendered":"Montenegro divulga lista de clientes j\u00e1 conhecida e antecipa-se \u00e0 Transpar\u00eancia"},"content":{"rendered":"<p>O primeiro-ministro Lu\u00eds Montenegro divulgou esta quinta-feira a lista de clientes solicitada pela Entidade para a Transpar\u00eancia (EpT), antecipando a publica\u00e7\u00e3o do documento na plataforma da EpT. O Gabinete do Primeiro-ministro esclarece que Montenegro n\u00e3o ocultou informa\u00e7\u00f5es.<\/p>\n<p>A EpT havia indicado, na quarta-feira, que j\u00e1 iniciara dilig\u00eancias para incluir todos os elementos solicitados na declara\u00e7\u00e3o \u00fanica do chefe do Governo. A publica\u00e7\u00e3o depende ainda da colabora\u00e7\u00e3o de Montenegro, segundo o gabinete.<\/p>\n<p>Montenegro afirmou ter recebido nos \u00faltimos dias 38 notifica\u00e7\u00f5es da EpT dirigidas a repeti\u00e7\u00e3o de informa\u00e7\u00f5es j\u00e1 prestadas em abril de 2025. A nota destaca que a informa\u00e7\u00e3o divulgada j\u00e1 era p\u00fablica, sem revelar novidades.<\/p>\n<p>Segundo o texto enviado \u00e0s reda\u00e7\u00f5es, a divulga\u00e7\u00e3o pretende esclarecer uma quest\u00e3o jur\u00eddica, num enquadramento de normalidade democr\u00e1tica e institucional. O objetivo \u00e9 esclarecer sem altera\u00e7\u00f5es aos dados j\u00e1 dispon\u00edveis.<\/p>\n<p>A EpT tinha informado que a publica\u00e7\u00e3o depende da coopera\u00e7\u00e3o do Primeiro-ministro, mantendo o foco na verifica\u00e7\u00e3o de dados e na conformidade com os requisitos legais. As dilig\u00eancias continuam em curso.<\/p>\n","protected":false},"excerpt":{"rendered":"<ul>\n<li>O primeiro-ministro, Lu\u00eds Montenegro, divulgou a lista de clientes solicitada pela Entidade para a Transpar\u00eancia (EpT.).<\/li>\n<li>A EpT afirmou ter iniciado dilig\u00eancias para incluir os elementos na declara\u00e7\u00e3o \u00fanica, dependentes da colabora\u00e7\u00e3o de Montenegro.<\/li>\n<li>Montenegro disse ter recebido nos \u00faltimos dias 38 notifica\u00e7\u00f5es da EpT, essencialmente a pedir a repeti\u00e7\u00e3o da informa\u00e7\u00e3o prestada em abril de 2025.<\/li>\n<li>A informa\u00e7\u00e3o, segundo o gabinete do primeiro-ministro, j\u00e1 era p\u00fablica, tendo surgido numa fuga de informa\u00e7\u00e3o parlamentar, e n\u00e3o traz novidades.<\/li>\n<li>A nota ressalta que Montenegro n\u00e3o pretende esconder nada, apenas esclarecer uma quest\u00e3o jur\u00eddica, no \u00e2mbito de um processo democr\u00e1tico e institucional.<\/li>\n<\/ul>\n","protected":false},"author":2,"featured_media":422656,"comment_status":"closed","ping_status":"closed","sticky":false,"template":"","format":"standard","meta":{"footnotes":""},"categories":[1,5],"tags":[4847,168,34,5563,2832,5708],"class_list":["post-422652","post","type-post","status-publish","format-standard","has-post-thumbnail","hentry","category-noticias","category-politica","tag-administracao-central","tag-administracao-publica","tag-governo","tag-informacao-publica","tag-politica","tag-transparencia-publica"],"yoast_head":"<!-- This site is optimized with the Yoast SEO plugin v27.2 - https:\/\/yoast.com\/product\/yoast-seo-wordpress\/ -->\n<title>Montenegro divulga lista de clientes j\u00e1 conhecida e antecipa-se \u00e0 Transpar\u00eancia - Portal Tela Portugal<\/title>\n<meta name=\"robots\" content=\"index, follow, max-snippet:-1, max-image-preview:large, max-video-preview:-1\" \/>\n<meta property=\"og:locale\" content=\"pt_PT\" \/>\n<meta property=\"og:type\" content=\"article\" \/>\n<meta property=\"og:title\" content=\"Montenegro divulga lista de clientes j\u00e1 conhecida e antecipa-se \u00e0 Transpar\u00eancia - Portal Tela Portugal\" \/>\n<meta property=\"og:description\" content=\"O primeiro-ministro, Lu\u00eds Montenegro, divulgou a lista de clientes solicitada pela Entidade para a Transpar\u00eancia (EpT.). A EpT afirmou ter iniciado dilig\u00eancias para incluir os elementos na declara\u00e7\u00e3o \u00fanica, dependentes da colabora\u00e7\u00e3o de Montenegro. Montenegro disse ter recebido nos \u00faltimos dias 38 notifica\u00e7\u00f5es da EpT, essencialmente a pedir a repeti\u00e7\u00e3o da informa\u00e7\u00e3o prestada em abril de 2025. A informa\u00e7\u00e3o, segundo o gabinete do primeiro-ministro, j\u00e1 era p\u00fablica, tendo surgido numa fuga de informa\u00e7\u00e3o parlamentar, e n\u00e3o traz novidades. A nota ressalta que Montenegro n\u00e3o pretende esconder nada, apenas esclarecer uma quest\u00e3o jur\u00eddica, no \u00e2mbito de um processo democr\u00e1tico e institucional.\" \/>\n<meta property=\"og:url\" content=\"https:\/\/portaltela.pt\/noticias\/2026\/03\/26\/montenegro-divulga-lista-de-clientes-ja-conhecida-e-antecipa-se-a-transparencia\/\" \/>\n<meta property=\"og:site_name\" content=\"Portal Tela Portugal\" \/>\n<meta property=\"article:published_time\" content=\"2026-03-26T17:58:47+00:00\" \/>\n<meta name=\"author\" content=\"Telinha\" \/>\n<meta name=\"twitter:card\" content=\"summary_large_image\" \/>\n<meta name=\"twitter:label1\" content=\"Escrito por\" \/>\n\t<meta name=\"twitter:data1\" content=\"Telinha\" \/>\n\t<meta name=\"twitter:label2\" content=\"Tempo estimado de leitura\" \/>\n\t<meta name=\"twitter:data2\" content=\"1 minuto\" \/>\n<script type=\"application\/ld+json\" class=\"yoast-schema-graph\">{\"@context\":\"https:\/\/schema.org\",\"@graph\":[{\"@type\":\"Article\",\"@id\":\"https:\/\/portaltela.pt\/noticias\/2026\/03\/26\/montenegro-divulga-lista-de-clientes-ja-conhecida-e-antecipa-se-a-transparencia\/#article\",\"isPartOf\":{\"@id\":\"https:\/\/portaltela.pt\/noticias\/2026\/03\/26\/montenegro-divulga-lista-de-clientes-ja-conhecida-e-antecipa-se-a-transparencia\/\"},\"author\":{\"name\":\"Telinha\",\"@id\":\"https:\/\/portaltela.pt\/#\/schema\/person\/c4278d4a6028830caff9ee44b42d32ed\"},\"headline\":\"Montenegro divulga lista de clientes j\u00e1 conhecida e antecipa-se \u00e0 Transpar\u00eancia\",\"datePublished\":\"2026-03-26T17:58:47+00:00\",\"mainEntityOfPage\":{\"@id\":\"https:\/\/portaltela.pt\/noticias\/2026\/03\/26\/montenegro-divulga-lista-de-clientes-ja-conhecida-e-antecipa-se-a-transparencia\/\"},\"wordCount\":200,\"image\":{\"@id\":\"https:\/\/portaltela.pt\/noticias\/2026\/03\/26\/montenegro-divulga-lista-de-clientes-ja-conhecida-e-antecipa-se-a-transparencia\/#primaryimage\"},\"thumbnailUrl\":\"https:\/\/portaltela.pt\/s.01k8rhncp4jt1\/2026\/03\/img_920x518uu2026-03-26-17-57-53-2429510.jpg\",\"keywords\":[\"Administra\u00e7\u00e3o Central\",\"administra\u00e7\u00e3o p\u00fablica\",\"governo\",\"informa\u00e7\u00e3o p\u00fablica\",\"pol\u00edtica\",\"transpar\u00eancia p\u00fablica\"],\"articleSection\":[\"Not\u00edcias\",\"Pol\u00edtica\"],\"inLanguage\":\"pt-PT\"},{\"@type\":\"WebPage\",\"@id\":\"https:\/\/portaltela.pt\/noticias\/2026\/03\/26\/montenegro-divulga-lista-de-clientes-ja-conhecida-e-antecipa-se-a-transparencia\/\",\"url\":\"https:\/\/portaltela.pt\/noticias\/2026\/03\/26\/montenegro-divulga-lista-de-clientes-ja-conhecida-e-antecipa-se-a-transparencia\/\",\"name\":\"Montenegro divulga lista de clientes j\u00e1 conhecida e antecipa-se \u00e0 Transpar\u00eancia - Portal Tela Portugal\",\"isPartOf\":{\"@id\":\"https:\/\/portaltela.pt\/#website\"},\"primaryImageOfPage\":{\"@id\":\"https:\/\/portaltela.pt\/noticias\/2026\/03\/26\/montenegro-divulga-lista-de-clientes-ja-conhecida-e-antecipa-se-a-transparencia\/#primaryimage\"},\"image\":{\"@id\":\"https:\/\/portaltela.pt\/noticias\/2026\/03\/26\/montenegro-divulga-lista-de-clientes-ja-conhecida-e-antecipa-se-a-transparencia\/#primaryimage\"},\"thumbnailUrl\":\"https:\/\/portaltela.pt\/s.01k8rhncp4jt1\/2026\/03\/img_920x518uu2026-03-26-17-57-53-2429510.jpg\",\"datePublished\":\"2026-03-26T17:58:47+00:00\",\"author\":{\"@id\":\"https:\/\/portaltela.pt\/#\/schema\/person\/c4278d4a6028830caff9ee44b42d32ed\"},\"breadcrumb\":{\"@id\":\"https:\/\/portaltela.pt\/noticias\/2026\/03\/26\/montenegro-divulga-lista-de-clientes-ja-conhecida-e-antecipa-se-a-transparencia\/#breadcrumb\"},\"inLanguage\":\"pt-PT\",\"potentialAction\":[{\"@type\":\"ReadAction\",\"target\":[\"https:\/\/portaltela.pt\/noticias\/2026\/03\/26\/montenegro-divulga-lista-de-clientes-ja-conhecida-e-antecipa-se-a-transparencia\/\"]}]},{\"@type\":\"ImageObject\",\"inLanguage\":\"pt-PT\",\"@id\":\"https:\/\/portaltela.pt\/noticias\/2026\/03\/26\/montenegro-divulga-lista-de-clientes-ja-conhecida-e-antecipa-se-a-transparencia\/#primaryimage\",\"url\":\"https:\/\/portaltela.pt\/s.01k8rhncp4jt1\/2026\/03\/img_920x518uu2026-03-26-17-57-53-2429510.jpg\",\"contentUrl\":\"https:\/\/portaltela.pt\/s.01k8rhncp4jt1\/2026\/03\/img_920x518uu2026-03-26-17-57-53-2429510.jpg\",\"width\":796,\"height\":448,\"caption\":\"Lu\u00eds Montenegro falou ap\u00f3s o Conselho de Ministros extraordin\u00e1rio em Viseu\"},{\"@type\":\"BreadcrumbList\",\"@id\":\"https:\/\/portaltela.pt\/noticias\/2026\/03\/26\/montenegro-divulga-lista-de-clientes-ja-conhecida-e-antecipa-se-a-transparencia\/#breadcrumb\",\"itemListElement\":[{\"@type\":\"ListItem\",\"position\":1,\"name\":\"In\u00edcio\",\"item\":\"https:\/\/portaltela.pt\/\"},{\"@type\":\"ListItem\",\"position\":2,\"name\":\"Montenegro divulga lista de clientes j\u00e1 conhecida e antecipa-se \u00e0 Transpar\u00eancia\"}]},{\"@type\":\"WebSite\",\"@id\":\"https:\/\/portaltela.pt\/#website\",\"url\":\"https:\/\/portaltela.pt\/\",\"name\":\"Portal Tela Portugal\",\"description\":\"\",\"potentialAction\":[{\"@type\":\"SearchAction\",\"target\":{\"@type\":\"EntryPoint\",\"urlTemplate\":\"https:\/\/portaltela.pt\/?s={search_term_string}\"},\"query-input\":{\"@type\":\"PropertyValueSpecification\",\"valueRequired\":true,\"valueName\":\"search_term_string\"}}],\"inLanguage\":\"pt-PT\"},{\"@type\":\"Person\",\"@id\":\"https:\/\/portaltela.pt\/#\/schema\/person\/c4278d4a6028830caff9ee44b42d32ed\",\"name\":\"Telinha\",\"image\":{\"@type\":\"ImageObject\",\"inLanguage\":\"pt-PT\",\"@id\":\"https:\/\/portaltela.pt\/s.01k8rhncp4jt1\/2025\/11\/talking-bot-125x125.png\",\"url\":\"https:\/\/portaltela.pt\/s.01k8rhncp4jt1\/2025\/11\/talking-bot-125x125.png\",\"contentUrl\":\"https:\/\/portaltela.pt\/s.01k8rhncp4jt1\/2025\/11\/talking-bot-125x125.png\",\"caption\":\"Telinha\"},\"sameAs\":[\"https:\/\/portaltela.pt\/\"],\"url\":\"https:\/\/portaltela.pt\/por\/367410592786\/\"}]}<\/script>\n<!-- \/ Yoast SEO plugin. -->","yoast_head_json":{"title":"Montenegro divulga lista de clientes j\u00e1 conhecida e antecipa-se \u00e0 Transpar\u00eancia - Portal Tela Portugal","robots":{"index":"index","follow":"follow","max-snippet":"max-snippet:-1","max-image-preview":"max-image-preview:large","max-video-preview":"max-video-preview:-1"},"og_locale":"pt_PT","og_type":"article","og_title":"Montenegro divulga lista de clientes j\u00e1 conhecida e antecipa-se \u00e0 Transpar\u00eancia - Portal Tela Portugal","og_description":"O primeiro-ministro, Lu\u00eds Montenegro, divulgou a lista de clientes solicitada pela Entidade para a Transpar\u00eancia (EpT.). A EpT afirmou ter iniciado dilig\u00eancias para incluir os elementos na declara\u00e7\u00e3o \u00fanica, dependentes da colabora\u00e7\u00e3o de Montenegro. Montenegro disse ter recebido nos \u00faltimos dias 38 notifica\u00e7\u00f5es da EpT, essencialmente a pedir a repeti\u00e7\u00e3o da informa\u00e7\u00e3o prestada em abril de 2025. A informa\u00e7\u00e3o, segundo o gabinete do primeiro-ministro, j\u00e1 era p\u00fablica, tendo surgido numa fuga de informa\u00e7\u00e3o parlamentar, e n\u00e3o traz novidades. A nota ressalta que Montenegro n\u00e3o pretende esconder nada, apenas esclarecer uma quest\u00e3o jur\u00eddica, no \u00e2mbito de um processo democr\u00e1tico e institucional.","og_url":"https:\/\/portaltela.pt\/noticias\/2026\/03\/26\/montenegro-divulga-lista-de-clientes-ja-conhecida-e-antecipa-se-a-transparencia\/","og_site_name":"Portal Tela Portugal","article_published_time":"2026-03-26T17:58:47+00:00","author":"Telinha","twitter_card":"summary_large_image","twitter_misc":{"Escrito por":"Telinha","Tempo estimado de leitura":"1 minuto"},"schema":{"@context":"https:\/\/schema.org","@graph":[{"@type":"Article","@id":"https:\/\/portaltela.pt\/noticias\/2026\/03\/26\/montenegro-divulga-lista-de-clientes-ja-conhecida-e-antecipa-se-a-transparencia\/#article","isPartOf":{"@id":"https:\/\/portaltela.pt\/noticias\/2026\/03\/26\/montenegro-divulga-lista-de-clientes-ja-conhecida-e-antecipa-se-a-transparencia\/"},"author":{"name":"Telinha","@id":"https:\/\/portaltela.pt\/#\/schema\/person\/c4278d4a6028830caff9ee44b42d32ed"},"headline":"Montenegro divulga lista de clientes j\u00e1 conhecida e antecipa-se \u00e0 Transpar\u00eancia","datePublished":"2026-03-26T17:58:47+00:00","mainEntityOfPage":{"@id":"https:\/\/portaltela.pt\/noticias\/2026\/03\/26\/montenegro-divulga-lista-de-clientes-ja-conhecida-e-antecipa-se-a-transparencia\/"},"wordCount":200,"image":{"@id":"https:\/\/portaltela.pt\/noticias\/2026\/03\/26\/montenegro-divulga-lista-de-clientes-ja-conhecida-e-antecipa-se-a-transparencia\/#primaryimage"},"thumbnailUrl":"https:\/\/portaltela.pt\/s.01k8rhncp4jt1\/2026\/03\/img_920x518uu2026-03-26-17-57-53-2429510.jpg","keywords":["Administra\u00e7\u00e3o Central","administra\u00e7\u00e3o p\u00fablica","governo","informa\u00e7\u00e3o p\u00fablica","pol\u00edtica","transpar\u00eancia p\u00fablica"],"articleSection":["Not\u00edcias","Pol\u00edtica"],"inLanguage":"pt-PT"},{"@type":"WebPage","@id":"https:\/\/portaltela.pt\/noticias\/2026\/03\/26\/montenegro-divulga-lista-de-clientes-ja-conhecida-e-antecipa-se-a-transparencia\/","url":"https:\/\/portaltela.pt\/noticias\/2026\/03\/26\/montenegro-divulga-lista-de-clientes-ja-conhecida-e-antecipa-se-a-transparencia\/","name":"Montenegro divulga lista de clientes j\u00e1 conhecida e antecipa-se \u00e0 Transpar\u00eancia - Portal Tela Portugal","isPartOf":{"@id":"https:\/\/portaltela.pt\/#website"},"primaryImageOfPage":{"@id":"https:\/\/portaltela.pt\/noticias\/2026\/03\/26\/montenegro-divulga-lista-de-clientes-ja-conhecida-e-antecipa-se-a-transparencia\/#primaryimage"},"image":{"@id":"https:\/\/portaltela.pt\/noticias\/2026\/03\/26\/montenegro-divulga-lista-de-clientes-ja-conhecida-e-antecipa-se-a-transparencia\/#primaryimage"},"thumbnailUrl":"https:\/\/portaltela.pt\/s.01k8rhncp4jt1\/2026\/03\/img_920x518uu2026-03-26-17-57-53-2429510.jpg","datePublished":"2026-03-26T17:58:47+00:00","author":{"@id":"https:\/\/portaltela.pt\/#\/schema\/person\/c4278d4a6028830caff9ee44b42d32ed"},"breadcrumb":{"@id":"https:\/\/portaltela.pt\/noticias\/2026\/03\/26\/montenegro-divulga-lista-de-clientes-ja-conhecida-e-antecipa-se-a-transparencia\/#breadcrumb"},"inLanguage":"pt-PT","potentialAction":[{"@type":"ReadAction","target":["https:\/\/portaltela.pt\/noticias\/2026\/03\/26\/montenegro-divulga-lista-de-clientes-ja-conhecida-e-antecipa-se-a-transparencia\/"]}]},{"@type":"ImageObject","inLanguage":"pt-PT","@id":"https:\/\/portaltela.pt\/noticias\/2026\/03\/26\/montenegro-divulga-lista-de-clientes-ja-conhecida-e-antecipa-se-a-transparencia\/#primaryimage","url":"https:\/\/portaltela.pt\/s.01k8rhncp4jt1\/2026\/03\/img_920x518uu2026-03-26-17-57-53-2429510.jpg","contentUrl":"https:\/\/portaltela.pt\/s.01k8rhncp4jt1\/2026\/03\/img_920x518uu2026-03-26-17-57-53-2429510.jpg","width":796,"height":448,"caption":"Lu\u00eds Montenegro falou ap\u00f3s o Conselho de Ministros extraordin\u00e1rio em Viseu"},{"@type":"BreadcrumbList","@id":"https:\/\/portaltela.pt\/noticias\/2026\/03\/26\/montenegro-divulga-lista-de-clientes-ja-conhecida-e-antecipa-se-a-transparencia\/#breadcrumb","itemListElement":[{"@type":"ListItem","position":1,"name":"In\u00edcio","item":"https:\/\/portaltela.pt\/"},{"@type":"ListItem","position":2,"name":"Montenegro divulga lista de clientes j\u00e1 conhecida e antecipa-se \u00e0 Transpar\u00eancia"}]},{"@type":"WebSite","@id":"https:\/\/portaltela.pt\/#website","url":"https:\/\/portaltela.pt\/","name":"Portal Tela Portugal","description":"","potentialAction":[{"@type":"SearchAction","target":{"@type":"EntryPoint","urlTemplate":"https:\/\/portaltela.pt\/?s={search_term_string}"},"query-input":{"@type":"PropertyValueSpecification","valueRequired":true,"valueName":"search_term_string"}}],"inLanguage":"pt-PT"},{"@type":"Person","@id":"https:\/\/portaltela.pt\/#\/schema\/person\/c4278d4a6028830caff9ee44b42d32ed","name":"Telinha","image":{"@type":"ImageObject","inLanguage":"pt-PT","@id":"https:\/\/portaltela.pt\/s.01k8rhncp4jt1\/2025\/11\/talking-bot-125x125.png","url":"https:\/\/portaltela.pt\/s.01k8rhncp4jt1\/2025\/11\/talking-bot-125x125.png","contentUrl":"https:\/\/portaltela.pt\/s.01k8rhncp4jt1\/2025\/11\/talking-bot-125x125.png","caption":"Telinha"},"sameAs":["https:\/\/portaltela.pt\/"],"url":"https:\/\/portaltela.pt\/por\/367410592786\/"}]}},"_links":{"self":[{"href":"https:\/\/portaltela.pt\/api\/wp\/v2\/posts\/422652","targetHints":{"allow":["GET"]}}],"collection":[{"href":"https:\/\/portaltela.pt\/api\/wp\/v2\/posts"}],"about":[{"href":"https:\/\/portaltela.pt\/api\/wp\/v2\/types\/post"}],"author":[{"embeddable":true,"href":"https:\/\/portaltela.pt\/api\/wp\/v2\/users\/2"}],"replies":[{"embeddable":true,"href":"https:\/\/portaltela.pt\/api\/wp\/v2\/comments?post=422652"}],"version-history":[{"count":0,"href":"https:\/\/portaltela.pt\/api\/wp\/v2\/posts\/422652\/revisions"}],"wp:featuredmedia":[{"embeddable":true,"href":"https:\/\/portaltela.pt\/api\/wp\/v2\/media\/422656"}],"wp:attachment":[{"href":"https:\/\/portaltela.pt\/api\/wp\/v2\/media?parent=422652"}],"wp:term":[{"taxonomy":"category","embeddable":true,"href":"https:\/\/portaltela.pt\/api\/wp\/v2\/categories?post=422652"},{"taxonomy":"post_tag","embeddable":true,"href":"https:\/\/portaltela.pt\/api\/wp\/v2\/tags?post=422652"}],"curies":[{"name":"wp","href":"https:\/\/api.w.org\/{rel}","templated":true}]}}