{"id":422646,"date":"2026-03-26T14:44:00","date_gmt":"2026-03-26T17:44:00","guid":{"rendered":"https:\/\/portaltela.pt\/noticias\/2026\/03\/26\/portugal-espanha-e-franca-criam-app-para-monitorizar-incendios-em-tempo-real\/"},"modified":"2026-03-26T14:44:00","modified_gmt":"2026-03-26T17:44:00","slug":"portugal-espanha-e-franca-criam-app-para-monitorizar-incendios-em-tempo-real","status":"publish","type":"post","link":"https:\/\/portaltela.pt\/noticias\/2026\/03\/26\/portugal-espanha-e-franca-criam-app-para-monitorizar-incendios-em-tempo-real\/","title":{"rendered":"Portugal, Espanha e Fran\u00e7a criam app para monitorizar inc\u00eandios em tempo real"},"content":{"rendered":"<p>Um cons\u00f3rcio de especialistas de Portugal, Espanha e Fran\u00e7a criou uma aplica\u00e7\u00e3o que permite acompanhar a evolu\u00e7\u00e3o dos inc\u00eandios em tempo real e a carga de combust\u00edvel nos terrenos. A ferramenta ser\u00e1 apresentada este ver\u00e3o, no \u00e2mbito do projeto europeu USE4FOREST, e entra em funcionamento no per\u00edodo cr\u00edtico de julho a setembro.<\/p>\n<p>Em Bragan\u00e7a, ap\u00f3s dois dias de encontros entre parceiros, o Comandante da Sub-regi\u00e3o das Terras de Tr\u00e1s-os-Montes, ligado \u00e0 Autoridade Nacional de Emerg\u00eancia e Prote\u00e7\u00e3o Civil, explicou que a app vai orientar a organiza\u00e7\u00e3o dos meios de combate e a desloca\u00e7\u00e3o de pessoal para zonas mais cr\u00edticas. O objetivo \u00e9 perceber as potencialidades para a gest\u00e3o da resposta.<\/p>\n<p>A reuni\u00e3o contou ainda com a participa\u00e7\u00e3o da Junta da Galiza, que coordena a a\u00e7\u00e3o entre as tr\u00eas regi\u00f5es. A respons\u00e1vel pela Junta destacou a coopera\u00e7\u00e3o entre Portugal, Espanha e Fran\u00e7a para acelerar a extin\u00e7\u00e3o de fogos e melhorar a preven\u00e7\u00e3o, nomeadamente atrav\u00e9s da monitoriza\u00e7\u00e3o dos terrenos com maior carga de combust\u00edvel.<\/p>\n<h3>Objetivos e financiamento<\/h3>\n<p>O projeto prev\u00ea pilotos em Portugal, Espanha e Fran\u00e7a para tornar as florestas mais resilientes. O uso da app visa facilitar a coordena\u00e7\u00e3o entre as entidades envolvidas na luta contra inc\u00eandios e no ordenamento do territ\u00f3rio, especialmente na fronteira entre regi\u00f5es despovoadas.<\/p>\n<p>O financiamento total \u00e9 de quase 3 milh\u00f5es de euros, dos quais 2,2 milh\u00f5es s\u00e3oapoios europeus. O USE4FOREST envolve 14 entidades de tr\u00eas pa\u00edses da regi\u00e3o Sudoeste Europeia (SUDOE) e iniciou, formalmente, em 1 de janeiro de 2024. As conclus\u00f5es est\u00e3o previstas para o primeiro trimestre de 2027.<\/p>\n","protected":false},"excerpt":{"rendered":"<ul>\n<li>Um cons\u00f3rcio de Portugal, Espanha e Fran\u00e7a criou uma aplica\u00e7\u00e3o que vai acompanhar inc\u00eandios em tempo real e a carga de combust\u00edvel nos terrenos, a lan\u00e7ar neste ver\u00e3o.<\/li>\n<li>A app vai funcionar no per\u00edodo cr\u00edtico de inc\u00eandios, entre julho e setembro, para ajudar na organiza\u00e7\u00e3o e no planeamento de desloca\u00e7\u00e3o de meios de combate.<\/li>\n<li>Um dos objetivos \u00e9 identificar locais com maior carga de combust\u00edvel em regi\u00f5es fronteiri\u00e7as despovoadas, para melhorar a coordena\u00e7\u00e3o entre os agentes envolvidos.<\/li>\n<li>A apresenta\u00e7\u00e3o p\u00fablica foi feita ap\u00f3s dois dias de reuni\u00f5es, com a aposta numa coopera\u00e7\u00e3o entre entidades de Portugal, Espanha e Fran\u00e7a para prevenir inc\u00eandios.<\/li>\n<li>O projeto USE4FOREST tem financiamento de 2,2 milh\u00f5es de euros e envolve 14 entidades de tr\u00eas pa\u00edses, com in\u00edcio em 1 de janeiro de 2024 e conclus\u00e3o prevista para 31 de dezembro deste ano; as conclus\u00f5es chegam no primeiro trimestre de 2027.<\/li>\n<\/ul>\n","protected":false},"author":2,"featured_media":422647,"comment_status":"closed","ping_status":"closed","sticky":false,"template":"","format":"standard","meta":{"footnotes":""},"categories":[6725,1],"tags":[2053,256,2031,1856,2617,1014],"class_list":["post-422646","post","type-post","status-publish","format-standard","has-post-thumbnail","hentry","category-meio-ambiente","category-noticias","tag-acao-climatica","tag-cooperacao-internacional","tag-espanha","tag-franca","tag-incendios","tag-portugal"],"yoast_head":"<!-- This site is optimized with the Yoast SEO plugin v27.2 - https:\/\/yoast.com\/product\/yoast-seo-wordpress\/ -->\n<title>Portugal, Espanha e Fran\u00e7a criam app para monitorizar inc\u00eandios em tempo real - Portal Tela Portugal<\/title>\n<meta name=\"robots\" content=\"index, follow, max-snippet:-1, max-image-preview:large, max-video-preview:-1\" \/>\n<meta property=\"og:locale\" content=\"pt_PT\" \/>\n<meta property=\"og:type\" content=\"article\" \/>\n<meta property=\"og:title\" content=\"Portugal, Espanha e Fran\u00e7a criam app para monitorizar inc\u00eandios em tempo real - Portal Tela Portugal\" \/>\n<meta property=\"og:description\" content=\"Um cons\u00f3rcio de Portugal, Espanha e Fran\u00e7a criou uma aplica\u00e7\u00e3o que vai acompanhar inc\u00eandios em tempo real e a carga de combust\u00edvel nos terrenos, a lan\u00e7ar neste ver\u00e3o. A app vai funcionar no per\u00edodo cr\u00edtico de inc\u00eandios, entre julho e setembro, para ajudar na organiza\u00e7\u00e3o e no planeamento de desloca\u00e7\u00e3o de meios de combate. Um dos objetivos \u00e9 identificar locais com maior carga de combust\u00edvel em regi\u00f5es fronteiri\u00e7as despovoadas, para melhorar a coordena\u00e7\u00e3o entre os agentes envolvidos. A apresenta\u00e7\u00e3o p\u00fablica foi feita ap\u00f3s dois dias de reuni\u00f5es, com a aposta numa coopera\u00e7\u00e3o entre entidades de Portugal, Espanha e Fran\u00e7a para prevenir inc\u00eandios. O projeto USE4FOREST tem financiamento de 2,2 milh\u00f5es de euros e envolve 14 entidades de tr\u00eas pa\u00edses, com in\u00edcio em 1 de janeiro de 2024 e conclus\u00e3o prevista para 31 de dezembro deste ano; as conclus\u00f5es chegam no primeiro trimestre de 2027.\" \/>\n<meta property=\"og:url\" content=\"https:\/\/portaltela.pt\/noticias\/2026\/03\/26\/portugal-espanha-e-franca-criam-app-para-monitorizar-incendios-em-tempo-real\/\" \/>\n<meta property=\"og:site_name\" content=\"Portal Tela Portugal\" \/>\n<meta property=\"article:published_time\" content=\"2026-03-26T17:44:00+00:00\" \/>\n<meta name=\"author\" content=\"Telinha\" \/>\n<meta name=\"twitter:card\" content=\"summary_large_image\" \/>\n<meta name=\"twitter:label1\" content=\"Escrito por\" \/>\n\t<meta name=\"twitter:data1\" content=\"Telinha\" \/>\n\t<meta name=\"twitter:label2\" content=\"Tempo estimado de leitura\" \/>\n\t<meta name=\"twitter:data2\" content=\"1 minuto\" \/>\n<script type=\"application\/ld+json\" class=\"yoast-schema-graph\">{\"@context\":\"https:\/\/schema.org\",\"@graph\":[{\"@type\":\"Article\",\"@id\":\"https:\/\/portaltela.pt\/noticias\/2026\/03\/26\/portugal-espanha-e-franca-criam-app-para-monitorizar-incendios-em-tempo-real\/#article\",\"isPartOf\":{\"@id\":\"https:\/\/portaltela.pt\/noticias\/2026\/03\/26\/portugal-espanha-e-franca-criam-app-para-monitorizar-incendios-em-tempo-real\/\"},\"author\":{\"name\":\"Telinha\",\"@id\":\"https:\/\/portaltela.pt\/#\/schema\/person\/c4278d4a6028830caff9ee44b42d32ed\"},\"headline\":\"Portugal, Espanha e Fran\u00e7a criam app para monitorizar inc\u00eandios em tempo real\",\"datePublished\":\"2026-03-26T17:44:00+00:00\",\"mainEntityOfPage\":{\"@id\":\"https:\/\/portaltela.pt\/noticias\/2026\/03\/26\/portugal-espanha-e-franca-criam-app-para-monitorizar-incendios-em-tempo-real\/\"},\"wordCount\":307,\"image\":{\"@id\":\"https:\/\/portaltela.pt\/noticias\/2026\/03\/26\/portugal-espanha-e-franca-criam-app-para-monitorizar-incendios-em-tempo-real\/#primaryimage\"},\"thumbnailUrl\":\"https:\/\/portaltela.pt\/s.01k8rhncp4jt1\/2026\/03\/image-157.webp\",\"keywords\":[\"A\u00e7\u00e3o Clim\u00e1tica\",\"coopera\u00e7\u00e3o internacional\",\"Espanha\",\"Fran\u00e7a\",\"inc\u00eandios\",\"Portugal\"],\"articleSection\":[\"Meio Ambiente\",\"Not\u00edcias\"],\"inLanguage\":\"pt-PT\"},{\"@type\":\"WebPage\",\"@id\":\"https:\/\/portaltela.pt\/noticias\/2026\/03\/26\/portugal-espanha-e-franca-criam-app-para-monitorizar-incendios-em-tempo-real\/\",\"url\":\"https:\/\/portaltela.pt\/noticias\/2026\/03\/26\/portugal-espanha-e-franca-criam-app-para-monitorizar-incendios-em-tempo-real\/\",\"name\":\"Portugal, Espanha e Fran\u00e7a criam app para monitorizar inc\u00eandios em tempo real - Portal Tela Portugal\",\"isPartOf\":{\"@id\":\"https:\/\/portaltela.pt\/#website\"},\"primaryImageOfPage\":{\"@id\":\"https:\/\/portaltela.pt\/noticias\/2026\/03\/26\/portugal-espanha-e-franca-criam-app-para-monitorizar-incendios-em-tempo-real\/#primaryimage\"},\"image\":{\"@id\":\"https:\/\/portaltela.pt\/noticias\/2026\/03\/26\/portugal-espanha-e-franca-criam-app-para-monitorizar-incendios-em-tempo-real\/#primaryimage\"},\"thumbnailUrl\":\"https:\/\/portaltela.pt\/s.01k8rhncp4jt1\/2026\/03\/image-157.webp\",\"datePublished\":\"2026-03-26T17:44:00+00:00\",\"author\":{\"@id\":\"https:\/\/portaltela.pt\/#\/schema\/person\/c4278d4a6028830caff9ee44b42d32ed\"},\"breadcrumb\":{\"@id\":\"https:\/\/portaltela.pt\/noticias\/2026\/03\/26\/portugal-espanha-e-franca-criam-app-para-monitorizar-incendios-em-tempo-real\/#breadcrumb\"},\"inLanguage\":\"pt-PT\",\"potentialAction\":[{\"@type\":\"ReadAction\",\"target\":[\"https:\/\/portaltela.pt\/noticias\/2026\/03\/26\/portugal-espanha-e-franca-criam-app-para-monitorizar-incendios-em-tempo-real\/\"]}]},{\"@type\":\"ImageObject\",\"inLanguage\":\"pt-PT\",\"@id\":\"https:\/\/portaltela.pt\/noticias\/2026\/03\/26\/portugal-espanha-e-franca-criam-app-para-monitorizar-incendios-em-tempo-real\/#primaryimage\",\"url\":\"https:\/\/portaltela.pt\/s.01k8rhncp4jt1\/2026\/03\/image-157.webp\",\"contentUrl\":\"https:\/\/portaltela.pt\/s.01k8rhncp4jt1\/2026\/03\/image-157.webp\",\"width\":1200,\"height\":800,\"caption\":\"A aplica\u00e7\u00e3o inform\u00e1tica vai este ver\u00e3o permitir acompanhar a evolu\u00e7\u00e3o dos fogos em tempo real e a carga de combust\u00edvel existente nos terrenos\"},{\"@type\":\"BreadcrumbList\",\"@id\":\"https:\/\/portaltela.pt\/noticias\/2026\/03\/26\/portugal-espanha-e-franca-criam-app-para-monitorizar-incendios-em-tempo-real\/#breadcrumb\",\"itemListElement\":[{\"@type\":\"ListItem\",\"position\":1,\"name\":\"In\u00edcio\",\"item\":\"https:\/\/portaltela.pt\/\"},{\"@type\":\"ListItem\",\"position\":2,\"name\":\"Portugal, Espanha e Fran\u00e7a criam app para monitorizar inc\u00eandios em tempo real\"}]},{\"@type\":\"WebSite\",\"@id\":\"https:\/\/portaltela.pt\/#website\",\"url\":\"https:\/\/portaltela.pt\/\",\"name\":\"Portal Tela Portugal\",\"description\":\"\",\"potentialAction\":[{\"@type\":\"SearchAction\",\"target\":{\"@type\":\"EntryPoint\",\"urlTemplate\":\"https:\/\/portaltela.pt\/?s={search_term_string}\"},\"query-input\":{\"@type\":\"PropertyValueSpecification\",\"valueRequired\":true,\"valueName\":\"search_term_string\"}}],\"inLanguage\":\"pt-PT\"},{\"@type\":\"Person\",\"@id\":\"https:\/\/portaltela.pt\/#\/schema\/person\/c4278d4a6028830caff9ee44b42d32ed\",\"name\":\"Telinha\",\"image\":{\"@type\":\"ImageObject\",\"inLanguage\":\"pt-PT\",\"@id\":\"https:\/\/portaltela.pt\/s.01k8rhncp4jt1\/2025\/11\/talking-bot-125x125.png\",\"url\":\"https:\/\/portaltela.pt\/s.01k8rhncp4jt1\/2025\/11\/talking-bot-125x125.png\",\"contentUrl\":\"https:\/\/portaltela.pt\/s.01k8rhncp4jt1\/2025\/11\/talking-bot-125x125.png\",\"caption\":\"Telinha\"},\"sameAs\":[\"https:\/\/portaltela.pt\/\"],\"url\":\"https:\/\/portaltela.pt\/por\/367410592786\/\"}]}<\/script>\n<!-- \/ Yoast SEO plugin. -->","yoast_head_json":{"title":"Portugal, Espanha e Fran\u00e7a criam app para monitorizar inc\u00eandios em tempo real - Portal Tela Portugal","robots":{"index":"index","follow":"follow","max-snippet":"max-snippet:-1","max-image-preview":"max-image-preview:large","max-video-preview":"max-video-preview:-1"},"og_locale":"pt_PT","og_type":"article","og_title":"Portugal, Espanha e Fran\u00e7a criam app para monitorizar inc\u00eandios em tempo real - Portal Tela Portugal","og_description":"Um cons\u00f3rcio de Portugal, Espanha e Fran\u00e7a criou uma aplica\u00e7\u00e3o que vai acompanhar inc\u00eandios em tempo real e a carga de combust\u00edvel nos terrenos, a lan\u00e7ar neste ver\u00e3o. A app vai funcionar no per\u00edodo cr\u00edtico de inc\u00eandios, entre julho e setembro, para ajudar na organiza\u00e7\u00e3o e no planeamento de desloca\u00e7\u00e3o de meios de combate. Um dos objetivos \u00e9 identificar locais com maior carga de combust\u00edvel em regi\u00f5es fronteiri\u00e7as despovoadas, para melhorar a coordena\u00e7\u00e3o entre os agentes envolvidos. A apresenta\u00e7\u00e3o p\u00fablica foi feita ap\u00f3s dois dias de reuni\u00f5es, com a aposta numa coopera\u00e7\u00e3o entre entidades de Portugal, Espanha e Fran\u00e7a para prevenir inc\u00eandios. O projeto USE4FOREST tem financiamento de 2,2 milh\u00f5es de euros e envolve 14 entidades de tr\u00eas pa\u00edses, com in\u00edcio em 1 de janeiro de 2024 e conclus\u00e3o prevista para 31 de dezembro deste ano; as conclus\u00f5es chegam no primeiro trimestre de 2027.","og_url":"https:\/\/portaltela.pt\/noticias\/2026\/03\/26\/portugal-espanha-e-franca-criam-app-para-monitorizar-incendios-em-tempo-real\/","og_site_name":"Portal Tela Portugal","article_published_time":"2026-03-26T17:44:00+00:00","author":"Telinha","twitter_card":"summary_large_image","twitter_misc":{"Escrito por":"Telinha","Tempo estimado de leitura":"1 minuto"},"schema":{"@context":"https:\/\/schema.org","@graph":[{"@type":"Article","@id":"https:\/\/portaltela.pt\/noticias\/2026\/03\/26\/portugal-espanha-e-franca-criam-app-para-monitorizar-incendios-em-tempo-real\/#article","isPartOf":{"@id":"https:\/\/portaltela.pt\/noticias\/2026\/03\/26\/portugal-espanha-e-franca-criam-app-para-monitorizar-incendios-em-tempo-real\/"},"author":{"name":"Telinha","@id":"https:\/\/portaltela.pt\/#\/schema\/person\/c4278d4a6028830caff9ee44b42d32ed"},"headline":"Portugal, Espanha e Fran\u00e7a criam app para monitorizar inc\u00eandios em tempo real","datePublished":"2026-03-26T17:44:00+00:00","mainEntityOfPage":{"@id":"https:\/\/portaltela.pt\/noticias\/2026\/03\/26\/portugal-espanha-e-franca-criam-app-para-monitorizar-incendios-em-tempo-real\/"},"wordCount":307,"image":{"@id":"https:\/\/portaltela.pt\/noticias\/2026\/03\/26\/portugal-espanha-e-franca-criam-app-para-monitorizar-incendios-em-tempo-real\/#primaryimage"},"thumbnailUrl":"https:\/\/portaltela.pt\/s.01k8rhncp4jt1\/2026\/03\/image-157.webp","keywords":["A\u00e7\u00e3o Clim\u00e1tica","coopera\u00e7\u00e3o internacional","Espanha","Fran\u00e7a","inc\u00eandios","Portugal"],"articleSection":["Meio Ambiente","Not\u00edcias"],"inLanguage":"pt-PT"},{"@type":"WebPage","@id":"https:\/\/portaltela.pt\/noticias\/2026\/03\/26\/portugal-espanha-e-franca-criam-app-para-monitorizar-incendios-em-tempo-real\/","url":"https:\/\/portaltela.pt\/noticias\/2026\/03\/26\/portugal-espanha-e-franca-criam-app-para-monitorizar-incendios-em-tempo-real\/","name":"Portugal, Espanha e Fran\u00e7a criam app para monitorizar inc\u00eandios em tempo real - Portal Tela Portugal","isPartOf":{"@id":"https:\/\/portaltela.pt\/#website"},"primaryImageOfPage":{"@id":"https:\/\/portaltela.pt\/noticias\/2026\/03\/26\/portugal-espanha-e-franca-criam-app-para-monitorizar-incendios-em-tempo-real\/#primaryimage"},"image":{"@id":"https:\/\/portaltela.pt\/noticias\/2026\/03\/26\/portugal-espanha-e-franca-criam-app-para-monitorizar-incendios-em-tempo-real\/#primaryimage"},"thumbnailUrl":"https:\/\/portaltela.pt\/s.01k8rhncp4jt1\/2026\/03\/image-157.webp","datePublished":"2026-03-26T17:44:00+00:00","author":{"@id":"https:\/\/portaltela.pt\/#\/schema\/person\/c4278d4a6028830caff9ee44b42d32ed"},"breadcrumb":{"@id":"https:\/\/portaltela.pt\/noticias\/2026\/03\/26\/portugal-espanha-e-franca-criam-app-para-monitorizar-incendios-em-tempo-real\/#breadcrumb"},"inLanguage":"pt-PT","potentialAction":[{"@type":"ReadAction","target":["https:\/\/portaltela.pt\/noticias\/2026\/03\/26\/portugal-espanha-e-franca-criam-app-para-monitorizar-incendios-em-tempo-real\/"]}]},{"@type":"ImageObject","inLanguage":"pt-PT","@id":"https:\/\/portaltela.pt\/noticias\/2026\/03\/26\/portugal-espanha-e-franca-criam-app-para-monitorizar-incendios-em-tempo-real\/#primaryimage","url":"https:\/\/portaltela.pt\/s.01k8rhncp4jt1\/2026\/03\/image-157.webp","contentUrl":"https:\/\/portaltela.pt\/s.01k8rhncp4jt1\/2026\/03\/image-157.webp","width":1200,"height":800,"caption":"A aplica\u00e7\u00e3o inform\u00e1tica vai este ver\u00e3o permitir acompanhar a evolu\u00e7\u00e3o dos fogos em tempo real e a carga de combust\u00edvel existente nos terrenos"},{"@type":"BreadcrumbList","@id":"https:\/\/portaltela.pt\/noticias\/2026\/03\/26\/portugal-espanha-e-franca-criam-app-para-monitorizar-incendios-em-tempo-real\/#breadcrumb","itemListElement":[{"@type":"ListItem","position":1,"name":"In\u00edcio","item":"https:\/\/portaltela.pt\/"},{"@type":"ListItem","position":2,"name":"Portugal, Espanha e Fran\u00e7a criam app para monitorizar inc\u00eandios em tempo real"}]},{"@type":"WebSite","@id":"https:\/\/portaltela.pt\/#website","url":"https:\/\/portaltela.pt\/","name":"Portal Tela Portugal","description":"","potentialAction":[{"@type":"SearchAction","target":{"@type":"EntryPoint","urlTemplate":"https:\/\/portaltela.pt\/?s={search_term_string}"},"query-input":{"@type":"PropertyValueSpecification","valueRequired":true,"valueName":"search_term_string"}}],"inLanguage":"pt-PT"},{"@type":"Person","@id":"https:\/\/portaltela.pt\/#\/schema\/person\/c4278d4a6028830caff9ee44b42d32ed","name":"Telinha","image":{"@type":"ImageObject","inLanguage":"pt-PT","@id":"https:\/\/portaltela.pt\/s.01k8rhncp4jt1\/2025\/11\/talking-bot-125x125.png","url":"https:\/\/portaltela.pt\/s.01k8rhncp4jt1\/2025\/11\/talking-bot-125x125.png","contentUrl":"https:\/\/portaltela.pt\/s.01k8rhncp4jt1\/2025\/11\/talking-bot-125x125.png","caption":"Telinha"},"sameAs":["https:\/\/portaltela.pt\/"],"url":"https:\/\/portaltela.pt\/por\/367410592786\/"}]}},"_links":{"self":[{"href":"https:\/\/portaltela.pt\/api\/wp\/v2\/posts\/422646","targetHints":{"allow":["GET"]}}],"collection":[{"href":"https:\/\/portaltela.pt\/api\/wp\/v2\/posts"}],"about":[{"href":"https:\/\/portaltela.pt\/api\/wp\/v2\/types\/post"}],"author":[{"embeddable":true,"href":"https:\/\/portaltela.pt\/api\/wp\/v2\/users\/2"}],"replies":[{"embeddable":true,"href":"https:\/\/portaltela.pt\/api\/wp\/v2\/comments?post=422646"}],"version-history":[{"count":0,"href":"https:\/\/portaltela.pt\/api\/wp\/v2\/posts\/422646\/revisions"}],"wp:featuredmedia":[{"embeddable":true,"href":"https:\/\/portaltela.pt\/api\/wp\/v2\/media\/422647"}],"wp:attachment":[{"href":"https:\/\/portaltela.pt\/api\/wp\/v2\/media?parent=422646"}],"wp:term":[{"taxonomy":"category","embeddable":true,"href":"https:\/\/portaltela.pt\/api\/wp\/v2\/categories?post=422646"},{"taxonomy":"post_tag","embeddable":true,"href":"https:\/\/portaltela.pt\/api\/wp\/v2\/tags?post=422646"}],"curies":[{"name":"wp","href":"https:\/\/api.w.org\/{rel}","templated":true}]}}