{"id":422631,"date":"2026-03-26T14:32:56","date_gmt":"2026-03-26T17:32:56","guid":{"rendered":"https:\/\/portaltela.pt\/noticias\/2026\/03\/26\/franca-despede-se-de-lionel-jospin-ex-primeiro-ministro-que-lutou-pela-justica\/"},"modified":"2026-03-26T14:32:56","modified_gmt":"2026-03-26T17:32:56","slug":"franca-despede-se-de-lionel-jospin-ex-primeiro-ministro-que-lutou-pela-justica","status":"publish","type":"post","link":"https:\/\/portaltela.pt\/noticias\/politica\/2026\/03\/26\/franca-despede-se-de-lionel-jospin-ex-primeiro-ministro-que-lutou-pela-justica\/","title":{"rendered":"Fran\u00e7a despede-se de Lionel Jospin, ex-primeiro-ministro que lutou pela justi\u00e7a"},"content":{"rendered":"<p>A Fran\u00e7a despediu-se do antigo primeiro-ministro Lionel Jospin, numa homenagem nacional liderada pelo presidente Emmanuel Macron. A cerim\u00f3nia decorreu em Paris, no monumento Les Invalides, onde tamb\u00e9m repousa Napole\u00e3o Bonaparte. Jospin morreu aos 88 anos, no fim de semana anterior \u00e0 cerim\u00f3nia.<\/p>\n<p>Durante o ato, o caix\u00e3o foi transportado pela Guarda Republicana e coberto pela bandeira francesa, ao som de um tambor. Macron proferiu um discurso f\u00fanebre em que destacou que Jospin \u201clutou pela justi\u00e7a e pela liberdade\u201d e que ajudou a conduzir a Fran\u00e7a para o novo s\u00e9culo. A vi\u00fava, a fil\u00f3sofa Sylviane Agacinsky, esteve presente, assim como o primeiro-ministro S\u00e9bastien Lecornu e outros dirigentes.<\/p>\n<p>Jospin, que liderou um governo de esquerda entre 1997 e 2002, \u00e9 lembrado pela introdu\u00e7\u00e3o da semana de trabalho de 35 horas, pela expans\u00e3o da prote\u00e7\u00e3o social e pela cria\u00e7\u00e3o das uni\u00f5es civis para casais do mesmo sexo. O funeral aberto ao p\u00fablico ocorrer\u00e1 no cemit\u00e9rio de Montparnasse, em Paris.<\/p>\n<h3>O legado de Jospin<\/h3>\n<p>Jospin chefiou uma coliga\u00e7\u00e3o entre socialista, verdes e comunistas, em parceria com o presidente de centro-direita Jacques Chirac. O per\u00edodo ficou marcado pela redu\u00e7\u00e3o do desemprego, reativa\u00e7\u00e3o do crescimento econ\u00f3mico e reformas sociais. A pol\u00e9mica marcou tamb\u00e9m o esfor\u00e7o para preparar o terreno para o casamento entre pessoas do mesmo sexo, aprovado mais de uma d\u00e9cada depois.<\/p>\n<h3>Contornos pol\u00edticos na atualidade<\/h3>\n<p>Jospin concorreu \u00e0 Presid\u00eancia em 2002, mas ficou fora da segunda volta, perante Chirac e Le Pen. A sua morte reacendeu o debate sobre a influ\u00eancia da ala esquerdista na pol\u00edtica francesa, num momento em que o pa\u00eds se prepara para escolher o futuro presidente, j\u00e1 com Macron impedido de se recandidatar. A imprensa destacou ainda a necessidade de preservar as li\u00e7\u00f5es da era Jospin frente aos desafios da esquerda.<\/p>\n","protected":false},"excerpt":{"rendered":"<ul>\n<li>Fran\u00e7a despediu-se de Lionel Jospin, antigo primeiro-ministro, com o presidente Emmanuel Macron a liderar uma homenagem nacional em Paris.<\/li>\n<li>Jospin, que governou entre 1997 e 2002, ficou conhecido pela redu\u00e7\u00e3o da semana de trabalho para quarenta horas (35 horas na pr\u00e1tica) e pela expans\u00e3o da prote\u00e7\u00e3o social, incluindo uni\u00f5es civis para casais homossexuais.<\/li>\n<li>O funeral ocorreu no monumento Les Invalides, com a presen\u00e7a de mais altas figuras pol\u00edticas e da vi\u00fava, Sylviane Agacinsky; o caix\u00e3o foi transportado pela Guarda Republicana ao som de tambor.<\/li>\n<li>Macron destacou que Jospin \u201clutou pela justi\u00e7a e pela liberdade\u201d e que ajudou a Fran\u00e7a a avan\u00e7ar para o novo s\u00e9culo; a banda de guarda executou \u201cLes Feuilles Mortes\u201d.<\/li>\n<li>Jospin ficar\u00e1 sepultado no cemit\u00e9rio de Montparnasse, em Paris, num funeral aberto ao p\u00fablico.<\/li>\n<\/ul>\n","protected":false},"author":2,"featured_media":422633,"comment_status":"closed","ping_status":"closed","sticky":false,"template":"","format":"standard","meta":{"footnotes":""},"categories":[6912,5],"tags":[68,1856,34,3728,2832,30],"class_list":["post-422631","post","type-post","status-publish","format-standard","has-post-thumbnail","hentry","category-internacionais","category-politica","tag-eleicoes","tag-franca","tag-governo","tag-liderancas","tag-politica","tag-presidente"],"yoast_head":"<!-- This site is optimized with the Yoast SEO plugin v27.2 - https:\/\/yoast.com\/product\/yoast-seo-wordpress\/ -->\n<title>Fran\u00e7a despede-se de Lionel Jospin, ex-primeiro-ministro que lutou pela justi\u00e7a - Portal Tela Portugal<\/title>\n<meta name=\"robots\" content=\"index, follow, max-snippet:-1, max-image-preview:large, max-video-preview:-1\" \/>\n<meta property=\"og:locale\" content=\"pt_PT\" \/>\n<meta property=\"og:type\" content=\"article\" \/>\n<meta property=\"og:title\" content=\"Fran\u00e7a despede-se de Lionel Jospin, ex-primeiro-ministro que lutou pela justi\u00e7a - Portal Tela Portugal\" \/>\n<meta property=\"og:description\" content=\"Fran\u00e7a despediu-se de Lionel Jospin, antigo primeiro-ministro, com o presidente Emmanuel Macron a liderar uma homenagem nacional em Paris. Jospin, que governou entre 1997 e 2002, ficou conhecido pela redu\u00e7\u00e3o da semana de trabalho para quarenta horas (35 horas na pr\u00e1tica) e pela expans\u00e3o da prote\u00e7\u00e3o social, incluindo uni\u00f5es civis para casais homossexuais. O funeral ocorreu no monumento Les Invalides, com a presen\u00e7a de mais altas figuras pol\u00edticas e da vi\u00fava, Sylviane Agacinsky; o caix\u00e3o foi transportado pela Guarda Republicana ao som de tambor. Macron destacou que Jospin \u201clutou pela justi\u00e7a e pela liberdade\u201d e que ajudou a Fran\u00e7a a avan\u00e7ar para o novo s\u00e9culo; a banda de guarda executou \u201cLes Feuilles Mortes\u201d. Jospin ficar\u00e1 sepultado no cemit\u00e9rio de Montparnasse, em Paris, num funeral aberto ao p\u00fablico.\" \/>\n<meta property=\"og:url\" content=\"https:\/\/portaltela.pt\/noticias\/2026\/03\/26\/franca-despede-se-de-lionel-jospin-ex-primeiro-ministro-que-lutou-pela-justica\/\" \/>\n<meta property=\"og:site_name\" content=\"Portal Tela Portugal\" \/>\n<meta property=\"article:published_time\" content=\"2026-03-26T17:32:56+00:00\" \/>\n<meta name=\"author\" content=\"Telinha\" \/>\n<meta name=\"twitter:card\" content=\"summary_large_image\" \/>\n<meta name=\"twitter:label1\" content=\"Escrito por\" \/>\n\t<meta name=\"twitter:data1\" content=\"Telinha\" \/>\n\t<meta name=\"twitter:label2\" content=\"Tempo estimado de leitura\" \/>\n\t<meta name=\"twitter:data2\" content=\"2 minutos\" \/>\n<script type=\"application\/ld+json\" class=\"yoast-schema-graph\">{\"@context\":\"https:\/\/schema.org\",\"@graph\":[{\"@type\":\"Article\",\"@id\":\"https:\/\/portaltela.pt\/noticias\/2026\/03\/26\/franca-despede-se-de-lionel-jospin-ex-primeiro-ministro-que-lutou-pela-justica\/#article\",\"isPartOf\":{\"@id\":\"https:\/\/portaltela.pt\/noticias\/2026\/03\/26\/franca-despede-se-de-lionel-jospin-ex-primeiro-ministro-que-lutou-pela-justica\/\"},\"author\":{\"name\":\"Telinha\",\"@id\":\"https:\/\/portaltela.pt\/#\/schema\/person\/c4278d4a6028830caff9ee44b42d32ed\"},\"headline\":\"Fran\u00e7a despede-se de Lionel Jospin, ex-primeiro-ministro que lutou pela justi\u00e7a\",\"datePublished\":\"2026-03-26T17:32:56+00:00\",\"mainEntityOfPage\":{\"@id\":\"https:\/\/portaltela.pt\/noticias\/2026\/03\/26\/franca-despede-se-de-lionel-jospin-ex-primeiro-ministro-que-lutou-pela-justica\/\"},\"wordCount\":330,\"image\":{\"@id\":\"https:\/\/portaltela.pt\/noticias\/2026\/03\/26\/franca-despede-se-de-lionel-jospin-ex-primeiro-ministro-que-lutou-pela-justica\/#primaryimage\"},\"thumbnailUrl\":\"https:\/\/portaltela.pt\/s.01k8rhncp4jt1\/2026\/03\/1536x864_cmsv2_56459413-6d54-5926-9089-1c916761aee0-9699631.jpg\",\"keywords\":[\"elei\u00e7\u00f5es\",\"Fran\u00e7a\",\"governo\",\"lideran\u00e7as\",\"pol\u00edtica\",\"presidente\"],\"articleSection\":[\"Internacionais\",\"Pol\u00edtica\"],\"inLanguage\":\"pt-PT\"},{\"@type\":\"WebPage\",\"@id\":\"https:\/\/portaltela.pt\/noticias\/2026\/03\/26\/franca-despede-se-de-lionel-jospin-ex-primeiro-ministro-que-lutou-pela-justica\/\",\"url\":\"https:\/\/portaltela.pt\/noticias\/2026\/03\/26\/franca-despede-se-de-lionel-jospin-ex-primeiro-ministro-que-lutou-pela-justica\/\",\"name\":\"Fran\u00e7a despede-se de Lionel Jospin, ex-primeiro-ministro que lutou pela justi\u00e7a - Portal Tela Portugal\",\"isPartOf\":{\"@id\":\"https:\/\/portaltela.pt\/#website\"},\"primaryImageOfPage\":{\"@id\":\"https:\/\/portaltela.pt\/noticias\/2026\/03\/26\/franca-despede-se-de-lionel-jospin-ex-primeiro-ministro-que-lutou-pela-justica\/#primaryimage\"},\"image\":{\"@id\":\"https:\/\/portaltela.pt\/noticias\/2026\/03\/26\/franca-despede-se-de-lionel-jospin-ex-primeiro-ministro-que-lutou-pela-justica\/#primaryimage\"},\"thumbnailUrl\":\"https:\/\/portaltela.pt\/s.01k8rhncp4jt1\/2026\/03\/1536x864_cmsv2_56459413-6d54-5926-9089-1c916761aee0-9699631.jpg\",\"datePublished\":\"2026-03-26T17:32:56+00:00\",\"author\":{\"@id\":\"https:\/\/portaltela.pt\/#\/schema\/person\/c4278d4a6028830caff9ee44b42d32ed\"},\"breadcrumb\":{\"@id\":\"https:\/\/portaltela.pt\/noticias\/2026\/03\/26\/franca-despede-se-de-lionel-jospin-ex-primeiro-ministro-que-lutou-pela-justica\/#breadcrumb\"},\"inLanguage\":\"pt-PT\",\"potentialAction\":[{\"@type\":\"ReadAction\",\"target\":[\"https:\/\/portaltela.pt\/noticias\/2026\/03\/26\/franca-despede-se-de-lionel-jospin-ex-primeiro-ministro-que-lutou-pela-justica\/\"]}]},{\"@type\":\"ImageObject\",\"inLanguage\":\"pt-PT\",\"@id\":\"https:\/\/portaltela.pt\/noticias\/2026\/03\/26\/franca-despede-se-de-lionel-jospin-ex-primeiro-ministro-que-lutou-pela-justica\/#primaryimage\",\"url\":\"https:\/\/portaltela.pt\/s.01k8rhncp4jt1\/2026\/03\/1536x864_cmsv2_56459413-6d54-5926-9089-1c916761aee0-9699631.jpg\",\"contentUrl\":\"https:\/\/portaltela.pt\/s.01k8rhncp4jt1\/2026\/03\/1536x864_cmsv2_56459413-6d54-5926-9089-1c916761aee0-9699631.jpg\",\"width\":1536,\"height\":864,\"caption\":\"O presidente franc\u00eas Emmanuel Macron discursa durante a cerim\u00f3nia de homenagem nacional ao falecido primeiro-ministro franc\u00eas Lionel Jospin em Paris, 26 de mar\u00e7o de 2026\"},{\"@type\":\"BreadcrumbList\",\"@id\":\"https:\/\/portaltela.pt\/noticias\/2026\/03\/26\/franca-despede-se-de-lionel-jospin-ex-primeiro-ministro-que-lutou-pela-justica\/#breadcrumb\",\"itemListElement\":[{\"@type\":\"ListItem\",\"position\":1,\"name\":\"In\u00edcio\",\"item\":\"https:\/\/portaltela.pt\/\"},{\"@type\":\"ListItem\",\"position\":2,\"name\":\"Fran\u00e7a despede-se de Lionel Jospin, ex-primeiro-ministro que lutou pela justi\u00e7a\"}]},{\"@type\":\"WebSite\",\"@id\":\"https:\/\/portaltela.pt\/#website\",\"url\":\"https:\/\/portaltela.pt\/\",\"name\":\"Portal Tela Portugal\",\"description\":\"\",\"potentialAction\":[{\"@type\":\"SearchAction\",\"target\":{\"@type\":\"EntryPoint\",\"urlTemplate\":\"https:\/\/portaltela.pt\/?s={search_term_string}\"},\"query-input\":{\"@type\":\"PropertyValueSpecification\",\"valueRequired\":true,\"valueName\":\"search_term_string\"}}],\"inLanguage\":\"pt-PT\"},{\"@type\":\"Person\",\"@id\":\"https:\/\/portaltela.pt\/#\/schema\/person\/c4278d4a6028830caff9ee44b42d32ed\",\"name\":\"Telinha\",\"image\":{\"@type\":\"ImageObject\",\"inLanguage\":\"pt-PT\",\"@id\":\"https:\/\/portaltela.pt\/s.01k8rhncp4jt1\/2025\/11\/talking-bot-125x125.png\",\"url\":\"https:\/\/portaltela.pt\/s.01k8rhncp4jt1\/2025\/11\/talking-bot-125x125.png\",\"contentUrl\":\"https:\/\/portaltela.pt\/s.01k8rhncp4jt1\/2025\/11\/talking-bot-125x125.png\",\"caption\":\"Telinha\"},\"sameAs\":[\"https:\/\/portaltela.pt\/\"],\"url\":\"https:\/\/portaltela.pt\/por\/367410592786\/\"}]}<\/script>\n<!-- \/ Yoast SEO plugin. -->","yoast_head_json":{"title":"Fran\u00e7a despede-se de Lionel Jospin, ex-primeiro-ministro que lutou pela justi\u00e7a - Portal Tela Portugal","robots":{"index":"index","follow":"follow","max-snippet":"max-snippet:-1","max-image-preview":"max-image-preview:large","max-video-preview":"max-video-preview:-1"},"og_locale":"pt_PT","og_type":"article","og_title":"Fran\u00e7a despede-se de Lionel Jospin, ex-primeiro-ministro que lutou pela justi\u00e7a - Portal Tela Portugal","og_description":"Fran\u00e7a despediu-se de Lionel Jospin, antigo primeiro-ministro, com o presidente Emmanuel Macron a liderar uma homenagem nacional em Paris. Jospin, que governou entre 1997 e 2002, ficou conhecido pela redu\u00e7\u00e3o da semana de trabalho para quarenta horas (35 horas na pr\u00e1tica) e pela expans\u00e3o da prote\u00e7\u00e3o social, incluindo uni\u00f5es civis para casais homossexuais. O funeral ocorreu no monumento Les Invalides, com a presen\u00e7a de mais altas figuras pol\u00edticas e da vi\u00fava, Sylviane Agacinsky; o caix\u00e3o foi transportado pela Guarda Republicana ao som de tambor. Macron destacou que Jospin \u201clutou pela justi\u00e7a e pela liberdade\u201d e que ajudou a Fran\u00e7a a avan\u00e7ar para o novo s\u00e9culo; a banda de guarda executou \u201cLes Feuilles Mortes\u201d. Jospin ficar\u00e1 sepultado no cemit\u00e9rio de Montparnasse, em Paris, num funeral aberto ao p\u00fablico.","og_url":"https:\/\/portaltela.pt\/noticias\/2026\/03\/26\/franca-despede-se-de-lionel-jospin-ex-primeiro-ministro-que-lutou-pela-justica\/","og_site_name":"Portal Tela Portugal","article_published_time":"2026-03-26T17:32:56+00:00","author":"Telinha","twitter_card":"summary_large_image","twitter_misc":{"Escrito por":"Telinha","Tempo estimado de leitura":"2 minutos"},"schema":{"@context":"https:\/\/schema.org","@graph":[{"@type":"Article","@id":"https:\/\/portaltela.pt\/noticias\/2026\/03\/26\/franca-despede-se-de-lionel-jospin-ex-primeiro-ministro-que-lutou-pela-justica\/#article","isPartOf":{"@id":"https:\/\/portaltela.pt\/noticias\/2026\/03\/26\/franca-despede-se-de-lionel-jospin-ex-primeiro-ministro-que-lutou-pela-justica\/"},"author":{"name":"Telinha","@id":"https:\/\/portaltela.pt\/#\/schema\/person\/c4278d4a6028830caff9ee44b42d32ed"},"headline":"Fran\u00e7a despede-se de Lionel Jospin, ex-primeiro-ministro que lutou pela justi\u00e7a","datePublished":"2026-03-26T17:32:56+00:00","mainEntityOfPage":{"@id":"https:\/\/portaltela.pt\/noticias\/2026\/03\/26\/franca-despede-se-de-lionel-jospin-ex-primeiro-ministro-que-lutou-pela-justica\/"},"wordCount":330,"image":{"@id":"https:\/\/portaltela.pt\/noticias\/2026\/03\/26\/franca-despede-se-de-lionel-jospin-ex-primeiro-ministro-que-lutou-pela-justica\/#primaryimage"},"thumbnailUrl":"https:\/\/portaltela.pt\/s.01k8rhncp4jt1\/2026\/03\/1536x864_cmsv2_56459413-6d54-5926-9089-1c916761aee0-9699631.jpg","keywords":["elei\u00e7\u00f5es","Fran\u00e7a","governo","lideran\u00e7as","pol\u00edtica","presidente"],"articleSection":["Internacionais","Pol\u00edtica"],"inLanguage":"pt-PT"},{"@type":"WebPage","@id":"https:\/\/portaltela.pt\/noticias\/2026\/03\/26\/franca-despede-se-de-lionel-jospin-ex-primeiro-ministro-que-lutou-pela-justica\/","url":"https:\/\/portaltela.pt\/noticias\/2026\/03\/26\/franca-despede-se-de-lionel-jospin-ex-primeiro-ministro-que-lutou-pela-justica\/","name":"Fran\u00e7a despede-se de Lionel Jospin, ex-primeiro-ministro que lutou pela justi\u00e7a - Portal Tela Portugal","isPartOf":{"@id":"https:\/\/portaltela.pt\/#website"},"primaryImageOfPage":{"@id":"https:\/\/portaltela.pt\/noticias\/2026\/03\/26\/franca-despede-se-de-lionel-jospin-ex-primeiro-ministro-que-lutou-pela-justica\/#primaryimage"},"image":{"@id":"https:\/\/portaltela.pt\/noticias\/2026\/03\/26\/franca-despede-se-de-lionel-jospin-ex-primeiro-ministro-que-lutou-pela-justica\/#primaryimage"},"thumbnailUrl":"https:\/\/portaltela.pt\/s.01k8rhncp4jt1\/2026\/03\/1536x864_cmsv2_56459413-6d54-5926-9089-1c916761aee0-9699631.jpg","datePublished":"2026-03-26T17:32:56+00:00","author":{"@id":"https:\/\/portaltela.pt\/#\/schema\/person\/c4278d4a6028830caff9ee44b42d32ed"},"breadcrumb":{"@id":"https:\/\/portaltela.pt\/noticias\/2026\/03\/26\/franca-despede-se-de-lionel-jospin-ex-primeiro-ministro-que-lutou-pela-justica\/#breadcrumb"},"inLanguage":"pt-PT","potentialAction":[{"@type":"ReadAction","target":["https:\/\/portaltela.pt\/noticias\/2026\/03\/26\/franca-despede-se-de-lionel-jospin-ex-primeiro-ministro-que-lutou-pela-justica\/"]}]},{"@type":"ImageObject","inLanguage":"pt-PT","@id":"https:\/\/portaltela.pt\/noticias\/2026\/03\/26\/franca-despede-se-de-lionel-jospin-ex-primeiro-ministro-que-lutou-pela-justica\/#primaryimage","url":"https:\/\/portaltela.pt\/s.01k8rhncp4jt1\/2026\/03\/1536x864_cmsv2_56459413-6d54-5926-9089-1c916761aee0-9699631.jpg","contentUrl":"https:\/\/portaltela.pt\/s.01k8rhncp4jt1\/2026\/03\/1536x864_cmsv2_56459413-6d54-5926-9089-1c916761aee0-9699631.jpg","width":1536,"height":864,"caption":"O presidente franc\u00eas Emmanuel Macron discursa durante a cerim\u00f3nia de homenagem nacional ao falecido primeiro-ministro franc\u00eas Lionel Jospin em Paris, 26 de mar\u00e7o de 2026"},{"@type":"BreadcrumbList","@id":"https:\/\/portaltela.pt\/noticias\/2026\/03\/26\/franca-despede-se-de-lionel-jospin-ex-primeiro-ministro-que-lutou-pela-justica\/#breadcrumb","itemListElement":[{"@type":"ListItem","position":1,"name":"In\u00edcio","item":"https:\/\/portaltela.pt\/"},{"@type":"ListItem","position":2,"name":"Fran\u00e7a despede-se de Lionel Jospin, ex-primeiro-ministro que lutou pela justi\u00e7a"}]},{"@type":"WebSite","@id":"https:\/\/portaltela.pt\/#website","url":"https:\/\/portaltela.pt\/","name":"Portal Tela Portugal","description":"","potentialAction":[{"@type":"SearchAction","target":{"@type":"EntryPoint","urlTemplate":"https:\/\/portaltela.pt\/?s={search_term_string}"},"query-input":{"@type":"PropertyValueSpecification","valueRequired":true,"valueName":"search_term_string"}}],"inLanguage":"pt-PT"},{"@type":"Person","@id":"https:\/\/portaltela.pt\/#\/schema\/person\/c4278d4a6028830caff9ee44b42d32ed","name":"Telinha","image":{"@type":"ImageObject","inLanguage":"pt-PT","@id":"https:\/\/portaltela.pt\/s.01k8rhncp4jt1\/2025\/11\/talking-bot-125x125.png","url":"https:\/\/portaltela.pt\/s.01k8rhncp4jt1\/2025\/11\/talking-bot-125x125.png","contentUrl":"https:\/\/portaltela.pt\/s.01k8rhncp4jt1\/2025\/11\/talking-bot-125x125.png","caption":"Telinha"},"sameAs":["https:\/\/portaltela.pt\/"],"url":"https:\/\/portaltela.pt\/por\/367410592786\/"}]}},"_links":{"self":[{"href":"https:\/\/portaltela.pt\/api\/wp\/v2\/posts\/422631","targetHints":{"allow":["GET"]}}],"collection":[{"href":"https:\/\/portaltela.pt\/api\/wp\/v2\/posts"}],"about":[{"href":"https:\/\/portaltela.pt\/api\/wp\/v2\/types\/post"}],"author":[{"embeddable":true,"href":"https:\/\/portaltela.pt\/api\/wp\/v2\/users\/2"}],"replies":[{"embeddable":true,"href":"https:\/\/portaltela.pt\/api\/wp\/v2\/comments?post=422631"}],"version-history":[{"count":0,"href":"https:\/\/portaltela.pt\/api\/wp\/v2\/posts\/422631\/revisions"}],"wp:featuredmedia":[{"embeddable":true,"href":"https:\/\/portaltela.pt\/api\/wp\/v2\/media\/422633"}],"wp:attachment":[{"href":"https:\/\/portaltela.pt\/api\/wp\/v2\/media?parent=422631"}],"wp:term":[{"taxonomy":"category","embeddable":true,"href":"https:\/\/portaltela.pt\/api\/wp\/v2\/categories?post=422631"},{"taxonomy":"post_tag","embeddable":true,"href":"https:\/\/portaltela.pt\/api\/wp\/v2\/tags?post=422631"}],"curies":[{"name":"wp","href":"https:\/\/api.w.org\/{rel}","templated":true}]}}