{"id":422624,"date":"2026-03-26T14:27:37","date_gmt":"2026-03-26T17:27:37","guid":{"rendered":"https:\/\/portaltela.pt\/noticias\/2026\/03\/26\/tavares-aconselha-benfica-fm-erro-de-avaliacao-nao-irreversivel\/"},"modified":"2026-03-26T14:27:37","modified_gmt":"2026-03-26T17:27:37","slug":"tavares-aconselha-benfica-fm-erro-de-avaliacao-nao-irreversivel","status":"publish","type":"post","link":"https:\/\/portaltela.pt\/noticias\/economia\/2026\/03\/26\/tavares-aconselha-benfica-fm-erro-de-avaliacao-nao-irreversivel\/","title":{"rendered":"Tavares aconselha Benfica FM: erro de avalia\u00e7\u00e3o, n\u00e3o irrevers\u00edvel"},"content":{"rendered":"<p>Fernando Tavares, antigo vice-presidente do Benfica, encara a decis\u00e3o da ERC de impedir a Benfica R\u00e1dio de avan\u00e7ar para emiss\u00e3o FM como uma mudan\u00e7a significativa do cen\u00e1rio, sobretudo para receitas, posicionamento e comunica\u00e7\u00e3o do clube.<\/p>\n<p>Em publica\u00e7\u00e3o no LinkedIn, o ex-dirigente afirma que a limita\u00e7\u00e3o ao digital reduz audi\u00eancia e atratividade para a publicidade tradicional. Recorda que houve um erro de avalia\u00e7\u00e3o, com sobrevaloriza\u00e7\u00e3o da probabilidade de licenciamento e investimento antecipado sem garantia de distribui\u00e7\u00e3o.<\/p>\n<p>O analista recomenda um reposicionamento estrat\u00e9gico, com novas formas de monetiza\u00e7\u00e3o, incluindo subscri\u00e7\u00f5es premium, publicidade digital segmentada e branded content com patrocinadores. Para ele, a chamada derrota pode evitar um erro maior.<\/p>\n<p>A constata\u00e7\u00e3o \u00e9 de que o modelo de r\u00e1dio FM est\u00e1 em decl\u00ednio, o que favorece a transi\u00e7\u00e3o para plataformas digitais que permitam controlo direto da rela\u00e7\u00e3o com os adeptos. A Benfica R\u00e1dio pode evoluir para uma plataforma digital mais moderna e escal\u00e1vel, ajustando equipas e custos.<\/p>\n<h3>Impacto estrat\u00e9gico<\/h3>\n<p>Segundo Tavares, a Benfica R\u00e1dio pode focar-se em criar valor dentro do ecossistema do clube, reorganizando equipas e explorando novas vias de monetiza\u00e7\u00e3o, sem abandonar a pot\u00eancia de alcance digital.<\/p>\n","protected":false},"excerpt":{"rendered":"<ul>\n<li>Fernando Tavares, antigo vice-presidente do Benfica, afirma que a decis\u00e3o da Entidade Reguladora para a Comunica\u00e7\u00e3o Social (ERC) de impedir a Benfica R\u00e1dio de avan\u00e7ar para emiss\u00e3o em FM altera bastante o jogo, sobretudo nas receitas, posicionamento e comunica\u00e7\u00e3o do clube.<\/li>\n<li>O ex-dirigente aponta que limitar a Benfica R\u00e1dio ao digital reduz a audi\u00eancia e a atratividade para publicidade tradicional, atribuindo ao Benfica um erro de avalia\u00e7\u00e3o e planeamento.<\/li>\n<li>A batalha regulat\u00f3ria \u00e9 vista como resultado de subestimar o peso regulat\u00f3rio em Portugal, levando a um investimento antecipado sem garantia de distribui\u00e7\u00e3o.<\/li>\n<li>Para enfrentar o cen\u00e1rio, Tavares recomenda reposicionamento estrat\u00e9gico e novas vias de monetiza\u00e7\u00e3o, como subscri\u00e7\u00f5es premium, publicidade digital segmentada e branded content com patrocinadores.<\/li>\n<li>Apesar de parecer uma derrota, o ex-vice sustenta que a decis\u00e3o pode evitar um erro maior, defendendo que o modelo de r\u00e1dio FM est\u00e1 em decl\u00ednio e que o digital permite maior controlo da rela\u00e7\u00e3o com o adepto, com a Benfica R\u00e1dio a tornar-se uma plataforma digital mais moderna e escal\u00e1vel.<\/li>\n<\/ul>\n","protected":false},"author":2,"featured_media":422629,"comment_status":"closed","ping_status":"closed","sticky":false,"template":"","format":"standard","meta":{"footnotes":""},"categories":[2,6735],"tags":[6115,6512,4143,1946,32,4651],"class_list":["post-422624","post","type-post","status-publish","format-standard","has-post-thumbnail","hentry","category-economia","category-negocios","tag-_economia","tag-ideias","tag-1-liga","tag-benfica","tag-futebol","tag-publicidade-dinamica"],"yoast_head":"<!-- This site is optimized with the Yoast SEO plugin v27.2 - https:\/\/yoast.com\/product\/yoast-seo-wordpress\/ -->\n<title>Tavares aconselha Benfica FM: erro de avalia\u00e7\u00e3o, n\u00e3o irrevers\u00edvel - Portal Tela Portugal<\/title>\n<meta name=\"robots\" content=\"index, follow, max-snippet:-1, max-image-preview:large, max-video-preview:-1\" \/>\n<meta property=\"og:locale\" content=\"pt_PT\" \/>\n<meta property=\"og:type\" content=\"article\" \/>\n<meta property=\"og:title\" content=\"Tavares aconselha Benfica FM: erro de avalia\u00e7\u00e3o, n\u00e3o irrevers\u00edvel - Portal Tela Portugal\" \/>\n<meta property=\"og:description\" content=\"Fernando Tavares, antigo vice-presidente do Benfica, afirma que a decis\u00e3o da Entidade Reguladora para a Comunica\u00e7\u00e3o Social (ERC) de impedir a Benfica R\u00e1dio de avan\u00e7ar para emiss\u00e3o em FM altera bastante o jogo, sobretudo nas receitas, posicionamento e comunica\u00e7\u00e3o do clube. O ex-dirigente aponta que limitar a Benfica R\u00e1dio ao digital reduz a audi\u00eancia e a atratividade para publicidade tradicional, atribuindo ao Benfica um erro de avalia\u00e7\u00e3o e planeamento. A batalha regulat\u00f3ria \u00e9 vista como resultado de subestimar o peso regulat\u00f3rio em Portugal, levando a um investimento antecipado sem garantia de distribui\u00e7\u00e3o. Para enfrentar o cen\u00e1rio, Tavares recomenda reposicionamento estrat\u00e9gico e novas vias de monetiza\u00e7\u00e3o, como subscri\u00e7\u00f5es premium, publicidade digital segmentada e branded content com patrocinadores. Apesar de parecer uma derrota, o ex-vice sustenta que a decis\u00e3o pode evitar um erro maior, defendendo que o modelo de r\u00e1dio FM est\u00e1 em decl\u00ednio e que o digital permite maior controlo da rela\u00e7\u00e3o com o adepto, com a Benfica R\u00e1dio a tornar-se uma plataforma digital mais moderna e escal\u00e1vel.\" \/>\n<meta property=\"og:url\" content=\"https:\/\/portaltela.pt\/noticias\/2026\/03\/26\/tavares-aconselha-benfica-fm-erro-de-avaliacao-nao-irreversivel\/\" \/>\n<meta property=\"og:site_name\" content=\"Portal Tela Portugal\" \/>\n<meta property=\"article:published_time\" content=\"2026-03-26T17:27:37+00:00\" \/>\n<meta name=\"author\" content=\"Telinha\" \/>\n<meta name=\"twitter:card\" content=\"summary_large_image\" \/>\n<meta name=\"twitter:label1\" content=\"Escrito por\" \/>\n\t<meta name=\"twitter:data1\" content=\"Telinha\" \/>\n\t<meta name=\"twitter:label2\" content=\"Tempo estimado de leitura\" \/>\n\t<meta name=\"twitter:data2\" content=\"1 minuto\" \/>\n<script type=\"application\/ld+json\" class=\"yoast-schema-graph\">{\"@context\":\"https:\/\/schema.org\",\"@graph\":[{\"@type\":\"Article\",\"@id\":\"https:\/\/portaltela.pt\/noticias\/2026\/03\/26\/tavares-aconselha-benfica-fm-erro-de-avaliacao-nao-irreversivel\/#article\",\"isPartOf\":{\"@id\":\"https:\/\/portaltela.pt\/noticias\/2026\/03\/26\/tavares-aconselha-benfica-fm-erro-de-avaliacao-nao-irreversivel\/\"},\"author\":{\"name\":\"Telinha\",\"@id\":\"https:\/\/portaltela.pt\/#\/schema\/person\/c4278d4a6028830caff9ee44b42d32ed\"},\"headline\":\"Tavares aconselha Benfica FM: erro de avalia\u00e7\u00e3o, n\u00e3o irrevers\u00edvel\",\"datePublished\":\"2026-03-26T17:27:37+00:00\",\"mainEntityOfPage\":{\"@id\":\"https:\/\/portaltela.pt\/noticias\/2026\/03\/26\/tavares-aconselha-benfica-fm-erro-de-avaliacao-nao-irreversivel\/\"},\"wordCount\":224,\"image\":{\"@id\":\"https:\/\/portaltela.pt\/noticias\/2026\/03\/26\/tavares-aconselha-benfica-fm-erro-de-avaliacao-nao-irreversivel\/#primaryimage\"},\"thumbnailUrl\":\"https:\/\/portaltela.pt\/s.01k8rhncp4jt1\/2026\/03\/img_920x518uu2025-11-17-13-09-30-2403272.jpg\",\"keywords\":[\"_economia\",\"+Ideias\",\"1. Liga\",\"Benfica\",\"futebol\",\"publicidade din\u00e2mica\"],\"articleSection\":[\"Economia\",\"Neg\u00f3cios\"],\"inLanguage\":\"pt-PT\"},{\"@type\":\"WebPage\",\"@id\":\"https:\/\/portaltela.pt\/noticias\/2026\/03\/26\/tavares-aconselha-benfica-fm-erro-de-avaliacao-nao-irreversivel\/\",\"url\":\"https:\/\/portaltela.pt\/noticias\/2026\/03\/26\/tavares-aconselha-benfica-fm-erro-de-avaliacao-nao-irreversivel\/\",\"name\":\"Tavares aconselha Benfica FM: erro de avalia\u00e7\u00e3o, n\u00e3o irrevers\u00edvel - Portal Tela Portugal\",\"isPartOf\":{\"@id\":\"https:\/\/portaltela.pt\/#website\"},\"primaryImageOfPage\":{\"@id\":\"https:\/\/portaltela.pt\/noticias\/2026\/03\/26\/tavares-aconselha-benfica-fm-erro-de-avaliacao-nao-irreversivel\/#primaryimage\"},\"image\":{\"@id\":\"https:\/\/portaltela.pt\/noticias\/2026\/03\/26\/tavares-aconselha-benfica-fm-erro-de-avaliacao-nao-irreversivel\/#primaryimage\"},\"thumbnailUrl\":\"https:\/\/portaltela.pt\/s.01k8rhncp4jt1\/2026\/03\/img_920x518uu2025-11-17-13-09-30-2403272.jpg\",\"datePublished\":\"2026-03-26T17:27:37+00:00\",\"author\":{\"@id\":\"https:\/\/portaltela.pt\/#\/schema\/person\/c4278d4a6028830caff9ee44b42d32ed\"},\"breadcrumb\":{\"@id\":\"https:\/\/portaltela.pt\/noticias\/2026\/03\/26\/tavares-aconselha-benfica-fm-erro-de-avaliacao-nao-irreversivel\/#breadcrumb\"},\"inLanguage\":\"pt-PT\",\"potentialAction\":[{\"@type\":\"ReadAction\",\"target\":[\"https:\/\/portaltela.pt\/noticias\/2026\/03\/26\/tavares-aconselha-benfica-fm-erro-de-avaliacao-nao-irreversivel\/\"]}]},{\"@type\":\"ImageObject\",\"inLanguage\":\"pt-PT\",\"@id\":\"https:\/\/portaltela.pt\/noticias\/2026\/03\/26\/tavares-aconselha-benfica-fm-erro-de-avaliacao-nao-irreversivel\/#primaryimage\",\"url\":\"https:\/\/portaltela.pt\/s.01k8rhncp4jt1\/2026\/03\/img_920x518uu2025-11-17-13-09-30-2403272.jpg\",\"contentUrl\":\"https:\/\/portaltela.pt\/s.01k8rhncp4jt1\/2026\/03\/img_920x518uu2025-11-17-13-09-30-2403272.jpg\",\"width\":796,\"height\":448,\"caption\":\"Fernando Tavares fala sobre a Benfica FM\"},{\"@type\":\"BreadcrumbList\",\"@id\":\"https:\/\/portaltela.pt\/noticias\/2026\/03\/26\/tavares-aconselha-benfica-fm-erro-de-avaliacao-nao-irreversivel\/#breadcrumb\",\"itemListElement\":[{\"@type\":\"ListItem\",\"position\":1,\"name\":\"In\u00edcio\",\"item\":\"https:\/\/portaltela.pt\/\"},{\"@type\":\"ListItem\",\"position\":2,\"name\":\"Tavares aconselha Benfica FM: erro de avalia\u00e7\u00e3o, n\u00e3o irrevers\u00edvel\"}]},{\"@type\":\"WebSite\",\"@id\":\"https:\/\/portaltela.pt\/#website\",\"url\":\"https:\/\/portaltela.pt\/\",\"name\":\"Portal Tela Portugal\",\"description\":\"\",\"potentialAction\":[{\"@type\":\"SearchAction\",\"target\":{\"@type\":\"EntryPoint\",\"urlTemplate\":\"https:\/\/portaltela.pt\/?s={search_term_string}\"},\"query-input\":{\"@type\":\"PropertyValueSpecification\",\"valueRequired\":true,\"valueName\":\"search_term_string\"}}],\"inLanguage\":\"pt-PT\"},{\"@type\":\"Person\",\"@id\":\"https:\/\/portaltela.pt\/#\/schema\/person\/c4278d4a6028830caff9ee44b42d32ed\",\"name\":\"Telinha\",\"image\":{\"@type\":\"ImageObject\",\"inLanguage\":\"pt-PT\",\"@id\":\"https:\/\/portaltela.pt\/s.01k8rhncp4jt1\/2025\/11\/talking-bot-125x125.png\",\"url\":\"https:\/\/portaltela.pt\/s.01k8rhncp4jt1\/2025\/11\/talking-bot-125x125.png\",\"contentUrl\":\"https:\/\/portaltela.pt\/s.01k8rhncp4jt1\/2025\/11\/talking-bot-125x125.png\",\"caption\":\"Telinha\"},\"sameAs\":[\"https:\/\/portaltela.pt\/\"],\"url\":\"https:\/\/portaltela.pt\/por\/367410592786\/\"}]}<\/script>\n<!-- \/ Yoast SEO plugin. -->","yoast_head_json":{"title":"Tavares aconselha Benfica FM: erro de avalia\u00e7\u00e3o, n\u00e3o irrevers\u00edvel - Portal Tela Portugal","robots":{"index":"index","follow":"follow","max-snippet":"max-snippet:-1","max-image-preview":"max-image-preview:large","max-video-preview":"max-video-preview:-1"},"og_locale":"pt_PT","og_type":"article","og_title":"Tavares aconselha Benfica FM: erro de avalia\u00e7\u00e3o, n\u00e3o irrevers\u00edvel - Portal Tela Portugal","og_description":"Fernando Tavares, antigo vice-presidente do Benfica, afirma que a decis\u00e3o da Entidade Reguladora para a Comunica\u00e7\u00e3o Social (ERC) de impedir a Benfica R\u00e1dio de avan\u00e7ar para emiss\u00e3o em FM altera bastante o jogo, sobretudo nas receitas, posicionamento e comunica\u00e7\u00e3o do clube. O ex-dirigente aponta que limitar a Benfica R\u00e1dio ao digital reduz a audi\u00eancia e a atratividade para publicidade tradicional, atribuindo ao Benfica um erro de avalia\u00e7\u00e3o e planeamento. A batalha regulat\u00f3ria \u00e9 vista como resultado de subestimar o peso regulat\u00f3rio em Portugal, levando a um investimento antecipado sem garantia de distribui\u00e7\u00e3o. Para enfrentar o cen\u00e1rio, Tavares recomenda reposicionamento estrat\u00e9gico e novas vias de monetiza\u00e7\u00e3o, como subscri\u00e7\u00f5es premium, publicidade digital segmentada e branded content com patrocinadores. Apesar de parecer uma derrota, o ex-vice sustenta que a decis\u00e3o pode evitar um erro maior, defendendo que o modelo de r\u00e1dio FM est\u00e1 em decl\u00ednio e que o digital permite maior controlo da rela\u00e7\u00e3o com o adepto, com a Benfica R\u00e1dio a tornar-se uma plataforma digital mais moderna e escal\u00e1vel.","og_url":"https:\/\/portaltela.pt\/noticias\/2026\/03\/26\/tavares-aconselha-benfica-fm-erro-de-avaliacao-nao-irreversivel\/","og_site_name":"Portal Tela Portugal","article_published_time":"2026-03-26T17:27:37+00:00","author":"Telinha","twitter_card":"summary_large_image","twitter_misc":{"Escrito por":"Telinha","Tempo estimado de leitura":"1 minuto"},"schema":{"@context":"https:\/\/schema.org","@graph":[{"@type":"Article","@id":"https:\/\/portaltela.pt\/noticias\/2026\/03\/26\/tavares-aconselha-benfica-fm-erro-de-avaliacao-nao-irreversivel\/#article","isPartOf":{"@id":"https:\/\/portaltela.pt\/noticias\/2026\/03\/26\/tavares-aconselha-benfica-fm-erro-de-avaliacao-nao-irreversivel\/"},"author":{"name":"Telinha","@id":"https:\/\/portaltela.pt\/#\/schema\/person\/c4278d4a6028830caff9ee44b42d32ed"},"headline":"Tavares aconselha Benfica FM: erro de avalia\u00e7\u00e3o, n\u00e3o irrevers\u00edvel","datePublished":"2026-03-26T17:27:37+00:00","mainEntityOfPage":{"@id":"https:\/\/portaltela.pt\/noticias\/2026\/03\/26\/tavares-aconselha-benfica-fm-erro-de-avaliacao-nao-irreversivel\/"},"wordCount":224,"image":{"@id":"https:\/\/portaltela.pt\/noticias\/2026\/03\/26\/tavares-aconselha-benfica-fm-erro-de-avaliacao-nao-irreversivel\/#primaryimage"},"thumbnailUrl":"https:\/\/portaltela.pt\/s.01k8rhncp4jt1\/2026\/03\/img_920x518uu2025-11-17-13-09-30-2403272.jpg","keywords":["_economia","+Ideias","1. Liga","Benfica","futebol","publicidade din\u00e2mica"],"articleSection":["Economia","Neg\u00f3cios"],"inLanguage":"pt-PT"},{"@type":"WebPage","@id":"https:\/\/portaltela.pt\/noticias\/2026\/03\/26\/tavares-aconselha-benfica-fm-erro-de-avaliacao-nao-irreversivel\/","url":"https:\/\/portaltela.pt\/noticias\/2026\/03\/26\/tavares-aconselha-benfica-fm-erro-de-avaliacao-nao-irreversivel\/","name":"Tavares aconselha Benfica FM: erro de avalia\u00e7\u00e3o, n\u00e3o irrevers\u00edvel - Portal Tela Portugal","isPartOf":{"@id":"https:\/\/portaltela.pt\/#website"},"primaryImageOfPage":{"@id":"https:\/\/portaltela.pt\/noticias\/2026\/03\/26\/tavares-aconselha-benfica-fm-erro-de-avaliacao-nao-irreversivel\/#primaryimage"},"image":{"@id":"https:\/\/portaltela.pt\/noticias\/2026\/03\/26\/tavares-aconselha-benfica-fm-erro-de-avaliacao-nao-irreversivel\/#primaryimage"},"thumbnailUrl":"https:\/\/portaltela.pt\/s.01k8rhncp4jt1\/2026\/03\/img_920x518uu2025-11-17-13-09-30-2403272.jpg","datePublished":"2026-03-26T17:27:37+00:00","author":{"@id":"https:\/\/portaltela.pt\/#\/schema\/person\/c4278d4a6028830caff9ee44b42d32ed"},"breadcrumb":{"@id":"https:\/\/portaltela.pt\/noticias\/2026\/03\/26\/tavares-aconselha-benfica-fm-erro-de-avaliacao-nao-irreversivel\/#breadcrumb"},"inLanguage":"pt-PT","potentialAction":[{"@type":"ReadAction","target":["https:\/\/portaltela.pt\/noticias\/2026\/03\/26\/tavares-aconselha-benfica-fm-erro-de-avaliacao-nao-irreversivel\/"]}]},{"@type":"ImageObject","inLanguage":"pt-PT","@id":"https:\/\/portaltela.pt\/noticias\/2026\/03\/26\/tavares-aconselha-benfica-fm-erro-de-avaliacao-nao-irreversivel\/#primaryimage","url":"https:\/\/portaltela.pt\/s.01k8rhncp4jt1\/2026\/03\/img_920x518uu2025-11-17-13-09-30-2403272.jpg","contentUrl":"https:\/\/portaltela.pt\/s.01k8rhncp4jt1\/2026\/03\/img_920x518uu2025-11-17-13-09-30-2403272.jpg","width":796,"height":448,"caption":"Fernando Tavares fala sobre a Benfica FM"},{"@type":"BreadcrumbList","@id":"https:\/\/portaltela.pt\/noticias\/2026\/03\/26\/tavares-aconselha-benfica-fm-erro-de-avaliacao-nao-irreversivel\/#breadcrumb","itemListElement":[{"@type":"ListItem","position":1,"name":"In\u00edcio","item":"https:\/\/portaltela.pt\/"},{"@type":"ListItem","position":2,"name":"Tavares aconselha Benfica FM: erro de avalia\u00e7\u00e3o, n\u00e3o irrevers\u00edvel"}]},{"@type":"WebSite","@id":"https:\/\/portaltela.pt\/#website","url":"https:\/\/portaltela.pt\/","name":"Portal Tela Portugal","description":"","potentialAction":[{"@type":"SearchAction","target":{"@type":"EntryPoint","urlTemplate":"https:\/\/portaltela.pt\/?s={search_term_string}"},"query-input":{"@type":"PropertyValueSpecification","valueRequired":true,"valueName":"search_term_string"}}],"inLanguage":"pt-PT"},{"@type":"Person","@id":"https:\/\/portaltela.pt\/#\/schema\/person\/c4278d4a6028830caff9ee44b42d32ed","name":"Telinha","image":{"@type":"ImageObject","inLanguage":"pt-PT","@id":"https:\/\/portaltela.pt\/s.01k8rhncp4jt1\/2025\/11\/talking-bot-125x125.png","url":"https:\/\/portaltela.pt\/s.01k8rhncp4jt1\/2025\/11\/talking-bot-125x125.png","contentUrl":"https:\/\/portaltela.pt\/s.01k8rhncp4jt1\/2025\/11\/talking-bot-125x125.png","caption":"Telinha"},"sameAs":["https:\/\/portaltela.pt\/"],"url":"https:\/\/portaltela.pt\/por\/367410592786\/"}]}},"_links":{"self":[{"href":"https:\/\/portaltela.pt\/api\/wp\/v2\/posts\/422624","targetHints":{"allow":["GET"]}}],"collection":[{"href":"https:\/\/portaltela.pt\/api\/wp\/v2\/posts"}],"about":[{"href":"https:\/\/portaltela.pt\/api\/wp\/v2\/types\/post"}],"author":[{"embeddable":true,"href":"https:\/\/portaltela.pt\/api\/wp\/v2\/users\/2"}],"replies":[{"embeddable":true,"href":"https:\/\/portaltela.pt\/api\/wp\/v2\/comments?post=422624"}],"version-history":[{"count":0,"href":"https:\/\/portaltela.pt\/api\/wp\/v2\/posts\/422624\/revisions"}],"wp:featuredmedia":[{"embeddable":true,"href":"https:\/\/portaltela.pt\/api\/wp\/v2\/media\/422629"}],"wp:attachment":[{"href":"https:\/\/portaltela.pt\/api\/wp\/v2\/media?parent=422624"}],"wp:term":[{"taxonomy":"category","embeddable":true,"href":"https:\/\/portaltela.pt\/api\/wp\/v2\/categories?post=422624"},{"taxonomy":"post_tag","embeddable":true,"href":"https:\/\/portaltela.pt\/api\/wp\/v2\/tags?post=422624"}],"curies":[{"name":"wp","href":"https:\/\/api.w.org\/{rel}","templated":true}]}}