{"id":422622,"date":"2026-03-26T14:02:00","date_gmt":"2026-03-26T17:02:00","guid":{"rendered":"https:\/\/portaltela.pt\/noticias\/2026\/03\/26\/supervisor-admite-vulnerabilidade-nos-creditos-as-zonas-afetadas-pelo-mau-tempo\/"},"modified":"2026-03-26T14:02:00","modified_gmt":"2026-03-26T17:02:00","slug":"supervisor-admite-vulnerabilidade-nos-creditos-as-zonas-afetadas-pelo-mau-tempo","status":"publish","type":"post","link":"https:\/\/portaltela.pt\/noticias\/economia\/2026\/03\/26\/supervisor-admite-vulnerabilidade-nos-creditos-as-zonas-afetadas-pelo-mau-tempo\/","title":{"rendered":"Supervisor admite vulnerabilidade nos cr\u00e9ditos \u00e0s zonas afetadas pelo mau tempo"},"content":{"rendered":"<p>Os cr\u00e9ditos concedidos a empresas e fam\u00edlias na regi\u00e3o dos 90 concelhos em calamidade, ap\u00f3s a passagem do mau tempo que afetou Portugal entre janeiro e fevereiro, representam 19% do total no pa\u00eds. O peso dos activos f\u00edsicos fica mais evidente em estas \u00e1reas, onde estabelecimentos e m\u00e1quinas s\u00e3o mais relevantes no balan\u00e7o das empresas. O bojo das preocupa\u00e7\u00f5es \u00e9 a vulnerabilidade adicional face a eventos clim\u00e1ticos.<\/p>\n<p>O dado surge num contexto em que o supervisor financeiro reconhece o impacto do cen\u00e1rio meteorol\u00f3gico na qualidade dos cr\u00e9ditos. A regi\u00e3o marcada pela calamidade tem concentrado a maior fatia de empr\u00e9stimos concedidos, o que aumenta a exposi\u00e7\u00e3o de bancos a eventuais incumprimentos. A avalia\u00e7\u00e3o decorre segundo as diretrizes do Banco de Portugal.<\/p>\n<p>A an\u00e1lise centra-se na rela\u00e7\u00e3o entre a natureza dos ativos e o risco clim\u00e1tico. Em zonas com maior peso de activos f\u00edsicos, a deteriora\u00e7\u00e3o de condi\u00e7\u00f5es econ\u00f3micas locais pode agravar a perce\u00e7\u00e3o de risco dos bancos. A institui\u00e7\u00e3o reguladora aponta para a necessidade de monitoriza\u00e7\u00e3o refor\u00e7ada e de adequa\u00e7\u00e3o de instrumentos de mitiga\u00e7\u00e3o.<\/p>\n<h3>Contexto e perspetivas<\/h3>\n<p>A calamidade declarada abrange os munic\u00edpios afetados pelo temporal. Os bancos seguem a acompanhar a carteira nessas \u00e1reas, com especial aten\u00e7\u00e3o aos sectores mais expostos. A gest\u00e3o de risco envolve revis\u00f5es peri\u00f3dicas das garantias e medidas de cumprimento financeiro por parte dos clientes.<\/p>\n<p>O coordinador respons\u00e1vel sublinha que, apesar da vulnerabilidade, a dimens\u00e3o dos empr\u00e9stimos continua a refletir a realidade econ\u00f3mica das zonas afetadas. N\u00e3o h\u00e1 novas instru\u00e7\u00f5es espec\u00edficas anunciadas, apenas um refor\u00e7o da vigil\u00e2ncia sobre a qualidade da carteira de cr\u00e9dito.<\/p>\n","protected":false},"excerpt":{"rendered":"<ul>\n<li>Noventa concelhos foram declarados em calamidade ap\u00f3s o comboio de tempestades que atingiu Portugal entre janeiro e fevereiro.<\/li>\n<li>Esses concelhos concentram 19% dos cr\u00e9ditos destinados a empresas e fam\u00edlias concedidos pelos bancos no pa\u00eds.<\/li>\n<li>O peso crescente de activos f\u00edsicos, como estabelecimentos ou m\u00e1quinas, nas empresas da regi\u00e3o aumenta a exposi\u00e7\u00e3o ao risco.<\/li>\n<li>O Banco de Portugal considera que estes cr\u00e9ditos enfrentam vulnerabilidade adicional perante eventos clim\u00e1ticos.<\/li>\n<\/ul>\n","protected":false},"author":2,"featured_media":422628,"comment_status":"closed","ping_status":"closed","sticky":false,"template":"","format":"standard","meta":{"footnotes":""},"categories":[2,6850],"tags":[6115,7027,4687,4966,1960,1014],"class_list":["post-422622","post","type-post","status-publish","format-standard","has-post-thumbnail","hentry","category-economia","category-financas","tag-_economia","tag-bancos","tag-calamidade-publica","tag-calamidades","tag-credito","tag-portugal"],"yoast_head":"<!-- This site is optimized with the Yoast SEO plugin v27.2 - https:\/\/yoast.com\/product\/yoast-seo-wordpress\/ -->\n<title>Supervisor admite vulnerabilidade nos cr\u00e9ditos \u00e0s zonas afetadas pelo mau tempo - Portal Tela Portugal<\/title>\n<meta name=\"robots\" content=\"index, follow, max-snippet:-1, max-image-preview:large, max-video-preview:-1\" \/>\n<meta property=\"og:locale\" content=\"pt_PT\" \/>\n<meta property=\"og:type\" content=\"article\" \/>\n<meta property=\"og:title\" content=\"Supervisor admite vulnerabilidade nos cr\u00e9ditos \u00e0s zonas afetadas pelo mau tempo - Portal Tela Portugal\" \/>\n<meta property=\"og:description\" content=\"Noventa concelhos foram declarados em calamidade ap\u00f3s o comboio de tempestades que atingiu Portugal entre janeiro e fevereiro. Esses concelhos concentram 19% dos cr\u00e9ditos destinados a empresas e fam\u00edlias concedidos pelos bancos no pa\u00eds. O peso crescente de activos f\u00edsicos, como estabelecimentos ou m\u00e1quinas, nas empresas da regi\u00e3o aumenta a exposi\u00e7\u00e3o ao risco. O Banco de Portugal considera que estes cr\u00e9ditos enfrentam vulnerabilidade adicional perante eventos clim\u00e1ticos.\" \/>\n<meta property=\"og:url\" content=\"https:\/\/portaltela.pt\/noticias\/2026\/03\/26\/supervisor-admite-vulnerabilidade-nos-creditos-as-zonas-afetadas-pelo-mau-tempo\/\" \/>\n<meta property=\"og:site_name\" content=\"Portal Tela Portugal\" \/>\n<meta property=\"article:published_time\" content=\"2026-03-26T17:02:00+00:00\" \/>\n<meta name=\"author\" content=\"Telinha\" \/>\n<meta name=\"twitter:card\" content=\"summary_large_image\" \/>\n<meta name=\"twitter:label1\" content=\"Escrito por\" \/>\n\t<meta name=\"twitter:data1\" content=\"Telinha\" \/>\n\t<meta name=\"twitter:label2\" content=\"Tempo estimado de leitura\" \/>\n\t<meta name=\"twitter:data2\" content=\"2 minutos\" \/>\n<script type=\"application\/ld+json\" class=\"yoast-schema-graph\">{\"@context\":\"https:\/\/schema.org\",\"@graph\":[{\"@type\":\"Article\",\"@id\":\"https:\/\/portaltela.pt\/noticias\/2026\/03\/26\/supervisor-admite-vulnerabilidade-nos-creditos-as-zonas-afetadas-pelo-mau-tempo\/#article\",\"isPartOf\":{\"@id\":\"https:\/\/portaltela.pt\/noticias\/2026\/03\/26\/supervisor-admite-vulnerabilidade-nos-creditos-as-zonas-afetadas-pelo-mau-tempo\/\"},\"author\":{\"name\":\"Telinha\",\"@id\":\"https:\/\/portaltela.pt\/#\/schema\/person\/c4278d4a6028830caff9ee44b42d32ed\"},\"headline\":\"Supervisor admite vulnerabilidade nos cr\u00e9ditos \u00e0s zonas afetadas pelo mau tempo\",\"datePublished\":\"2026-03-26T17:02:00+00:00\",\"mainEntityOfPage\":{\"@id\":\"https:\/\/portaltela.pt\/noticias\/2026\/03\/26\/supervisor-admite-vulnerabilidade-nos-creditos-as-zonas-afetadas-pelo-mau-tempo\/\"},\"wordCount\":313,\"image\":{\"@id\":\"https:\/\/portaltela.pt\/noticias\/2026\/03\/26\/supervisor-admite-vulnerabilidade-nos-creditos-as-zonas-afetadas-pelo-mau-tempo\/#primaryimage\"},\"thumbnailUrl\":\"https:\/\/portaltela.pt\/s.01k8rhncp4jt1\/2026\/03\/tpUHdbIMAGENStypeJPGshare1oBarraFacebook_Publico-82.jpg\",\"keywords\":[\"_economia\",\"bancos\",\"calamidade p\u00fablica\",\"calamidades\",\"cr\u00e9dito\",\"Portugal\"],\"articleSection\":[\"Economia\",\"Finan\u00e7as\"],\"inLanguage\":\"pt-PT\"},{\"@type\":\"WebPage\",\"@id\":\"https:\/\/portaltela.pt\/noticias\/2026\/03\/26\/supervisor-admite-vulnerabilidade-nos-creditos-as-zonas-afetadas-pelo-mau-tempo\/\",\"url\":\"https:\/\/portaltela.pt\/noticias\/2026\/03\/26\/supervisor-admite-vulnerabilidade-nos-creditos-as-zonas-afetadas-pelo-mau-tempo\/\",\"name\":\"Supervisor admite vulnerabilidade nos cr\u00e9ditos \u00e0s zonas afetadas pelo mau tempo - Portal Tela Portugal\",\"isPartOf\":{\"@id\":\"https:\/\/portaltela.pt\/#website\"},\"primaryImageOfPage\":{\"@id\":\"https:\/\/portaltela.pt\/noticias\/2026\/03\/26\/supervisor-admite-vulnerabilidade-nos-creditos-as-zonas-afetadas-pelo-mau-tempo\/#primaryimage\"},\"image\":{\"@id\":\"https:\/\/portaltela.pt\/noticias\/2026\/03\/26\/supervisor-admite-vulnerabilidade-nos-creditos-as-zonas-afetadas-pelo-mau-tempo\/#primaryimage\"},\"thumbnailUrl\":\"https:\/\/portaltela.pt\/s.01k8rhncp4jt1\/2026\/03\/tpUHdbIMAGENStypeJPGshare1oBarraFacebook_Publico-82.jpg\",\"datePublished\":\"2026-03-26T17:02:00+00:00\",\"author\":{\"@id\":\"https:\/\/portaltela.pt\/#\/schema\/person\/c4278d4a6028830caff9ee44b42d32ed\"},\"breadcrumb\":{\"@id\":\"https:\/\/portaltela.pt\/noticias\/2026\/03\/26\/supervisor-admite-vulnerabilidade-nos-creditos-as-zonas-afetadas-pelo-mau-tempo\/#breadcrumb\"},\"inLanguage\":\"pt-PT\",\"potentialAction\":[{\"@type\":\"ReadAction\",\"target\":[\"https:\/\/portaltela.pt\/noticias\/2026\/03\/26\/supervisor-admite-vulnerabilidade-nos-creditos-as-zonas-afetadas-pelo-mau-tempo\/\"]}]},{\"@type\":\"ImageObject\",\"inLanguage\":\"pt-PT\",\"@id\":\"https:\/\/portaltela.pt\/noticias\/2026\/03\/26\/supervisor-admite-vulnerabilidade-nos-creditos-as-zonas-afetadas-pelo-mau-tempo\/#primaryimage\",\"url\":\"https:\/\/portaltela.pt\/s.01k8rhncp4jt1\/2026\/03\/tpUHdbIMAGENStypeJPGshare1oBarraFacebook_Publico-82.jpg\",\"contentUrl\":\"https:\/\/portaltela.pt\/s.01k8rhncp4jt1\/2026\/03\/tpUHdbIMAGENStypeJPGshare1oBarraFacebook_Publico-82.jpg\",\"width\":1200,\"height\":630,\"caption\":\"A tempestade Kristin destruiu activos f\u00edsicos de empresas localizadas na regi\u00e3o\"},{\"@type\":\"BreadcrumbList\",\"@id\":\"https:\/\/portaltela.pt\/noticias\/2026\/03\/26\/supervisor-admite-vulnerabilidade-nos-creditos-as-zonas-afetadas-pelo-mau-tempo\/#breadcrumb\",\"itemListElement\":[{\"@type\":\"ListItem\",\"position\":1,\"name\":\"In\u00edcio\",\"item\":\"https:\/\/portaltela.pt\/\"},{\"@type\":\"ListItem\",\"position\":2,\"name\":\"Supervisor admite vulnerabilidade nos cr\u00e9ditos \u00e0s zonas afetadas pelo mau tempo\"}]},{\"@type\":\"WebSite\",\"@id\":\"https:\/\/portaltela.pt\/#website\",\"url\":\"https:\/\/portaltela.pt\/\",\"name\":\"Portal Tela Portugal\",\"description\":\"\",\"potentialAction\":[{\"@type\":\"SearchAction\",\"target\":{\"@type\":\"EntryPoint\",\"urlTemplate\":\"https:\/\/portaltela.pt\/?s={search_term_string}\"},\"query-input\":{\"@type\":\"PropertyValueSpecification\",\"valueRequired\":true,\"valueName\":\"search_term_string\"}}],\"inLanguage\":\"pt-PT\"},{\"@type\":\"Person\",\"@id\":\"https:\/\/portaltela.pt\/#\/schema\/person\/c4278d4a6028830caff9ee44b42d32ed\",\"name\":\"Telinha\",\"image\":{\"@type\":\"ImageObject\",\"inLanguage\":\"pt-PT\",\"@id\":\"https:\/\/portaltela.pt\/s.01k8rhncp4jt1\/2025\/11\/talking-bot-125x125.png\",\"url\":\"https:\/\/portaltela.pt\/s.01k8rhncp4jt1\/2025\/11\/talking-bot-125x125.png\",\"contentUrl\":\"https:\/\/portaltela.pt\/s.01k8rhncp4jt1\/2025\/11\/talking-bot-125x125.png\",\"caption\":\"Telinha\"},\"sameAs\":[\"https:\/\/portaltela.pt\/\"],\"url\":\"https:\/\/portaltela.pt\/por\/367410592786\/\"}]}<\/script>\n<!-- \/ Yoast SEO plugin. -->","yoast_head_json":{"title":"Supervisor admite vulnerabilidade nos cr\u00e9ditos \u00e0s zonas afetadas pelo mau tempo - Portal Tela Portugal","robots":{"index":"index","follow":"follow","max-snippet":"max-snippet:-1","max-image-preview":"max-image-preview:large","max-video-preview":"max-video-preview:-1"},"og_locale":"pt_PT","og_type":"article","og_title":"Supervisor admite vulnerabilidade nos cr\u00e9ditos \u00e0s zonas afetadas pelo mau tempo - Portal Tela Portugal","og_description":"Noventa concelhos foram declarados em calamidade ap\u00f3s o comboio de tempestades que atingiu Portugal entre janeiro e fevereiro. Esses concelhos concentram 19% dos cr\u00e9ditos destinados a empresas e fam\u00edlias concedidos pelos bancos no pa\u00eds. O peso crescente de activos f\u00edsicos, como estabelecimentos ou m\u00e1quinas, nas empresas da regi\u00e3o aumenta a exposi\u00e7\u00e3o ao risco. O Banco de Portugal considera que estes cr\u00e9ditos enfrentam vulnerabilidade adicional perante eventos clim\u00e1ticos.","og_url":"https:\/\/portaltela.pt\/noticias\/2026\/03\/26\/supervisor-admite-vulnerabilidade-nos-creditos-as-zonas-afetadas-pelo-mau-tempo\/","og_site_name":"Portal Tela Portugal","article_published_time":"2026-03-26T17:02:00+00:00","author":"Telinha","twitter_card":"summary_large_image","twitter_misc":{"Escrito por":"Telinha","Tempo estimado de leitura":"2 minutos"},"schema":{"@context":"https:\/\/schema.org","@graph":[{"@type":"Article","@id":"https:\/\/portaltela.pt\/noticias\/2026\/03\/26\/supervisor-admite-vulnerabilidade-nos-creditos-as-zonas-afetadas-pelo-mau-tempo\/#article","isPartOf":{"@id":"https:\/\/portaltela.pt\/noticias\/2026\/03\/26\/supervisor-admite-vulnerabilidade-nos-creditos-as-zonas-afetadas-pelo-mau-tempo\/"},"author":{"name":"Telinha","@id":"https:\/\/portaltela.pt\/#\/schema\/person\/c4278d4a6028830caff9ee44b42d32ed"},"headline":"Supervisor admite vulnerabilidade nos cr\u00e9ditos \u00e0s zonas afetadas pelo mau tempo","datePublished":"2026-03-26T17:02:00+00:00","mainEntityOfPage":{"@id":"https:\/\/portaltela.pt\/noticias\/2026\/03\/26\/supervisor-admite-vulnerabilidade-nos-creditos-as-zonas-afetadas-pelo-mau-tempo\/"},"wordCount":313,"image":{"@id":"https:\/\/portaltela.pt\/noticias\/2026\/03\/26\/supervisor-admite-vulnerabilidade-nos-creditos-as-zonas-afetadas-pelo-mau-tempo\/#primaryimage"},"thumbnailUrl":"https:\/\/portaltela.pt\/s.01k8rhncp4jt1\/2026\/03\/tpUHdbIMAGENStypeJPGshare1oBarraFacebook_Publico-82.jpg","keywords":["_economia","bancos","calamidade p\u00fablica","calamidades","cr\u00e9dito","Portugal"],"articleSection":["Economia","Finan\u00e7as"],"inLanguage":"pt-PT"},{"@type":"WebPage","@id":"https:\/\/portaltela.pt\/noticias\/2026\/03\/26\/supervisor-admite-vulnerabilidade-nos-creditos-as-zonas-afetadas-pelo-mau-tempo\/","url":"https:\/\/portaltela.pt\/noticias\/2026\/03\/26\/supervisor-admite-vulnerabilidade-nos-creditos-as-zonas-afetadas-pelo-mau-tempo\/","name":"Supervisor admite vulnerabilidade nos cr\u00e9ditos \u00e0s zonas afetadas pelo mau tempo - Portal Tela Portugal","isPartOf":{"@id":"https:\/\/portaltela.pt\/#website"},"primaryImageOfPage":{"@id":"https:\/\/portaltela.pt\/noticias\/2026\/03\/26\/supervisor-admite-vulnerabilidade-nos-creditos-as-zonas-afetadas-pelo-mau-tempo\/#primaryimage"},"image":{"@id":"https:\/\/portaltela.pt\/noticias\/2026\/03\/26\/supervisor-admite-vulnerabilidade-nos-creditos-as-zonas-afetadas-pelo-mau-tempo\/#primaryimage"},"thumbnailUrl":"https:\/\/portaltela.pt\/s.01k8rhncp4jt1\/2026\/03\/tpUHdbIMAGENStypeJPGshare1oBarraFacebook_Publico-82.jpg","datePublished":"2026-03-26T17:02:00+00:00","author":{"@id":"https:\/\/portaltela.pt\/#\/schema\/person\/c4278d4a6028830caff9ee44b42d32ed"},"breadcrumb":{"@id":"https:\/\/portaltela.pt\/noticias\/2026\/03\/26\/supervisor-admite-vulnerabilidade-nos-creditos-as-zonas-afetadas-pelo-mau-tempo\/#breadcrumb"},"inLanguage":"pt-PT","potentialAction":[{"@type":"ReadAction","target":["https:\/\/portaltela.pt\/noticias\/2026\/03\/26\/supervisor-admite-vulnerabilidade-nos-creditos-as-zonas-afetadas-pelo-mau-tempo\/"]}]},{"@type":"ImageObject","inLanguage":"pt-PT","@id":"https:\/\/portaltela.pt\/noticias\/2026\/03\/26\/supervisor-admite-vulnerabilidade-nos-creditos-as-zonas-afetadas-pelo-mau-tempo\/#primaryimage","url":"https:\/\/portaltela.pt\/s.01k8rhncp4jt1\/2026\/03\/tpUHdbIMAGENStypeJPGshare1oBarraFacebook_Publico-82.jpg","contentUrl":"https:\/\/portaltela.pt\/s.01k8rhncp4jt1\/2026\/03\/tpUHdbIMAGENStypeJPGshare1oBarraFacebook_Publico-82.jpg","width":1200,"height":630,"caption":"A tempestade Kristin destruiu activos f\u00edsicos de empresas localizadas na regi\u00e3o"},{"@type":"BreadcrumbList","@id":"https:\/\/portaltela.pt\/noticias\/2026\/03\/26\/supervisor-admite-vulnerabilidade-nos-creditos-as-zonas-afetadas-pelo-mau-tempo\/#breadcrumb","itemListElement":[{"@type":"ListItem","position":1,"name":"In\u00edcio","item":"https:\/\/portaltela.pt\/"},{"@type":"ListItem","position":2,"name":"Supervisor admite vulnerabilidade nos cr\u00e9ditos \u00e0s zonas afetadas pelo mau tempo"}]},{"@type":"WebSite","@id":"https:\/\/portaltela.pt\/#website","url":"https:\/\/portaltela.pt\/","name":"Portal Tela Portugal","description":"","potentialAction":[{"@type":"SearchAction","target":{"@type":"EntryPoint","urlTemplate":"https:\/\/portaltela.pt\/?s={search_term_string}"},"query-input":{"@type":"PropertyValueSpecification","valueRequired":true,"valueName":"search_term_string"}}],"inLanguage":"pt-PT"},{"@type":"Person","@id":"https:\/\/portaltela.pt\/#\/schema\/person\/c4278d4a6028830caff9ee44b42d32ed","name":"Telinha","image":{"@type":"ImageObject","inLanguage":"pt-PT","@id":"https:\/\/portaltela.pt\/s.01k8rhncp4jt1\/2025\/11\/talking-bot-125x125.png","url":"https:\/\/portaltela.pt\/s.01k8rhncp4jt1\/2025\/11\/talking-bot-125x125.png","contentUrl":"https:\/\/portaltela.pt\/s.01k8rhncp4jt1\/2025\/11\/talking-bot-125x125.png","caption":"Telinha"},"sameAs":["https:\/\/portaltela.pt\/"],"url":"https:\/\/portaltela.pt\/por\/367410592786\/"}]}},"_links":{"self":[{"href":"https:\/\/portaltela.pt\/api\/wp\/v2\/posts\/422622","targetHints":{"allow":["GET"]}}],"collection":[{"href":"https:\/\/portaltela.pt\/api\/wp\/v2\/posts"}],"about":[{"href":"https:\/\/portaltela.pt\/api\/wp\/v2\/types\/post"}],"author":[{"embeddable":true,"href":"https:\/\/portaltela.pt\/api\/wp\/v2\/users\/2"}],"replies":[{"embeddable":true,"href":"https:\/\/portaltela.pt\/api\/wp\/v2\/comments?post=422622"}],"version-history":[{"count":0,"href":"https:\/\/portaltela.pt\/api\/wp\/v2\/posts\/422622\/revisions"}],"wp:featuredmedia":[{"embeddable":true,"href":"https:\/\/portaltela.pt\/api\/wp\/v2\/media\/422628"}],"wp:attachment":[{"href":"https:\/\/portaltela.pt\/api\/wp\/v2\/media?parent=422622"}],"wp:term":[{"taxonomy":"category","embeddable":true,"href":"https:\/\/portaltela.pt\/api\/wp\/v2\/categories?post=422622"},{"taxonomy":"post_tag","embeddable":true,"href":"https:\/\/portaltela.pt\/api\/wp\/v2\/tags?post=422622"}],"curies":[{"name":"wp","href":"https:\/\/api.w.org\/{rel}","templated":true}]}}