{"id":422620,"date":"2026-03-26T14:32:43","date_gmt":"2026-03-26T17:32:43","guid":{"rendered":"https:\/\/portaltela.pt\/noticias\/2026\/03\/26\/gravacoes-sobre-apagao-colocam-presidente-de-operadora-espanhola-em-apuros\/"},"modified":"2026-03-26T14:32:43","modified_gmt":"2026-03-26T17:32:43","slug":"gravacoes-sobre-apagao-colocam-presidente-de-operadora-espanhola-em-apuros","status":"publish","type":"post","link":"https:\/\/portaltela.pt\/renovaveis\/2026\/03\/26\/gravacoes-sobre-apagao-colocam-presidente-de-operadora-espanhola-em-apuros\/","title":{"rendered":"Grava\u00e7\u00f5es sobre apag\u00e3o colocam presidente de operadora espanhola em apuros"},"content":{"rendered":"<p>Beatriz Corredor, presidente da Redeia, foi ouvida esta semana pela comiss\u00e3o do Senado respons\u00e1vel pela investiga\u00e7\u00e3o ao apag\u00e3o el\u00e9trico que afetou Portugal e Espanha. As grava\u00e7\u00f5es internas, tornadas p\u00fablicas recentemente, sugerem alertas de instabilidade na rede dias antes do incidente de 28 de abril de 2025.<\/p>\n<p>A dirigente negou qualquer responsabilidade da empresa, citando relat\u00f3rios oficiais e peritos europeus da Entso-e. Afirma que o apag\u00e3o foi um fen\u00f3meno multifactorial, in\u00e9dito e imprevis\u00edvel, e garante que a Redeia atuou com transpar\u00eancia perante as empresas do setor.<\/p>\n<p>Durante a sess\u00e3o, o senador Miguel \u00c1ngel Castell\u00f3n, do Partido Popular, acusou a Red El\u00e9ctrica, hoje Redeia, de n\u00e3o ter disponibilizado comunica\u00e7\u00f5es anteriores ao apag\u00e3o. Fontes do parlamento indicam que, entre fevereiro e abril de 2025, t\u00e9cnicos j\u00e1 discutiam varia\u00e7\u00f5es de tens\u00e3o.<\/p>\n<p>Num momento anterior, uma interven\u00e7\u00e3o da ex-ministra da Habita\u00e7\u00e3o apontou uma oscila\u00e7\u00e3o numa central fotovoltaica de Badajoz \u00e0s 12h03 como o in\u00edcio do colapso, ainda que tenha sublinhado que eventos anteriores n\u00e3o eram relevantes do ponto de vista t\u00e9cnico.<\/p>\n<p>A comiss\u00e3o ouviu as grava\u00e7\u00f5es a t\u00edtulo confidencial e n\u00e3o mant\u00e9m c\u00f3pias. O relat\u00f3rio final permanece em aberto: a Redeia sustenta que n\u00e3o houve falha de relevo, enquanto os \u00e1udios reacendem d\u00favidas sobre sinais de fragilidade do sistema antes do apag\u00e3o hist\u00f3rico.<\/p>\n","protected":false},"excerpt":{"rendered":"<ul>\n<li>Beatriz Corredor, presidente da Redeia (antiga Red El\u00e9ctrica), dep\u00f4s no Senado sobre o apag\u00e3o de 28 de abril de 2025; grava\u00e7\u00f5es internas divulgadas mostram alertas sobre instabilidade da rede dias antes.<\/li>\n<li>Nas grava\u00e7\u00f5es, operadores mencionam termos como &#8220;pouca in\u00e9rcia no sistema&#8221; e &#8220;a situa\u00e7\u00e3o est\u00e1 complicada&#8221;, associando as preocupa\u00e7\u00f5es \u00e0 gera\u00e7\u00e3o solar.<\/li>\n<li>Corredor sustenta que n\u00e3o h\u00e1 responsabilidade da empresa e baseia-se em relat\u00f3rios oficiais, incluindo peritos da Entso-e, para dizer que o apag\u00e3o foi multifatorial, in\u00e9dito e imprevis\u00edvel.<\/li>\n<li>A bancada da oposi\u00e7\u00e3o acusa a Redeia de ter recusado fornecer comunica\u00e7\u00f5es completas ao Senado, com grava\u00e7\u00f5es indicando preocupa\u00e7\u00e3o t\u00e9cnica em fevereiro, mar\u00e7o e abril de 2025.<\/li>\n<li>A ex-ministra citou uma oscila\u00e7\u00e3o registada \u00e0s 12h03 numa central fotovoltaica de Badajoz como a &#8220;primeira pe\u00e7a do domin\u00f3&#8221; do apag\u00e3o, mantendo que eventos anteriores n\u00e3o s\u00e3o relevantes tecnicamente.<\/li>\n<\/ul>\n","protected":false},"author":2,"featured_media":422621,"comment_status":"closed","ping_status":"closed","sticky":false,"template":"","format":"standard","meta":{"footnotes":""},"categories":[6806,7382],"tags":[1550,2950,174,4549,2031,1014],"class_list":["post-422620","post","type-post","status-publish","format-standard","has-post-thumbnail","hentry","category-energia","category-renovaveis","tag-apagao","tag-apagoes","tag-energia","tag-energia-eletrica","tag-espanha","tag-portugal"],"yoast_head":"<!-- This site is optimized with the Yoast SEO plugin v27.2 - https:\/\/yoast.com\/product\/yoast-seo-wordpress\/ -->\n<title>Grava\u00e7\u00f5es sobre apag\u00e3o colocam presidente de operadora espanhola em apuros - Portal Tela Portugal<\/title>\n<meta name=\"robots\" content=\"index, follow, max-snippet:-1, max-image-preview:large, max-video-preview:-1\" \/>\n<meta property=\"og:locale\" content=\"pt_PT\" \/>\n<meta property=\"og:type\" content=\"article\" \/>\n<meta property=\"og:title\" content=\"Grava\u00e7\u00f5es sobre apag\u00e3o colocam presidente de operadora espanhola em apuros - Portal Tela Portugal\" \/>\n<meta property=\"og:description\" content=\"Beatriz Corredor, presidente da Redeia (antiga Red El\u00e9ctrica), dep\u00f4s no Senado sobre o apag\u00e3o de 28 de abril de 2025; grava\u00e7\u00f5es internas divulgadas mostram alertas sobre instabilidade da rede dias antes. Nas grava\u00e7\u00f5es, operadores mencionam termos como &quot;pouca in\u00e9rcia no sistema&quot; e &quot;a situa\u00e7\u00e3o est\u00e1 complicada&quot;, associando as preocupa\u00e7\u00f5es \u00e0 gera\u00e7\u00e3o solar. Corredor sustenta que n\u00e3o h\u00e1 responsabilidade da empresa e baseia-se em relat\u00f3rios oficiais, incluindo peritos da Entso-e, para dizer que o apag\u00e3o foi multifatorial, in\u00e9dito e imprevis\u00edvel. A bancada da oposi\u00e7\u00e3o acusa a Redeia de ter recusado fornecer comunica\u00e7\u00f5es completas ao Senado, com grava\u00e7\u00f5es indicando preocupa\u00e7\u00e3o t\u00e9cnica em fevereiro, mar\u00e7o e abril de 2025. A ex-ministra citou uma oscila\u00e7\u00e3o registada \u00e0s 12h03 numa central fotovoltaica de Badajoz como a &quot;primeira pe\u00e7a do domin\u00f3&quot; do apag\u00e3o, mantendo que eventos anteriores n\u00e3o s\u00e3o relevantes tecnicamente.\" \/>\n<meta property=\"og:url\" content=\"https:\/\/portaltela.pt\/noticias\/2026\/03\/26\/gravacoes-sobre-apagao-colocam-presidente-de-operadora-espanhola-em-apuros\/\" \/>\n<meta property=\"og:site_name\" content=\"Portal Tela Portugal\" \/>\n<meta property=\"article:published_time\" content=\"2026-03-26T17:32:43+00:00\" \/>\n<meta name=\"author\" content=\"Telinha\" \/>\n<meta name=\"twitter:card\" content=\"summary_large_image\" \/>\n<meta name=\"twitter:label1\" content=\"Escrito por\" \/>\n\t<meta name=\"twitter:data1\" content=\"Telinha\" \/>\n\t<meta name=\"twitter:label2\" content=\"Tempo estimado de leitura\" \/>\n\t<meta name=\"twitter:data2\" content=\"1 minuto\" \/>\n<script type=\"application\/ld+json\" class=\"yoast-schema-graph\">{\"@context\":\"https:\/\/schema.org\",\"@graph\":[{\"@type\":\"Article\",\"@id\":\"https:\/\/portaltela.pt\/noticias\/2026\/03\/26\/gravacoes-sobre-apagao-colocam-presidente-de-operadora-espanhola-em-apuros\/#article\",\"isPartOf\":{\"@id\":\"https:\/\/portaltela.pt\/noticias\/2026\/03\/26\/gravacoes-sobre-apagao-colocam-presidente-de-operadora-espanhola-em-apuros\/\"},\"author\":{\"name\":\"Telinha\",\"@id\":\"https:\/\/portaltela.pt\/#\/schema\/person\/c4278d4a6028830caff9ee44b42d32ed\"},\"headline\":\"Grava\u00e7\u00f5es sobre apag\u00e3o colocam presidente de operadora espanhola em apuros\",\"datePublished\":\"2026-03-26T17:32:43+00:00\",\"mainEntityOfPage\":{\"@id\":\"https:\/\/portaltela.pt\/noticias\/2026\/03\/26\/gravacoes-sobre-apagao-colocam-presidente-de-operadora-espanhola-em-apuros\/\"},\"wordCount\":256,\"image\":{\"@id\":\"https:\/\/portaltela.pt\/noticias\/2026\/03\/26\/gravacoes-sobre-apagao-colocam-presidente-de-operadora-espanhola-em-apuros\/#primaryimage\"},\"thumbnailUrl\":\"https:\/\/portaltela.pt\/s.01k8rhncp4jt1\/2026\/03\/1536x864_cmsv2_75081961-de0f-5fca-b780-fea638b8e966-9699745.jpg\",\"keywords\":[\"apag\u00e3o\",\"apag\u00f5es\",\"energia\",\"energia el\u00e9trica\",\"Espanha\",\"Portugal\"],\"articleSection\":[\"Energia\",\"Renov\u00e1veis\"],\"inLanguage\":\"pt-PT\"},{\"@type\":\"WebPage\",\"@id\":\"https:\/\/portaltela.pt\/noticias\/2026\/03\/26\/gravacoes-sobre-apagao-colocam-presidente-de-operadora-espanhola-em-apuros\/\",\"url\":\"https:\/\/portaltela.pt\/noticias\/2026\/03\/26\/gravacoes-sobre-apagao-colocam-presidente-de-operadora-espanhola-em-apuros\/\",\"name\":\"Grava\u00e7\u00f5es sobre apag\u00e3o colocam presidente de operadora espanhola em apuros - Portal Tela Portugal\",\"isPartOf\":{\"@id\":\"https:\/\/portaltela.pt\/#website\"},\"primaryImageOfPage\":{\"@id\":\"https:\/\/portaltela.pt\/noticias\/2026\/03\/26\/gravacoes-sobre-apagao-colocam-presidente-de-operadora-espanhola-em-apuros\/#primaryimage\"},\"image\":{\"@id\":\"https:\/\/portaltela.pt\/noticias\/2026\/03\/26\/gravacoes-sobre-apagao-colocam-presidente-de-operadora-espanhola-em-apuros\/#primaryimage\"},\"thumbnailUrl\":\"https:\/\/portaltela.pt\/s.01k8rhncp4jt1\/2026\/03\/1536x864_cmsv2_75081961-de0f-5fca-b780-fea638b8e966-9699745.jpg\",\"datePublished\":\"2026-03-26T17:32:43+00:00\",\"author\":{\"@id\":\"https:\/\/portaltela.pt\/#\/schema\/person\/c4278d4a6028830caff9ee44b42d32ed\"},\"breadcrumb\":{\"@id\":\"https:\/\/portaltela.pt\/noticias\/2026\/03\/26\/gravacoes-sobre-apagao-colocam-presidente-de-operadora-espanhola-em-apuros\/#breadcrumb\"},\"inLanguage\":\"pt-PT\",\"potentialAction\":[{\"@type\":\"ReadAction\",\"target\":[\"https:\/\/portaltela.pt\/noticias\/2026\/03\/26\/gravacoes-sobre-apagao-colocam-presidente-de-operadora-espanhola-em-apuros\/\"]}]},{\"@type\":\"ImageObject\",\"inLanguage\":\"pt-PT\",\"@id\":\"https:\/\/portaltela.pt\/noticias\/2026\/03\/26\/gravacoes-sobre-apagao-colocam-presidente-de-operadora-espanhola-em-apuros\/#primaryimage\",\"url\":\"https:\/\/portaltela.pt\/s.01k8rhncp4jt1\/2026\/03\/1536x864_cmsv2_75081961-de0f-5fca-b780-fea638b8e966-9699745.jpg\",\"contentUrl\":\"https:\/\/portaltela.pt\/s.01k8rhncp4jt1\/2026\/03\/1536x864_cmsv2_75081961-de0f-5fca-b780-fea638b8e966-9699745.jpg\",\"width\":796,\"height\":448,\"caption\":\"Clientes jantam num restaurante iluminado por um gerador durante um apag\u00e3o em Barcelona, Espanha, segunda-feira, 28 de abril de 2025.\"},{\"@type\":\"BreadcrumbList\",\"@id\":\"https:\/\/portaltela.pt\/noticias\/2026\/03\/26\/gravacoes-sobre-apagao-colocam-presidente-de-operadora-espanhola-em-apuros\/#breadcrumb\",\"itemListElement\":[{\"@type\":\"ListItem\",\"position\":1,\"name\":\"In\u00edcio\",\"item\":\"https:\/\/portaltela.pt\/\"},{\"@type\":\"ListItem\",\"position\":2,\"name\":\"Grava\u00e7\u00f5es sobre apag\u00e3o colocam presidente de operadora espanhola em apuros\"}]},{\"@type\":\"WebSite\",\"@id\":\"https:\/\/portaltela.pt\/#website\",\"url\":\"https:\/\/portaltela.pt\/\",\"name\":\"Portal Tela Portugal\",\"description\":\"\",\"potentialAction\":[{\"@type\":\"SearchAction\",\"target\":{\"@type\":\"EntryPoint\",\"urlTemplate\":\"https:\/\/portaltela.pt\/?s={search_term_string}\"},\"query-input\":{\"@type\":\"PropertyValueSpecification\",\"valueRequired\":true,\"valueName\":\"search_term_string\"}}],\"inLanguage\":\"pt-PT\"},{\"@type\":\"Person\",\"@id\":\"https:\/\/portaltela.pt\/#\/schema\/person\/c4278d4a6028830caff9ee44b42d32ed\",\"name\":\"Telinha\",\"image\":{\"@type\":\"ImageObject\",\"inLanguage\":\"pt-PT\",\"@id\":\"https:\/\/portaltela.pt\/s.01k8rhncp4jt1\/2025\/11\/talking-bot-125x125.png\",\"url\":\"https:\/\/portaltela.pt\/s.01k8rhncp4jt1\/2025\/11\/talking-bot-125x125.png\",\"contentUrl\":\"https:\/\/portaltela.pt\/s.01k8rhncp4jt1\/2025\/11\/talking-bot-125x125.png\",\"caption\":\"Telinha\"},\"sameAs\":[\"https:\/\/portaltela.pt\/\"],\"url\":\"https:\/\/portaltela.pt\/por\/367410592786\/\"}]}<\/script>\n<!-- \/ Yoast SEO plugin. -->","yoast_head_json":{"title":"Grava\u00e7\u00f5es sobre apag\u00e3o colocam presidente de operadora espanhola em apuros - Portal Tela Portugal","robots":{"index":"index","follow":"follow","max-snippet":"max-snippet:-1","max-image-preview":"max-image-preview:large","max-video-preview":"max-video-preview:-1"},"og_locale":"pt_PT","og_type":"article","og_title":"Grava\u00e7\u00f5es sobre apag\u00e3o colocam presidente de operadora espanhola em apuros - Portal Tela Portugal","og_description":"Beatriz Corredor, presidente da Redeia (antiga Red El\u00e9ctrica), dep\u00f4s no Senado sobre o apag\u00e3o de 28 de abril de 2025; grava\u00e7\u00f5es internas divulgadas mostram alertas sobre instabilidade da rede dias antes. Nas grava\u00e7\u00f5es, operadores mencionam termos como \"pouca in\u00e9rcia no sistema\" e \"a situa\u00e7\u00e3o est\u00e1 complicada\", associando as preocupa\u00e7\u00f5es \u00e0 gera\u00e7\u00e3o solar. Corredor sustenta que n\u00e3o h\u00e1 responsabilidade da empresa e baseia-se em relat\u00f3rios oficiais, incluindo peritos da Entso-e, para dizer que o apag\u00e3o foi multifatorial, in\u00e9dito e imprevis\u00edvel. A bancada da oposi\u00e7\u00e3o acusa a Redeia de ter recusado fornecer comunica\u00e7\u00f5es completas ao Senado, com grava\u00e7\u00f5es indicando preocupa\u00e7\u00e3o t\u00e9cnica em fevereiro, mar\u00e7o e abril de 2025. A ex-ministra citou uma oscila\u00e7\u00e3o registada \u00e0s 12h03 numa central fotovoltaica de Badajoz como a \"primeira pe\u00e7a do domin\u00f3\" do apag\u00e3o, mantendo que eventos anteriores n\u00e3o s\u00e3o relevantes tecnicamente.","og_url":"https:\/\/portaltela.pt\/noticias\/2026\/03\/26\/gravacoes-sobre-apagao-colocam-presidente-de-operadora-espanhola-em-apuros\/","og_site_name":"Portal Tela Portugal","article_published_time":"2026-03-26T17:32:43+00:00","author":"Telinha","twitter_card":"summary_large_image","twitter_misc":{"Escrito por":"Telinha","Tempo estimado de leitura":"1 minuto"},"schema":{"@context":"https:\/\/schema.org","@graph":[{"@type":"Article","@id":"https:\/\/portaltela.pt\/noticias\/2026\/03\/26\/gravacoes-sobre-apagao-colocam-presidente-de-operadora-espanhola-em-apuros\/#article","isPartOf":{"@id":"https:\/\/portaltela.pt\/noticias\/2026\/03\/26\/gravacoes-sobre-apagao-colocam-presidente-de-operadora-espanhola-em-apuros\/"},"author":{"name":"Telinha","@id":"https:\/\/portaltela.pt\/#\/schema\/person\/c4278d4a6028830caff9ee44b42d32ed"},"headline":"Grava\u00e7\u00f5es sobre apag\u00e3o colocam presidente de operadora espanhola em apuros","datePublished":"2026-03-26T17:32:43+00:00","mainEntityOfPage":{"@id":"https:\/\/portaltela.pt\/noticias\/2026\/03\/26\/gravacoes-sobre-apagao-colocam-presidente-de-operadora-espanhola-em-apuros\/"},"wordCount":256,"image":{"@id":"https:\/\/portaltela.pt\/noticias\/2026\/03\/26\/gravacoes-sobre-apagao-colocam-presidente-de-operadora-espanhola-em-apuros\/#primaryimage"},"thumbnailUrl":"https:\/\/portaltela.pt\/s.01k8rhncp4jt1\/2026\/03\/1536x864_cmsv2_75081961-de0f-5fca-b780-fea638b8e966-9699745.jpg","keywords":["apag\u00e3o","apag\u00f5es","energia","energia el\u00e9trica","Espanha","Portugal"],"articleSection":["Energia","Renov\u00e1veis"],"inLanguage":"pt-PT"},{"@type":"WebPage","@id":"https:\/\/portaltela.pt\/noticias\/2026\/03\/26\/gravacoes-sobre-apagao-colocam-presidente-de-operadora-espanhola-em-apuros\/","url":"https:\/\/portaltela.pt\/noticias\/2026\/03\/26\/gravacoes-sobre-apagao-colocam-presidente-de-operadora-espanhola-em-apuros\/","name":"Grava\u00e7\u00f5es sobre apag\u00e3o colocam presidente de operadora espanhola em apuros - Portal Tela Portugal","isPartOf":{"@id":"https:\/\/portaltela.pt\/#website"},"primaryImageOfPage":{"@id":"https:\/\/portaltela.pt\/noticias\/2026\/03\/26\/gravacoes-sobre-apagao-colocam-presidente-de-operadora-espanhola-em-apuros\/#primaryimage"},"image":{"@id":"https:\/\/portaltela.pt\/noticias\/2026\/03\/26\/gravacoes-sobre-apagao-colocam-presidente-de-operadora-espanhola-em-apuros\/#primaryimage"},"thumbnailUrl":"https:\/\/portaltela.pt\/s.01k8rhncp4jt1\/2026\/03\/1536x864_cmsv2_75081961-de0f-5fca-b780-fea638b8e966-9699745.jpg","datePublished":"2026-03-26T17:32:43+00:00","author":{"@id":"https:\/\/portaltela.pt\/#\/schema\/person\/c4278d4a6028830caff9ee44b42d32ed"},"breadcrumb":{"@id":"https:\/\/portaltela.pt\/noticias\/2026\/03\/26\/gravacoes-sobre-apagao-colocam-presidente-de-operadora-espanhola-em-apuros\/#breadcrumb"},"inLanguage":"pt-PT","potentialAction":[{"@type":"ReadAction","target":["https:\/\/portaltela.pt\/noticias\/2026\/03\/26\/gravacoes-sobre-apagao-colocam-presidente-de-operadora-espanhola-em-apuros\/"]}]},{"@type":"ImageObject","inLanguage":"pt-PT","@id":"https:\/\/portaltela.pt\/noticias\/2026\/03\/26\/gravacoes-sobre-apagao-colocam-presidente-de-operadora-espanhola-em-apuros\/#primaryimage","url":"https:\/\/portaltela.pt\/s.01k8rhncp4jt1\/2026\/03\/1536x864_cmsv2_75081961-de0f-5fca-b780-fea638b8e966-9699745.jpg","contentUrl":"https:\/\/portaltela.pt\/s.01k8rhncp4jt1\/2026\/03\/1536x864_cmsv2_75081961-de0f-5fca-b780-fea638b8e966-9699745.jpg","width":796,"height":448,"caption":"Clientes jantam num restaurante iluminado por um gerador durante um apag\u00e3o em Barcelona, Espanha, segunda-feira, 28 de abril de 2025."},{"@type":"BreadcrumbList","@id":"https:\/\/portaltela.pt\/noticias\/2026\/03\/26\/gravacoes-sobre-apagao-colocam-presidente-de-operadora-espanhola-em-apuros\/#breadcrumb","itemListElement":[{"@type":"ListItem","position":1,"name":"In\u00edcio","item":"https:\/\/portaltela.pt\/"},{"@type":"ListItem","position":2,"name":"Grava\u00e7\u00f5es sobre apag\u00e3o colocam presidente de operadora espanhola em apuros"}]},{"@type":"WebSite","@id":"https:\/\/portaltela.pt\/#website","url":"https:\/\/portaltela.pt\/","name":"Portal Tela Portugal","description":"","potentialAction":[{"@type":"SearchAction","target":{"@type":"EntryPoint","urlTemplate":"https:\/\/portaltela.pt\/?s={search_term_string}"},"query-input":{"@type":"PropertyValueSpecification","valueRequired":true,"valueName":"search_term_string"}}],"inLanguage":"pt-PT"},{"@type":"Person","@id":"https:\/\/portaltela.pt\/#\/schema\/person\/c4278d4a6028830caff9ee44b42d32ed","name":"Telinha","image":{"@type":"ImageObject","inLanguage":"pt-PT","@id":"https:\/\/portaltela.pt\/s.01k8rhncp4jt1\/2025\/11\/talking-bot-125x125.png","url":"https:\/\/portaltela.pt\/s.01k8rhncp4jt1\/2025\/11\/talking-bot-125x125.png","contentUrl":"https:\/\/portaltela.pt\/s.01k8rhncp4jt1\/2025\/11\/talking-bot-125x125.png","caption":"Telinha"},"sameAs":["https:\/\/portaltela.pt\/"],"url":"https:\/\/portaltela.pt\/por\/367410592786\/"}]}},"_links":{"self":[{"href":"https:\/\/portaltela.pt\/api\/wp\/v2\/posts\/422620","targetHints":{"allow":["GET"]}}],"collection":[{"href":"https:\/\/portaltela.pt\/api\/wp\/v2\/posts"}],"about":[{"href":"https:\/\/portaltela.pt\/api\/wp\/v2\/types\/post"}],"author":[{"embeddable":true,"href":"https:\/\/portaltela.pt\/api\/wp\/v2\/users\/2"}],"replies":[{"embeddable":true,"href":"https:\/\/portaltela.pt\/api\/wp\/v2\/comments?post=422620"}],"version-history":[{"count":0,"href":"https:\/\/portaltela.pt\/api\/wp\/v2\/posts\/422620\/revisions"}],"wp:featuredmedia":[{"embeddable":true,"href":"https:\/\/portaltela.pt\/api\/wp\/v2\/media\/422621"}],"wp:attachment":[{"href":"https:\/\/portaltela.pt\/api\/wp\/v2\/media?parent=422620"}],"wp:term":[{"taxonomy":"category","embeddable":true,"href":"https:\/\/portaltela.pt\/api\/wp\/v2\/categories?post=422620"},{"taxonomy":"post_tag","embeddable":true,"href":"https:\/\/portaltela.pt\/api\/wp\/v2\/tags?post=422620"}],"curies":[{"name":"wp","href":"https:\/\/api.w.org\/{rel}","templated":true}]}}