{"id":422602,"date":"2026-03-26T14:14:07","date_gmt":"2026-03-26T17:14:07","guid":{"rendered":"https:\/\/portaltela.pt\/noticias\/2026\/03\/26\/especialistas-criticam-fim-do-controlo-de-abuso-sexual-online-na-ue\/"},"modified":"2026-03-26T14:14:07","modified_gmt":"2026-03-26T17:14:07","slug":"especialistas-criticam-fim-do-controlo-de-abuso-sexual-online-na-ue","status":"publish","type":"post","link":"https:\/\/portaltela.pt\/noticias\/2026\/03\/26\/especialistas-criticam-fim-do-controlo-de-abuso-sexual-online-na-ue\/","title":{"rendered":"Especialistas criticam fim do controlo de abuso sexual online na UE"},"content":{"rendered":"<p>A Uni\u00e3o Europeia decidiu hoje n\u00e3o prolongar as regras de dete\u00e7\u00e3o de abuso sexual infantil online, com a derroga\u00e7\u00e3o a expirar a 3 de abril. O Parlamento Europeu rejeitou a proposta da Comiss\u00e3o, cumprindo o fim do regime que permitia identificar conte\u00fados e atividades de aliciamento.<\/p>\n<p>Especialistas afirmam que o fim deste enquadramento legal poder\u00e1 facilitar a circula\u00e7\u00e3o de material ilegal e reduzir a capacidade de detetar crimes contra menores. O impacto, dizem, poder\u00e1 incluir menos den\u00fancias autom\u00e1ticas por plataformas.<\/p>\n<p>Tito de Morais, fundador do MiudosSegurosNa.Net, descreve o momento como um retrocesso civilizacional e aponta o Parlamento Europeu pela n\u00e3o renova\u00e7\u00e3o. O respons\u00e1vel sustenta que plataformas v\u00e3o desligar sistemas de dete\u00e7\u00e3o.<\/p>\n<p>Segundo ele, entre 80% e 90% das den\u00fancias atuais resultam de mecanismos autom\u00e1ticos. Sem estas ferramentas, o volume de den\u00fancias pode cair, dificultando investiga\u00e7\u00f5es e a identifica\u00e7\u00e3o de v\u00edtimas, especialmente em chats encriptados.<\/p>\n<p>\u00c2ngelo Fernandes, da associa\u00e7\u00e3o Quebrar o Sil\u00eancio, alerta para um ambiente de impunidade para abusadores. Prev\u00ea um aumento dr\u00e1stico dos crimes e dificuldades acrescidas na dete\u00e7\u00e3o quando n\u00e3o houver sistemas de correspond\u00eancia de assinaturas digitais.<\/p>\n<p>Ambos os representantes apontam que a discuss\u00e3o europeia tem desinforma\u00e7\u00e3o, afirmando que privacidade e prote\u00e7\u00e3o de crian\u00e7as podem coexistir. Consideram que a n\u00e3o renova\u00e7\u00e3o representa uma falha pol\u00edtica com consequ\u00eancias diretas.<\/p>\n<p>As organiza\u00e7\u00f5es pedem uma solu\u00e7\u00e3o urgente para manter os mecanismos de dete\u00e7\u00e3o. Questionam se a Uni\u00e3o Europeia conseguir\u00e1 alcan\u00e7ar um acordo a tempo, evitando a perda de uma ferramenta-chave de combate ao abuso online.<\/p>\n<h3>Impacto e pr\u00f3ximos passos<\/h3>\n<p>Especialistas destacam a necessidade de resposta r\u00e1pida dos decisores pol\u00edticos para evitar maior vulnerabilidade das fam\u00edlias. O assunto permanece em aberto, com controlo ainda a cargo de iniciativas nacionais enquanto n\u00e3o houver nova orienta\u00e7\u00e3o europeia.<\/p>\n","protected":false},"excerpt":{"rendered":"<ul>\n<li>A Uni\u00e3o Europeia decidiu n\u00e3o prolongar as regras de dete\u00e7\u00e3o de abuso sexual infantil online, que expiram a 3 de abril, ap\u00f3s o Parlamento Europeu rejeitar a proposta da Comiss\u00e3o.<\/li>\n<li>Especialistas alertam que o fim do regime pode aumentar a circula\u00e7\u00e3o de conte\u00fado, facilitar o aliciamento online e reduzir a capacidade de identificar crimes.<\/li>\n<li>Tito de Morais descreve o momento como um retrocesso civilizacional e prev\u00ea mais crimes e menos den\u00fancias sem os mecanismos autom\u00e1ticos de dete\u00e7\u00e3o.<\/li>\n<li>\u00c2ngelo Fernandes diz que o cen\u00e1rio cria impunidade para abusadores e antecipa um aumento dr\u00e1stico de crimes, com diminui\u00e7\u00e3o na dete\u00e7\u00e3o.<\/li>\n<li>Ambos apelam a uma solu\u00e7\u00e3o r\u00e1pida que mantenha as ferramentas atuais, defendendo tamb\u00e9m a prote\u00e7\u00e3o de crian\u00e7as sem comprometer a privacidade.<\/li>\n<\/ul>\n","protected":false},"author":2,"featured_media":422610,"comment_status":"closed","ping_status":"closed","sticky":false,"template":"","format":"standard","meta":{"footnotes":""},"categories":[6815,1],"tags":[7076,6210,1469,3562,2181,7393],"class_list":["post-422602","post","type-post","status-publish","format-standard","has-post-thumbnail","hentry","category-justica","category-noticias","tag-abuso-de-menores","tag-crimes-contra-menores","tag-desinformacao","tag-privacidade","tag-protecao-de-menores","tag-seguranca-digital"],"yoast_head":"<!-- This site is optimized with the Yoast SEO plugin v27.2 - https:\/\/yoast.com\/product\/yoast-seo-wordpress\/ -->\n<title>Especialistas criticam fim do controlo de abuso sexual online na UE - Portal Tela Portugal<\/title>\n<meta name=\"robots\" content=\"index, follow, max-snippet:-1, max-image-preview:large, max-video-preview:-1\" \/>\n<meta property=\"og:locale\" content=\"pt_PT\" \/>\n<meta property=\"og:type\" content=\"article\" \/>\n<meta property=\"og:title\" content=\"Especialistas criticam fim do controlo de abuso sexual online na UE - Portal Tela Portugal\" \/>\n<meta property=\"og:description\" content=\"A Uni\u00e3o Europeia decidiu n\u00e3o prolongar as regras de dete\u00e7\u00e3o de abuso sexual infantil online, que expiram a 3 de abril, ap\u00f3s o Parlamento Europeu rejeitar a proposta da Comiss\u00e3o. Especialistas alertam que o fim do regime pode aumentar a circula\u00e7\u00e3o de conte\u00fado, facilitar o aliciamento online e reduzir a capacidade de identificar crimes. Tito de Morais descreve o momento como um retrocesso civilizacional e prev\u00ea mais crimes e menos den\u00fancias sem os mecanismos autom\u00e1ticos de dete\u00e7\u00e3o. \u00c2ngelo Fernandes diz que o cen\u00e1rio cria impunidade para abusadores e antecipa um aumento dr\u00e1stico de crimes, com diminui\u00e7\u00e3o na dete\u00e7\u00e3o. Ambos apelam a uma solu\u00e7\u00e3o r\u00e1pida que mantenha as ferramentas atuais, defendendo tamb\u00e9m a prote\u00e7\u00e3o de crian\u00e7as sem comprometer a privacidade.\" \/>\n<meta property=\"og:url\" content=\"https:\/\/portaltela.pt\/noticias\/2026\/03\/26\/especialistas-criticam-fim-do-controlo-de-abuso-sexual-online-na-ue\/\" \/>\n<meta property=\"og:site_name\" content=\"Portal Tela Portugal\" \/>\n<meta property=\"article:published_time\" content=\"2026-03-26T17:14:07+00:00\" \/>\n<meta name=\"author\" content=\"Telinha\" \/>\n<meta name=\"twitter:card\" content=\"summary_large_image\" \/>\n<meta name=\"twitter:label1\" content=\"Escrito por\" \/>\n\t<meta name=\"twitter:data1\" content=\"Telinha\" \/>\n\t<meta name=\"twitter:label2\" content=\"Tempo estimado de leitura\" \/>\n\t<meta name=\"twitter:data2\" content=\"2 minutos\" \/>\n<script type=\"application\/ld+json\" class=\"yoast-schema-graph\">{\"@context\":\"https:\/\/schema.org\",\"@graph\":[{\"@type\":\"Article\",\"@id\":\"https:\/\/portaltela.pt\/noticias\/2026\/03\/26\/especialistas-criticam-fim-do-controlo-de-abuso-sexual-online-na-ue\/#article\",\"isPartOf\":{\"@id\":\"https:\/\/portaltela.pt\/noticias\/2026\/03\/26\/especialistas-criticam-fim-do-controlo-de-abuso-sexual-online-na-ue\/\"},\"author\":{\"name\":\"Telinha\",\"@id\":\"https:\/\/portaltela.pt\/#\/schema\/person\/c4278d4a6028830caff9ee44b42d32ed\"},\"headline\":\"Especialistas criticam fim do controlo de abuso sexual online na UE\",\"datePublished\":\"2026-03-26T17:14:07+00:00\",\"mainEntityOfPage\":{\"@id\":\"https:\/\/portaltela.pt\/noticias\/2026\/03\/26\/especialistas-criticam-fim-do-controlo-de-abuso-sexual-online-na-ue\/\"},\"wordCount\":337,\"image\":{\"@id\":\"https:\/\/portaltela.pt\/noticias\/2026\/03\/26\/especialistas-criticam-fim-do-controlo-de-abuso-sexual-online-na-ue\/#primaryimage\"},\"thumbnailUrl\":\"https:\/\/portaltela.pt\/s.01k8rhncp4jt1\/2026\/03\/img_1500x1000uu2020-11-23-20-25-00-993053.jpg\",\"keywords\":[\"abuso de menores\",\"crimes contra menores\",\"desinforma\u00e7\u00e3o\",\"privacidade\",\"prote\u00e7\u00e3o de menores\",\"seguran\u00e7a digital\"],\"articleSection\":[\"Justi\u00e7a\",\"Not\u00edcias\"],\"inLanguage\":\"pt-PT\"},{\"@type\":\"WebPage\",\"@id\":\"https:\/\/portaltela.pt\/noticias\/2026\/03\/26\/especialistas-criticam-fim-do-controlo-de-abuso-sexual-online-na-ue\/\",\"url\":\"https:\/\/portaltela.pt\/noticias\/2026\/03\/26\/especialistas-criticam-fim-do-controlo-de-abuso-sexual-online-na-ue\/\",\"name\":\"Especialistas criticam fim do controlo de abuso sexual online na UE - Portal Tela Portugal\",\"isPartOf\":{\"@id\":\"https:\/\/portaltela.pt\/#website\"},\"primaryImageOfPage\":{\"@id\":\"https:\/\/portaltela.pt\/noticias\/2026\/03\/26\/especialistas-criticam-fim-do-controlo-de-abuso-sexual-online-na-ue\/#primaryimage\"},\"image\":{\"@id\":\"https:\/\/portaltela.pt\/noticias\/2026\/03\/26\/especialistas-criticam-fim-do-controlo-de-abuso-sexual-online-na-ue\/#primaryimage\"},\"thumbnailUrl\":\"https:\/\/portaltela.pt\/s.01k8rhncp4jt1\/2026\/03\/img_1500x1000uu2020-11-23-20-25-00-993053.jpg\",\"datePublished\":\"2026-03-26T17:14:07+00:00\",\"author\":{\"@id\":\"https:\/\/portaltela.pt\/#\/schema\/person\/c4278d4a6028830caff9ee44b42d32ed\"},\"breadcrumb\":{\"@id\":\"https:\/\/portaltela.pt\/noticias\/2026\/03\/26\/especialistas-criticam-fim-do-controlo-de-abuso-sexual-online-na-ue\/#breadcrumb\"},\"inLanguage\":\"pt-PT\",\"potentialAction\":[{\"@type\":\"ReadAction\",\"target\":[\"https:\/\/portaltela.pt\/noticias\/2026\/03\/26\/especialistas-criticam-fim-do-controlo-de-abuso-sexual-online-na-ue\/\"]}]},{\"@type\":\"ImageObject\",\"inLanguage\":\"pt-PT\",\"@id\":\"https:\/\/portaltela.pt\/noticias\/2026\/03\/26\/especialistas-criticam-fim-do-controlo-de-abuso-sexual-online-na-ue\/#primaryimage\",\"url\":\"https:\/\/portaltela.pt\/s.01k8rhncp4jt1\/2026\/03\/img_1500x1000uu2020-11-23-20-25-00-993053.jpg\",\"contentUrl\":\"https:\/\/portaltela.pt\/s.01k8rhncp4jt1\/2026\/03\/img_1500x1000uu2020-11-23-20-25-00-993053.jpg\",\"width\":1500,\"height\":1000,\"caption\":\"\\\"Retrocesso civilizacional aut\u00eantico\\\": Especialistas criticam fim de controlo de abuso sexual online na UE\"},{\"@type\":\"BreadcrumbList\",\"@id\":\"https:\/\/portaltela.pt\/noticias\/2026\/03\/26\/especialistas-criticam-fim-do-controlo-de-abuso-sexual-online-na-ue\/#breadcrumb\",\"itemListElement\":[{\"@type\":\"ListItem\",\"position\":1,\"name\":\"In\u00edcio\",\"item\":\"https:\/\/portaltela.pt\/\"},{\"@type\":\"ListItem\",\"position\":2,\"name\":\"Especialistas criticam fim do controlo de abuso sexual online na UE\"}]},{\"@type\":\"WebSite\",\"@id\":\"https:\/\/portaltela.pt\/#website\",\"url\":\"https:\/\/portaltela.pt\/\",\"name\":\"Portal Tela Portugal\",\"description\":\"\",\"potentialAction\":[{\"@type\":\"SearchAction\",\"target\":{\"@type\":\"EntryPoint\",\"urlTemplate\":\"https:\/\/portaltela.pt\/?s={search_term_string}\"},\"query-input\":{\"@type\":\"PropertyValueSpecification\",\"valueRequired\":true,\"valueName\":\"search_term_string\"}}],\"inLanguage\":\"pt-PT\"},{\"@type\":\"Person\",\"@id\":\"https:\/\/portaltela.pt\/#\/schema\/person\/c4278d4a6028830caff9ee44b42d32ed\",\"name\":\"Telinha\",\"image\":{\"@type\":\"ImageObject\",\"inLanguage\":\"pt-PT\",\"@id\":\"https:\/\/portaltela.pt\/s.01k8rhncp4jt1\/2025\/11\/talking-bot-125x125.png\",\"url\":\"https:\/\/portaltela.pt\/s.01k8rhncp4jt1\/2025\/11\/talking-bot-125x125.png\",\"contentUrl\":\"https:\/\/portaltela.pt\/s.01k8rhncp4jt1\/2025\/11\/talking-bot-125x125.png\",\"caption\":\"Telinha\"},\"sameAs\":[\"https:\/\/portaltela.pt\/\"],\"url\":\"https:\/\/portaltela.pt\/por\/367410592786\/\"}]}<\/script>\n<!-- \/ Yoast SEO plugin. -->","yoast_head_json":{"title":"Especialistas criticam fim do controlo de abuso sexual online na UE - Portal Tela Portugal","robots":{"index":"index","follow":"follow","max-snippet":"max-snippet:-1","max-image-preview":"max-image-preview:large","max-video-preview":"max-video-preview:-1"},"og_locale":"pt_PT","og_type":"article","og_title":"Especialistas criticam fim do controlo de abuso sexual online na UE - Portal Tela Portugal","og_description":"A Uni\u00e3o Europeia decidiu n\u00e3o prolongar as regras de dete\u00e7\u00e3o de abuso sexual infantil online, que expiram a 3 de abril, ap\u00f3s o Parlamento Europeu rejeitar a proposta da Comiss\u00e3o. Especialistas alertam que o fim do regime pode aumentar a circula\u00e7\u00e3o de conte\u00fado, facilitar o aliciamento online e reduzir a capacidade de identificar crimes. Tito de Morais descreve o momento como um retrocesso civilizacional e prev\u00ea mais crimes e menos den\u00fancias sem os mecanismos autom\u00e1ticos de dete\u00e7\u00e3o. \u00c2ngelo Fernandes diz que o cen\u00e1rio cria impunidade para abusadores e antecipa um aumento dr\u00e1stico de crimes, com diminui\u00e7\u00e3o na dete\u00e7\u00e3o. Ambos apelam a uma solu\u00e7\u00e3o r\u00e1pida que mantenha as ferramentas atuais, defendendo tamb\u00e9m a prote\u00e7\u00e3o de crian\u00e7as sem comprometer a privacidade.","og_url":"https:\/\/portaltela.pt\/noticias\/2026\/03\/26\/especialistas-criticam-fim-do-controlo-de-abuso-sexual-online-na-ue\/","og_site_name":"Portal Tela Portugal","article_published_time":"2026-03-26T17:14:07+00:00","author":"Telinha","twitter_card":"summary_large_image","twitter_misc":{"Escrito por":"Telinha","Tempo estimado de leitura":"2 minutos"},"schema":{"@context":"https:\/\/schema.org","@graph":[{"@type":"Article","@id":"https:\/\/portaltela.pt\/noticias\/2026\/03\/26\/especialistas-criticam-fim-do-controlo-de-abuso-sexual-online-na-ue\/#article","isPartOf":{"@id":"https:\/\/portaltela.pt\/noticias\/2026\/03\/26\/especialistas-criticam-fim-do-controlo-de-abuso-sexual-online-na-ue\/"},"author":{"name":"Telinha","@id":"https:\/\/portaltela.pt\/#\/schema\/person\/c4278d4a6028830caff9ee44b42d32ed"},"headline":"Especialistas criticam fim do controlo de abuso sexual online na UE","datePublished":"2026-03-26T17:14:07+00:00","mainEntityOfPage":{"@id":"https:\/\/portaltela.pt\/noticias\/2026\/03\/26\/especialistas-criticam-fim-do-controlo-de-abuso-sexual-online-na-ue\/"},"wordCount":337,"image":{"@id":"https:\/\/portaltela.pt\/noticias\/2026\/03\/26\/especialistas-criticam-fim-do-controlo-de-abuso-sexual-online-na-ue\/#primaryimage"},"thumbnailUrl":"https:\/\/portaltela.pt\/s.01k8rhncp4jt1\/2026\/03\/img_1500x1000uu2020-11-23-20-25-00-993053.jpg","keywords":["abuso de menores","crimes contra menores","desinforma\u00e7\u00e3o","privacidade","prote\u00e7\u00e3o de menores","seguran\u00e7a digital"],"articleSection":["Justi\u00e7a","Not\u00edcias"],"inLanguage":"pt-PT"},{"@type":"WebPage","@id":"https:\/\/portaltela.pt\/noticias\/2026\/03\/26\/especialistas-criticam-fim-do-controlo-de-abuso-sexual-online-na-ue\/","url":"https:\/\/portaltela.pt\/noticias\/2026\/03\/26\/especialistas-criticam-fim-do-controlo-de-abuso-sexual-online-na-ue\/","name":"Especialistas criticam fim do controlo de abuso sexual online na UE - Portal Tela Portugal","isPartOf":{"@id":"https:\/\/portaltela.pt\/#website"},"primaryImageOfPage":{"@id":"https:\/\/portaltela.pt\/noticias\/2026\/03\/26\/especialistas-criticam-fim-do-controlo-de-abuso-sexual-online-na-ue\/#primaryimage"},"image":{"@id":"https:\/\/portaltela.pt\/noticias\/2026\/03\/26\/especialistas-criticam-fim-do-controlo-de-abuso-sexual-online-na-ue\/#primaryimage"},"thumbnailUrl":"https:\/\/portaltela.pt\/s.01k8rhncp4jt1\/2026\/03\/img_1500x1000uu2020-11-23-20-25-00-993053.jpg","datePublished":"2026-03-26T17:14:07+00:00","author":{"@id":"https:\/\/portaltela.pt\/#\/schema\/person\/c4278d4a6028830caff9ee44b42d32ed"},"breadcrumb":{"@id":"https:\/\/portaltela.pt\/noticias\/2026\/03\/26\/especialistas-criticam-fim-do-controlo-de-abuso-sexual-online-na-ue\/#breadcrumb"},"inLanguage":"pt-PT","potentialAction":[{"@type":"ReadAction","target":["https:\/\/portaltela.pt\/noticias\/2026\/03\/26\/especialistas-criticam-fim-do-controlo-de-abuso-sexual-online-na-ue\/"]}]},{"@type":"ImageObject","inLanguage":"pt-PT","@id":"https:\/\/portaltela.pt\/noticias\/2026\/03\/26\/especialistas-criticam-fim-do-controlo-de-abuso-sexual-online-na-ue\/#primaryimage","url":"https:\/\/portaltela.pt\/s.01k8rhncp4jt1\/2026\/03\/img_1500x1000uu2020-11-23-20-25-00-993053.jpg","contentUrl":"https:\/\/portaltela.pt\/s.01k8rhncp4jt1\/2026\/03\/img_1500x1000uu2020-11-23-20-25-00-993053.jpg","width":1500,"height":1000,"caption":"\"Retrocesso civilizacional aut\u00eantico\": Especialistas criticam fim de controlo de abuso sexual online na UE"},{"@type":"BreadcrumbList","@id":"https:\/\/portaltela.pt\/noticias\/2026\/03\/26\/especialistas-criticam-fim-do-controlo-de-abuso-sexual-online-na-ue\/#breadcrumb","itemListElement":[{"@type":"ListItem","position":1,"name":"In\u00edcio","item":"https:\/\/portaltela.pt\/"},{"@type":"ListItem","position":2,"name":"Especialistas criticam fim do controlo de abuso sexual online na UE"}]},{"@type":"WebSite","@id":"https:\/\/portaltela.pt\/#website","url":"https:\/\/portaltela.pt\/","name":"Portal Tela Portugal","description":"","potentialAction":[{"@type":"SearchAction","target":{"@type":"EntryPoint","urlTemplate":"https:\/\/portaltela.pt\/?s={search_term_string}"},"query-input":{"@type":"PropertyValueSpecification","valueRequired":true,"valueName":"search_term_string"}}],"inLanguage":"pt-PT"},{"@type":"Person","@id":"https:\/\/portaltela.pt\/#\/schema\/person\/c4278d4a6028830caff9ee44b42d32ed","name":"Telinha","image":{"@type":"ImageObject","inLanguage":"pt-PT","@id":"https:\/\/portaltela.pt\/s.01k8rhncp4jt1\/2025\/11\/talking-bot-125x125.png","url":"https:\/\/portaltela.pt\/s.01k8rhncp4jt1\/2025\/11\/talking-bot-125x125.png","contentUrl":"https:\/\/portaltela.pt\/s.01k8rhncp4jt1\/2025\/11\/talking-bot-125x125.png","caption":"Telinha"},"sameAs":["https:\/\/portaltela.pt\/"],"url":"https:\/\/portaltela.pt\/por\/367410592786\/"}]}},"_links":{"self":[{"href":"https:\/\/portaltela.pt\/api\/wp\/v2\/posts\/422602","targetHints":{"allow":["GET"]}}],"collection":[{"href":"https:\/\/portaltela.pt\/api\/wp\/v2\/posts"}],"about":[{"href":"https:\/\/portaltela.pt\/api\/wp\/v2\/types\/post"}],"author":[{"embeddable":true,"href":"https:\/\/portaltela.pt\/api\/wp\/v2\/users\/2"}],"replies":[{"embeddable":true,"href":"https:\/\/portaltela.pt\/api\/wp\/v2\/comments?post=422602"}],"version-history":[{"count":0,"href":"https:\/\/portaltela.pt\/api\/wp\/v2\/posts\/422602\/revisions"}],"wp:featuredmedia":[{"embeddable":true,"href":"https:\/\/portaltela.pt\/api\/wp\/v2\/media\/422610"}],"wp:attachment":[{"href":"https:\/\/portaltela.pt\/api\/wp\/v2\/media?parent=422602"}],"wp:term":[{"taxonomy":"category","embeddable":true,"href":"https:\/\/portaltela.pt\/api\/wp\/v2\/categories?post=422602"},{"taxonomy":"post_tag","embeddable":true,"href":"https:\/\/portaltela.pt\/api\/wp\/v2\/tags?post=422602"}],"curies":[{"name":"wp","href":"https:\/\/api.w.org\/{rel}","templated":true}]}}