{"id":422584,"date":"2026-03-26T13:52:02","date_gmt":"2026-03-26T16:52:02","guid":{"rendered":"https:\/\/portaltela.pt\/noticias\/2026\/03\/26\/alunos-de-escola-em-rio-de-mouro-protestam-por-melhores-condicoes-de-ensino\/"},"modified":"2026-03-26T13:52:02","modified_gmt":"2026-03-26T16:52:02","slug":"alunos-de-escola-em-rio-de-mouro-protestam-por-melhores-condicoes-de-ensino","status":"publish","type":"post","link":"https:\/\/portaltela.pt\/noticias\/politica\/2026\/03\/26\/alunos-de-escola-em-rio-de-mouro-protestam-por-melhores-condicoes-de-ensino\/","title":{"rendered":"Alunos de escola em Rio de Mouro protestam por melhores condi\u00e7\u00f5es de ensino"},"content":{"rendered":"<p>Alunos da escola secund\u00e1ria de Rio de Mouro realizaram uma manifesta\u00e7\u00e3o nesta manh\u00e3, exigindo melhores condi\u00e7\u00f5es de ensino. O protesto ocorre na sequ\u00eancia de a\u00e7\u00f5es semelhantes noutras escolas da regi\u00e3o.<\/p>\n<p>Os estudantes pedem uma reuni\u00e3o com a dire\u00e7\u00e3o da institui\u00e7\u00e3o para que os seus protestos sejam ouvidos e debatidos. A iniciativa envolve a participa\u00e7\u00e3o estudantil e tem como objetivo apresentar as prioridades para o funcionamento escolar.<\/p>\n<p>O movimento acontece em Rio de Mouro, num contexto de reivindica\u00e7\u00f5es por melhorias no espa\u00e7o f\u00edsico, recursos e condi\u00e7\u00f5es de ensino. N\u00e3o foram avan\u00e7adas informa\u00e7\u00f5es sobre incidentes ou eventuais medidas disciplinares.<\/p>\n","protected":false},"excerpt":{"rendered":"<ul>\n<li>Alunos da escola secund\u00e1ria em Rio de Mouro protestam por melhores condi\u00e7\u00f5es no ensino.<\/li>\n<li>Os estudantes pedem uma reuni\u00e3o com a dire\u00e7\u00e3o da escola para que os protestos sejam ouvidos.<\/li>\n<li>O cen\u00e1rio repete-se em outras escolas, segundo o contexto do caso.<\/li>\n<li>A mobiliza\u00e7\u00e3o centra-se na necessidade de melhorias nas condi\u00e7\u00f5es de ensino.<\/li>\n<\/ul>\n","protected":false},"author":2,"featured_media":422586,"comment_status":"closed","ping_status":"closed","sticky":false,"template":"","format":"standard","meta":{"footnotes":""},"categories":[1,5],"tags":[100,163,2443,101,1249,2857],"class_list":["post-422584","post","type-post","status-publish","format-standard","has-post-thumbnail","hentry","category-noticias","category-politica","tag-alunos","tag-educacao","tag-educacao-publica","tag-escolas","tag-participacao","tag-protestos"],"yoast_head":"<!-- This site is optimized with the Yoast SEO plugin v27.2 - https:\/\/yoast.com\/product\/yoast-seo-wordpress\/ -->\n<title>Alunos de escola em Rio de Mouro protestam por melhores condi\u00e7\u00f5es de ensino - Portal Tela Portugal<\/title>\n<meta name=\"robots\" content=\"index, follow, max-snippet:-1, max-image-preview:large, max-video-preview:-1\" \/>\n<meta property=\"og:locale\" content=\"pt_PT\" \/>\n<meta property=\"og:type\" content=\"article\" \/>\n<meta property=\"og:title\" content=\"Alunos de escola em Rio de Mouro protestam por melhores condi\u00e7\u00f5es de ensino - Portal Tela Portugal\" \/>\n<meta property=\"og:description\" content=\"Alunos da escola secund\u00e1ria em Rio de Mouro protestam por melhores condi\u00e7\u00f5es no ensino. Os estudantes pedem uma reuni\u00e3o com a dire\u00e7\u00e3o da escola para que os protestos sejam ouvidos. O cen\u00e1rio repete-se em outras escolas, segundo o contexto do caso. A mobiliza\u00e7\u00e3o centra-se na necessidade de melhorias nas condi\u00e7\u00f5es de ensino.\" \/>\n<meta property=\"og:url\" content=\"https:\/\/portaltela.pt\/noticias\/2026\/03\/26\/alunos-de-escola-em-rio-de-mouro-protestam-por-melhores-condicoes-de-ensino\/\" \/>\n<meta property=\"og:site_name\" content=\"Portal Tela Portugal\" \/>\n<meta property=\"article:published_time\" content=\"2026-03-26T16:52:02+00:00\" \/>\n<meta name=\"author\" content=\"Telinha\" \/>\n<meta name=\"twitter:card\" content=\"summary_large_image\" \/>\n<meta name=\"twitter:label1\" content=\"Escrito por\" \/>\n\t<meta name=\"twitter:data1\" content=\"Telinha\" \/>\n\t<meta name=\"twitter:label2\" content=\"Tempo estimado de leitura\" \/>\n\t<meta name=\"twitter:data2\" content=\"1 minuto\" \/>\n<script type=\"application\/ld+json\" class=\"yoast-schema-graph\">{\"@context\":\"https:\/\/schema.org\",\"@graph\":[{\"@type\":\"Article\",\"@id\":\"https:\/\/portaltela.pt\/noticias\/2026\/03\/26\/alunos-de-escola-em-rio-de-mouro-protestam-por-melhores-condicoes-de-ensino\/#article\",\"isPartOf\":{\"@id\":\"https:\/\/portaltela.pt\/noticias\/2026\/03\/26\/alunos-de-escola-em-rio-de-mouro-protestam-por-melhores-condicoes-de-ensino\/\"},\"author\":{\"name\":\"Telinha\",\"@id\":\"https:\/\/portaltela.pt\/#\/schema\/person\/c4278d4a6028830caff9ee44b42d32ed\"},\"headline\":\"Alunos de escola em Rio de Mouro protestam por melhores condi\u00e7\u00f5es de ensino\",\"datePublished\":\"2026-03-26T16:52:02+00:00\",\"mainEntityOfPage\":{\"@id\":\"https:\/\/portaltela.pt\/noticias\/2026\/03\/26\/alunos-de-escola-em-rio-de-mouro-protestam-por-melhores-condicoes-de-ensino\/\"},\"wordCount\":128,\"image\":{\"@id\":\"https:\/\/portaltela.pt\/noticias\/2026\/03\/26\/alunos-de-escola-em-rio-de-mouro-protestam-por-melhores-condicoes-de-ensino\/#primaryimage\"},\"thumbnailUrl\":\"https:\/\/portaltela.pt\/s.01k8rhncp4jt1\/2026\/03\/img_1280x722uu2026-03-26-16-51-13-2274944.jpg\",\"keywords\":[\"alunos\",\"educa\u00e7\u00e3o\",\"educa\u00e7\u00e3o p\u00fablica\",\"escolas\",\"participa\u00e7\u00e3o\",\"protestos\"],\"articleSection\":[\"Not\u00edcias\",\"Pol\u00edtica\"],\"inLanguage\":\"pt-PT\"},{\"@type\":\"WebPage\",\"@id\":\"https:\/\/portaltela.pt\/noticias\/2026\/03\/26\/alunos-de-escola-em-rio-de-mouro-protestam-por-melhores-condicoes-de-ensino\/\",\"url\":\"https:\/\/portaltela.pt\/noticias\/2026\/03\/26\/alunos-de-escola-em-rio-de-mouro-protestam-por-melhores-condicoes-de-ensino\/\",\"name\":\"Alunos de escola em Rio de Mouro protestam por melhores condi\u00e7\u00f5es de ensino - Portal Tela Portugal\",\"isPartOf\":{\"@id\":\"https:\/\/portaltela.pt\/#website\"},\"primaryImageOfPage\":{\"@id\":\"https:\/\/portaltela.pt\/noticias\/2026\/03\/26\/alunos-de-escola-em-rio-de-mouro-protestam-por-melhores-condicoes-de-ensino\/#primaryimage\"},\"image\":{\"@id\":\"https:\/\/portaltela.pt\/noticias\/2026\/03\/26\/alunos-de-escola-em-rio-de-mouro-protestam-por-melhores-condicoes-de-ensino\/#primaryimage\"},\"thumbnailUrl\":\"https:\/\/portaltela.pt\/s.01k8rhncp4jt1\/2026\/03\/img_1280x722uu2026-03-26-16-51-13-2274944.jpg\",\"datePublished\":\"2026-03-26T16:52:02+00:00\",\"author\":{\"@id\":\"https:\/\/portaltela.pt\/#\/schema\/person\/c4278d4a6028830caff9ee44b42d32ed\"},\"breadcrumb\":{\"@id\":\"https:\/\/portaltela.pt\/noticias\/2026\/03\/26\/alunos-de-escola-em-rio-de-mouro-protestam-por-melhores-condicoes-de-ensino\/#breadcrumb\"},\"inLanguage\":\"pt-PT\",\"potentialAction\":[{\"@type\":\"ReadAction\",\"target\":[\"https:\/\/portaltela.pt\/noticias\/2026\/03\/26\/alunos-de-escola-em-rio-de-mouro-protestam-por-melhores-condicoes-de-ensino\/\"]}]},{\"@type\":\"ImageObject\",\"inLanguage\":\"pt-PT\",\"@id\":\"https:\/\/portaltela.pt\/noticias\/2026\/03\/26\/alunos-de-escola-em-rio-de-mouro-protestam-por-melhores-condicoes-de-ensino\/#primaryimage\",\"url\":\"https:\/\/portaltela.pt\/s.01k8rhncp4jt1\/2026\/03\/img_1280x722uu2026-03-26-16-51-13-2274944.jpg\",\"contentUrl\":\"https:\/\/portaltela.pt\/s.01k8rhncp4jt1\/2026\/03\/img_1280x722uu2026-03-26-16-51-13-2274944.jpg\",\"width\":1280,\"height\":722,\"caption\":\"Photo\"},{\"@type\":\"BreadcrumbList\",\"@id\":\"https:\/\/portaltela.pt\/noticias\/2026\/03\/26\/alunos-de-escola-em-rio-de-mouro-protestam-por-melhores-condicoes-de-ensino\/#breadcrumb\",\"itemListElement\":[{\"@type\":\"ListItem\",\"position\":1,\"name\":\"In\u00edcio\",\"item\":\"https:\/\/portaltela.pt\/\"},{\"@type\":\"ListItem\",\"position\":2,\"name\":\"Alunos de escola em Rio de Mouro protestam por melhores condi\u00e7\u00f5es de ensino\"}]},{\"@type\":\"WebSite\",\"@id\":\"https:\/\/portaltela.pt\/#website\",\"url\":\"https:\/\/portaltela.pt\/\",\"name\":\"Portal Tela Portugal\",\"description\":\"\",\"potentialAction\":[{\"@type\":\"SearchAction\",\"target\":{\"@type\":\"EntryPoint\",\"urlTemplate\":\"https:\/\/portaltela.pt\/?s={search_term_string}\"},\"query-input\":{\"@type\":\"PropertyValueSpecification\",\"valueRequired\":true,\"valueName\":\"search_term_string\"}}],\"inLanguage\":\"pt-PT\"},{\"@type\":\"Person\",\"@id\":\"https:\/\/portaltela.pt\/#\/schema\/person\/c4278d4a6028830caff9ee44b42d32ed\",\"name\":\"Telinha\",\"image\":{\"@type\":\"ImageObject\",\"inLanguage\":\"pt-PT\",\"@id\":\"https:\/\/portaltela.pt\/s.01k8rhncp4jt1\/2025\/11\/talking-bot-125x125.png\",\"url\":\"https:\/\/portaltela.pt\/s.01k8rhncp4jt1\/2025\/11\/talking-bot-125x125.png\",\"contentUrl\":\"https:\/\/portaltela.pt\/s.01k8rhncp4jt1\/2025\/11\/talking-bot-125x125.png\",\"caption\":\"Telinha\"},\"sameAs\":[\"https:\/\/portaltela.pt\/\"],\"url\":\"https:\/\/portaltela.pt\/por\/367410592786\/\"}]}<\/script>\n<!-- \/ Yoast SEO plugin. -->","yoast_head_json":{"title":"Alunos de escola em Rio de Mouro protestam por melhores condi\u00e7\u00f5es de ensino - Portal Tela Portugal","robots":{"index":"index","follow":"follow","max-snippet":"max-snippet:-1","max-image-preview":"max-image-preview:large","max-video-preview":"max-video-preview:-1"},"og_locale":"pt_PT","og_type":"article","og_title":"Alunos de escola em Rio de Mouro protestam por melhores condi\u00e7\u00f5es de ensino - Portal Tela Portugal","og_description":"Alunos da escola secund\u00e1ria em Rio de Mouro protestam por melhores condi\u00e7\u00f5es no ensino. Os estudantes pedem uma reuni\u00e3o com a dire\u00e7\u00e3o da escola para que os protestos sejam ouvidos. O cen\u00e1rio repete-se em outras escolas, segundo o contexto do caso. A mobiliza\u00e7\u00e3o centra-se na necessidade de melhorias nas condi\u00e7\u00f5es de ensino.","og_url":"https:\/\/portaltela.pt\/noticias\/2026\/03\/26\/alunos-de-escola-em-rio-de-mouro-protestam-por-melhores-condicoes-de-ensino\/","og_site_name":"Portal Tela Portugal","article_published_time":"2026-03-26T16:52:02+00:00","author":"Telinha","twitter_card":"summary_large_image","twitter_misc":{"Escrito por":"Telinha","Tempo estimado de leitura":"1 minuto"},"schema":{"@context":"https:\/\/schema.org","@graph":[{"@type":"Article","@id":"https:\/\/portaltela.pt\/noticias\/2026\/03\/26\/alunos-de-escola-em-rio-de-mouro-protestam-por-melhores-condicoes-de-ensino\/#article","isPartOf":{"@id":"https:\/\/portaltela.pt\/noticias\/2026\/03\/26\/alunos-de-escola-em-rio-de-mouro-protestam-por-melhores-condicoes-de-ensino\/"},"author":{"name":"Telinha","@id":"https:\/\/portaltela.pt\/#\/schema\/person\/c4278d4a6028830caff9ee44b42d32ed"},"headline":"Alunos de escola em Rio de Mouro protestam por melhores condi\u00e7\u00f5es de ensino","datePublished":"2026-03-26T16:52:02+00:00","mainEntityOfPage":{"@id":"https:\/\/portaltela.pt\/noticias\/2026\/03\/26\/alunos-de-escola-em-rio-de-mouro-protestam-por-melhores-condicoes-de-ensino\/"},"wordCount":128,"image":{"@id":"https:\/\/portaltela.pt\/noticias\/2026\/03\/26\/alunos-de-escola-em-rio-de-mouro-protestam-por-melhores-condicoes-de-ensino\/#primaryimage"},"thumbnailUrl":"https:\/\/portaltela.pt\/s.01k8rhncp4jt1\/2026\/03\/img_1280x722uu2026-03-26-16-51-13-2274944.jpg","keywords":["alunos","educa\u00e7\u00e3o","educa\u00e7\u00e3o p\u00fablica","escolas","participa\u00e7\u00e3o","protestos"],"articleSection":["Not\u00edcias","Pol\u00edtica"],"inLanguage":"pt-PT"},{"@type":"WebPage","@id":"https:\/\/portaltela.pt\/noticias\/2026\/03\/26\/alunos-de-escola-em-rio-de-mouro-protestam-por-melhores-condicoes-de-ensino\/","url":"https:\/\/portaltela.pt\/noticias\/2026\/03\/26\/alunos-de-escola-em-rio-de-mouro-protestam-por-melhores-condicoes-de-ensino\/","name":"Alunos de escola em Rio de Mouro protestam por melhores condi\u00e7\u00f5es de ensino - Portal Tela Portugal","isPartOf":{"@id":"https:\/\/portaltela.pt\/#website"},"primaryImageOfPage":{"@id":"https:\/\/portaltela.pt\/noticias\/2026\/03\/26\/alunos-de-escola-em-rio-de-mouro-protestam-por-melhores-condicoes-de-ensino\/#primaryimage"},"image":{"@id":"https:\/\/portaltela.pt\/noticias\/2026\/03\/26\/alunos-de-escola-em-rio-de-mouro-protestam-por-melhores-condicoes-de-ensino\/#primaryimage"},"thumbnailUrl":"https:\/\/portaltela.pt\/s.01k8rhncp4jt1\/2026\/03\/img_1280x722uu2026-03-26-16-51-13-2274944.jpg","datePublished":"2026-03-26T16:52:02+00:00","author":{"@id":"https:\/\/portaltela.pt\/#\/schema\/person\/c4278d4a6028830caff9ee44b42d32ed"},"breadcrumb":{"@id":"https:\/\/portaltela.pt\/noticias\/2026\/03\/26\/alunos-de-escola-em-rio-de-mouro-protestam-por-melhores-condicoes-de-ensino\/#breadcrumb"},"inLanguage":"pt-PT","potentialAction":[{"@type":"ReadAction","target":["https:\/\/portaltela.pt\/noticias\/2026\/03\/26\/alunos-de-escola-em-rio-de-mouro-protestam-por-melhores-condicoes-de-ensino\/"]}]},{"@type":"ImageObject","inLanguage":"pt-PT","@id":"https:\/\/portaltela.pt\/noticias\/2026\/03\/26\/alunos-de-escola-em-rio-de-mouro-protestam-por-melhores-condicoes-de-ensino\/#primaryimage","url":"https:\/\/portaltela.pt\/s.01k8rhncp4jt1\/2026\/03\/img_1280x722uu2026-03-26-16-51-13-2274944.jpg","contentUrl":"https:\/\/portaltela.pt\/s.01k8rhncp4jt1\/2026\/03\/img_1280x722uu2026-03-26-16-51-13-2274944.jpg","width":1280,"height":722,"caption":"Photo"},{"@type":"BreadcrumbList","@id":"https:\/\/portaltela.pt\/noticias\/2026\/03\/26\/alunos-de-escola-em-rio-de-mouro-protestam-por-melhores-condicoes-de-ensino\/#breadcrumb","itemListElement":[{"@type":"ListItem","position":1,"name":"In\u00edcio","item":"https:\/\/portaltela.pt\/"},{"@type":"ListItem","position":2,"name":"Alunos de escola em Rio de Mouro protestam por melhores condi\u00e7\u00f5es de ensino"}]},{"@type":"WebSite","@id":"https:\/\/portaltela.pt\/#website","url":"https:\/\/portaltela.pt\/","name":"Portal Tela Portugal","description":"","potentialAction":[{"@type":"SearchAction","target":{"@type":"EntryPoint","urlTemplate":"https:\/\/portaltela.pt\/?s={search_term_string}"},"query-input":{"@type":"PropertyValueSpecification","valueRequired":true,"valueName":"search_term_string"}}],"inLanguage":"pt-PT"},{"@type":"Person","@id":"https:\/\/portaltela.pt\/#\/schema\/person\/c4278d4a6028830caff9ee44b42d32ed","name":"Telinha","image":{"@type":"ImageObject","inLanguage":"pt-PT","@id":"https:\/\/portaltela.pt\/s.01k8rhncp4jt1\/2025\/11\/talking-bot-125x125.png","url":"https:\/\/portaltela.pt\/s.01k8rhncp4jt1\/2025\/11\/talking-bot-125x125.png","contentUrl":"https:\/\/portaltela.pt\/s.01k8rhncp4jt1\/2025\/11\/talking-bot-125x125.png","caption":"Telinha"},"sameAs":["https:\/\/portaltela.pt\/"],"url":"https:\/\/portaltela.pt\/por\/367410592786\/"}]}},"_links":{"self":[{"href":"https:\/\/portaltela.pt\/api\/wp\/v2\/posts\/422584","targetHints":{"allow":["GET"]}}],"collection":[{"href":"https:\/\/portaltela.pt\/api\/wp\/v2\/posts"}],"about":[{"href":"https:\/\/portaltela.pt\/api\/wp\/v2\/types\/post"}],"author":[{"embeddable":true,"href":"https:\/\/portaltela.pt\/api\/wp\/v2\/users\/2"}],"replies":[{"embeddable":true,"href":"https:\/\/portaltela.pt\/api\/wp\/v2\/comments?post=422584"}],"version-history":[{"count":0,"href":"https:\/\/portaltela.pt\/api\/wp\/v2\/posts\/422584\/revisions"}],"wp:featuredmedia":[{"embeddable":true,"href":"https:\/\/portaltela.pt\/api\/wp\/v2\/media\/422586"}],"wp:attachment":[{"href":"https:\/\/portaltela.pt\/api\/wp\/v2\/media?parent=422584"}],"wp:term":[{"taxonomy":"category","embeddable":true,"href":"https:\/\/portaltela.pt\/api\/wp\/v2\/categories?post=422584"},{"taxonomy":"post_tag","embeddable":true,"href":"https:\/\/portaltela.pt\/api\/wp\/v2\/tags?post=422584"}],"curies":[{"name":"wp","href":"https:\/\/api.w.org\/{rel}","templated":true}]}}