{"id":422581,"date":"2026-03-26T13:58:52","date_gmt":"2026-03-26T16:58:52","guid":{"rendered":"https:\/\/portaltela.pt\/noticias\/2026\/03\/26\/trubin-preve-vitoria-frente-ao-real-madrid-na-quarta-e-queda-no-domingo\/"},"modified":"2026-03-26T13:58:52","modified_gmt":"2026-03-26T16:58:52","slug":"trubin-preve-vitoria-frente-ao-real-madrid-na-quarta-e-queda-no-domingo","status":"publish","type":"post","link":"https:\/\/portaltela.pt\/desporto\/futebol\/2026\/03\/26\/trubin-preve-vitoria-frente-ao-real-madrid-na-quarta-e-queda-no-domingo\/","title":{"rendered":"Trubin prev\u00ea vit\u00f3ria frente ao Real Madrid na quarta e queda no domingo"},"content":{"rendered":"<p>O guarda-redes Trubin recorda o golo diante do Real Madrid na Luz, que terminou com a vit\u00f3ria do Benfica por 4-2 na \u00faltima jornada da fase de grupos da Liga dos Campe\u00f5es. O feito tornou-se tema de discuss\u00e3o na Ucr\u00e2nia, onde o momento \u00e9 visto como \u00fanico no espa\u00e7o de futebol moderno. O jovem guarda\u2011redes descreveu o epis\u00f3dio como um paradoxo entre defender e marcar, enfatizando a surpresa do mundo a lembrar-se do golo em vez da carreira de defesa.<\/p>\n<p>No mesmo contexto, o atleta comentou a sequ\u00eancia de emo\u00e7\u00f5es da semana: o pico de confian\u00e7a com a vit\u00f3ria frente ao Real Madrid contrasta com a derrota recente, numa derrota que chamou de desilus\u00e3o. O relato refor\u00e7a que a semana foi marcada por altos e baixos, com impacto direto na confian\u00e7a da equipa.<\/p>\n<h3>A grande responsabilidade frente \u00e0 Su\u00e9cia<\/h3>\n<p>Trubin, de 24 anos, tem pela frente um jogo decisivo contra a Su\u00e9cia, que pode assegurar o apuramento da Ucr\u00e2nia para o Mundial pela primeira vez desde 2006. O guarda-redes reconhece a press\u00e3o psicol\u00f3gica associada aos 90 minutos, poss\u00edvel prolongamento e pen\u00e1ltis, num encontro decisivo para o futuro da sele\u00e7\u00e3o.<\/p>\n<p>A Ucr\u00e2nia depende do resultado para confirmar o sonho de jogar o Mundial, repetindo um desafio hist\u00f3rico para o pa\u00eds. O guarda-redes destaca que h\u00e1 muitos jogadores ucranianos talentosos que ficaram fora de edi\u00e7\u00f5es anteriores, tornando o presente ainda mais relevante para a sele\u00e7\u00e3o.<\/p>\n","protected":false},"excerpt":{"rendered":"<ul>\n<li>O guarda-redes da Ucr\u00e2nia, Trubin, recorda o golo ao Real Madrid na Luz, no \u00faltimo jogo da fase de grupo da Liga dos Campe\u00f5es, com a vit\u00f3ria de 4-2.<\/li>\n<li>Diz que esse momento pode n\u00e3o repetir-se no Mundo por 100 anos e que, ao marcar, simplesmente correu, destacando o paradoxo da sua fun\u00e7\u00e3o.<\/li>\n<li>A semana trouxe tamb\u00e9m desilus\u00e3o: na quarta-feira venceram o Real Madrid e no domingo empataram com o Tondela, ficando no fundo do po\u00e7o.<\/li>\n<li>Hoje enfrenta a Su\u00e9cia em jogo decisivo de apuramento para o Mundial, primeira presen\u00e7a desde 2006.<\/li>\n<li>Trubin admite que h\u00e1 muita responsabilidade e press\u00e3o psicol\u00f3gica nos 90 minutos (com prolongamento e pen\u00e1ltis poss\u00edveis) e destaca o desafio de chegar ao Mundial ap\u00f3s 20 anos sem presen\u00e7a.<\/li>\n<\/ul>\n","protected":false},"author":2,"featured_media":422583,"comment_status":"closed","ping_status":"closed","sticky":false,"template":"","format":"standard","meta":{"footnotes":""},"categories":[21,24],"tags":[6384,3577,32,3338,3212,2645],"class_list":["post-422581","post","type-post","status-publish","format-standard","has-post-thumbnail","hentry","category-desporto","category-futebol","tag-a-ucrania","tag-champions-league","tag-futebol","tag-futebol-internacional","tag-selecoes-internacionais","tag-suecia"],"yoast_head":"<!-- This site is optimized with the Yoast SEO plugin v27.2 - https:\/\/yoast.com\/product\/yoast-seo-wordpress\/ -->\n<title>Trubin prev\u00ea vit\u00f3ria frente ao Real Madrid na quarta e queda no domingo - Portal Tela Portugal<\/title>\n<meta name=\"robots\" content=\"index, follow, max-snippet:-1, max-image-preview:large, max-video-preview:-1\" \/>\n<meta property=\"og:locale\" content=\"pt_PT\" \/>\n<meta property=\"og:type\" content=\"article\" \/>\n<meta property=\"og:title\" content=\"Trubin prev\u00ea vit\u00f3ria frente ao Real Madrid na quarta e queda no domingo - Portal Tela Portugal\" \/>\n<meta property=\"og:description\" content=\"O guarda-redes da Ucr\u00e2nia, Trubin, recorda o golo ao Real Madrid na Luz, no \u00faltimo jogo da fase de grupo da Liga dos Campe\u00f5es, com a vit\u00f3ria de 4-2. Diz que esse momento pode n\u00e3o repetir-se no Mundo por 100 anos e que, ao marcar, simplesmente correu, destacando o paradoxo da sua fun\u00e7\u00e3o. A semana trouxe tamb\u00e9m desilus\u00e3o: na quarta-feira venceram o Real Madrid e no domingo empataram com o Tondela, ficando no fundo do po\u00e7o. Hoje enfrenta a Su\u00e9cia em jogo decisivo de apuramento para o Mundial, primeira presen\u00e7a desde 2006. Trubin admite que h\u00e1 muita responsabilidade e press\u00e3o psicol\u00f3gica nos 90 minutos (com prolongamento e pen\u00e1ltis poss\u00edveis) e destaca o desafio de chegar ao Mundial ap\u00f3s 20 anos sem presen\u00e7a.\" \/>\n<meta property=\"og:url\" content=\"https:\/\/portaltela.pt\/noticias\/2026\/03\/26\/trubin-preve-vitoria-frente-ao-real-madrid-na-quarta-e-queda-no-domingo\/\" \/>\n<meta property=\"og:site_name\" content=\"Portal Tela Portugal\" \/>\n<meta property=\"article:published_time\" content=\"2026-03-26T16:58:52+00:00\" \/>\n<meta name=\"author\" content=\"Telinha\" \/>\n<meta name=\"twitter:card\" content=\"summary_large_image\" \/>\n<meta name=\"twitter:label1\" content=\"Escrito por\" \/>\n\t<meta name=\"twitter:data1\" content=\"Telinha\" \/>\n\t<meta name=\"twitter:label2\" content=\"Tempo estimado de leitura\" \/>\n\t<meta name=\"twitter:data2\" content=\"1 minuto\" \/>\n<script type=\"application\/ld+json\" class=\"yoast-schema-graph\">{\"@context\":\"https:\/\/schema.org\",\"@graph\":[{\"@type\":\"Article\",\"@id\":\"https:\/\/portaltela.pt\/noticias\/2026\/03\/26\/trubin-preve-vitoria-frente-ao-real-madrid-na-quarta-e-queda-no-domingo\/#article\",\"isPartOf\":{\"@id\":\"https:\/\/portaltela.pt\/noticias\/2026\/03\/26\/trubin-preve-vitoria-frente-ao-real-madrid-na-quarta-e-queda-no-domingo\/\"},\"author\":{\"name\":\"Telinha\",\"@id\":\"https:\/\/portaltela.pt\/#\/schema\/person\/c4278d4a6028830caff9ee44b42d32ed\"},\"headline\":\"Trubin prev\u00ea vit\u00f3ria frente ao Real Madrid na quarta e queda no domingo\",\"datePublished\":\"2026-03-26T16:58:52+00:00\",\"mainEntityOfPage\":{\"@id\":\"https:\/\/portaltela.pt\/noticias\/2026\/03\/26\/trubin-preve-vitoria-frente-ao-real-madrid-na-quarta-e-queda-no-domingo\/\"},\"wordCount\":269,\"image\":{\"@id\":\"https:\/\/portaltela.pt\/noticias\/2026\/03\/26\/trubin-preve-vitoria-frente-ao-real-madrid-na-quarta-e-queda-no-domingo\/#primaryimage\"},\"thumbnailUrl\":\"https:\/\/portaltela.pt\/s.01k8rhncp4jt1\/2026\/03\/img_293x165uu2026-01-28-22-37-11-2418090.jpg\",\"keywords\":[\"a Ucr\u00e2nia\",\"Champions League\",\"futebol\",\"futebol internacional\",\"sele\u00e7\u00f5es internacionais\",\"Su\u00e9cia\"],\"articleSection\":[\"Desporto\",\"Futebol\"],\"inLanguage\":\"pt-PT\"},{\"@type\":\"WebPage\",\"@id\":\"https:\/\/portaltela.pt\/noticias\/2026\/03\/26\/trubin-preve-vitoria-frente-ao-real-madrid-na-quarta-e-queda-no-domingo\/\",\"url\":\"https:\/\/portaltela.pt\/noticias\/2026\/03\/26\/trubin-preve-vitoria-frente-ao-real-madrid-na-quarta-e-queda-no-domingo\/\",\"name\":\"Trubin prev\u00ea vit\u00f3ria frente ao Real Madrid na quarta e queda no domingo - Portal Tela Portugal\",\"isPartOf\":{\"@id\":\"https:\/\/portaltela.pt\/#website\"},\"primaryImageOfPage\":{\"@id\":\"https:\/\/portaltela.pt\/noticias\/2026\/03\/26\/trubin-preve-vitoria-frente-ao-real-madrid-na-quarta-e-queda-no-domingo\/#primaryimage\"},\"image\":{\"@id\":\"https:\/\/portaltela.pt\/noticias\/2026\/03\/26\/trubin-preve-vitoria-frente-ao-real-madrid-na-quarta-e-queda-no-domingo\/#primaryimage\"},\"thumbnailUrl\":\"https:\/\/portaltela.pt\/s.01k8rhncp4jt1\/2026\/03\/img_293x165uu2026-01-28-22-37-11-2418090.jpg\",\"datePublished\":\"2026-03-26T16:58:52+00:00\",\"author\":{\"@id\":\"https:\/\/portaltela.pt\/#\/schema\/person\/c4278d4a6028830caff9ee44b42d32ed\"},\"breadcrumb\":{\"@id\":\"https:\/\/portaltela.pt\/noticias\/2026\/03\/26\/trubin-preve-vitoria-frente-ao-real-madrid-na-quarta-e-queda-no-domingo\/#breadcrumb\"},\"inLanguage\":\"pt-PT\",\"potentialAction\":[{\"@type\":\"ReadAction\",\"target\":[\"https:\/\/portaltela.pt\/noticias\/2026\/03\/26\/trubin-preve-vitoria-frente-ao-real-madrid-na-quarta-e-queda-no-domingo\/\"]}]},{\"@type\":\"ImageObject\",\"inLanguage\":\"pt-PT\",\"@id\":\"https:\/\/portaltela.pt\/noticias\/2026\/03\/26\/trubin-preve-vitoria-frente-ao-real-madrid-na-quarta-e-queda-no-domingo\/#primaryimage\",\"url\":\"https:\/\/portaltela.pt\/s.01k8rhncp4jt1\/2026\/03\/img_293x165uu2026-01-28-22-37-11-2418090.jpg\",\"contentUrl\":\"https:\/\/portaltela.pt\/s.01k8rhncp4jt1\/2026\/03\/img_293x165uu2026-01-28-22-37-11-2418090.jpg\",\"width\":796,\"height\":448,\"caption\":\"Trubin: \u00abNa quarta-feira ganhas ao Real Madrid e no domingo cais ao fundo do po\u00e7o\u00bb\"},{\"@type\":\"BreadcrumbList\",\"@id\":\"https:\/\/portaltela.pt\/noticias\/2026\/03\/26\/trubin-preve-vitoria-frente-ao-real-madrid-na-quarta-e-queda-no-domingo\/#breadcrumb\",\"itemListElement\":[{\"@type\":\"ListItem\",\"position\":1,\"name\":\"In\u00edcio\",\"item\":\"https:\/\/portaltela.pt\/\"},{\"@type\":\"ListItem\",\"position\":2,\"name\":\"Trubin prev\u00ea vit\u00f3ria frente ao Real Madrid na quarta e queda no domingo\"}]},{\"@type\":\"WebSite\",\"@id\":\"https:\/\/portaltela.pt\/#website\",\"url\":\"https:\/\/portaltela.pt\/\",\"name\":\"Portal Tela Portugal\",\"description\":\"\",\"potentialAction\":[{\"@type\":\"SearchAction\",\"target\":{\"@type\":\"EntryPoint\",\"urlTemplate\":\"https:\/\/portaltela.pt\/?s={search_term_string}\"},\"query-input\":{\"@type\":\"PropertyValueSpecification\",\"valueRequired\":true,\"valueName\":\"search_term_string\"}}],\"inLanguage\":\"pt-PT\"},{\"@type\":\"Person\",\"@id\":\"https:\/\/portaltela.pt\/#\/schema\/person\/c4278d4a6028830caff9ee44b42d32ed\",\"name\":\"Telinha\",\"image\":{\"@type\":\"ImageObject\",\"inLanguage\":\"pt-PT\",\"@id\":\"https:\/\/portaltela.pt\/s.01k8rhncp4jt1\/2025\/11\/talking-bot-125x125.png\",\"url\":\"https:\/\/portaltela.pt\/s.01k8rhncp4jt1\/2025\/11\/talking-bot-125x125.png\",\"contentUrl\":\"https:\/\/portaltela.pt\/s.01k8rhncp4jt1\/2025\/11\/talking-bot-125x125.png\",\"caption\":\"Telinha\"},\"sameAs\":[\"https:\/\/portaltela.pt\/\"],\"url\":\"https:\/\/portaltela.pt\/por\/367410592786\/\"}]}<\/script>\n<!-- \/ Yoast SEO plugin. -->","yoast_head_json":{"title":"Trubin prev\u00ea vit\u00f3ria frente ao Real Madrid na quarta e queda no domingo - Portal Tela Portugal","robots":{"index":"index","follow":"follow","max-snippet":"max-snippet:-1","max-image-preview":"max-image-preview:large","max-video-preview":"max-video-preview:-1"},"og_locale":"pt_PT","og_type":"article","og_title":"Trubin prev\u00ea vit\u00f3ria frente ao Real Madrid na quarta e queda no domingo - Portal Tela Portugal","og_description":"O guarda-redes da Ucr\u00e2nia, Trubin, recorda o golo ao Real Madrid na Luz, no \u00faltimo jogo da fase de grupo da Liga dos Campe\u00f5es, com a vit\u00f3ria de 4-2. Diz que esse momento pode n\u00e3o repetir-se no Mundo por 100 anos e que, ao marcar, simplesmente correu, destacando o paradoxo da sua fun\u00e7\u00e3o. A semana trouxe tamb\u00e9m desilus\u00e3o: na quarta-feira venceram o Real Madrid e no domingo empataram com o Tondela, ficando no fundo do po\u00e7o. Hoje enfrenta a Su\u00e9cia em jogo decisivo de apuramento para o Mundial, primeira presen\u00e7a desde 2006. Trubin admite que h\u00e1 muita responsabilidade e press\u00e3o psicol\u00f3gica nos 90 minutos (com prolongamento e pen\u00e1ltis poss\u00edveis) e destaca o desafio de chegar ao Mundial ap\u00f3s 20 anos sem presen\u00e7a.","og_url":"https:\/\/portaltela.pt\/noticias\/2026\/03\/26\/trubin-preve-vitoria-frente-ao-real-madrid-na-quarta-e-queda-no-domingo\/","og_site_name":"Portal Tela Portugal","article_published_time":"2026-03-26T16:58:52+00:00","author":"Telinha","twitter_card":"summary_large_image","twitter_misc":{"Escrito por":"Telinha","Tempo estimado de leitura":"1 minuto"},"schema":{"@context":"https:\/\/schema.org","@graph":[{"@type":"Article","@id":"https:\/\/portaltela.pt\/noticias\/2026\/03\/26\/trubin-preve-vitoria-frente-ao-real-madrid-na-quarta-e-queda-no-domingo\/#article","isPartOf":{"@id":"https:\/\/portaltela.pt\/noticias\/2026\/03\/26\/trubin-preve-vitoria-frente-ao-real-madrid-na-quarta-e-queda-no-domingo\/"},"author":{"name":"Telinha","@id":"https:\/\/portaltela.pt\/#\/schema\/person\/c4278d4a6028830caff9ee44b42d32ed"},"headline":"Trubin prev\u00ea vit\u00f3ria frente ao Real Madrid na quarta e queda no domingo","datePublished":"2026-03-26T16:58:52+00:00","mainEntityOfPage":{"@id":"https:\/\/portaltela.pt\/noticias\/2026\/03\/26\/trubin-preve-vitoria-frente-ao-real-madrid-na-quarta-e-queda-no-domingo\/"},"wordCount":269,"image":{"@id":"https:\/\/portaltela.pt\/noticias\/2026\/03\/26\/trubin-preve-vitoria-frente-ao-real-madrid-na-quarta-e-queda-no-domingo\/#primaryimage"},"thumbnailUrl":"https:\/\/portaltela.pt\/s.01k8rhncp4jt1\/2026\/03\/img_293x165uu2026-01-28-22-37-11-2418090.jpg","keywords":["a Ucr\u00e2nia","Champions League","futebol","futebol internacional","sele\u00e7\u00f5es internacionais","Su\u00e9cia"],"articleSection":["Desporto","Futebol"],"inLanguage":"pt-PT"},{"@type":"WebPage","@id":"https:\/\/portaltela.pt\/noticias\/2026\/03\/26\/trubin-preve-vitoria-frente-ao-real-madrid-na-quarta-e-queda-no-domingo\/","url":"https:\/\/portaltela.pt\/noticias\/2026\/03\/26\/trubin-preve-vitoria-frente-ao-real-madrid-na-quarta-e-queda-no-domingo\/","name":"Trubin prev\u00ea vit\u00f3ria frente ao Real Madrid na quarta e queda no domingo - Portal Tela Portugal","isPartOf":{"@id":"https:\/\/portaltela.pt\/#website"},"primaryImageOfPage":{"@id":"https:\/\/portaltela.pt\/noticias\/2026\/03\/26\/trubin-preve-vitoria-frente-ao-real-madrid-na-quarta-e-queda-no-domingo\/#primaryimage"},"image":{"@id":"https:\/\/portaltela.pt\/noticias\/2026\/03\/26\/trubin-preve-vitoria-frente-ao-real-madrid-na-quarta-e-queda-no-domingo\/#primaryimage"},"thumbnailUrl":"https:\/\/portaltela.pt\/s.01k8rhncp4jt1\/2026\/03\/img_293x165uu2026-01-28-22-37-11-2418090.jpg","datePublished":"2026-03-26T16:58:52+00:00","author":{"@id":"https:\/\/portaltela.pt\/#\/schema\/person\/c4278d4a6028830caff9ee44b42d32ed"},"breadcrumb":{"@id":"https:\/\/portaltela.pt\/noticias\/2026\/03\/26\/trubin-preve-vitoria-frente-ao-real-madrid-na-quarta-e-queda-no-domingo\/#breadcrumb"},"inLanguage":"pt-PT","potentialAction":[{"@type":"ReadAction","target":["https:\/\/portaltela.pt\/noticias\/2026\/03\/26\/trubin-preve-vitoria-frente-ao-real-madrid-na-quarta-e-queda-no-domingo\/"]}]},{"@type":"ImageObject","inLanguage":"pt-PT","@id":"https:\/\/portaltela.pt\/noticias\/2026\/03\/26\/trubin-preve-vitoria-frente-ao-real-madrid-na-quarta-e-queda-no-domingo\/#primaryimage","url":"https:\/\/portaltela.pt\/s.01k8rhncp4jt1\/2026\/03\/img_293x165uu2026-01-28-22-37-11-2418090.jpg","contentUrl":"https:\/\/portaltela.pt\/s.01k8rhncp4jt1\/2026\/03\/img_293x165uu2026-01-28-22-37-11-2418090.jpg","width":796,"height":448,"caption":"Trubin: \u00abNa quarta-feira ganhas ao Real Madrid e no domingo cais ao fundo do po\u00e7o\u00bb"},{"@type":"BreadcrumbList","@id":"https:\/\/portaltela.pt\/noticias\/2026\/03\/26\/trubin-preve-vitoria-frente-ao-real-madrid-na-quarta-e-queda-no-domingo\/#breadcrumb","itemListElement":[{"@type":"ListItem","position":1,"name":"In\u00edcio","item":"https:\/\/portaltela.pt\/"},{"@type":"ListItem","position":2,"name":"Trubin prev\u00ea vit\u00f3ria frente ao Real Madrid na quarta e queda no domingo"}]},{"@type":"WebSite","@id":"https:\/\/portaltela.pt\/#website","url":"https:\/\/portaltela.pt\/","name":"Portal Tela Portugal","description":"","potentialAction":[{"@type":"SearchAction","target":{"@type":"EntryPoint","urlTemplate":"https:\/\/portaltela.pt\/?s={search_term_string}"},"query-input":{"@type":"PropertyValueSpecification","valueRequired":true,"valueName":"search_term_string"}}],"inLanguage":"pt-PT"},{"@type":"Person","@id":"https:\/\/portaltela.pt\/#\/schema\/person\/c4278d4a6028830caff9ee44b42d32ed","name":"Telinha","image":{"@type":"ImageObject","inLanguage":"pt-PT","@id":"https:\/\/portaltela.pt\/s.01k8rhncp4jt1\/2025\/11\/talking-bot-125x125.png","url":"https:\/\/portaltela.pt\/s.01k8rhncp4jt1\/2025\/11\/talking-bot-125x125.png","contentUrl":"https:\/\/portaltela.pt\/s.01k8rhncp4jt1\/2025\/11\/talking-bot-125x125.png","caption":"Telinha"},"sameAs":["https:\/\/portaltela.pt\/"],"url":"https:\/\/portaltela.pt\/por\/367410592786\/"}]}},"_links":{"self":[{"href":"https:\/\/portaltela.pt\/api\/wp\/v2\/posts\/422581","targetHints":{"allow":["GET"]}}],"collection":[{"href":"https:\/\/portaltela.pt\/api\/wp\/v2\/posts"}],"about":[{"href":"https:\/\/portaltela.pt\/api\/wp\/v2\/types\/post"}],"author":[{"embeddable":true,"href":"https:\/\/portaltela.pt\/api\/wp\/v2\/users\/2"}],"replies":[{"embeddable":true,"href":"https:\/\/portaltela.pt\/api\/wp\/v2\/comments?post=422581"}],"version-history":[{"count":0,"href":"https:\/\/portaltela.pt\/api\/wp\/v2\/posts\/422581\/revisions"}],"wp:featuredmedia":[{"embeddable":true,"href":"https:\/\/portaltela.pt\/api\/wp\/v2\/media\/422583"}],"wp:attachment":[{"href":"https:\/\/portaltela.pt\/api\/wp\/v2\/media?parent=422581"}],"wp:term":[{"taxonomy":"category","embeddable":true,"href":"https:\/\/portaltela.pt\/api\/wp\/v2\/categories?post=422581"},{"taxonomy":"post_tag","embeddable":true,"href":"https:\/\/portaltela.pt\/api\/wp\/v2\/tags?post=422581"}],"curies":[{"name":"wp","href":"https:\/\/api.w.org\/{rel}","templated":true}]}}