{"id":422578,"date":"2026-03-26T13:50:43","date_gmt":"2026-03-26T16:50:43","guid":{"rendered":"https:\/\/portaltela.pt\/noticias\/2026\/03\/26\/quem-paga-a-fatura-da-crise-da-habitacao-na-europa\/"},"modified":"2026-03-26T13:50:43","modified_gmt":"2026-03-26T16:50:43","slug":"quem-paga-a-fatura-da-crise-da-habitacao-na-europa","status":"publish","type":"post","link":"https:\/\/portaltela.pt\/sociedade\/2026\/03\/26\/quem-paga-a-fatura-da-crise-da-habitacao-na-europa\/","title":{"rendered":"Quem paga a fatura da crise da habita\u00e7\u00e3o na Europa"},"content":{"rendered":"<p>A crise da habita\u00e7\u00e3o na Europa ganhou destaque ao longo de 15 anos, com subida dos pre\u00e7os das casas e das rendas. A procura excede a oferta em cerca de 10 milh\u00f5es de habita\u00e7\u00f5es, tornando acess\u00edvel a casa um objetivo cada vez mais dif\u00edcil para jovens, fam\u00edlias de baixos rendimentos e trabalhadores essenciais.<\/p>\n<p>Milh\u00f5es de europeus enfrentam coloca\u00e7\u00e3o de habita\u00e7\u00e3o insegura, com impacto direto no or\u00e7amento p\u00fablico e nas vidas familiares. O peso recai sobretudo sobre quem tem menos recursos, segundo an\u00e1lises recentes sobre o tema.<\/p>\n<p>Entre os mais afetados est\u00e3o os jovens de 18 a 34 anos, que concentram as maiores dificuldades. Mais de um quarto gasta acima de 40% do rendimento dispon\u00edvel com habita\u00e7\u00e3o, uma sobrecarga econ\u00f3mica considerada elevada por economistas.<\/p>\n<p>Ao mesmo tempo, quase um quarto dos jovens nessa faixa et\u00e1ria vive em condi\u00e7\u00f5es de sobrelota\u00e7\u00e3o. A press\u00e3o \u00e9 maior neste grupo do que em pessoas com mais de 65 anos, refletindo mudan\u00e7as na din\u00e2mica familiar e de mobilidade.<\/p>\n<p>O comiss\u00e1rio europeu para a Habita\u00e7\u00e3o, Dan J\u00f8rgensen, alerta para impactos na democracia e na economia. O teto de uma casa \u00e9 visto como base para a vida, e a sua aus\u00eancia pode comprometer mercado de trabalho, mobilidade e educa\u00e7\u00e3o, sublinha em entrevista.<\/p>\n<p>A crise \u00e9 tamb\u00e9m um risco pol\u00edtico, com previs\u00f5es de que a ina\u00e7\u00e3o favore\u00e7a o crescimento do populismo. Atinge especialmente trabalhadores que desejam viver perto do local de trabalho, como pol\u00edcias, bombeiros e professores.<\/p>\n<p>Na Gr\u00e9cia, 30% dos agregados jovens gastam mais de 40% do rendimento com habita\u00e7\u00e3o, o que representa a taxa mais elevada da UE. Dinamarca e Luxemburgo registam valores elevados semelhantes, com preju\u00edzo entre rendimentos m\u00e9dios de trabalhadores mais velhos.<\/p>\n<h3>Quando e onde est\u00e1 o problema a criar fosso<\/h3>\n<p>Dados indicam que os custos de habita\u00e7\u00e3o sobem mais depressa que os sal\u00e1rios desde a pandemia. O eurodeputado Borja Gim\u00e9nez Larraz, que lidera uma comiss\u00e3o especial, aponta aumentos de 60% nos pre\u00e7os de casas e 30% nas rendas, nos \u00faltimos 15 anos.<\/p>\n<p>Segundo o parlamentar, s\u00e3o necess\u00e1rios 10 milh\u00f5es de novos alojamentos para responder \u00e0 procura atual, enquanto as licen\u00e7as de constru\u00e7\u00e3o recuam cerca de 20%. O mercado privado de arrendamento concentra cerca de 20% de custo excessivo, contra 5% entre quem tem cr\u00e9dito \u00e0 habita\u00e7\u00e3o.<\/p>\n<p>As necessidades n\u00e3o se refletem ainda na totalidade na distribui\u00e7\u00e3o de moradias existentes. Trabalhadores essenciais ficam \u00e0 margem, dificultando a proximidade ao local de trabalho e, com isso, a mobilidade laboral.<\/p>\n<h3>Quem est\u00e1 envolvido e o que se sabe at\u00e9 agora<\/h3>\n<p>Estudiosos destacam que familiares de baixos rendimentos destinam mais de 40% do que ganham a habita\u00e7\u00e3o. Fam\u00edlias monoparentais e minorias enfrentam condi\u00e7\u00f5es habitacionais piores, com maior risco de sobrelota\u00e7\u00e3o e exclus\u00e3o social.<\/p>\n<p>A deputada Irene Tinagli, l\u00edder da comiss\u00e3o especial, afirma que a habita\u00e7\u00e3o foi tratada como ativo financeiro e n\u00e3o como bem social. A crise resulta de d\u00e9cadas de pol\u00edticas p\u00fablicas inadequadas e de expectativas n\u00e3o cumpridas de acesso \u00e0 habita\u00e7\u00e3o condigna.<\/p>\n<h3>O que est\u00e1 a ser feito e os desafios pela frente<\/h3>\n<p>O Plano de A\u00e7\u00e3o da UE para Habita\u00e7\u00e3o Acess\u00edvel at\u00e9 2025 prev\u00ea um d\u00e9fice de investimento anual de 275 mil milh\u00f5es de euros. O objetivo \u00e9 mobilizar mais financiamento p\u00fablico e privado, ajustar regras de ordenamento e capacitar autoridades locais para gerir arrendamentos de curta dura\u00e7\u00e3o.<\/p>\n<p>J\u00f8rgensen chama a aten\u00e7\u00e3o para habita\u00e7\u00e3o vazia e especula\u00e7\u00e3o como alvos de pol\u00edticas mais eficazes. Como modelo, cita a Dinamarca, onde os im\u00f3veis devem ficar efetivamente ocupados. O desafio permanece: transformar ideias em casas reais com o novo or\u00e7amento da UE em desenvolvimento.<\/p>\n","protected":false},"excerpt":{"rendered":"<ul>\n<li>A Europa precisa de dez milh\u00f5es de habita\u00e7\u00f5es para responder \u00e0 procura e aos pre\u00e7os das casas que subiram cerca de 60 % e as rendas 30 % nos \u00faltimos quinze anos. Houve queda de 20 % nas licen\u00e7as de constru\u00e7\u00e3o.<\/li>\n<li>Os jovens entre dezoito e trinta e quatro anos s\u00e3o os mais afetados, com mais de um quarto a gastar mais de quarenta por cento do rendimento dispon\u00edvel em habita\u00e7\u00e3o e uma em cada quatro a viver em condi\u00e7\u00f5es de sobrelota\u00e7\u00e3o.<\/li>\n<li>Falta de casas pr\u00f3prias para trabalhadores essenciais e fam\u00edlias de baixos rendimentos; estima-se que existam cerca de dois milh\u00f5es e meio de habita\u00e7\u00f5es a faltar na UE.<\/li>\n<li>O fosso entre custos de habita\u00e7\u00e3o e sal\u00e1rios cresce; muitos ajudam com subs\u00eddios, mas isso n\u00e3o resolve a acessibilidade nem a mobilidade laboral.<\/li>\n<li>Medidas em curso incluem o Plano de A\u00e7\u00e3o da UE at\u00e9 2025, com d\u00e9fice de investimento anual de cerca de 275 mil milh\u00f5es de euros; \u00e9 necess\u00e1rio transformar propostas em mais casas, melhor gest\u00e3o de arrendamento e combate \u00e0 habita\u00e7\u00e3o vazia.<\/li>\n<\/ul>\n","protected":false},"author":2,"featured_media":422579,"comment_status":"closed","ping_status":"closed","sticky":false,"template":"","format":"standard","meta":{"footnotes":""},"categories":[7384,6871],"tags":[28,2487,150,3520,1010,1167],"class_list":["post-422578","post","type-post","status-publish","format-standard","has-post-thumbnail","hentry","category-curiosidades","category-sociedade","tag-economia","tag-europa","tag-habitacao","tag-habitacao-acessivel","tag-habitacao-publica","tag-habitacao-social"],"yoast_head":"<!-- This site is optimized with the Yoast SEO plugin v27.2 - https:\/\/yoast.com\/product\/yoast-seo-wordpress\/ -->\n<title>Quem paga a fatura da crise da habita\u00e7\u00e3o na Europa - Portal Tela Portugal<\/title>\n<meta name=\"robots\" content=\"index, follow, max-snippet:-1, max-image-preview:large, max-video-preview:-1\" \/>\n<meta property=\"og:locale\" content=\"pt_PT\" \/>\n<meta property=\"og:type\" content=\"article\" \/>\n<meta property=\"og:title\" content=\"Quem paga a fatura da crise da habita\u00e7\u00e3o na Europa - Portal Tela Portugal\" \/>\n<meta property=\"og:description\" content=\"A Europa precisa de dez milh\u00f5es de habita\u00e7\u00f5es para responder \u00e0 procura e aos pre\u00e7os das casas que subiram cerca de 60 % e as rendas 30 % nos \u00faltimos quinze anos. Houve queda de 20 % nas licen\u00e7as de constru\u00e7\u00e3o. Os jovens entre dezoito e trinta e quatro anos s\u00e3o os mais afetados, com mais de um quarto a gastar mais de quarenta por cento do rendimento dispon\u00edvel em habita\u00e7\u00e3o e uma em cada quatro a viver em condi\u00e7\u00f5es de sobrelota\u00e7\u00e3o. Falta de casas pr\u00f3prias para trabalhadores essenciais e fam\u00edlias de baixos rendimentos; estima-se que existam cerca de dois milh\u00f5es e meio de habita\u00e7\u00f5es a faltar na UE. O fosso entre custos de habita\u00e7\u00e3o e sal\u00e1rios cresce; muitos ajudam com subs\u00eddios, mas isso n\u00e3o resolve a acessibilidade nem a mobilidade laboral. Medidas em curso incluem o Plano de A\u00e7\u00e3o da UE at\u00e9 2025, com d\u00e9fice de investimento anual de cerca de 275 mil milh\u00f5es de euros; \u00e9 necess\u00e1rio transformar propostas em mais casas, melhor gest\u00e3o de arrendamento e combate \u00e0 habita\u00e7\u00e3o vazia.\" \/>\n<meta property=\"og:url\" content=\"https:\/\/portaltela.pt\/noticias\/2026\/03\/26\/quem-paga-a-fatura-da-crise-da-habitacao-na-europa\/\" \/>\n<meta property=\"og:site_name\" content=\"Portal Tela Portugal\" \/>\n<meta property=\"article:published_time\" content=\"2026-03-26T16:50:43+00:00\" \/>\n<meta name=\"author\" content=\"Telinha\" \/>\n<meta name=\"twitter:card\" content=\"summary_large_image\" \/>\n<meta name=\"twitter:label1\" content=\"Escrito por\" \/>\n\t<meta name=\"twitter:data1\" content=\"Telinha\" \/>\n\t<meta name=\"twitter:label2\" content=\"Tempo estimado de leitura\" \/>\n\t<meta name=\"twitter:data2\" content=\"3 minutos\" \/>\n<script type=\"application\/ld+json\" class=\"yoast-schema-graph\">{\"@context\":\"https:\/\/schema.org\",\"@graph\":[{\"@type\":\"Article\",\"@id\":\"https:\/\/portaltela.pt\/noticias\/2026\/03\/26\/quem-paga-a-fatura-da-crise-da-habitacao-na-europa\/#article\",\"isPartOf\":{\"@id\":\"https:\/\/portaltela.pt\/noticias\/2026\/03\/26\/quem-paga-a-fatura-da-crise-da-habitacao-na-europa\/\"},\"author\":{\"name\":\"Telinha\",\"@id\":\"https:\/\/portaltela.pt\/#\/schema\/person\/c4278d4a6028830caff9ee44b42d32ed\"},\"headline\":\"Quem paga a fatura da crise da habita\u00e7\u00e3o na Europa\",\"datePublished\":\"2026-03-26T16:50:43+00:00\",\"mainEntityOfPage\":{\"@id\":\"https:\/\/portaltela.pt\/noticias\/2026\/03\/26\/quem-paga-a-fatura-da-crise-da-habitacao-na-europa\/\"},\"wordCount\":652,\"image\":{\"@id\":\"https:\/\/portaltela.pt\/noticias\/2026\/03\/26\/quem-paga-a-fatura-da-crise-da-habitacao-na-europa\/#primaryimage\"},\"thumbnailUrl\":\"https:\/\/portaltela.pt\/s.01k8rhncp4jt1\/2026\/03\/1536x864_cmsv2_d6da683a-c698-5561-83e6-6cb0249bcd2f-9698264.jpg\",\"keywords\":[\"economia\",\"Europa\",\"habita\u00e7\u00e3o\",\"habita\u00e7\u00e3o acess\u00edvel\",\"habita\u00e7\u00e3o p\u00fablica\",\"habita\u00e7\u00e3o social\"],\"articleSection\":[\"Curiosidades\",\"Sociedade\"],\"inLanguage\":\"pt-PT\"},{\"@type\":\"WebPage\",\"@id\":\"https:\/\/portaltela.pt\/noticias\/2026\/03\/26\/quem-paga-a-fatura-da-crise-da-habitacao-na-europa\/\",\"url\":\"https:\/\/portaltela.pt\/noticias\/2026\/03\/26\/quem-paga-a-fatura-da-crise-da-habitacao-na-europa\/\",\"name\":\"Quem paga a fatura da crise da habita\u00e7\u00e3o na Europa - Portal Tela Portugal\",\"isPartOf\":{\"@id\":\"https:\/\/portaltela.pt\/#website\"},\"primaryImageOfPage\":{\"@id\":\"https:\/\/portaltela.pt\/noticias\/2026\/03\/26\/quem-paga-a-fatura-da-crise-da-habitacao-na-europa\/#primaryimage\"},\"image\":{\"@id\":\"https:\/\/portaltela.pt\/noticias\/2026\/03\/26\/quem-paga-a-fatura-da-crise-da-habitacao-na-europa\/#primaryimage\"},\"thumbnailUrl\":\"https:\/\/portaltela.pt\/s.01k8rhncp4jt1\/2026\/03\/1536x864_cmsv2_d6da683a-c698-5561-83e6-6cb0249bcd2f-9698264.jpg\",\"datePublished\":\"2026-03-26T16:50:43+00:00\",\"author\":{\"@id\":\"https:\/\/portaltela.pt\/#\/schema\/person\/c4278d4a6028830caff9ee44b42d32ed\"},\"breadcrumb\":{\"@id\":\"https:\/\/portaltela.pt\/noticias\/2026\/03\/26\/quem-paga-a-fatura-da-crise-da-habitacao-na-europa\/#breadcrumb\"},\"inLanguage\":\"pt-PT\",\"potentialAction\":[{\"@type\":\"ReadAction\",\"target\":[\"https:\/\/portaltela.pt\/noticias\/2026\/03\/26\/quem-paga-a-fatura-da-crise-da-habitacao-na-europa\/\"]}]},{\"@type\":\"ImageObject\",\"inLanguage\":\"pt-PT\",\"@id\":\"https:\/\/portaltela.pt\/noticias\/2026\/03\/26\/quem-paga-a-fatura-da-crise-da-habitacao-na-europa\/#primaryimage\",\"url\":\"https:\/\/portaltela.pt\/s.01k8rhncp4jt1\/2026\/03\/1536x864_cmsv2_d6da683a-c698-5561-83e6-6cb0249bcd2f-9698264.jpg\",\"contentUrl\":\"https:\/\/portaltela.pt\/s.01k8rhncp4jt1\/2026\/03\/1536x864_cmsv2_d6da683a-c698-5561-83e6-6cb0249bcd2f-9698264.jpg\",\"width\":796,\"height\":448,\"caption\":\"Portugal enfrenta crise na habita\u00e7\u00e3o\"},{\"@type\":\"BreadcrumbList\",\"@id\":\"https:\/\/portaltela.pt\/noticias\/2026\/03\/26\/quem-paga-a-fatura-da-crise-da-habitacao-na-europa\/#breadcrumb\",\"itemListElement\":[{\"@type\":\"ListItem\",\"position\":1,\"name\":\"In\u00edcio\",\"item\":\"https:\/\/portaltela.pt\/\"},{\"@type\":\"ListItem\",\"position\":2,\"name\":\"Quem paga a fatura da crise da habita\u00e7\u00e3o na Europa\"}]},{\"@type\":\"WebSite\",\"@id\":\"https:\/\/portaltela.pt\/#website\",\"url\":\"https:\/\/portaltela.pt\/\",\"name\":\"Portal Tela Portugal\",\"description\":\"\",\"potentialAction\":[{\"@type\":\"SearchAction\",\"target\":{\"@type\":\"EntryPoint\",\"urlTemplate\":\"https:\/\/portaltela.pt\/?s={search_term_string}\"},\"query-input\":{\"@type\":\"PropertyValueSpecification\",\"valueRequired\":true,\"valueName\":\"search_term_string\"}}],\"inLanguage\":\"pt-PT\"},{\"@type\":\"Person\",\"@id\":\"https:\/\/portaltela.pt\/#\/schema\/person\/c4278d4a6028830caff9ee44b42d32ed\",\"name\":\"Telinha\",\"image\":{\"@type\":\"ImageObject\",\"inLanguage\":\"pt-PT\",\"@id\":\"https:\/\/portaltela.pt\/s.01k8rhncp4jt1\/2025\/11\/talking-bot-125x125.png\",\"url\":\"https:\/\/portaltela.pt\/s.01k8rhncp4jt1\/2025\/11\/talking-bot-125x125.png\",\"contentUrl\":\"https:\/\/portaltela.pt\/s.01k8rhncp4jt1\/2025\/11\/talking-bot-125x125.png\",\"caption\":\"Telinha\"},\"sameAs\":[\"https:\/\/portaltela.pt\/\"],\"url\":\"https:\/\/portaltela.pt\/por\/367410592786\/\"}]}<\/script>\n<!-- \/ Yoast SEO plugin. -->","yoast_head_json":{"title":"Quem paga a fatura da crise da habita\u00e7\u00e3o na Europa - Portal Tela Portugal","robots":{"index":"index","follow":"follow","max-snippet":"max-snippet:-1","max-image-preview":"max-image-preview:large","max-video-preview":"max-video-preview:-1"},"og_locale":"pt_PT","og_type":"article","og_title":"Quem paga a fatura da crise da habita\u00e7\u00e3o na Europa - Portal Tela Portugal","og_description":"A Europa precisa de dez milh\u00f5es de habita\u00e7\u00f5es para responder \u00e0 procura e aos pre\u00e7os das casas que subiram cerca de 60 % e as rendas 30 % nos \u00faltimos quinze anos. Houve queda de 20 % nas licen\u00e7as de constru\u00e7\u00e3o. Os jovens entre dezoito e trinta e quatro anos s\u00e3o os mais afetados, com mais de um quarto a gastar mais de quarenta por cento do rendimento dispon\u00edvel em habita\u00e7\u00e3o e uma em cada quatro a viver em condi\u00e7\u00f5es de sobrelota\u00e7\u00e3o. Falta de casas pr\u00f3prias para trabalhadores essenciais e fam\u00edlias de baixos rendimentos; estima-se que existam cerca de dois milh\u00f5es e meio de habita\u00e7\u00f5es a faltar na UE. O fosso entre custos de habita\u00e7\u00e3o e sal\u00e1rios cresce; muitos ajudam com subs\u00eddios, mas isso n\u00e3o resolve a acessibilidade nem a mobilidade laboral. Medidas em curso incluem o Plano de A\u00e7\u00e3o da UE at\u00e9 2025, com d\u00e9fice de investimento anual de cerca de 275 mil milh\u00f5es de euros; \u00e9 necess\u00e1rio transformar propostas em mais casas, melhor gest\u00e3o de arrendamento e combate \u00e0 habita\u00e7\u00e3o vazia.","og_url":"https:\/\/portaltela.pt\/noticias\/2026\/03\/26\/quem-paga-a-fatura-da-crise-da-habitacao-na-europa\/","og_site_name":"Portal Tela Portugal","article_published_time":"2026-03-26T16:50:43+00:00","author":"Telinha","twitter_card":"summary_large_image","twitter_misc":{"Escrito por":"Telinha","Tempo estimado de leitura":"3 minutos"},"schema":{"@context":"https:\/\/schema.org","@graph":[{"@type":"Article","@id":"https:\/\/portaltela.pt\/noticias\/2026\/03\/26\/quem-paga-a-fatura-da-crise-da-habitacao-na-europa\/#article","isPartOf":{"@id":"https:\/\/portaltela.pt\/noticias\/2026\/03\/26\/quem-paga-a-fatura-da-crise-da-habitacao-na-europa\/"},"author":{"name":"Telinha","@id":"https:\/\/portaltela.pt\/#\/schema\/person\/c4278d4a6028830caff9ee44b42d32ed"},"headline":"Quem paga a fatura da crise da habita\u00e7\u00e3o na Europa","datePublished":"2026-03-26T16:50:43+00:00","mainEntityOfPage":{"@id":"https:\/\/portaltela.pt\/noticias\/2026\/03\/26\/quem-paga-a-fatura-da-crise-da-habitacao-na-europa\/"},"wordCount":652,"image":{"@id":"https:\/\/portaltela.pt\/noticias\/2026\/03\/26\/quem-paga-a-fatura-da-crise-da-habitacao-na-europa\/#primaryimage"},"thumbnailUrl":"https:\/\/portaltela.pt\/s.01k8rhncp4jt1\/2026\/03\/1536x864_cmsv2_d6da683a-c698-5561-83e6-6cb0249bcd2f-9698264.jpg","keywords":["economia","Europa","habita\u00e7\u00e3o","habita\u00e7\u00e3o acess\u00edvel","habita\u00e7\u00e3o p\u00fablica","habita\u00e7\u00e3o social"],"articleSection":["Curiosidades","Sociedade"],"inLanguage":"pt-PT"},{"@type":"WebPage","@id":"https:\/\/portaltela.pt\/noticias\/2026\/03\/26\/quem-paga-a-fatura-da-crise-da-habitacao-na-europa\/","url":"https:\/\/portaltela.pt\/noticias\/2026\/03\/26\/quem-paga-a-fatura-da-crise-da-habitacao-na-europa\/","name":"Quem paga a fatura da crise da habita\u00e7\u00e3o na Europa - Portal Tela Portugal","isPartOf":{"@id":"https:\/\/portaltela.pt\/#website"},"primaryImageOfPage":{"@id":"https:\/\/portaltela.pt\/noticias\/2026\/03\/26\/quem-paga-a-fatura-da-crise-da-habitacao-na-europa\/#primaryimage"},"image":{"@id":"https:\/\/portaltela.pt\/noticias\/2026\/03\/26\/quem-paga-a-fatura-da-crise-da-habitacao-na-europa\/#primaryimage"},"thumbnailUrl":"https:\/\/portaltela.pt\/s.01k8rhncp4jt1\/2026\/03\/1536x864_cmsv2_d6da683a-c698-5561-83e6-6cb0249bcd2f-9698264.jpg","datePublished":"2026-03-26T16:50:43+00:00","author":{"@id":"https:\/\/portaltela.pt\/#\/schema\/person\/c4278d4a6028830caff9ee44b42d32ed"},"breadcrumb":{"@id":"https:\/\/portaltela.pt\/noticias\/2026\/03\/26\/quem-paga-a-fatura-da-crise-da-habitacao-na-europa\/#breadcrumb"},"inLanguage":"pt-PT","potentialAction":[{"@type":"ReadAction","target":["https:\/\/portaltela.pt\/noticias\/2026\/03\/26\/quem-paga-a-fatura-da-crise-da-habitacao-na-europa\/"]}]},{"@type":"ImageObject","inLanguage":"pt-PT","@id":"https:\/\/portaltela.pt\/noticias\/2026\/03\/26\/quem-paga-a-fatura-da-crise-da-habitacao-na-europa\/#primaryimage","url":"https:\/\/portaltela.pt\/s.01k8rhncp4jt1\/2026\/03\/1536x864_cmsv2_d6da683a-c698-5561-83e6-6cb0249bcd2f-9698264.jpg","contentUrl":"https:\/\/portaltela.pt\/s.01k8rhncp4jt1\/2026\/03\/1536x864_cmsv2_d6da683a-c698-5561-83e6-6cb0249bcd2f-9698264.jpg","width":796,"height":448,"caption":"Portugal enfrenta crise na habita\u00e7\u00e3o"},{"@type":"BreadcrumbList","@id":"https:\/\/portaltela.pt\/noticias\/2026\/03\/26\/quem-paga-a-fatura-da-crise-da-habitacao-na-europa\/#breadcrumb","itemListElement":[{"@type":"ListItem","position":1,"name":"In\u00edcio","item":"https:\/\/portaltela.pt\/"},{"@type":"ListItem","position":2,"name":"Quem paga a fatura da crise da habita\u00e7\u00e3o na Europa"}]},{"@type":"WebSite","@id":"https:\/\/portaltela.pt\/#website","url":"https:\/\/portaltela.pt\/","name":"Portal Tela Portugal","description":"","potentialAction":[{"@type":"SearchAction","target":{"@type":"EntryPoint","urlTemplate":"https:\/\/portaltela.pt\/?s={search_term_string}"},"query-input":{"@type":"PropertyValueSpecification","valueRequired":true,"valueName":"search_term_string"}}],"inLanguage":"pt-PT"},{"@type":"Person","@id":"https:\/\/portaltela.pt\/#\/schema\/person\/c4278d4a6028830caff9ee44b42d32ed","name":"Telinha","image":{"@type":"ImageObject","inLanguage":"pt-PT","@id":"https:\/\/portaltela.pt\/s.01k8rhncp4jt1\/2025\/11\/talking-bot-125x125.png","url":"https:\/\/portaltela.pt\/s.01k8rhncp4jt1\/2025\/11\/talking-bot-125x125.png","contentUrl":"https:\/\/portaltela.pt\/s.01k8rhncp4jt1\/2025\/11\/talking-bot-125x125.png","caption":"Telinha"},"sameAs":["https:\/\/portaltela.pt\/"],"url":"https:\/\/portaltela.pt\/por\/367410592786\/"}]}},"_links":{"self":[{"href":"https:\/\/portaltela.pt\/api\/wp\/v2\/posts\/422578","targetHints":{"allow":["GET"]}}],"collection":[{"href":"https:\/\/portaltela.pt\/api\/wp\/v2\/posts"}],"about":[{"href":"https:\/\/portaltela.pt\/api\/wp\/v2\/types\/post"}],"author":[{"embeddable":true,"href":"https:\/\/portaltela.pt\/api\/wp\/v2\/users\/2"}],"replies":[{"embeddable":true,"href":"https:\/\/portaltela.pt\/api\/wp\/v2\/comments?post=422578"}],"version-history":[{"count":0,"href":"https:\/\/portaltela.pt\/api\/wp\/v2\/posts\/422578\/revisions"}],"wp:featuredmedia":[{"embeddable":true,"href":"https:\/\/portaltela.pt\/api\/wp\/v2\/media\/422579"}],"wp:attachment":[{"href":"https:\/\/portaltela.pt\/api\/wp\/v2\/media?parent=422578"}],"wp:term":[{"taxonomy":"category","embeddable":true,"href":"https:\/\/portaltela.pt\/api\/wp\/v2\/categories?post=422578"},{"taxonomy":"post_tag","embeddable":true,"href":"https:\/\/portaltela.pt\/api\/wp\/v2\/tags?post=422578"}],"curies":[{"name":"wp","href":"https:\/\/api.w.org\/{rel}","templated":true}]}}