{"id":422544,"date":"2026-03-26T13:21:46","date_gmt":"2026-03-26T16:21:46","guid":{"rendered":"https:\/\/portaltela.pt\/noticias\/2026\/03\/26\/audios-do-apagao-ocultados-pela-rede-electrica-espanhola-sao-divulgados\/"},"modified":"2026-03-26T13:21:46","modified_gmt":"2026-03-26T16:21:46","slug":"audios-do-apagao-ocultados-pela-rede-electrica-espanhola-sao-divulgados","status":"publish","type":"post","link":"https:\/\/portaltela.pt\/noticias\/2026\/03\/26\/audios-do-apagao-ocultados-pela-rede-electrica-espanhola-sao-divulgados\/","title":{"rendered":"\u00c1udios do apag\u00e3o ocultados pela rede el\u00e9ctrica espanhola s\u00e3o divulgados"},"content":{"rendered":"<p>O dia do apag\u00e3o el\u00e9trico em Espanha ganhou nova dimens\u00e3o com a divulga\u00e7\u00e3o de \u00e1udios da rede el\u00e9ctrica. A Red El\u00e9ctrica de Espa\u00f1a (REE) alegou ocultar grava\u00e7\u00f5es por oito meses, alegando\u4fdd\u62a4 de direitos e confidencialidade. O incidente ocorreu a 28 de abril de 2025, com a central de controlo a viver momentos de tens\u00e3o.<\/p>\n<p>A REE respondeu a um pedido do Senado feito em julho de 2025, recusando disponibilizar as grava\u00e7\u00f5es. A empresa afirmou n\u00e3o estar obrigada por ser uma sociedade an\u00f3nima de capital maioritariamente privado. Em vez disso, enviou apenas documentos j\u00e1 p\u00fablicos, encerrando a coopera\u00e7\u00e3o com a comiss\u00e3o parlamentar, segundo o El Mundo.<\/p>\n<p>A posi\u00e7\u00e3o contrasta com a atua\u00e7\u00e3o de Iberdrola e Endesa, que entregaram grava\u00e7\u00f5es semelhantes ao Senado. O material agora revelado sugere um cen\u00e1rio de instabilidade pr\u00e9via ao apag\u00e3o, com t\u00e9cnicos a apontar oscila\u00e7\u00f5es de tens\u00e3o dias antes do evento e a atribuir parte do problema a fatores como produ\u00e7\u00e3o fotovoltaica e baixa presen\u00e7a de energia nuclear.<\/p>\n<p>Confrontos entre a rede e as empresas indicam que a situa\u00e7\u00e3o j\u00e1 era de risco antes do colapso. Relatos apontam para sinais de alerta e pressa na tentativa de mitiga\u00e7\u00e3o, e para uma percep\u00e7\u00e3o de dificuldades crescentes apesar das medidas tomadas pela REE.<\/p>\n<p>O conte\u00fado divulgado pelo El Pa\u00eds inclui conversas entre a REE e t\u00e9cnicos durante o dia do apag\u00e3o, com refer\u00eancias a tens\u00f5es na linha de 400 kV, quest\u00f5es associadas \u00e0 produ\u00e7\u00e3o fotovoltaica e a men\u00e7\u00f5es a opera\u00e7\u00f5es pr\u00f3ximas de ligar sistemas. Os di\u00e1logos sugerem que a rede enfrentava instabilidade significativa.<\/p>\n<p>As comunica\u00e7\u00f5es tamb\u00e9m indicam que, perto do meio-dia, t\u00e9cnicos discutiam a possibilidade de restabelecimento, mas a REE confirmou perdas na rede, sinalizando que a situa\u00e7\u00e3o continuava cr\u00edtica. O jornal destaca que as conversas ocorreram momentos decisivos para o desfecho do dia.<\/p>\n","protected":false},"excerpt":{"rendered":"<ul>\n<li>\u00c1udios do dia do apag\u00e3o de 28 de abril de 2025, divulgados ap\u00f3s oito meses de oculta\u00e7\u00e3o pela Red El\u00e9ctrica de Espanha (REE), alegadamente por indica\u00e7\u00e3o da presidenta Beatriz Corredor.<\/li>\n<li>O Senado pediu os materiais em julho de 2025; a REE respondeu que, por ser maioritariamente privada, n\u00e3o estava obrigada a fornecer os registos, limitando-se a enviar documentos j\u00e1 p\u00fablicos.<\/li>\n<li>A justificativa foi de confidencialidade para proteger direitos da empresa, contrastando com outras entidades do setor como a Iberdrola e a Endesa, que disponibilizaram grava\u00e7\u00f5es semelhantes.<\/li>\n<li>As grava\u00e7\u00f5es indicam oscila\u00e7\u00f5es de tens\u00e3o dias antes do apag\u00e3o, com t\u00e9cnicas a mencionar problemas na produ\u00e7\u00e3o fotovoltaica e redu\u00e7\u00e3o da presen\u00e7a de energia nuclear no sistema.<\/li>\n<li>Trechos revelam uma rede em situa\u00e7\u00e3o inst\u00e1vel antes do colapso, com express\u00f5es como \u201cestamos a desligar-nos\u201d e sinais de risco iminente.<\/li>\n<\/ul>\n","protected":false},"author":2,"featured_media":422545,"comment_status":"closed","ping_status":"closed","sticky":false,"template":"","format":"standard","meta":{"footnotes":""},"categories":[6806,1],"tags":[174,4549,4293,5563,215,5113],"class_list":["post-422544","post","type-post","status-publish","format-standard","has-post-thumbnail","hentry","category-energia","category-noticias","tag-energia","tag-energia-eletrica","tag-incidentes-internacionais","tag-informacao-publica","tag-investigacao","tag-redes-eletricas"],"yoast_head":"<!-- This site is optimized with the Yoast SEO plugin v27.2 - https:\/\/yoast.com\/product\/yoast-seo-wordpress\/ -->\n<title>\u00c1udios do apag\u00e3o ocultados pela rede el\u00e9ctrica espanhola s\u00e3o divulgados - Portal Tela Portugal<\/title>\n<meta name=\"robots\" content=\"index, follow, max-snippet:-1, max-image-preview:large, max-video-preview:-1\" \/>\n<meta property=\"og:locale\" content=\"pt_PT\" \/>\n<meta property=\"og:type\" content=\"article\" \/>\n<meta property=\"og:title\" content=\"\u00c1udios do apag\u00e3o ocultados pela rede el\u00e9ctrica espanhola s\u00e3o divulgados - Portal Tela Portugal\" \/>\n<meta property=\"og:description\" content=\"\u00c1udios do dia do apag\u00e3o de 28 de abril de 2025, divulgados ap\u00f3s oito meses de oculta\u00e7\u00e3o pela Red El\u00e9ctrica de Espanha (REE), alegadamente por indica\u00e7\u00e3o da presidenta Beatriz Corredor. O Senado pediu os materiais em julho de 2025; a REE respondeu que, por ser maioritariamente privada, n\u00e3o estava obrigada a fornecer os registos, limitando-se a enviar documentos j\u00e1 p\u00fablicos. A justificativa foi de confidencialidade para proteger direitos da empresa, contrastando com outras entidades do setor como a Iberdrola e a Endesa, que disponibilizaram grava\u00e7\u00f5es semelhantes. As grava\u00e7\u00f5es indicam oscila\u00e7\u00f5es de tens\u00e3o dias antes do apag\u00e3o, com t\u00e9cnicas a mencionar problemas na produ\u00e7\u00e3o fotovoltaica e redu\u00e7\u00e3o da presen\u00e7a de energia nuclear no sistema. Trechos revelam uma rede em situa\u00e7\u00e3o inst\u00e1vel antes do colapso, com express\u00f5es como \u201cestamos a desligar-nos\u201d e sinais de risco iminente.\" \/>\n<meta property=\"og:url\" content=\"https:\/\/portaltela.pt\/noticias\/2026\/03\/26\/audios-do-apagao-ocultados-pela-rede-electrica-espanhola-sao-divulgados\/\" \/>\n<meta property=\"og:site_name\" content=\"Portal Tela Portugal\" \/>\n<meta property=\"article:published_time\" content=\"2026-03-26T16:21:46+00:00\" \/>\n<meta name=\"author\" content=\"Telinha\" \/>\n<meta name=\"twitter:card\" content=\"summary_large_image\" \/>\n<meta name=\"twitter:label1\" content=\"Escrito por\" \/>\n\t<meta name=\"twitter:data1\" content=\"Telinha\" \/>\n\t<meta name=\"twitter:label2\" content=\"Tempo estimado de leitura\" \/>\n\t<meta name=\"twitter:data2\" content=\"2 minutos\" \/>\n<script type=\"application\/ld+json\" class=\"yoast-schema-graph\">{\"@context\":\"https:\/\/schema.org\",\"@graph\":[{\"@type\":\"Article\",\"@id\":\"https:\/\/portaltela.pt\/noticias\/2026\/03\/26\/audios-do-apagao-ocultados-pela-rede-electrica-espanhola-sao-divulgados\/#article\",\"isPartOf\":{\"@id\":\"https:\/\/portaltela.pt\/noticias\/2026\/03\/26\/audios-do-apagao-ocultados-pela-rede-electrica-espanhola-sao-divulgados\/\"},\"author\":{\"name\":\"Telinha\",\"@id\":\"https:\/\/portaltela.pt\/#\/schema\/person\/c4278d4a6028830caff9ee44b42d32ed\"},\"headline\":\"\u00c1udios do apag\u00e3o ocultados pela rede el\u00e9ctrica espanhola s\u00e3o divulgados\",\"datePublished\":\"2026-03-26T16:21:46+00:00\",\"mainEntityOfPage\":{\"@id\":\"https:\/\/portaltela.pt\/noticias\/2026\/03\/26\/audios-do-apagao-ocultados-pela-rede-electrica-espanhola-sao-divulgados\/\"},\"wordCount\":349,\"image\":{\"@id\":\"https:\/\/portaltela.pt\/noticias\/2026\/03\/26\/audios-do-apagao-ocultados-pela-rede-electrica-espanhola-sao-divulgados\/#primaryimage\"},\"thumbnailUrl\":\"https:\/\/portaltela.pt\/s.01k8rhncp4jt1\/2026\/03\/img_1280x721uu2025-04-29-10-02-40-2205578.jpg\",\"keywords\":[\"energia\",\"energia el\u00e9trica\",\"incidentes internacionais\",\"informa\u00e7\u00e3o p\u00fablica\",\"investiga\u00e7\u00e3o\",\"redes el\u00e9tricas\"],\"articleSection\":[\"Energia\",\"Not\u00edcias\"],\"inLanguage\":\"pt-PT\"},{\"@type\":\"WebPage\",\"@id\":\"https:\/\/portaltela.pt\/noticias\/2026\/03\/26\/audios-do-apagao-ocultados-pela-rede-electrica-espanhola-sao-divulgados\/\",\"url\":\"https:\/\/portaltela.pt\/noticias\/2026\/03\/26\/audios-do-apagao-ocultados-pela-rede-electrica-espanhola-sao-divulgados\/\",\"name\":\"\u00c1udios do apag\u00e3o ocultados pela rede el\u00e9ctrica espanhola s\u00e3o divulgados - Portal Tela Portugal\",\"isPartOf\":{\"@id\":\"https:\/\/portaltela.pt\/#website\"},\"primaryImageOfPage\":{\"@id\":\"https:\/\/portaltela.pt\/noticias\/2026\/03\/26\/audios-do-apagao-ocultados-pela-rede-electrica-espanhola-sao-divulgados\/#primaryimage\"},\"image\":{\"@id\":\"https:\/\/portaltela.pt\/noticias\/2026\/03\/26\/audios-do-apagao-ocultados-pela-rede-electrica-espanhola-sao-divulgados\/#primaryimage\"},\"thumbnailUrl\":\"https:\/\/portaltela.pt\/s.01k8rhncp4jt1\/2026\/03\/img_1280x721uu2025-04-29-10-02-40-2205578.jpg\",\"datePublished\":\"2026-03-26T16:21:46+00:00\",\"author\":{\"@id\":\"https:\/\/portaltela.pt\/#\/schema\/person\/c4278d4a6028830caff9ee44b42d32ed\"},\"breadcrumb\":{\"@id\":\"https:\/\/portaltela.pt\/noticias\/2026\/03\/26\/audios-do-apagao-ocultados-pela-rede-electrica-espanhola-sao-divulgados\/#breadcrumb\"},\"inLanguage\":\"pt-PT\",\"potentialAction\":[{\"@type\":\"ReadAction\",\"target\":[\"https:\/\/portaltela.pt\/noticias\/2026\/03\/26\/audios-do-apagao-ocultados-pela-rede-electrica-espanhola-sao-divulgados\/\"]}]},{\"@type\":\"ImageObject\",\"inLanguage\":\"pt-PT\",\"@id\":\"https:\/\/portaltela.pt\/noticias\/2026\/03\/26\/audios-do-apagao-ocultados-pela-rede-electrica-espanhola-sao-divulgados\/#primaryimage\",\"url\":\"https:\/\/portaltela.pt\/s.01k8rhncp4jt1\/2026\/03\/img_1280x721uu2025-04-29-10-02-40-2205578.jpg\",\"contentUrl\":\"https:\/\/portaltela.pt\/s.01k8rhncp4jt1\/2026\/03\/img_1280x721uu2025-04-29-10-02-40-2205578.jpg\",\"width\":796,\"height\":448,\"caption\":\"Rede El\u00e9trica\"},{\"@type\":\"BreadcrumbList\",\"@id\":\"https:\/\/portaltela.pt\/noticias\/2026\/03\/26\/audios-do-apagao-ocultados-pela-rede-electrica-espanhola-sao-divulgados\/#breadcrumb\",\"itemListElement\":[{\"@type\":\"ListItem\",\"position\":1,\"name\":\"In\u00edcio\",\"item\":\"https:\/\/portaltela.pt\/\"},{\"@type\":\"ListItem\",\"position\":2,\"name\":\"\u00c1udios do apag\u00e3o ocultados pela rede el\u00e9ctrica espanhola s\u00e3o divulgados\"}]},{\"@type\":\"WebSite\",\"@id\":\"https:\/\/portaltela.pt\/#website\",\"url\":\"https:\/\/portaltela.pt\/\",\"name\":\"Portal Tela Portugal\",\"description\":\"\",\"potentialAction\":[{\"@type\":\"SearchAction\",\"target\":{\"@type\":\"EntryPoint\",\"urlTemplate\":\"https:\/\/portaltela.pt\/?s={search_term_string}\"},\"query-input\":{\"@type\":\"PropertyValueSpecification\",\"valueRequired\":true,\"valueName\":\"search_term_string\"}}],\"inLanguage\":\"pt-PT\"},{\"@type\":\"Person\",\"@id\":\"https:\/\/portaltela.pt\/#\/schema\/person\/c4278d4a6028830caff9ee44b42d32ed\",\"name\":\"Telinha\",\"image\":{\"@type\":\"ImageObject\",\"inLanguage\":\"pt-PT\",\"@id\":\"https:\/\/portaltela.pt\/s.01k8rhncp4jt1\/2025\/11\/talking-bot-125x125.png\",\"url\":\"https:\/\/portaltela.pt\/s.01k8rhncp4jt1\/2025\/11\/talking-bot-125x125.png\",\"contentUrl\":\"https:\/\/portaltela.pt\/s.01k8rhncp4jt1\/2025\/11\/talking-bot-125x125.png\",\"caption\":\"Telinha\"},\"sameAs\":[\"https:\/\/portaltela.pt\/\"],\"url\":\"https:\/\/portaltela.pt\/por\/367410592786\/\"}]}<\/script>\n<!-- \/ Yoast SEO plugin. -->","yoast_head_json":{"title":"\u00c1udios do apag\u00e3o ocultados pela rede el\u00e9ctrica espanhola s\u00e3o divulgados - Portal Tela Portugal","robots":{"index":"index","follow":"follow","max-snippet":"max-snippet:-1","max-image-preview":"max-image-preview:large","max-video-preview":"max-video-preview:-1"},"og_locale":"pt_PT","og_type":"article","og_title":"\u00c1udios do apag\u00e3o ocultados pela rede el\u00e9ctrica espanhola s\u00e3o divulgados - Portal Tela Portugal","og_description":"\u00c1udios do dia do apag\u00e3o de 28 de abril de 2025, divulgados ap\u00f3s oito meses de oculta\u00e7\u00e3o pela Red El\u00e9ctrica de Espanha (REE), alegadamente por indica\u00e7\u00e3o da presidenta Beatriz Corredor. O Senado pediu os materiais em julho de 2025; a REE respondeu que, por ser maioritariamente privada, n\u00e3o estava obrigada a fornecer os registos, limitando-se a enviar documentos j\u00e1 p\u00fablicos. A justificativa foi de confidencialidade para proteger direitos da empresa, contrastando com outras entidades do setor como a Iberdrola e a Endesa, que disponibilizaram grava\u00e7\u00f5es semelhantes. As grava\u00e7\u00f5es indicam oscila\u00e7\u00f5es de tens\u00e3o dias antes do apag\u00e3o, com t\u00e9cnicas a mencionar problemas na produ\u00e7\u00e3o fotovoltaica e redu\u00e7\u00e3o da presen\u00e7a de energia nuclear no sistema. Trechos revelam uma rede em situa\u00e7\u00e3o inst\u00e1vel antes do colapso, com express\u00f5es como \u201cestamos a desligar-nos\u201d e sinais de risco iminente.","og_url":"https:\/\/portaltela.pt\/noticias\/2026\/03\/26\/audios-do-apagao-ocultados-pela-rede-electrica-espanhola-sao-divulgados\/","og_site_name":"Portal Tela Portugal","article_published_time":"2026-03-26T16:21:46+00:00","author":"Telinha","twitter_card":"summary_large_image","twitter_misc":{"Escrito por":"Telinha","Tempo estimado de leitura":"2 minutos"},"schema":{"@context":"https:\/\/schema.org","@graph":[{"@type":"Article","@id":"https:\/\/portaltela.pt\/noticias\/2026\/03\/26\/audios-do-apagao-ocultados-pela-rede-electrica-espanhola-sao-divulgados\/#article","isPartOf":{"@id":"https:\/\/portaltela.pt\/noticias\/2026\/03\/26\/audios-do-apagao-ocultados-pela-rede-electrica-espanhola-sao-divulgados\/"},"author":{"name":"Telinha","@id":"https:\/\/portaltela.pt\/#\/schema\/person\/c4278d4a6028830caff9ee44b42d32ed"},"headline":"\u00c1udios do apag\u00e3o ocultados pela rede el\u00e9ctrica espanhola s\u00e3o divulgados","datePublished":"2026-03-26T16:21:46+00:00","mainEntityOfPage":{"@id":"https:\/\/portaltela.pt\/noticias\/2026\/03\/26\/audios-do-apagao-ocultados-pela-rede-electrica-espanhola-sao-divulgados\/"},"wordCount":349,"image":{"@id":"https:\/\/portaltela.pt\/noticias\/2026\/03\/26\/audios-do-apagao-ocultados-pela-rede-electrica-espanhola-sao-divulgados\/#primaryimage"},"thumbnailUrl":"https:\/\/portaltela.pt\/s.01k8rhncp4jt1\/2026\/03\/img_1280x721uu2025-04-29-10-02-40-2205578.jpg","keywords":["energia","energia el\u00e9trica","incidentes internacionais","informa\u00e7\u00e3o p\u00fablica","investiga\u00e7\u00e3o","redes el\u00e9tricas"],"articleSection":["Energia","Not\u00edcias"],"inLanguage":"pt-PT"},{"@type":"WebPage","@id":"https:\/\/portaltela.pt\/noticias\/2026\/03\/26\/audios-do-apagao-ocultados-pela-rede-electrica-espanhola-sao-divulgados\/","url":"https:\/\/portaltela.pt\/noticias\/2026\/03\/26\/audios-do-apagao-ocultados-pela-rede-electrica-espanhola-sao-divulgados\/","name":"\u00c1udios do apag\u00e3o ocultados pela rede el\u00e9ctrica espanhola s\u00e3o divulgados - Portal Tela Portugal","isPartOf":{"@id":"https:\/\/portaltela.pt\/#website"},"primaryImageOfPage":{"@id":"https:\/\/portaltela.pt\/noticias\/2026\/03\/26\/audios-do-apagao-ocultados-pela-rede-electrica-espanhola-sao-divulgados\/#primaryimage"},"image":{"@id":"https:\/\/portaltela.pt\/noticias\/2026\/03\/26\/audios-do-apagao-ocultados-pela-rede-electrica-espanhola-sao-divulgados\/#primaryimage"},"thumbnailUrl":"https:\/\/portaltela.pt\/s.01k8rhncp4jt1\/2026\/03\/img_1280x721uu2025-04-29-10-02-40-2205578.jpg","datePublished":"2026-03-26T16:21:46+00:00","author":{"@id":"https:\/\/portaltela.pt\/#\/schema\/person\/c4278d4a6028830caff9ee44b42d32ed"},"breadcrumb":{"@id":"https:\/\/portaltela.pt\/noticias\/2026\/03\/26\/audios-do-apagao-ocultados-pela-rede-electrica-espanhola-sao-divulgados\/#breadcrumb"},"inLanguage":"pt-PT","potentialAction":[{"@type":"ReadAction","target":["https:\/\/portaltela.pt\/noticias\/2026\/03\/26\/audios-do-apagao-ocultados-pela-rede-electrica-espanhola-sao-divulgados\/"]}]},{"@type":"ImageObject","inLanguage":"pt-PT","@id":"https:\/\/portaltela.pt\/noticias\/2026\/03\/26\/audios-do-apagao-ocultados-pela-rede-electrica-espanhola-sao-divulgados\/#primaryimage","url":"https:\/\/portaltela.pt\/s.01k8rhncp4jt1\/2026\/03\/img_1280x721uu2025-04-29-10-02-40-2205578.jpg","contentUrl":"https:\/\/portaltela.pt\/s.01k8rhncp4jt1\/2026\/03\/img_1280x721uu2025-04-29-10-02-40-2205578.jpg","width":796,"height":448,"caption":"Rede El\u00e9trica"},{"@type":"BreadcrumbList","@id":"https:\/\/portaltela.pt\/noticias\/2026\/03\/26\/audios-do-apagao-ocultados-pela-rede-electrica-espanhola-sao-divulgados\/#breadcrumb","itemListElement":[{"@type":"ListItem","position":1,"name":"In\u00edcio","item":"https:\/\/portaltela.pt\/"},{"@type":"ListItem","position":2,"name":"\u00c1udios do apag\u00e3o ocultados pela rede el\u00e9ctrica espanhola s\u00e3o divulgados"}]},{"@type":"WebSite","@id":"https:\/\/portaltela.pt\/#website","url":"https:\/\/portaltela.pt\/","name":"Portal Tela Portugal","description":"","potentialAction":[{"@type":"SearchAction","target":{"@type":"EntryPoint","urlTemplate":"https:\/\/portaltela.pt\/?s={search_term_string}"},"query-input":{"@type":"PropertyValueSpecification","valueRequired":true,"valueName":"search_term_string"}}],"inLanguage":"pt-PT"},{"@type":"Person","@id":"https:\/\/portaltela.pt\/#\/schema\/person\/c4278d4a6028830caff9ee44b42d32ed","name":"Telinha","image":{"@type":"ImageObject","inLanguage":"pt-PT","@id":"https:\/\/portaltela.pt\/s.01k8rhncp4jt1\/2025\/11\/talking-bot-125x125.png","url":"https:\/\/portaltela.pt\/s.01k8rhncp4jt1\/2025\/11\/talking-bot-125x125.png","contentUrl":"https:\/\/portaltela.pt\/s.01k8rhncp4jt1\/2025\/11\/talking-bot-125x125.png","caption":"Telinha"},"sameAs":["https:\/\/portaltela.pt\/"],"url":"https:\/\/portaltela.pt\/por\/367410592786\/"}]}},"_links":{"self":[{"href":"https:\/\/portaltela.pt\/api\/wp\/v2\/posts\/422544","targetHints":{"allow":["GET"]}}],"collection":[{"href":"https:\/\/portaltela.pt\/api\/wp\/v2\/posts"}],"about":[{"href":"https:\/\/portaltela.pt\/api\/wp\/v2\/types\/post"}],"author":[{"embeddable":true,"href":"https:\/\/portaltela.pt\/api\/wp\/v2\/users\/2"}],"replies":[{"embeddable":true,"href":"https:\/\/portaltela.pt\/api\/wp\/v2\/comments?post=422544"}],"version-history":[{"count":0,"href":"https:\/\/portaltela.pt\/api\/wp\/v2\/posts\/422544\/revisions"}],"wp:featuredmedia":[{"embeddable":true,"href":"https:\/\/portaltela.pt\/api\/wp\/v2\/media\/422545"}],"wp:attachment":[{"href":"https:\/\/portaltela.pt\/api\/wp\/v2\/media?parent=422544"}],"wp:term":[{"taxonomy":"category","embeddable":true,"href":"https:\/\/portaltela.pt\/api\/wp\/v2\/categories?post=422544"},{"taxonomy":"post_tag","embeddable":true,"href":"https:\/\/portaltela.pt\/api\/wp\/v2\/tags?post=422544"}],"curies":[{"name":"wp","href":"https:\/\/api.w.org\/{rel}","templated":true}]}}