{"id":422528,"date":"2026-03-26T13:20:00","date_gmt":"2026-03-26T16:20:00","guid":{"rendered":"https:\/\/portaltela.pt\/noticias\/2026\/03\/26\/como-escolher-a-escola-certa-para-os-filhos\/"},"modified":"2026-03-26T13:20:00","modified_gmt":"2026-03-26T16:20:00","slug":"como-escolher-a-escola-certa-para-os-filhos","status":"publish","type":"post","link":"https:\/\/portaltela.pt\/sociedade\/2026\/03\/26\/como-escolher-a-escola-certa-para-os-filhos\/","title":{"rendered":"Como escolher a escola certa para os filhos"},"content":{"rendered":"<p>O epis\u00f3dio do podcast Birras de M\u00e3e aborda como escolher a escola dos filhos. O objetivo \u00e9 ajudar os pais a organizar ideias e distinguir op\u00e7\u00f5es relevantes das menos adequadas. A tem\u00e1tica foca a escolha entre jardim-de-inf\u00e2ncia e escola.<\/p>\n<p>O epis\u00f3dio sublinha a import\u00e2ncia de avaliar o projecto educativo de cada agrupamento, especialmente quando a op\u00e7\u00e3o recai sobre escolas p\u00fablicas. Apela ainda \u00e0 participa\u00e7\u00e3o dos pais na associa\u00e7\u00e3o de pais para uma escolha informada.<\/p>\n<p>Birras de M\u00e3e promete uma nova edi\u00e7\u00e3o ap\u00f3s a P\u00e1scoa, mantendo o foco na informa\u00e7\u00e3o pr\u00e1tica para fam\u00edlias que est\u00e3o a decidir onde inscrever as crian\u00e7as.<\/p>\n","protected":false},"excerpt":{"rendered":"<ul>\n<li>O epis\u00f3dio do Birras de M\u00e3e ajuda os pais a pensar na escolha entre jardim-de-inf\u00e2ncia e escola para os filhos.<\/li>\n<li>A oferta de ensino nas cidades parece aumentar, assim como os pre\u00e7os, com promessas para todos os gostos e modas.<\/li>\n<li>O programa prop\u00f5e regras para distinguir o trigo do joio e explica a import\u00e2ncia de conhecer o projecto educativo da escola.<\/li>\n<li>Em escolas p\u00fablicas, sugere-se dedicar o mesmo interesse ao estudo do projecto educativo do agrupamento e \u00e0 participa\u00e7\u00e3o na associa\u00e7\u00e3o de pais.<\/li>\n<li>O Birras de M\u00e3e volta a seguir \u00e0 P\u00e1scoa.<\/li>\n<\/ul>\n","protected":false},"author":2,"featured_media":422529,"comment_status":"closed","ping_status":"closed","sticky":false,"template":"","format":"standard","meta":{"footnotes":""},"categories":[1,6871],"tags":[163,2153,2443,64,148,210],"class_list":["post-422528","post","type-post","status-publish","format-standard","has-post-thumbnail","hentry","category-noticias","category-sociedade","tag-educacao","tag-educacao-escolar","tag-educacao-publica","tag-familia","tag-familias","tag-pais"],"yoast_head":"<!-- This site is optimized with the Yoast SEO plugin v27.2 - https:\/\/yoast.com\/product\/yoast-seo-wordpress\/ -->\n<title>Como escolher a escola certa para os filhos - Portal Tela Portugal<\/title>\n<meta name=\"robots\" content=\"index, follow, max-snippet:-1, max-image-preview:large, max-video-preview:-1\" \/>\n<meta property=\"og:locale\" content=\"pt_PT\" \/>\n<meta property=\"og:type\" content=\"article\" \/>\n<meta property=\"og:title\" content=\"Como escolher a escola certa para os filhos - Portal Tela Portugal\" \/>\n<meta property=\"og:description\" content=\"O epis\u00f3dio do Birras de M\u00e3e ajuda os pais a pensar na escolha entre jardim-de-inf\u00e2ncia e escola para os filhos. A oferta de ensino nas cidades parece aumentar, assim como os pre\u00e7os, com promessas para todos os gostos e modas. O programa prop\u00f5e regras para distinguir o trigo do joio e explica a import\u00e2ncia de conhecer o projecto educativo da escola. Em escolas p\u00fablicas, sugere-se dedicar o mesmo interesse ao estudo do projecto educativo do agrupamento e \u00e0 participa\u00e7\u00e3o na associa\u00e7\u00e3o de pais. O Birras de M\u00e3e volta a seguir \u00e0 P\u00e1scoa.\" \/>\n<meta property=\"og:url\" content=\"https:\/\/portaltela.pt\/noticias\/2026\/03\/26\/como-escolher-a-escola-certa-para-os-filhos\/\" \/>\n<meta property=\"og:site_name\" content=\"Portal Tela Portugal\" \/>\n<meta property=\"article:published_time\" content=\"2026-03-26T16:20:00+00:00\" \/>\n<meta name=\"author\" content=\"Telinha\" \/>\n<meta name=\"twitter:card\" content=\"summary_large_image\" \/>\n<meta name=\"twitter:label1\" content=\"Escrito por\" \/>\n\t<meta name=\"twitter:data1\" content=\"Telinha\" \/>\n\t<meta name=\"twitter:label2\" content=\"Tempo estimado de leitura\" \/>\n\t<meta name=\"twitter:data2\" content=\"1 minuto\" \/>\n<script type=\"application\/ld+json\" class=\"yoast-schema-graph\">{\"@context\":\"https:\/\/schema.org\",\"@graph\":[{\"@type\":\"Article\",\"@id\":\"https:\/\/portaltela.pt\/noticias\/2026\/03\/26\/como-escolher-a-escola-certa-para-os-filhos\/#article\",\"isPartOf\":{\"@id\":\"https:\/\/portaltela.pt\/noticias\/2026\/03\/26\/como-escolher-a-escola-certa-para-os-filhos\/\"},\"author\":{\"name\":\"Telinha\",\"@id\":\"https:\/\/portaltela.pt\/#\/schema\/person\/c4278d4a6028830caff9ee44b42d32ed\"},\"headline\":\"Como escolher a escola certa para os filhos\",\"datePublished\":\"2026-03-26T16:20:00+00:00\",\"mainEntityOfPage\":{\"@id\":\"https:\/\/portaltela.pt\/noticias\/2026\/03\/26\/como-escolher-a-escola-certa-para-os-filhos\/\"},\"wordCount\":126,\"image\":{\"@id\":\"https:\/\/portaltela.pt\/noticias\/2026\/03\/26\/como-escolher-a-escola-certa-para-os-filhos\/#primaryimage\"},\"thumbnailUrl\":\"https:\/\/portaltela.pt\/s.01k8rhncp4jt1\/2026\/03\/2077013.jpg\",\"keywords\":[\"educa\u00e7\u00e3o\",\"educa\u00e7\u00e3o escolar\",\"educa\u00e7\u00e3o p\u00fablica\",\"fam\u00edlia\",\"fam\u00edlias\",\"pais\"],\"articleSection\":[\"Not\u00edcias\",\"Sociedade\"],\"inLanguage\":\"pt-PT\"},{\"@type\":\"WebPage\",\"@id\":\"https:\/\/portaltela.pt\/noticias\/2026\/03\/26\/como-escolher-a-escola-certa-para-os-filhos\/\",\"url\":\"https:\/\/portaltela.pt\/noticias\/2026\/03\/26\/como-escolher-a-escola-certa-para-os-filhos\/\",\"name\":\"Como escolher a escola certa para os filhos - Portal Tela Portugal\",\"isPartOf\":{\"@id\":\"https:\/\/portaltela.pt\/#website\"},\"primaryImageOfPage\":{\"@id\":\"https:\/\/portaltela.pt\/noticias\/2026\/03\/26\/como-escolher-a-escola-certa-para-os-filhos\/#primaryimage\"},\"image\":{\"@id\":\"https:\/\/portaltela.pt\/noticias\/2026\/03\/26\/como-escolher-a-escola-certa-para-os-filhos\/#primaryimage\"},\"thumbnailUrl\":\"https:\/\/portaltela.pt\/s.01k8rhncp4jt1\/2026\/03\/2077013.jpg\",\"datePublished\":\"2026-03-26T16:20:00+00:00\",\"author\":{\"@id\":\"https:\/\/portaltela.pt\/#\/schema\/person\/c4278d4a6028830caff9ee44b42d32ed\"},\"breadcrumb\":{\"@id\":\"https:\/\/portaltela.pt\/noticias\/2026\/03\/26\/como-escolher-a-escola-certa-para-os-filhos\/#breadcrumb\"},\"inLanguage\":\"pt-PT\",\"potentialAction\":[{\"@type\":\"ReadAction\",\"target\":[\"https:\/\/portaltela.pt\/noticias\/2026\/03\/26\/como-escolher-a-escola-certa-para-os-filhos\/\"]}]},{\"@type\":\"ImageObject\",\"inLanguage\":\"pt-PT\",\"@id\":\"https:\/\/portaltela.pt\/noticias\/2026\/03\/26\/como-escolher-a-escola-certa-para-os-filhos\/#primaryimage\",\"url\":\"https:\/\/portaltela.pt\/s.01k8rhncp4jt1\/2026\/03\/2077013.jpg\",\"contentUrl\":\"https:\/\/portaltela.pt\/s.01k8rhncp4jt1\/2026\/03\/2077013.jpg\",\"width\":796,\"height\":448,\"caption\":\"Photo\"},{\"@type\":\"BreadcrumbList\",\"@id\":\"https:\/\/portaltela.pt\/noticias\/2026\/03\/26\/como-escolher-a-escola-certa-para-os-filhos\/#breadcrumb\",\"itemListElement\":[{\"@type\":\"ListItem\",\"position\":1,\"name\":\"In\u00edcio\",\"item\":\"https:\/\/portaltela.pt\/\"},{\"@type\":\"ListItem\",\"position\":2,\"name\":\"Como escolher a escola certa para os filhos\"}]},{\"@type\":\"WebSite\",\"@id\":\"https:\/\/portaltela.pt\/#website\",\"url\":\"https:\/\/portaltela.pt\/\",\"name\":\"Portal Tela Portugal\",\"description\":\"\",\"potentialAction\":[{\"@type\":\"SearchAction\",\"target\":{\"@type\":\"EntryPoint\",\"urlTemplate\":\"https:\/\/portaltela.pt\/?s={search_term_string}\"},\"query-input\":{\"@type\":\"PropertyValueSpecification\",\"valueRequired\":true,\"valueName\":\"search_term_string\"}}],\"inLanguage\":\"pt-PT\"},{\"@type\":\"Person\",\"@id\":\"https:\/\/portaltela.pt\/#\/schema\/person\/c4278d4a6028830caff9ee44b42d32ed\",\"name\":\"Telinha\",\"image\":{\"@type\":\"ImageObject\",\"inLanguage\":\"pt-PT\",\"@id\":\"https:\/\/portaltela.pt\/s.01k8rhncp4jt1\/2025\/11\/talking-bot-125x125.png\",\"url\":\"https:\/\/portaltela.pt\/s.01k8rhncp4jt1\/2025\/11\/talking-bot-125x125.png\",\"contentUrl\":\"https:\/\/portaltela.pt\/s.01k8rhncp4jt1\/2025\/11\/talking-bot-125x125.png\",\"caption\":\"Telinha\"},\"sameAs\":[\"https:\/\/portaltela.pt\/\"],\"url\":\"https:\/\/portaltela.pt\/por\/367410592786\/\"}]}<\/script>\n<!-- \/ Yoast SEO plugin. -->","yoast_head_json":{"title":"Como escolher a escola certa para os filhos - Portal Tela Portugal","robots":{"index":"index","follow":"follow","max-snippet":"max-snippet:-1","max-image-preview":"max-image-preview:large","max-video-preview":"max-video-preview:-1"},"og_locale":"pt_PT","og_type":"article","og_title":"Como escolher a escola certa para os filhos - Portal Tela Portugal","og_description":"O epis\u00f3dio do Birras de M\u00e3e ajuda os pais a pensar na escolha entre jardim-de-inf\u00e2ncia e escola para os filhos. A oferta de ensino nas cidades parece aumentar, assim como os pre\u00e7os, com promessas para todos os gostos e modas. O programa prop\u00f5e regras para distinguir o trigo do joio e explica a import\u00e2ncia de conhecer o projecto educativo da escola. Em escolas p\u00fablicas, sugere-se dedicar o mesmo interesse ao estudo do projecto educativo do agrupamento e \u00e0 participa\u00e7\u00e3o na associa\u00e7\u00e3o de pais. O Birras de M\u00e3e volta a seguir \u00e0 P\u00e1scoa.","og_url":"https:\/\/portaltela.pt\/noticias\/2026\/03\/26\/como-escolher-a-escola-certa-para-os-filhos\/","og_site_name":"Portal Tela Portugal","article_published_time":"2026-03-26T16:20:00+00:00","author":"Telinha","twitter_card":"summary_large_image","twitter_misc":{"Escrito por":"Telinha","Tempo estimado de leitura":"1 minuto"},"schema":{"@context":"https:\/\/schema.org","@graph":[{"@type":"Article","@id":"https:\/\/portaltela.pt\/noticias\/2026\/03\/26\/como-escolher-a-escola-certa-para-os-filhos\/#article","isPartOf":{"@id":"https:\/\/portaltela.pt\/noticias\/2026\/03\/26\/como-escolher-a-escola-certa-para-os-filhos\/"},"author":{"name":"Telinha","@id":"https:\/\/portaltela.pt\/#\/schema\/person\/c4278d4a6028830caff9ee44b42d32ed"},"headline":"Como escolher a escola certa para os filhos","datePublished":"2026-03-26T16:20:00+00:00","mainEntityOfPage":{"@id":"https:\/\/portaltela.pt\/noticias\/2026\/03\/26\/como-escolher-a-escola-certa-para-os-filhos\/"},"wordCount":126,"image":{"@id":"https:\/\/portaltela.pt\/noticias\/2026\/03\/26\/como-escolher-a-escola-certa-para-os-filhos\/#primaryimage"},"thumbnailUrl":"https:\/\/portaltela.pt\/s.01k8rhncp4jt1\/2026\/03\/2077013.jpg","keywords":["educa\u00e7\u00e3o","educa\u00e7\u00e3o escolar","educa\u00e7\u00e3o p\u00fablica","fam\u00edlia","fam\u00edlias","pais"],"articleSection":["Not\u00edcias","Sociedade"],"inLanguage":"pt-PT"},{"@type":"WebPage","@id":"https:\/\/portaltela.pt\/noticias\/2026\/03\/26\/como-escolher-a-escola-certa-para-os-filhos\/","url":"https:\/\/portaltela.pt\/noticias\/2026\/03\/26\/como-escolher-a-escola-certa-para-os-filhos\/","name":"Como escolher a escola certa para os filhos - Portal Tela Portugal","isPartOf":{"@id":"https:\/\/portaltela.pt\/#website"},"primaryImageOfPage":{"@id":"https:\/\/portaltela.pt\/noticias\/2026\/03\/26\/como-escolher-a-escola-certa-para-os-filhos\/#primaryimage"},"image":{"@id":"https:\/\/portaltela.pt\/noticias\/2026\/03\/26\/como-escolher-a-escola-certa-para-os-filhos\/#primaryimage"},"thumbnailUrl":"https:\/\/portaltela.pt\/s.01k8rhncp4jt1\/2026\/03\/2077013.jpg","datePublished":"2026-03-26T16:20:00+00:00","author":{"@id":"https:\/\/portaltela.pt\/#\/schema\/person\/c4278d4a6028830caff9ee44b42d32ed"},"breadcrumb":{"@id":"https:\/\/portaltela.pt\/noticias\/2026\/03\/26\/como-escolher-a-escola-certa-para-os-filhos\/#breadcrumb"},"inLanguage":"pt-PT","potentialAction":[{"@type":"ReadAction","target":["https:\/\/portaltela.pt\/noticias\/2026\/03\/26\/como-escolher-a-escola-certa-para-os-filhos\/"]}]},{"@type":"ImageObject","inLanguage":"pt-PT","@id":"https:\/\/portaltela.pt\/noticias\/2026\/03\/26\/como-escolher-a-escola-certa-para-os-filhos\/#primaryimage","url":"https:\/\/portaltela.pt\/s.01k8rhncp4jt1\/2026\/03\/2077013.jpg","contentUrl":"https:\/\/portaltela.pt\/s.01k8rhncp4jt1\/2026\/03\/2077013.jpg","width":796,"height":448,"caption":"Photo"},{"@type":"BreadcrumbList","@id":"https:\/\/portaltela.pt\/noticias\/2026\/03\/26\/como-escolher-a-escola-certa-para-os-filhos\/#breadcrumb","itemListElement":[{"@type":"ListItem","position":1,"name":"In\u00edcio","item":"https:\/\/portaltela.pt\/"},{"@type":"ListItem","position":2,"name":"Como escolher a escola certa para os filhos"}]},{"@type":"WebSite","@id":"https:\/\/portaltela.pt\/#website","url":"https:\/\/portaltela.pt\/","name":"Portal Tela Portugal","description":"","potentialAction":[{"@type":"SearchAction","target":{"@type":"EntryPoint","urlTemplate":"https:\/\/portaltela.pt\/?s={search_term_string}"},"query-input":{"@type":"PropertyValueSpecification","valueRequired":true,"valueName":"search_term_string"}}],"inLanguage":"pt-PT"},{"@type":"Person","@id":"https:\/\/portaltela.pt\/#\/schema\/person\/c4278d4a6028830caff9ee44b42d32ed","name":"Telinha","image":{"@type":"ImageObject","inLanguage":"pt-PT","@id":"https:\/\/portaltela.pt\/s.01k8rhncp4jt1\/2025\/11\/talking-bot-125x125.png","url":"https:\/\/portaltela.pt\/s.01k8rhncp4jt1\/2025\/11\/talking-bot-125x125.png","contentUrl":"https:\/\/portaltela.pt\/s.01k8rhncp4jt1\/2025\/11\/talking-bot-125x125.png","caption":"Telinha"},"sameAs":["https:\/\/portaltela.pt\/"],"url":"https:\/\/portaltela.pt\/por\/367410592786\/"}]}},"_links":{"self":[{"href":"https:\/\/portaltela.pt\/api\/wp\/v2\/posts\/422528","targetHints":{"allow":["GET"]}}],"collection":[{"href":"https:\/\/portaltela.pt\/api\/wp\/v2\/posts"}],"about":[{"href":"https:\/\/portaltela.pt\/api\/wp\/v2\/types\/post"}],"author":[{"embeddable":true,"href":"https:\/\/portaltela.pt\/api\/wp\/v2\/users\/2"}],"replies":[{"embeddable":true,"href":"https:\/\/portaltela.pt\/api\/wp\/v2\/comments?post=422528"}],"version-history":[{"count":0,"href":"https:\/\/portaltela.pt\/api\/wp\/v2\/posts\/422528\/revisions"}],"wp:featuredmedia":[{"embeddable":true,"href":"https:\/\/portaltela.pt\/api\/wp\/v2\/media\/422529"}],"wp:attachment":[{"href":"https:\/\/portaltela.pt\/api\/wp\/v2\/media?parent=422528"}],"wp:term":[{"taxonomy":"category","embeddable":true,"href":"https:\/\/portaltela.pt\/api\/wp\/v2\/categories?post=422528"},{"taxonomy":"post_tag","embeddable":true,"href":"https:\/\/portaltela.pt\/api\/wp\/v2\/tags?post=422528"}],"curies":[{"name":"wp","href":"https:\/\/api.w.org\/{rel}","templated":true}]}}