{"id":422512,"date":"2026-03-26T13:13:00","date_gmt":"2026-03-26T16:13:00","guid":{"rendered":"https:\/\/portaltela.pt\/noticias\/2026\/03\/26\/erc-nao-autoriza-projeto-radiofonico-da-bauer-com-o-benfica\/"},"modified":"2026-03-26T13:13:00","modified_gmt":"2026-03-26T16:13:00","slug":"erc-nao-autoriza-projeto-radiofonico-da-bauer-com-o-benfica","status":"publish","type":"post","link":"https:\/\/portaltela.pt\/noticias\/politica\/2026\/03\/26\/erc-nao-autoriza-projeto-radiofonico-da-bauer-com-o-benfica\/","title":{"rendered":"ERC n\u00e3o autoriza projeto radiof\u00f3nico da Bauer com o Benfica"},"content":{"rendered":"<p>A Entidade Reguladora para a Comunica\u00e7\u00e3o Social (ERC) n\u00e3o autorizou o projeto radiof\u00f3nico desenvolvido pelo grupo Bauer em parceria com o Benfica. A decis\u00e3o foi comunicada pela ERC na quinta-feira, 25 de mar\u00e7o de 2026, e envolve a modifica\u00e7\u00e3o de projeto de servi\u00e7os de programas j\u00e1 existentes.<\/p>\n<p>A proposta incidia sobre Batida FM, Batida FM Moita, Batida FM Maia e Batida FM Cantanhede, que passariam de uma tipologia tem\u00e1tica musical para uma de car\u00e1ter desportivo informativo. O regulador afirmou n\u00e3o reconhecer os pressupostos legais para a aprova\u00e7\u00e3o.<\/p>\n<h3>Decis\u00e3o da ERC<\/h3>\n<p>A ERC decidiu n\u00e3o apreciar a associa\u00e7\u00e3o destes servi\u00e7os \u00e0 Golo FM (Bombarral), ligada ao operador Benfica FM, Unipessoal, Lda., mantendo a identifica\u00e7\u00e3o comum em antena como Benfica FM. O parecer indica que a modifica\u00e7\u00e3o n\u00e3o refor\u00e7a a diversidade da oferta radiof\u00f3nica nas \u00e1reas de Amadora, Moita, Cantanhede e Maia.<\/p>\n<p>Segundo o regulador, a altera\u00e7\u00e3o representaria apenas a troca de tipologia sem aumentos de pluralidade de conte\u00fados dispon\u00edveis aos ouvintes locais, com potencial de reduzir o leque de audi\u00eancias. Persiste ainda d\u00favidas sobre a independ\u00eancia editorial devido \u00e0 participa\u00e7\u00e3o relevante do clube na conce\u00e7\u00e3o dos conte\u00fados.<\/p>\n<h3>Perspectiva de pluralismo e independ\u00eancia<\/h3>\n<p>O regulador sustenta que o modelo proposto pode comprometer a autonomia editorial, em viola\u00e7\u00e3o do regime aplic\u00e1vel aos operadores de r\u00e1dio. A ERC aponta que o projeto n\u00e3o garante suficientemente o pluralismo, dada a forte associa\u00e7\u00e3o a um universo desportivo espec\u00edfico.<\/p>\n<p>Apesar de existir uma componente informativa local, a ERC entende que n\u00e3o evita riscos relacionados com diversidade, pluralismo e independ\u00eancia editorial. O objetivo \u00e9 assegurar que o espectro de radiodifus\u00e3o sirva o interesse p\u00fablico e promova a pluralidade.<\/p>\n","protected":false},"excerpt":{"rendered":"<ul>\n<li>A Entidade Reguladora para a Comunica\u00e7\u00e3o Social (ERC) n\u00e3o autorizou o projeto radiof\u00f3nico do grupo Bauer e do Benfica, por n\u00e3o reunir os pressupostos legais necess\u00e1rios.<\/li>\n<li>Em 25 de mar\u00e7o de 2026, o Conselho Regulador indeferiu o requerimento de BMHAUDIO Portugal Holdings para alterar quatro servi\u00e7os da Batida FM de tem\u00e1tica musical para desportiva informativa.<\/li>\n<li>A ERC decidiu n\u00e3o associar esses servi\u00e7os \u00e0 Golo FM (Bombarral) nem reconhecer a identifica\u00e7\u00e3o comum em antena \u201cBenfica FM\u201d, mantendo a modifica\u00e7\u00e3o sem aprova\u00e7\u00e3o.<\/li>\n<li>O regulador aponta que a mudan\u00e7a n\u00e3o aumenta a diversidade da oferta nas \u00e1reas de Amadora, Moita, Cantanhede e Maia, principalmente pela substitui\u00e7\u00e3o de tipologia sem ganho de pluralidade de conte\u00fados.<\/li>\n<li>Sustenta d\u00favidas sobre a independ\u00eancia editorial, devido \u00e0 participa\u00e7\u00e3o relevante do Sport Lisboa e Benfica na conce\u00e7\u00e3o dos conte\u00fados, avaliando que isso pode comprometer o pluralismo e a autonomia editorial.<\/li>\n<\/ul>\n","protected":false},"author":2,"featured_media":422517,"comment_status":"closed","ping_status":"closed","sticky":false,"template":"","format":"standard","meta":{"footnotes":""},"categories":[1,5],"tags":[1946,2607,5326,152,4539,6414],"class_list":["post-422512","post","type-post","status-publish","format-standard","has-post-thumbnail","hentry","category-noticias","category-politica","tag-benfica","tag-comunicacao","tag-comunicacao-social","tag-desporto","tag-erc","tag-independencia-institucional"],"yoast_head":"<!-- This site is optimized with the Yoast SEO plugin v27.2 - https:\/\/yoast.com\/product\/yoast-seo-wordpress\/ -->\n<title>ERC n\u00e3o autoriza projeto radiof\u00f3nico da Bauer com o Benfica - Portal Tela Portugal<\/title>\n<meta name=\"robots\" content=\"index, follow, max-snippet:-1, max-image-preview:large, max-video-preview:-1\" \/>\n<meta property=\"og:locale\" content=\"pt_PT\" \/>\n<meta property=\"og:type\" content=\"article\" \/>\n<meta property=\"og:title\" content=\"ERC n\u00e3o autoriza projeto radiof\u00f3nico da Bauer com o Benfica - Portal Tela Portugal\" \/>\n<meta property=\"og:description\" content=\"A Entidade Reguladora para a Comunica\u00e7\u00e3o Social (ERC) n\u00e3o autorizou o projeto radiof\u00f3nico do grupo Bauer e do Benfica, por n\u00e3o reunir os pressupostos legais necess\u00e1rios. Em 25 de mar\u00e7o de 2026, o Conselho Regulador indeferiu o requerimento de BMHAUDIO Portugal Holdings para alterar quatro servi\u00e7os da Batida FM de tem\u00e1tica musical para desportiva informativa. A ERC decidiu n\u00e3o associar esses servi\u00e7os \u00e0 Golo FM (Bombarral) nem reconhecer a identifica\u00e7\u00e3o comum em antena \u201cBenfica FM\u201d, mantendo a modifica\u00e7\u00e3o sem aprova\u00e7\u00e3o. O regulador aponta que a mudan\u00e7a n\u00e3o aumenta a diversidade da oferta nas \u00e1reas de Amadora, Moita, Cantanhede e Maia, principalmente pela substitui\u00e7\u00e3o de tipologia sem ganho de pluralidade de conte\u00fados. Sustenta d\u00favidas sobre a independ\u00eancia editorial, devido \u00e0 participa\u00e7\u00e3o relevante do Sport Lisboa e Benfica na conce\u00e7\u00e3o dos conte\u00fados, avaliando que isso pode comprometer o pluralismo e a autonomia editorial.\" \/>\n<meta property=\"og:url\" content=\"https:\/\/portaltela.pt\/noticias\/2026\/03\/26\/erc-nao-autoriza-projeto-radiofonico-da-bauer-com-o-benfica\/\" \/>\n<meta property=\"og:site_name\" content=\"Portal Tela Portugal\" \/>\n<meta property=\"article:published_time\" content=\"2026-03-26T16:13:00+00:00\" \/>\n<meta name=\"author\" content=\"Telinha\" \/>\n<meta name=\"twitter:card\" content=\"summary_large_image\" \/>\n<meta name=\"twitter:label1\" content=\"Escrito por\" \/>\n\t<meta name=\"twitter:data1\" content=\"Telinha\" \/>\n\t<meta name=\"twitter:label2\" content=\"Tempo estimado de leitura\" \/>\n\t<meta name=\"twitter:data2\" content=\"2 minutos\" \/>\n<script type=\"application\/ld+json\" class=\"yoast-schema-graph\">{\"@context\":\"https:\/\/schema.org\",\"@graph\":[{\"@type\":\"Article\",\"@id\":\"https:\/\/portaltela.pt\/noticias\/2026\/03\/26\/erc-nao-autoriza-projeto-radiofonico-da-bauer-com-o-benfica\/#article\",\"isPartOf\":{\"@id\":\"https:\/\/portaltela.pt\/noticias\/2026\/03\/26\/erc-nao-autoriza-projeto-radiofonico-da-bauer-com-o-benfica\/\"},\"author\":{\"name\":\"Telinha\",\"@id\":\"https:\/\/portaltela.pt\/#\/schema\/person\/c4278d4a6028830caff9ee44b42d32ed\"},\"headline\":\"ERC n\u00e3o autoriza projeto radiof\u00f3nico da Bauer com o Benfica\",\"datePublished\":\"2026-03-26T16:13:00+00:00\",\"mainEntityOfPage\":{\"@id\":\"https:\/\/portaltela.pt\/noticias\/2026\/03\/26\/erc-nao-autoriza-projeto-radiofonico-da-bauer-com-o-benfica\/\"},\"wordCount\":317,\"image\":{\"@id\":\"https:\/\/portaltela.pt\/noticias\/2026\/03\/26\/erc-nao-autoriza-projeto-radiofonico-da-bauer-com-o-benfica\/#primaryimage\"},\"thumbnailUrl\":\"https:\/\/portaltela.pt\/s.01k8rhncp4jt1\/2026\/03\/image-155.webp\",\"keywords\":[\"Benfica\",\"comunica\u00e7\u00e3o\",\"comunica\u00e7\u00e3o social\",\"desporto\",\"ERC\",\"independ\u00eancia institucional\"],\"articleSection\":[\"Not\u00edcias\",\"Pol\u00edtica\"],\"inLanguage\":\"pt-PT\"},{\"@type\":\"WebPage\",\"@id\":\"https:\/\/portaltela.pt\/noticias\/2026\/03\/26\/erc-nao-autoriza-projeto-radiofonico-da-bauer-com-o-benfica\/\",\"url\":\"https:\/\/portaltela.pt\/noticias\/2026\/03\/26\/erc-nao-autoriza-projeto-radiofonico-da-bauer-com-o-benfica\/\",\"name\":\"ERC n\u00e3o autoriza projeto radiof\u00f3nico da Bauer com o Benfica - Portal Tela Portugal\",\"isPartOf\":{\"@id\":\"https:\/\/portaltela.pt\/#website\"},\"primaryImageOfPage\":{\"@id\":\"https:\/\/portaltela.pt\/noticias\/2026\/03\/26\/erc-nao-autoriza-projeto-radiofonico-da-bauer-com-o-benfica\/#primaryimage\"},\"image\":{\"@id\":\"https:\/\/portaltela.pt\/noticias\/2026\/03\/26\/erc-nao-autoriza-projeto-radiofonico-da-bauer-com-o-benfica\/#primaryimage\"},\"thumbnailUrl\":\"https:\/\/portaltela.pt\/s.01k8rhncp4jt1\/2026\/03\/image-155.webp\",\"datePublished\":\"2026-03-26T16:13:00+00:00\",\"author\":{\"@id\":\"https:\/\/portaltela.pt\/#\/schema\/person\/c4278d4a6028830caff9ee44b42d32ed\"},\"breadcrumb\":{\"@id\":\"https:\/\/portaltela.pt\/noticias\/2026\/03\/26\/erc-nao-autoriza-projeto-radiofonico-da-bauer-com-o-benfica\/#breadcrumb\"},\"inLanguage\":\"pt-PT\",\"potentialAction\":[{\"@type\":\"ReadAction\",\"target\":[\"https:\/\/portaltela.pt\/noticias\/2026\/03\/26\/erc-nao-autoriza-projeto-radiofonico-da-bauer-com-o-benfica\/\"]}]},{\"@type\":\"ImageObject\",\"inLanguage\":\"pt-PT\",\"@id\":\"https:\/\/portaltela.pt\/noticias\/2026\/03\/26\/erc-nao-autoriza-projeto-radiofonico-da-bauer-com-o-benfica\/#primaryimage\",\"url\":\"https:\/\/portaltela.pt\/s.01k8rhncp4jt1\/2026\/03\/image-155.webp\",\"contentUrl\":\"https:\/\/portaltela.pt\/s.01k8rhncp4jt1\/2026\/03\/image-155.webp\",\"width\":1200,\"height\":720,\"caption\":\"Foto: SL Benfica\"},{\"@type\":\"BreadcrumbList\",\"@id\":\"https:\/\/portaltela.pt\/noticias\/2026\/03\/26\/erc-nao-autoriza-projeto-radiofonico-da-bauer-com-o-benfica\/#breadcrumb\",\"itemListElement\":[{\"@type\":\"ListItem\",\"position\":1,\"name\":\"In\u00edcio\",\"item\":\"https:\/\/portaltela.pt\/\"},{\"@type\":\"ListItem\",\"position\":2,\"name\":\"ERC n\u00e3o autoriza projeto radiof\u00f3nico da Bauer com o Benfica\"}]},{\"@type\":\"WebSite\",\"@id\":\"https:\/\/portaltela.pt\/#website\",\"url\":\"https:\/\/portaltela.pt\/\",\"name\":\"Portal Tela Portugal\",\"description\":\"\",\"potentialAction\":[{\"@type\":\"SearchAction\",\"target\":{\"@type\":\"EntryPoint\",\"urlTemplate\":\"https:\/\/portaltela.pt\/?s={search_term_string}\"},\"query-input\":{\"@type\":\"PropertyValueSpecification\",\"valueRequired\":true,\"valueName\":\"search_term_string\"}}],\"inLanguage\":\"pt-PT\"},{\"@type\":\"Person\",\"@id\":\"https:\/\/portaltela.pt\/#\/schema\/person\/c4278d4a6028830caff9ee44b42d32ed\",\"name\":\"Telinha\",\"image\":{\"@type\":\"ImageObject\",\"inLanguage\":\"pt-PT\",\"@id\":\"https:\/\/portaltela.pt\/s.01k8rhncp4jt1\/2025\/11\/talking-bot-125x125.png\",\"url\":\"https:\/\/portaltela.pt\/s.01k8rhncp4jt1\/2025\/11\/talking-bot-125x125.png\",\"contentUrl\":\"https:\/\/portaltela.pt\/s.01k8rhncp4jt1\/2025\/11\/talking-bot-125x125.png\",\"caption\":\"Telinha\"},\"sameAs\":[\"https:\/\/portaltela.pt\/\"],\"url\":\"https:\/\/portaltela.pt\/por\/367410592786\/\"}]}<\/script>\n<!-- \/ Yoast SEO plugin. -->","yoast_head_json":{"title":"ERC n\u00e3o autoriza projeto radiof\u00f3nico da Bauer com o Benfica - Portal Tela Portugal","robots":{"index":"index","follow":"follow","max-snippet":"max-snippet:-1","max-image-preview":"max-image-preview:large","max-video-preview":"max-video-preview:-1"},"og_locale":"pt_PT","og_type":"article","og_title":"ERC n\u00e3o autoriza projeto radiof\u00f3nico da Bauer com o Benfica - Portal Tela Portugal","og_description":"A Entidade Reguladora para a Comunica\u00e7\u00e3o Social (ERC) n\u00e3o autorizou o projeto radiof\u00f3nico do grupo Bauer e do Benfica, por n\u00e3o reunir os pressupostos legais necess\u00e1rios. Em 25 de mar\u00e7o de 2026, o Conselho Regulador indeferiu o requerimento de BMHAUDIO Portugal Holdings para alterar quatro servi\u00e7os da Batida FM de tem\u00e1tica musical para desportiva informativa. A ERC decidiu n\u00e3o associar esses servi\u00e7os \u00e0 Golo FM (Bombarral) nem reconhecer a identifica\u00e7\u00e3o comum em antena \u201cBenfica FM\u201d, mantendo a modifica\u00e7\u00e3o sem aprova\u00e7\u00e3o. O regulador aponta que a mudan\u00e7a n\u00e3o aumenta a diversidade da oferta nas \u00e1reas de Amadora, Moita, Cantanhede e Maia, principalmente pela substitui\u00e7\u00e3o de tipologia sem ganho de pluralidade de conte\u00fados. Sustenta d\u00favidas sobre a independ\u00eancia editorial, devido \u00e0 participa\u00e7\u00e3o relevante do Sport Lisboa e Benfica na conce\u00e7\u00e3o dos conte\u00fados, avaliando que isso pode comprometer o pluralismo e a autonomia editorial.","og_url":"https:\/\/portaltela.pt\/noticias\/2026\/03\/26\/erc-nao-autoriza-projeto-radiofonico-da-bauer-com-o-benfica\/","og_site_name":"Portal Tela Portugal","article_published_time":"2026-03-26T16:13:00+00:00","author":"Telinha","twitter_card":"summary_large_image","twitter_misc":{"Escrito por":"Telinha","Tempo estimado de leitura":"2 minutos"},"schema":{"@context":"https:\/\/schema.org","@graph":[{"@type":"Article","@id":"https:\/\/portaltela.pt\/noticias\/2026\/03\/26\/erc-nao-autoriza-projeto-radiofonico-da-bauer-com-o-benfica\/#article","isPartOf":{"@id":"https:\/\/portaltela.pt\/noticias\/2026\/03\/26\/erc-nao-autoriza-projeto-radiofonico-da-bauer-com-o-benfica\/"},"author":{"name":"Telinha","@id":"https:\/\/portaltela.pt\/#\/schema\/person\/c4278d4a6028830caff9ee44b42d32ed"},"headline":"ERC n\u00e3o autoriza projeto radiof\u00f3nico da Bauer com o Benfica","datePublished":"2026-03-26T16:13:00+00:00","mainEntityOfPage":{"@id":"https:\/\/portaltela.pt\/noticias\/2026\/03\/26\/erc-nao-autoriza-projeto-radiofonico-da-bauer-com-o-benfica\/"},"wordCount":317,"image":{"@id":"https:\/\/portaltela.pt\/noticias\/2026\/03\/26\/erc-nao-autoriza-projeto-radiofonico-da-bauer-com-o-benfica\/#primaryimage"},"thumbnailUrl":"https:\/\/portaltela.pt\/s.01k8rhncp4jt1\/2026\/03\/image-155.webp","keywords":["Benfica","comunica\u00e7\u00e3o","comunica\u00e7\u00e3o social","desporto","ERC","independ\u00eancia institucional"],"articleSection":["Not\u00edcias","Pol\u00edtica"],"inLanguage":"pt-PT"},{"@type":"WebPage","@id":"https:\/\/portaltela.pt\/noticias\/2026\/03\/26\/erc-nao-autoriza-projeto-radiofonico-da-bauer-com-o-benfica\/","url":"https:\/\/portaltela.pt\/noticias\/2026\/03\/26\/erc-nao-autoriza-projeto-radiofonico-da-bauer-com-o-benfica\/","name":"ERC n\u00e3o autoriza projeto radiof\u00f3nico da Bauer com o Benfica - Portal Tela Portugal","isPartOf":{"@id":"https:\/\/portaltela.pt\/#website"},"primaryImageOfPage":{"@id":"https:\/\/portaltela.pt\/noticias\/2026\/03\/26\/erc-nao-autoriza-projeto-radiofonico-da-bauer-com-o-benfica\/#primaryimage"},"image":{"@id":"https:\/\/portaltela.pt\/noticias\/2026\/03\/26\/erc-nao-autoriza-projeto-radiofonico-da-bauer-com-o-benfica\/#primaryimage"},"thumbnailUrl":"https:\/\/portaltela.pt\/s.01k8rhncp4jt1\/2026\/03\/image-155.webp","datePublished":"2026-03-26T16:13:00+00:00","author":{"@id":"https:\/\/portaltela.pt\/#\/schema\/person\/c4278d4a6028830caff9ee44b42d32ed"},"breadcrumb":{"@id":"https:\/\/portaltela.pt\/noticias\/2026\/03\/26\/erc-nao-autoriza-projeto-radiofonico-da-bauer-com-o-benfica\/#breadcrumb"},"inLanguage":"pt-PT","potentialAction":[{"@type":"ReadAction","target":["https:\/\/portaltela.pt\/noticias\/2026\/03\/26\/erc-nao-autoriza-projeto-radiofonico-da-bauer-com-o-benfica\/"]}]},{"@type":"ImageObject","inLanguage":"pt-PT","@id":"https:\/\/portaltela.pt\/noticias\/2026\/03\/26\/erc-nao-autoriza-projeto-radiofonico-da-bauer-com-o-benfica\/#primaryimage","url":"https:\/\/portaltela.pt\/s.01k8rhncp4jt1\/2026\/03\/image-155.webp","contentUrl":"https:\/\/portaltela.pt\/s.01k8rhncp4jt1\/2026\/03\/image-155.webp","width":1200,"height":720,"caption":"Foto: SL Benfica"},{"@type":"BreadcrumbList","@id":"https:\/\/portaltela.pt\/noticias\/2026\/03\/26\/erc-nao-autoriza-projeto-radiofonico-da-bauer-com-o-benfica\/#breadcrumb","itemListElement":[{"@type":"ListItem","position":1,"name":"In\u00edcio","item":"https:\/\/portaltela.pt\/"},{"@type":"ListItem","position":2,"name":"ERC n\u00e3o autoriza projeto radiof\u00f3nico da Bauer com o Benfica"}]},{"@type":"WebSite","@id":"https:\/\/portaltela.pt\/#website","url":"https:\/\/portaltela.pt\/","name":"Portal Tela Portugal","description":"","potentialAction":[{"@type":"SearchAction","target":{"@type":"EntryPoint","urlTemplate":"https:\/\/portaltela.pt\/?s={search_term_string}"},"query-input":{"@type":"PropertyValueSpecification","valueRequired":true,"valueName":"search_term_string"}}],"inLanguage":"pt-PT"},{"@type":"Person","@id":"https:\/\/portaltela.pt\/#\/schema\/person\/c4278d4a6028830caff9ee44b42d32ed","name":"Telinha","image":{"@type":"ImageObject","inLanguage":"pt-PT","@id":"https:\/\/portaltela.pt\/s.01k8rhncp4jt1\/2025\/11\/talking-bot-125x125.png","url":"https:\/\/portaltela.pt\/s.01k8rhncp4jt1\/2025\/11\/talking-bot-125x125.png","contentUrl":"https:\/\/portaltela.pt\/s.01k8rhncp4jt1\/2025\/11\/talking-bot-125x125.png","caption":"Telinha"},"sameAs":["https:\/\/portaltela.pt\/"],"url":"https:\/\/portaltela.pt\/por\/367410592786\/"}]}},"_links":{"self":[{"href":"https:\/\/portaltela.pt\/api\/wp\/v2\/posts\/422512","targetHints":{"allow":["GET"]}}],"collection":[{"href":"https:\/\/portaltela.pt\/api\/wp\/v2\/posts"}],"about":[{"href":"https:\/\/portaltela.pt\/api\/wp\/v2\/types\/post"}],"author":[{"embeddable":true,"href":"https:\/\/portaltela.pt\/api\/wp\/v2\/users\/2"}],"replies":[{"embeddable":true,"href":"https:\/\/portaltela.pt\/api\/wp\/v2\/comments?post=422512"}],"version-history":[{"count":0,"href":"https:\/\/portaltela.pt\/api\/wp\/v2\/posts\/422512\/revisions"}],"wp:featuredmedia":[{"embeddable":true,"href":"https:\/\/portaltela.pt\/api\/wp\/v2\/media\/422517"}],"wp:attachment":[{"href":"https:\/\/portaltela.pt\/api\/wp\/v2\/media?parent=422512"}],"wp:term":[{"taxonomy":"category","embeddable":true,"href":"https:\/\/portaltela.pt\/api\/wp\/v2\/categories?post=422512"},{"taxonomy":"post_tag","embeddable":true,"href":"https:\/\/portaltela.pt\/api\/wp\/v2\/tags?post=422512"}],"curies":[{"name":"wp","href":"https:\/\/api.w.org\/{rel}","templated":true}]}}