{"id":422506,"date":"2026-03-26T13:07:49","date_gmt":"2026-03-26T16:07:49","guid":{"rendered":"https:\/\/portaltela.pt\/noticias\/2026\/03\/26\/pj-de-braga-detem-vitor-do-ouro\/"},"modified":"2026-03-26T13:07:49","modified_gmt":"2026-03-26T16:07:49","slug":"pj-de-braga-detem-vitor-do-ouro","status":"publish","type":"post","link":"https:\/\/portaltela.pt\/justica\/2026\/03\/26\/pj-de-braga-detem-vitor-do-ouro\/","title":{"rendered":"PJ de Braga det\u00e9m V\u00edtor do Ouro"},"content":{"rendered":"<p>Foi detido pela Pol\u00edcia Judici\u00e1ria (PJ) de Braga V\u00edtor do Ouro, conhecido como Bar\u00e3o da droga, sob investiga\u00e7\u00e3o h\u00e1 v\u00e1rios meses por liderar um grupo dedicado ao tr\u00e1fico em v\u00e1rias localidades da zona norte do pa\u00eds. A opera\u00e7\u00e3o enquadra-se numa ofensiva para desarticular redes de droga com atua\u00e7\u00e3o regional.<\/p>\n<p>A investiga\u00e7\u00e3o envolve dilig\u00eancias para mapear o esquema, incluindo a gest\u00e3o de rotas, financiamento e distribui\u00e7\u00e3o dos entorpecentes. O grupo atuava em v\u00e1rias comunidades da regi\u00e3o norte, segundo fontes oficiais.<\/p>\n<p>A deten\u00e7\u00e3o ocorre no \u00e2mbito de a\u00e7\u00f5es coordenadas pela PJ de Braga, com apoio de outras estruturas de seguran\u00e7a. A opera\u00e7\u00e3o visa esclarecer crimes de tr\u00e1fico de droga, organiza\u00e7\u00e3o criminosa e associated charges.<\/p>\n<h3>Desenvolvimento da opera\u00e7\u00e3o<\/h3>\n<p>As autoridades confirmam v\u00e1rias dilig\u00eancias realizadas nos \u00faltimos meses para recolha de provas, que dever\u00e3o permitir fundamentar eventuais acusa\u00e7\u00f5es formais. A investiga\u00e7\u00e3o continua em curso, com entrevistas e per\u00edcias em curso.<\/p>\n<h3>Contexto da investiga\u00e7\u00e3o<\/h3>\n<p>V\u00edtor do Ouro j\u00e1 era identificado pela associa\u00e7\u00e3o a atividades criminais de grande envergadura na regi\u00e3o. A PJ n\u00e3o divulgou outros detalhes sobre pris\u00f5es adicionais ou sobre colaboradores do grupo. O processo permanece em segredo de justi\u00e7a.<\/p>\n","protected":false},"excerpt":{"rendered":"<ul>\n<li>A Pol\u00edcia Judici\u00e1ria (PJ) de Braga deteve V\u00edtor do Ouro, conhecido como bar\u00e3o da droga da regi\u00e3o.<\/li>\n<li>A deten\u00e7\u00e3o ocorre no \u00e2mbito de uma investiga\u00e7\u00e3o que durou v\u00e1rios meses.<\/li>\n<li>O foco era a lideran\u00e7a de um grupo que se dedicava ao tr\u00e1fico de droga em diversas localidades da zona norte do pa\u00eds.<\/li>\n<li>As autoridades continuam a recolher provas e a esclarecer a rede associada, para entender o esquema do grupo.<\/li>\n<\/ul>\n","protected":false},"author":2,"featured_media":422514,"comment_status":"closed","ping_status":"closed","sticky":false,"template":"","format":"standard","meta":{"footnotes":""},"categories":[6907,6815],"tags":[1207,215,352,1802,6261,2349],"class_list":["post-422506","post","type-post","status-publish","format-standard","has-post-thumbnail","hentry","category-crime","category-justica","tag-braga","tag-investigacao","tag-organizacao-criminosa","tag-policia-judiciaria","tag-regiao-norte","tag-trafico-de-drogas"],"yoast_head":"<!-- This site is optimized with the Yoast SEO plugin v27.2 - https:\/\/yoast.com\/product\/yoast-seo-wordpress\/ -->\n<title>PJ de Braga det\u00e9m V\u00edtor do Ouro - Portal Tela Portugal<\/title>\n<meta name=\"robots\" content=\"index, follow, max-snippet:-1, max-image-preview:large, max-video-preview:-1\" \/>\n<meta property=\"og:locale\" content=\"pt_PT\" \/>\n<meta property=\"og:type\" content=\"article\" \/>\n<meta property=\"og:title\" content=\"PJ de Braga det\u00e9m V\u00edtor do Ouro - Portal Tela Portugal\" \/>\n<meta property=\"og:description\" content=\"A Pol\u00edcia Judici\u00e1ria (PJ) de Braga deteve V\u00edtor do Ouro, conhecido como bar\u00e3o da droga da regi\u00e3o. A deten\u00e7\u00e3o ocorre no \u00e2mbito de uma investiga\u00e7\u00e3o que durou v\u00e1rios meses. O foco era a lideran\u00e7a de um grupo que se dedicava ao tr\u00e1fico de droga em diversas localidades da zona norte do pa\u00eds. As autoridades continuam a recolher provas e a esclarecer a rede associada, para entender o esquema do grupo.\" \/>\n<meta property=\"og:url\" content=\"https:\/\/portaltela.pt\/noticias\/2026\/03\/26\/pj-de-braga-detem-vitor-do-ouro\/\" \/>\n<meta property=\"og:site_name\" content=\"Portal Tela Portugal\" \/>\n<meta property=\"article:published_time\" content=\"2026-03-26T16:07:49+00:00\" \/>\n<meta name=\"author\" content=\"Telinha\" \/>\n<meta name=\"twitter:card\" content=\"summary_large_image\" \/>\n<meta name=\"twitter:label1\" content=\"Escrito por\" \/>\n\t<meta name=\"twitter:data1\" content=\"Telinha\" \/>\n\t<meta name=\"twitter:label2\" content=\"Tempo estimado de leitura\" \/>\n\t<meta name=\"twitter:data2\" content=\"1 minuto\" \/>\n<script type=\"application\/ld+json\" class=\"yoast-schema-graph\">{\"@context\":\"https:\/\/schema.org\",\"@graph\":[{\"@type\":\"Article\",\"@id\":\"https:\/\/portaltela.pt\/noticias\/2026\/03\/26\/pj-de-braga-detem-vitor-do-ouro\/#article\",\"isPartOf\":{\"@id\":\"https:\/\/portaltela.pt\/noticias\/2026\/03\/26\/pj-de-braga-detem-vitor-do-ouro\/\"},\"author\":{\"name\":\"Telinha\",\"@id\":\"https:\/\/portaltela.pt\/#\/schema\/person\/c4278d4a6028830caff9ee44b42d32ed\"},\"headline\":\"PJ de Braga det\u00e9m V\u00edtor do Ouro\",\"datePublished\":\"2026-03-26T16:07:49+00:00\",\"mainEntityOfPage\":{\"@id\":\"https:\/\/portaltela.pt\/noticias\/2026\/03\/26\/pj-de-braga-detem-vitor-do-ouro\/\"},\"wordCount\":232,\"image\":{\"@id\":\"https:\/\/portaltela.pt\/noticias\/2026\/03\/26\/pj-de-braga-detem-vitor-do-ouro\/#primaryimage\"},\"thumbnailUrl\":\"https:\/\/portaltela.pt\/s.01k8rhncp4jt1\/2026\/03\/img_1280x722uu2017-01-09-23-30-00-588764.jpg\",\"keywords\":[\"Braga\",\"investiga\u00e7\u00e3o\",\"organiza\u00e7\u00e3o criminosa\",\"Pol\u00edcia Judici\u00e1ria\",\"Regi\u00e3o Norte\",\"tr\u00e1fico de drogas\"],\"articleSection\":[\"Crime\",\"Justi\u00e7a\"],\"inLanguage\":\"pt-PT\"},{\"@type\":\"WebPage\",\"@id\":\"https:\/\/portaltela.pt\/noticias\/2026\/03\/26\/pj-de-braga-detem-vitor-do-ouro\/\",\"url\":\"https:\/\/portaltela.pt\/noticias\/2026\/03\/26\/pj-de-braga-detem-vitor-do-ouro\/\",\"name\":\"PJ de Braga det\u00e9m V\u00edtor do Ouro - Portal Tela Portugal\",\"isPartOf\":{\"@id\":\"https:\/\/portaltela.pt\/#website\"},\"primaryImageOfPage\":{\"@id\":\"https:\/\/portaltela.pt\/noticias\/2026\/03\/26\/pj-de-braga-detem-vitor-do-ouro\/#primaryimage\"},\"image\":{\"@id\":\"https:\/\/portaltela.pt\/noticias\/2026\/03\/26\/pj-de-braga-detem-vitor-do-ouro\/#primaryimage\"},\"thumbnailUrl\":\"https:\/\/portaltela.pt\/s.01k8rhncp4jt1\/2026\/03\/img_1280x722uu2017-01-09-23-30-00-588764.jpg\",\"datePublished\":\"2026-03-26T16:07:49+00:00\",\"author\":{\"@id\":\"https:\/\/portaltela.pt\/#\/schema\/person\/c4278d4a6028830caff9ee44b42d32ed\"},\"breadcrumb\":{\"@id\":\"https:\/\/portaltela.pt\/noticias\/2026\/03\/26\/pj-de-braga-detem-vitor-do-ouro\/#breadcrumb\"},\"inLanguage\":\"pt-PT\",\"potentialAction\":[{\"@type\":\"ReadAction\",\"target\":[\"https:\/\/portaltela.pt\/noticias\/2026\/03\/26\/pj-de-braga-detem-vitor-do-ouro\/\"]}]},{\"@type\":\"ImageObject\",\"inLanguage\":\"pt-PT\",\"@id\":\"https:\/\/portaltela.pt\/noticias\/2026\/03\/26\/pj-de-braga-detem-vitor-do-ouro\/#primaryimage\",\"url\":\"https:\/\/portaltela.pt\/s.01k8rhncp4jt1\/2026\/03\/img_1280x722uu2017-01-09-23-30-00-588764.jpg\",\"contentUrl\":\"https:\/\/portaltela.pt\/s.01k8rhncp4jt1\/2026\/03\/img_1280x722uu2017-01-09-23-30-00-588764.jpg\",\"width\":796,\"height\":448,\"caption\":\"V\u00edtor do Ouro preso pela PJ de Braga\"},{\"@type\":\"BreadcrumbList\",\"@id\":\"https:\/\/portaltela.pt\/noticias\/2026\/03\/26\/pj-de-braga-detem-vitor-do-ouro\/#breadcrumb\",\"itemListElement\":[{\"@type\":\"ListItem\",\"position\":1,\"name\":\"In\u00edcio\",\"item\":\"https:\/\/portaltela.pt\/\"},{\"@type\":\"ListItem\",\"position\":2,\"name\":\"PJ de Braga det\u00e9m V\u00edtor do Ouro\"}]},{\"@type\":\"WebSite\",\"@id\":\"https:\/\/portaltela.pt\/#website\",\"url\":\"https:\/\/portaltela.pt\/\",\"name\":\"Portal Tela Portugal\",\"description\":\"\",\"potentialAction\":[{\"@type\":\"SearchAction\",\"target\":{\"@type\":\"EntryPoint\",\"urlTemplate\":\"https:\/\/portaltela.pt\/?s={search_term_string}\"},\"query-input\":{\"@type\":\"PropertyValueSpecification\",\"valueRequired\":true,\"valueName\":\"search_term_string\"}}],\"inLanguage\":\"pt-PT\"},{\"@type\":\"Person\",\"@id\":\"https:\/\/portaltela.pt\/#\/schema\/person\/c4278d4a6028830caff9ee44b42d32ed\",\"name\":\"Telinha\",\"image\":{\"@type\":\"ImageObject\",\"inLanguage\":\"pt-PT\",\"@id\":\"https:\/\/portaltela.pt\/s.01k8rhncp4jt1\/2025\/11\/talking-bot-125x125.png\",\"url\":\"https:\/\/portaltela.pt\/s.01k8rhncp4jt1\/2025\/11\/talking-bot-125x125.png\",\"contentUrl\":\"https:\/\/portaltela.pt\/s.01k8rhncp4jt1\/2025\/11\/talking-bot-125x125.png\",\"caption\":\"Telinha\"},\"sameAs\":[\"https:\/\/portaltela.pt\/\"],\"url\":\"https:\/\/portaltela.pt\/por\/367410592786\/\"}]}<\/script>\n<!-- \/ Yoast SEO plugin. -->","yoast_head_json":{"title":"PJ de Braga det\u00e9m V\u00edtor do Ouro - Portal Tela Portugal","robots":{"index":"index","follow":"follow","max-snippet":"max-snippet:-1","max-image-preview":"max-image-preview:large","max-video-preview":"max-video-preview:-1"},"og_locale":"pt_PT","og_type":"article","og_title":"PJ de Braga det\u00e9m V\u00edtor do Ouro - Portal Tela Portugal","og_description":"A Pol\u00edcia Judici\u00e1ria (PJ) de Braga deteve V\u00edtor do Ouro, conhecido como bar\u00e3o da droga da regi\u00e3o. A deten\u00e7\u00e3o ocorre no \u00e2mbito de uma investiga\u00e7\u00e3o que durou v\u00e1rios meses. O foco era a lideran\u00e7a de um grupo que se dedicava ao tr\u00e1fico de droga em diversas localidades da zona norte do pa\u00eds. As autoridades continuam a recolher provas e a esclarecer a rede associada, para entender o esquema do grupo.","og_url":"https:\/\/portaltela.pt\/noticias\/2026\/03\/26\/pj-de-braga-detem-vitor-do-ouro\/","og_site_name":"Portal Tela Portugal","article_published_time":"2026-03-26T16:07:49+00:00","author":"Telinha","twitter_card":"summary_large_image","twitter_misc":{"Escrito por":"Telinha","Tempo estimado de leitura":"1 minuto"},"schema":{"@context":"https:\/\/schema.org","@graph":[{"@type":"Article","@id":"https:\/\/portaltela.pt\/noticias\/2026\/03\/26\/pj-de-braga-detem-vitor-do-ouro\/#article","isPartOf":{"@id":"https:\/\/portaltela.pt\/noticias\/2026\/03\/26\/pj-de-braga-detem-vitor-do-ouro\/"},"author":{"name":"Telinha","@id":"https:\/\/portaltela.pt\/#\/schema\/person\/c4278d4a6028830caff9ee44b42d32ed"},"headline":"PJ de Braga det\u00e9m V\u00edtor do Ouro","datePublished":"2026-03-26T16:07:49+00:00","mainEntityOfPage":{"@id":"https:\/\/portaltela.pt\/noticias\/2026\/03\/26\/pj-de-braga-detem-vitor-do-ouro\/"},"wordCount":232,"image":{"@id":"https:\/\/portaltela.pt\/noticias\/2026\/03\/26\/pj-de-braga-detem-vitor-do-ouro\/#primaryimage"},"thumbnailUrl":"https:\/\/portaltela.pt\/s.01k8rhncp4jt1\/2026\/03\/img_1280x722uu2017-01-09-23-30-00-588764.jpg","keywords":["Braga","investiga\u00e7\u00e3o","organiza\u00e7\u00e3o criminosa","Pol\u00edcia Judici\u00e1ria","Regi\u00e3o Norte","tr\u00e1fico de drogas"],"articleSection":["Crime","Justi\u00e7a"],"inLanguage":"pt-PT"},{"@type":"WebPage","@id":"https:\/\/portaltela.pt\/noticias\/2026\/03\/26\/pj-de-braga-detem-vitor-do-ouro\/","url":"https:\/\/portaltela.pt\/noticias\/2026\/03\/26\/pj-de-braga-detem-vitor-do-ouro\/","name":"PJ de Braga det\u00e9m V\u00edtor do Ouro - Portal Tela Portugal","isPartOf":{"@id":"https:\/\/portaltela.pt\/#website"},"primaryImageOfPage":{"@id":"https:\/\/portaltela.pt\/noticias\/2026\/03\/26\/pj-de-braga-detem-vitor-do-ouro\/#primaryimage"},"image":{"@id":"https:\/\/portaltela.pt\/noticias\/2026\/03\/26\/pj-de-braga-detem-vitor-do-ouro\/#primaryimage"},"thumbnailUrl":"https:\/\/portaltela.pt\/s.01k8rhncp4jt1\/2026\/03\/img_1280x722uu2017-01-09-23-30-00-588764.jpg","datePublished":"2026-03-26T16:07:49+00:00","author":{"@id":"https:\/\/portaltela.pt\/#\/schema\/person\/c4278d4a6028830caff9ee44b42d32ed"},"breadcrumb":{"@id":"https:\/\/portaltela.pt\/noticias\/2026\/03\/26\/pj-de-braga-detem-vitor-do-ouro\/#breadcrumb"},"inLanguage":"pt-PT","potentialAction":[{"@type":"ReadAction","target":["https:\/\/portaltela.pt\/noticias\/2026\/03\/26\/pj-de-braga-detem-vitor-do-ouro\/"]}]},{"@type":"ImageObject","inLanguage":"pt-PT","@id":"https:\/\/portaltela.pt\/noticias\/2026\/03\/26\/pj-de-braga-detem-vitor-do-ouro\/#primaryimage","url":"https:\/\/portaltela.pt\/s.01k8rhncp4jt1\/2026\/03\/img_1280x722uu2017-01-09-23-30-00-588764.jpg","contentUrl":"https:\/\/portaltela.pt\/s.01k8rhncp4jt1\/2026\/03\/img_1280x722uu2017-01-09-23-30-00-588764.jpg","width":796,"height":448,"caption":"V\u00edtor do Ouro preso pela PJ de Braga"},{"@type":"BreadcrumbList","@id":"https:\/\/portaltela.pt\/noticias\/2026\/03\/26\/pj-de-braga-detem-vitor-do-ouro\/#breadcrumb","itemListElement":[{"@type":"ListItem","position":1,"name":"In\u00edcio","item":"https:\/\/portaltela.pt\/"},{"@type":"ListItem","position":2,"name":"PJ de Braga det\u00e9m V\u00edtor do Ouro"}]},{"@type":"WebSite","@id":"https:\/\/portaltela.pt\/#website","url":"https:\/\/portaltela.pt\/","name":"Portal Tela Portugal","description":"","potentialAction":[{"@type":"SearchAction","target":{"@type":"EntryPoint","urlTemplate":"https:\/\/portaltela.pt\/?s={search_term_string}"},"query-input":{"@type":"PropertyValueSpecification","valueRequired":true,"valueName":"search_term_string"}}],"inLanguage":"pt-PT"},{"@type":"Person","@id":"https:\/\/portaltela.pt\/#\/schema\/person\/c4278d4a6028830caff9ee44b42d32ed","name":"Telinha","image":{"@type":"ImageObject","inLanguage":"pt-PT","@id":"https:\/\/portaltela.pt\/s.01k8rhncp4jt1\/2025\/11\/talking-bot-125x125.png","url":"https:\/\/portaltela.pt\/s.01k8rhncp4jt1\/2025\/11\/talking-bot-125x125.png","contentUrl":"https:\/\/portaltela.pt\/s.01k8rhncp4jt1\/2025\/11\/talking-bot-125x125.png","caption":"Telinha"},"sameAs":["https:\/\/portaltela.pt\/"],"url":"https:\/\/portaltela.pt\/por\/367410592786\/"}]}},"_links":{"self":[{"href":"https:\/\/portaltela.pt\/api\/wp\/v2\/posts\/422506","targetHints":{"allow":["GET"]}}],"collection":[{"href":"https:\/\/portaltela.pt\/api\/wp\/v2\/posts"}],"about":[{"href":"https:\/\/portaltela.pt\/api\/wp\/v2\/types\/post"}],"author":[{"embeddable":true,"href":"https:\/\/portaltela.pt\/api\/wp\/v2\/users\/2"}],"replies":[{"embeddable":true,"href":"https:\/\/portaltela.pt\/api\/wp\/v2\/comments?post=422506"}],"version-history":[{"count":0,"href":"https:\/\/portaltela.pt\/api\/wp\/v2\/posts\/422506\/revisions"}],"wp:featuredmedia":[{"embeddable":true,"href":"https:\/\/portaltela.pt\/api\/wp\/v2\/media\/422514"}],"wp:attachment":[{"href":"https:\/\/portaltela.pt\/api\/wp\/v2\/media?parent=422506"}],"wp:term":[{"taxonomy":"category","embeddable":true,"href":"https:\/\/portaltela.pt\/api\/wp\/v2\/categories?post=422506"},{"taxonomy":"post_tag","embeddable":true,"href":"https:\/\/portaltela.pt\/api\/wp\/v2\/tags?post=422506"}],"curies":[{"name":"wp","href":"https:\/\/api.w.org\/{rel}","templated":true}]}}