{"id":422483,"date":"2026-03-26T12:58:25","date_gmt":"2026-03-26T15:58:25","guid":{"rendered":"https:\/\/portaltela.pt\/noticias\/2026\/03\/26\/federacao-do-senegal-diz-que-perda-do-titulo-e-o-maior-roubo-da-historia\/"},"modified":"2026-03-26T12:58:25","modified_gmt":"2026-03-26T15:58:25","slug":"federacao-do-senegal-diz-que-perda-do-titulo-e-o-maior-roubo-da-historia","status":"publish","type":"post","link":"https:\/\/portaltela.pt\/desporto\/futebol\/2026\/03\/26\/federacao-do-senegal-diz-que-perda-do-titulo-e-o-maior-roubo-da-historia\/","title":{"rendered":"Federa\u00e7\u00e3o do Senegal diz que perda do t\u00edtulo \u00e9 o maior roubo da hist\u00f3ria"},"content":{"rendered":"<p>O presidente da Federa\u00e7\u00e3o Senegalesa de Futebol descreveu a decis\u00e3o da CAF de atribuir a vit\u00f3ria da CAN 2025 a Marrocos como o maior roubo administrativo da hist\u00f3ria do desporto. O veredicto foi dado por falta de compar\u00eancia no jogo decisivo, apesar da vit\u00f3ria senegalesa em campo por 1-0, durante a prorroga\u00e7\u00e3o.<\/p>\n<p>A FSF comunicou ontem, em Paris, a equipa jur\u00eddica que acompanhar\u00e1 o processo no TAS, ap\u00f3s ter apresentado recurso em Lausanne. O objetivo \u00e9 que o t\u00edtulo seja devolvido ao Senegal e a decis\u00e3o seja revista rapidamente.<\/p>\n<p>A defesa alega viola\u00e7\u00e3o das leis do jogo e da soberania da arbitragem. O advogado respons\u00e1vel sustenta que a situa\u00e7\u00e3o atenta contra a integridade do futebol e pode obrigar clubes e federa\u00e7\u00f5es a recorrer a escrit\u00f3rios de advogados em vez de forma\u00e7\u00e3o desportiva.<\/p>\n<p>O caso tem origem na final de 18 de janeiro, em Rabat, marcada por incidentes e pela interrup\u00e7\u00e3o do jogo em protesto contra um pen\u00e1lti a favor de Marrocos. Enquanto tramita o recurso, o Senegal mant\u00e9m o trof\u00e9u.<\/p>\n<p>O governo senegales solicitou uma investiga\u00e7\u00e3o internacional sobre alegadas irregularidades na CAF, enviada na semana passada. Paralelamente, o pa\u00eds planeia levar o trof\u00e9u aos adeptos no pr\u00f3ximo s\u00e1bado, num particular frente ao Peru, no Est\u00e1dio de Fran\u00e7a.<\/p>\n","protected":false},"excerpt":{"rendered":"<ul>\n<li>A Federa\u00e7\u00e3o Senegalesa de Futebol (FSF) apresentou, na quinta-feira, em Paris, a equipa jur\u00eddica para contestar no Tribunal Arbitral do Desporto (TAS) a decis\u00e3o da Confedera\u00e7\u00e3o Africana de Futebol (CAF) de atribuir a vit\u00f3ria \u00e0 Marrocos na Ta\u00e7a das Na\u00e7\u00f5es Africanas (CAN) por falta de compar\u00eancia, decis\u00e3o tomada a 17 de mar\u00e7o.<\/li>\n<li>A FSF j\u00e1 tinha apresentado recurso no TAS em Lausanne, ap\u00f3s a CAN ter dado a vit\u00f3ria aos anfitri\u00f5es, apesar do triunfo senegal\u00eas em campo, de 1-0, na final disputada a 18 de janeiro, em Rabat.<\/li>\n<li>O l\u00edder da equipa de advogados, Seydou Diagne, afirmou que a revers\u00e3o do resultado viola as leis do jogo e a soberania da arbitragem, descrevendo o processo como um ataque ao futebol e \u00e0 federa\u00e7\u00e3o.<\/li>\n<li>O advogado espanhol Juan de Dios Crespo P\u00e9rez afirmou que a integridade do futebol est\u00e1 em jogo, enquanto se pediu um tramitar mais c\u00e9lere, dependente do acordo de todas as partes.<\/li>\n<li>Apesar da batalha jur\u00eddica, o Senegal mant\u00e9m o trof\u00e9u e planeia apresent\u00e1-lo aos adeptos no pr\u00f3ximo s\u00e1bado, no Est\u00e1dio de Fran\u00e7a, num particular contra o Peru; o governo senegal\u00eas pediu ainda uma investiga\u00e7\u00e3o internacional sobre suspeitas de corrup\u00e7\u00e3o na CAF.<\/li>\n<\/ul>\n","protected":false},"author":2,"featured_media":422487,"comment_status":"closed","ping_status":"closed","sticky":false,"template":"","format":"standard","meta":{"footnotes":""},"categories":[21,24],"tags":[1289,7348,32,3338,1883,6208],"class_list":["post-422483","post","type-post","status-publish","format-standard","has-post-thumbnail","hentry","category-desporto","category-futebol","tag-arbitragem","tag-caf","tag-futebol","tag-futebol-internacional","tag-senegal","tag-tribunais"],"yoast_head":"<!-- This site is optimized with the Yoast SEO plugin v27.2 - https:\/\/yoast.com\/product\/yoast-seo-wordpress\/ -->\n<title>Federa\u00e7\u00e3o do Senegal diz que perda do t\u00edtulo \u00e9 o maior roubo da hist\u00f3ria - Portal Tela Portugal<\/title>\n<meta name=\"robots\" content=\"index, follow, max-snippet:-1, max-image-preview:large, max-video-preview:-1\" \/>\n<meta property=\"og:locale\" content=\"pt_PT\" \/>\n<meta property=\"og:type\" content=\"article\" \/>\n<meta property=\"og:title\" content=\"Federa\u00e7\u00e3o do Senegal diz que perda do t\u00edtulo \u00e9 o maior roubo da hist\u00f3ria - Portal Tela Portugal\" \/>\n<meta property=\"og:description\" content=\"A Federa\u00e7\u00e3o Senegalesa de Futebol (FSF) apresentou, na quinta-feira, em Paris, a equipa jur\u00eddica para contestar no Tribunal Arbitral do Desporto (TAS) a decis\u00e3o da Confedera\u00e7\u00e3o Africana de Futebol (CAF) de atribuir a vit\u00f3ria \u00e0 Marrocos na Ta\u00e7a das Na\u00e7\u00f5es Africanas (CAN) por falta de compar\u00eancia, decis\u00e3o tomada a 17 de mar\u00e7o. A FSF j\u00e1 tinha apresentado recurso no TAS em Lausanne, ap\u00f3s a CAN ter dado a vit\u00f3ria aos anfitri\u00f5es, apesar do triunfo senegal\u00eas em campo, de 1-0, na final disputada a 18 de janeiro, em Rabat. O l\u00edder da equipa de advogados, Seydou Diagne, afirmou que a revers\u00e3o do resultado viola as leis do jogo e a soberania da arbitragem, descrevendo o processo como um ataque ao futebol e \u00e0 federa\u00e7\u00e3o. O advogado espanhol Juan de Dios Crespo P\u00e9rez afirmou que a integridade do futebol est\u00e1 em jogo, enquanto se pediu um tramitar mais c\u00e9lere, dependente do acordo de todas as partes. Apesar da batalha jur\u00eddica, o Senegal mant\u00e9m o trof\u00e9u e planeia apresent\u00e1-lo aos adeptos no pr\u00f3ximo s\u00e1bado, no Est\u00e1dio de Fran\u00e7a, num particular contra o Peru; o governo senegal\u00eas pediu ainda uma investiga\u00e7\u00e3o internacional sobre suspeitas de corrup\u00e7\u00e3o na CAF.\" \/>\n<meta property=\"og:url\" content=\"https:\/\/portaltela.pt\/noticias\/2026\/03\/26\/federacao-do-senegal-diz-que-perda-do-titulo-e-o-maior-roubo-da-historia\/\" \/>\n<meta property=\"og:site_name\" content=\"Portal Tela Portugal\" \/>\n<meta property=\"article:published_time\" content=\"2026-03-26T15:58:25+00:00\" \/>\n<meta name=\"author\" content=\"Telinha\" \/>\n<meta name=\"twitter:card\" content=\"summary_large_image\" \/>\n<meta name=\"twitter:label1\" content=\"Escrito por\" \/>\n\t<meta name=\"twitter:data1\" content=\"Telinha\" \/>\n\t<meta name=\"twitter:label2\" content=\"Tempo estimado de leitura\" \/>\n\t<meta name=\"twitter:data2\" content=\"1 minuto\" \/>\n<script type=\"application\/ld+json\" class=\"yoast-schema-graph\">{\"@context\":\"https:\/\/schema.org\",\"@graph\":[{\"@type\":\"Article\",\"@id\":\"https:\/\/portaltela.pt\/noticias\/2026\/03\/26\/federacao-do-senegal-diz-que-perda-do-titulo-e-o-maior-roubo-da-historia\/#article\",\"isPartOf\":{\"@id\":\"https:\/\/portaltela.pt\/noticias\/2026\/03\/26\/federacao-do-senegal-diz-que-perda-do-titulo-e-o-maior-roubo-da-historia\/\"},\"author\":{\"name\":\"Telinha\",\"@id\":\"https:\/\/portaltela.pt\/#\/schema\/person\/c4278d4a6028830caff9ee44b42d32ed\"},\"headline\":\"Federa\u00e7\u00e3o do Senegal diz que perda do t\u00edtulo \u00e9 o maior roubo da hist\u00f3ria\",\"datePublished\":\"2026-03-26T15:58:25+00:00\",\"mainEntityOfPage\":{\"@id\":\"https:\/\/portaltela.pt\/noticias\/2026\/03\/26\/federacao-do-senegal-diz-que-perda-do-titulo-e-o-maior-roubo-da-historia\/\"},\"wordCount\":248,\"image\":{\"@id\":\"https:\/\/portaltela.pt\/noticias\/2026\/03\/26\/federacao-do-senegal-diz-que-perda-do-titulo-e-o-maior-roubo-da-historia\/#primaryimage\"},\"thumbnailUrl\":\"https:\/\/portaltela.pt\/s.01k8rhncp4jt1\/2026\/03\/img_920x518uu2026-03-17-21-49-54-2427724.jpg\",\"keywords\":[\"arbitragem\",\"CAF\",\"futebol\",\"futebol internacional\",\"Senegal\",\"Tribunais\"],\"articleSection\":[\"Desporto\",\"Futebol\"],\"inLanguage\":\"pt-PT\"},{\"@type\":\"WebPage\",\"@id\":\"https:\/\/portaltela.pt\/noticias\/2026\/03\/26\/federacao-do-senegal-diz-que-perda-do-titulo-e-o-maior-roubo-da-historia\/\",\"url\":\"https:\/\/portaltela.pt\/noticias\/2026\/03\/26\/federacao-do-senegal-diz-que-perda-do-titulo-e-o-maior-roubo-da-historia\/\",\"name\":\"Federa\u00e7\u00e3o do Senegal diz que perda do t\u00edtulo \u00e9 o maior roubo da hist\u00f3ria - Portal Tela Portugal\",\"isPartOf\":{\"@id\":\"https:\/\/portaltela.pt\/#website\"},\"primaryImageOfPage\":{\"@id\":\"https:\/\/portaltela.pt\/noticias\/2026\/03\/26\/federacao-do-senegal-diz-que-perda-do-titulo-e-o-maior-roubo-da-historia\/#primaryimage\"},\"image\":{\"@id\":\"https:\/\/portaltela.pt\/noticias\/2026\/03\/26\/federacao-do-senegal-diz-que-perda-do-titulo-e-o-maior-roubo-da-historia\/#primaryimage\"},\"thumbnailUrl\":\"https:\/\/portaltela.pt\/s.01k8rhncp4jt1\/2026\/03\/img_920x518uu2026-03-17-21-49-54-2427724.jpg\",\"datePublished\":\"2026-03-26T15:58:25+00:00\",\"author\":{\"@id\":\"https:\/\/portaltela.pt\/#\/schema\/person\/c4278d4a6028830caff9ee44b42d32ed\"},\"breadcrumb\":{\"@id\":\"https:\/\/portaltela.pt\/noticias\/2026\/03\/26\/federacao-do-senegal-diz-que-perda-do-titulo-e-o-maior-roubo-da-historia\/#breadcrumb\"},\"inLanguage\":\"pt-PT\",\"potentialAction\":[{\"@type\":\"ReadAction\",\"target\":[\"https:\/\/portaltela.pt\/noticias\/2026\/03\/26\/federacao-do-senegal-diz-que-perda-do-titulo-e-o-maior-roubo-da-historia\/\"]}]},{\"@type\":\"ImageObject\",\"inLanguage\":\"pt-PT\",\"@id\":\"https:\/\/portaltela.pt\/noticias\/2026\/03\/26\/federacao-do-senegal-diz-que-perda-do-titulo-e-o-maior-roubo-da-historia\/#primaryimage\",\"url\":\"https:\/\/portaltela.pt\/s.01k8rhncp4jt1\/2026\/03\/img_920x518uu2026-03-17-21-49-54-2427724.jpg\",\"contentUrl\":\"https:\/\/portaltela.pt\/s.01k8rhncp4jt1\/2026\/03\/img_920x518uu2026-03-17-21-49-54-2427724.jpg\",\"width\":796,\"height\":448,\"caption\":\"CAF declara Marrocos vencedor da CAN ap\u00f3s incidentes na final com o Senegal\"},{\"@type\":\"BreadcrumbList\",\"@id\":\"https:\/\/portaltela.pt\/noticias\/2026\/03\/26\/federacao-do-senegal-diz-que-perda-do-titulo-e-o-maior-roubo-da-historia\/#breadcrumb\",\"itemListElement\":[{\"@type\":\"ListItem\",\"position\":1,\"name\":\"In\u00edcio\",\"item\":\"https:\/\/portaltela.pt\/\"},{\"@type\":\"ListItem\",\"position\":2,\"name\":\"Federa\u00e7\u00e3o do Senegal diz que perda do t\u00edtulo \u00e9 o maior roubo da hist\u00f3ria\"}]},{\"@type\":\"WebSite\",\"@id\":\"https:\/\/portaltela.pt\/#website\",\"url\":\"https:\/\/portaltela.pt\/\",\"name\":\"Portal Tela Portugal\",\"description\":\"\",\"potentialAction\":[{\"@type\":\"SearchAction\",\"target\":{\"@type\":\"EntryPoint\",\"urlTemplate\":\"https:\/\/portaltela.pt\/?s={search_term_string}\"},\"query-input\":{\"@type\":\"PropertyValueSpecification\",\"valueRequired\":true,\"valueName\":\"search_term_string\"}}],\"inLanguage\":\"pt-PT\"},{\"@type\":\"Person\",\"@id\":\"https:\/\/portaltela.pt\/#\/schema\/person\/c4278d4a6028830caff9ee44b42d32ed\",\"name\":\"Telinha\",\"image\":{\"@type\":\"ImageObject\",\"inLanguage\":\"pt-PT\",\"@id\":\"https:\/\/portaltela.pt\/s.01k8rhncp4jt1\/2025\/11\/talking-bot-125x125.png\",\"url\":\"https:\/\/portaltela.pt\/s.01k8rhncp4jt1\/2025\/11\/talking-bot-125x125.png\",\"contentUrl\":\"https:\/\/portaltela.pt\/s.01k8rhncp4jt1\/2025\/11\/talking-bot-125x125.png\",\"caption\":\"Telinha\"},\"sameAs\":[\"https:\/\/portaltela.pt\/\"],\"url\":\"https:\/\/portaltela.pt\/por\/367410592786\/\"}]}<\/script>\n<!-- \/ Yoast SEO plugin. -->","yoast_head_json":{"title":"Federa\u00e7\u00e3o do Senegal diz que perda do t\u00edtulo \u00e9 o maior roubo da hist\u00f3ria - Portal Tela Portugal","robots":{"index":"index","follow":"follow","max-snippet":"max-snippet:-1","max-image-preview":"max-image-preview:large","max-video-preview":"max-video-preview:-1"},"og_locale":"pt_PT","og_type":"article","og_title":"Federa\u00e7\u00e3o do Senegal diz que perda do t\u00edtulo \u00e9 o maior roubo da hist\u00f3ria - Portal Tela Portugal","og_description":"A Federa\u00e7\u00e3o Senegalesa de Futebol (FSF) apresentou, na quinta-feira, em Paris, a equipa jur\u00eddica para contestar no Tribunal Arbitral do Desporto (TAS) a decis\u00e3o da Confedera\u00e7\u00e3o Africana de Futebol (CAF) de atribuir a vit\u00f3ria \u00e0 Marrocos na Ta\u00e7a das Na\u00e7\u00f5es Africanas (CAN) por falta de compar\u00eancia, decis\u00e3o tomada a 17 de mar\u00e7o. A FSF j\u00e1 tinha apresentado recurso no TAS em Lausanne, ap\u00f3s a CAN ter dado a vit\u00f3ria aos anfitri\u00f5es, apesar do triunfo senegal\u00eas em campo, de 1-0, na final disputada a 18 de janeiro, em Rabat. O l\u00edder da equipa de advogados, Seydou Diagne, afirmou que a revers\u00e3o do resultado viola as leis do jogo e a soberania da arbitragem, descrevendo o processo como um ataque ao futebol e \u00e0 federa\u00e7\u00e3o. O advogado espanhol Juan de Dios Crespo P\u00e9rez afirmou que a integridade do futebol est\u00e1 em jogo, enquanto se pediu um tramitar mais c\u00e9lere, dependente do acordo de todas as partes. Apesar da batalha jur\u00eddica, o Senegal mant\u00e9m o trof\u00e9u e planeia apresent\u00e1-lo aos adeptos no pr\u00f3ximo s\u00e1bado, no Est\u00e1dio de Fran\u00e7a, num particular contra o Peru; o governo senegal\u00eas pediu ainda uma investiga\u00e7\u00e3o internacional sobre suspeitas de corrup\u00e7\u00e3o na CAF.","og_url":"https:\/\/portaltela.pt\/noticias\/2026\/03\/26\/federacao-do-senegal-diz-que-perda-do-titulo-e-o-maior-roubo-da-historia\/","og_site_name":"Portal Tela Portugal","article_published_time":"2026-03-26T15:58:25+00:00","author":"Telinha","twitter_card":"summary_large_image","twitter_misc":{"Escrito por":"Telinha","Tempo estimado de leitura":"1 minuto"},"schema":{"@context":"https:\/\/schema.org","@graph":[{"@type":"Article","@id":"https:\/\/portaltela.pt\/noticias\/2026\/03\/26\/federacao-do-senegal-diz-que-perda-do-titulo-e-o-maior-roubo-da-historia\/#article","isPartOf":{"@id":"https:\/\/portaltela.pt\/noticias\/2026\/03\/26\/federacao-do-senegal-diz-que-perda-do-titulo-e-o-maior-roubo-da-historia\/"},"author":{"name":"Telinha","@id":"https:\/\/portaltela.pt\/#\/schema\/person\/c4278d4a6028830caff9ee44b42d32ed"},"headline":"Federa\u00e7\u00e3o do Senegal diz que perda do t\u00edtulo \u00e9 o maior roubo da hist\u00f3ria","datePublished":"2026-03-26T15:58:25+00:00","mainEntityOfPage":{"@id":"https:\/\/portaltela.pt\/noticias\/2026\/03\/26\/federacao-do-senegal-diz-que-perda-do-titulo-e-o-maior-roubo-da-historia\/"},"wordCount":248,"image":{"@id":"https:\/\/portaltela.pt\/noticias\/2026\/03\/26\/federacao-do-senegal-diz-que-perda-do-titulo-e-o-maior-roubo-da-historia\/#primaryimage"},"thumbnailUrl":"https:\/\/portaltela.pt\/s.01k8rhncp4jt1\/2026\/03\/img_920x518uu2026-03-17-21-49-54-2427724.jpg","keywords":["arbitragem","CAF","futebol","futebol internacional","Senegal","Tribunais"],"articleSection":["Desporto","Futebol"],"inLanguage":"pt-PT"},{"@type":"WebPage","@id":"https:\/\/portaltela.pt\/noticias\/2026\/03\/26\/federacao-do-senegal-diz-que-perda-do-titulo-e-o-maior-roubo-da-historia\/","url":"https:\/\/portaltela.pt\/noticias\/2026\/03\/26\/federacao-do-senegal-diz-que-perda-do-titulo-e-o-maior-roubo-da-historia\/","name":"Federa\u00e7\u00e3o do Senegal diz que perda do t\u00edtulo \u00e9 o maior roubo da hist\u00f3ria - Portal Tela Portugal","isPartOf":{"@id":"https:\/\/portaltela.pt\/#website"},"primaryImageOfPage":{"@id":"https:\/\/portaltela.pt\/noticias\/2026\/03\/26\/federacao-do-senegal-diz-que-perda-do-titulo-e-o-maior-roubo-da-historia\/#primaryimage"},"image":{"@id":"https:\/\/portaltela.pt\/noticias\/2026\/03\/26\/federacao-do-senegal-diz-que-perda-do-titulo-e-o-maior-roubo-da-historia\/#primaryimage"},"thumbnailUrl":"https:\/\/portaltela.pt\/s.01k8rhncp4jt1\/2026\/03\/img_920x518uu2026-03-17-21-49-54-2427724.jpg","datePublished":"2026-03-26T15:58:25+00:00","author":{"@id":"https:\/\/portaltela.pt\/#\/schema\/person\/c4278d4a6028830caff9ee44b42d32ed"},"breadcrumb":{"@id":"https:\/\/portaltela.pt\/noticias\/2026\/03\/26\/federacao-do-senegal-diz-que-perda-do-titulo-e-o-maior-roubo-da-historia\/#breadcrumb"},"inLanguage":"pt-PT","potentialAction":[{"@type":"ReadAction","target":["https:\/\/portaltela.pt\/noticias\/2026\/03\/26\/federacao-do-senegal-diz-que-perda-do-titulo-e-o-maior-roubo-da-historia\/"]}]},{"@type":"ImageObject","inLanguage":"pt-PT","@id":"https:\/\/portaltela.pt\/noticias\/2026\/03\/26\/federacao-do-senegal-diz-que-perda-do-titulo-e-o-maior-roubo-da-historia\/#primaryimage","url":"https:\/\/portaltela.pt\/s.01k8rhncp4jt1\/2026\/03\/img_920x518uu2026-03-17-21-49-54-2427724.jpg","contentUrl":"https:\/\/portaltela.pt\/s.01k8rhncp4jt1\/2026\/03\/img_920x518uu2026-03-17-21-49-54-2427724.jpg","width":796,"height":448,"caption":"CAF declara Marrocos vencedor da CAN ap\u00f3s incidentes na final com o Senegal"},{"@type":"BreadcrumbList","@id":"https:\/\/portaltela.pt\/noticias\/2026\/03\/26\/federacao-do-senegal-diz-que-perda-do-titulo-e-o-maior-roubo-da-historia\/#breadcrumb","itemListElement":[{"@type":"ListItem","position":1,"name":"In\u00edcio","item":"https:\/\/portaltela.pt\/"},{"@type":"ListItem","position":2,"name":"Federa\u00e7\u00e3o do Senegal diz que perda do t\u00edtulo \u00e9 o maior roubo da hist\u00f3ria"}]},{"@type":"WebSite","@id":"https:\/\/portaltela.pt\/#website","url":"https:\/\/portaltela.pt\/","name":"Portal Tela Portugal","description":"","potentialAction":[{"@type":"SearchAction","target":{"@type":"EntryPoint","urlTemplate":"https:\/\/portaltela.pt\/?s={search_term_string}"},"query-input":{"@type":"PropertyValueSpecification","valueRequired":true,"valueName":"search_term_string"}}],"inLanguage":"pt-PT"},{"@type":"Person","@id":"https:\/\/portaltela.pt\/#\/schema\/person\/c4278d4a6028830caff9ee44b42d32ed","name":"Telinha","image":{"@type":"ImageObject","inLanguage":"pt-PT","@id":"https:\/\/portaltela.pt\/s.01k8rhncp4jt1\/2025\/11\/talking-bot-125x125.png","url":"https:\/\/portaltela.pt\/s.01k8rhncp4jt1\/2025\/11\/talking-bot-125x125.png","contentUrl":"https:\/\/portaltela.pt\/s.01k8rhncp4jt1\/2025\/11\/talking-bot-125x125.png","caption":"Telinha"},"sameAs":["https:\/\/portaltela.pt\/"],"url":"https:\/\/portaltela.pt\/por\/367410592786\/"}]}},"_links":{"self":[{"href":"https:\/\/portaltela.pt\/api\/wp\/v2\/posts\/422483","targetHints":{"allow":["GET"]}}],"collection":[{"href":"https:\/\/portaltela.pt\/api\/wp\/v2\/posts"}],"about":[{"href":"https:\/\/portaltela.pt\/api\/wp\/v2\/types\/post"}],"author":[{"embeddable":true,"href":"https:\/\/portaltela.pt\/api\/wp\/v2\/users\/2"}],"replies":[{"embeddable":true,"href":"https:\/\/portaltela.pt\/api\/wp\/v2\/comments?post=422483"}],"version-history":[{"count":0,"href":"https:\/\/portaltela.pt\/api\/wp\/v2\/posts\/422483\/revisions"}],"wp:featuredmedia":[{"embeddable":true,"href":"https:\/\/portaltela.pt\/api\/wp\/v2\/media\/422487"}],"wp:attachment":[{"href":"https:\/\/portaltela.pt\/api\/wp\/v2\/media?parent=422483"}],"wp:term":[{"taxonomy":"category","embeddable":true,"href":"https:\/\/portaltela.pt\/api\/wp\/v2\/categories?post=422483"},{"taxonomy":"post_tag","embeddable":true,"href":"https:\/\/portaltela.pt\/api\/wp\/v2\/tags?post=422483"}],"curies":[{"name":"wp","href":"https:\/\/api.w.org\/{rel}","templated":true}]}}