{"id":422481,"date":"2026-03-26T12:54:39","date_gmt":"2026-03-26T15:54:39","guid":{"rendered":"https:\/\/portaltela.pt\/noticias\/2026\/03\/26\/polen-com-niveis-elevados-no-centro-e-no-sul-do-pais-a-partir-de-amanha\/"},"modified":"2026-03-26T12:54:39","modified_gmt":"2026-03-26T15:54:39","slug":"polen-com-niveis-elevados-no-centro-e-no-sul-do-pais-a-partir-de-amanha","status":"publish","type":"post","link":"https:\/\/portaltela.pt\/saude\/2026\/03\/26\/polen-com-niveis-elevados-no-centro-e-no-sul-do-pais-a-partir-de-amanha\/","title":{"rendered":"P\u00f3len com n\u00edveis elevados no Centro e no Sul do pa\u00eds a partir de amanh\u00e3"},"content":{"rendered":"<p>A concentra\u00e7\u00e3o de p\u00f3len na atmosfera vai aumentar na pr\u00f3xima semana, atingindo um risco elevado para doentes al\u00e9rgicos nas regi\u00f5es do centro e do sul do continente. A previs\u00e3o \u00e9 da Sociedade Portuguesa de Alergologia e Imunologia Cl\u00ednica (SPAIC).<\/p>\n<p>Entre 27 de mar\u00e7o e 2 de abril, com o cessar da chuva, a poliniza\u00e7\u00e3o dever\u00e1 subir. O Centro e o Sul do pa\u00eds apresentam n\u00edveis elevados, o Porto fica moderado e o restante do territ\u00f3rio mant\u00e9m-se baixo.<\/p>\n<h3>N\u00edveis por regi\u00e3o<\/h3>\n<p>Predominar\u00e3o gr\u00e3os de cipreste, pl\u00e1tano, pinheiro, carvalhos, sobreiro e azinheira, bem como gram\u00edneas, azeda, urtiga e urtic\u00e1ceas. Coimbra, Castelo Branco e Lisboa exibem p\u00f3len elevado, segundo a SPAIC.<\/p>\n<p>\u00c9vora e Faro devem registar concentra\u00e7\u00f5es elevadas, com o cipreste, pl\u00e1tano, pinheiro, sobreiro e azinheira entre os principais constituintes. Ervas e urtic\u00e1ceas tamb\u00e9m estar\u00e3o presentes no ar.<\/p>\n<p>No Porto, a concentra\u00e7\u00e3o permanece moderada, impulsionada por cipreste, pl\u00e1tano, pinheiro, carvalhos e sobreiro, al\u00e9m de gram\u00edneas e urtiga. Regions do norte continuam menos afectadas em compara\u00e7\u00e3o com o centro e sul.<\/p>\n<p>Para Vila-Real, Funchal e Ponta Delgada, as previs\u00f5es indicam n\u00edveis baixos de p\u00f3len, mantendo-se est\u00e1veis face \u00e0 tend\u00eancia geral. A SPAIC mant\u00e9m vigil\u00e2ncia para atualiza\u00e7\u00e3o de dados.<\/p>\n","protected":false},"excerpt":{"rendered":"<ul>\n<li>A concentra\u00e7\u00e3o de p\u00f3len na atmosfera vai subir na pr\u00f3xima semana, entre 27 de mar\u00e7o e 2 de abril, com n\u00edvel elevado nas regi\u00f5es centro e sul do continente.<\/li>\n<li>Regi\u00f5es com maior risco: Coimbra, Castelo Branco, Lisboa, \u00c9vora e Faro.<\/li>\n<li>Porto dever\u00e1 apresentar concentra\u00e7\u00e3o moderada, enquanto o resto do pa\u00eds ficar\u00e1 com n\u00edvel baixo.<\/li>\n<li>No ar v\u00e3o predominar p\u00f3len de cipreste, pl\u00e1tano, pinheiro, carvalhos, sobreiro e azinheira, bem como gr\u00e3os de gram\u00edneas, azeda e urtiga.<\/li>\n<li>Vila Real, Funchal e Ponta Delgada dever\u00e3o ter n\u00edveis baixos de p\u00f3len na pr\u00f3xima semana.<\/li>\n<\/ul>\n","protected":false},"author":2,"featured_media":422488,"comment_status":"closed","ping_status":"closed","sticky":false,"template":"","format":"standard","meta":{"footnotes":""},"categories":[6745],"tags":[45,3750,1014,7167,4650,172],"class_list":["post-422481","post","type-post","status-publish","format-standard","has-post-thumbnail","hentry","category-saude","tag-meio-ambiente","tag-poluicao-ambiental","tag-portugal","tag-qualidade-ambiental","tag-regiao-centro","tag-saude"],"yoast_head":"<!-- This site is optimized with the Yoast SEO plugin v27.2 - https:\/\/yoast.com\/product\/yoast-seo-wordpress\/ -->\n<title>P\u00f3len com n\u00edveis elevados no Centro e no Sul do pa\u00eds a partir de amanh\u00e3 - Portal Tela Portugal<\/title>\n<meta name=\"robots\" content=\"index, follow, max-snippet:-1, max-image-preview:large, max-video-preview:-1\" \/>\n<meta property=\"og:locale\" content=\"pt_PT\" \/>\n<meta property=\"og:type\" content=\"article\" \/>\n<meta property=\"og:title\" content=\"P\u00f3len com n\u00edveis elevados no Centro e no Sul do pa\u00eds a partir de amanh\u00e3 - Portal Tela Portugal\" \/>\n<meta property=\"og:description\" content=\"A concentra\u00e7\u00e3o de p\u00f3len na atmosfera vai subir na pr\u00f3xima semana, entre 27 de mar\u00e7o e 2 de abril, com n\u00edvel elevado nas regi\u00f5es centro e sul do continente. Regi\u00f5es com maior risco: Coimbra, Castelo Branco, Lisboa, \u00c9vora e Faro. Porto dever\u00e1 apresentar concentra\u00e7\u00e3o moderada, enquanto o resto do pa\u00eds ficar\u00e1 com n\u00edvel baixo. No ar v\u00e3o predominar p\u00f3len de cipreste, pl\u00e1tano, pinheiro, carvalhos, sobreiro e azinheira, bem como gr\u00e3os de gram\u00edneas, azeda e urtiga. Vila Real, Funchal e Ponta Delgada dever\u00e3o ter n\u00edveis baixos de p\u00f3len na pr\u00f3xima semana.\" \/>\n<meta property=\"og:url\" content=\"https:\/\/portaltela.pt\/noticias\/2026\/03\/26\/polen-com-niveis-elevados-no-centro-e-no-sul-do-pais-a-partir-de-amanha\/\" \/>\n<meta property=\"og:site_name\" content=\"Portal Tela Portugal\" \/>\n<meta property=\"article:published_time\" content=\"2026-03-26T15:54:39+00:00\" \/>\n<meta name=\"author\" content=\"Telinha\" \/>\n<meta name=\"twitter:card\" content=\"summary_large_image\" \/>\n<meta name=\"twitter:label1\" content=\"Escrito por\" \/>\n\t<meta name=\"twitter:data1\" content=\"Telinha\" \/>\n\t<meta name=\"twitter:label2\" content=\"Tempo estimado de leitura\" \/>\n\t<meta name=\"twitter:data2\" content=\"1 minuto\" \/>\n<script type=\"application\/ld+json\" class=\"yoast-schema-graph\">{\"@context\":\"https:\/\/schema.org\",\"@graph\":[{\"@type\":\"Article\",\"@id\":\"https:\/\/portaltela.pt\/noticias\/2026\/03\/26\/polen-com-niveis-elevados-no-centro-e-no-sul-do-pais-a-partir-de-amanha\/#article\",\"isPartOf\":{\"@id\":\"https:\/\/portaltela.pt\/noticias\/2026\/03\/26\/polen-com-niveis-elevados-no-centro-e-no-sul-do-pais-a-partir-de-amanha\/\"},\"author\":{\"name\":\"Telinha\",\"@id\":\"https:\/\/portaltela.pt\/#\/schema\/person\/c4278d4a6028830caff9ee44b42d32ed\"},\"headline\":\"P\u00f3len com n\u00edveis elevados no Centro e no Sul do pa\u00eds a partir de amanh\u00e3\",\"datePublished\":\"2026-03-26T15:54:39+00:00\",\"mainEntityOfPage\":{\"@id\":\"https:\/\/portaltela.pt\/noticias\/2026\/03\/26\/polen-com-niveis-elevados-no-centro-e-no-sul-do-pais-a-partir-de-amanha\/\"},\"wordCount\":247,\"image\":{\"@id\":\"https:\/\/portaltela.pt\/noticias\/2026\/03\/26\/polen-com-niveis-elevados-no-centro-e-no-sul-do-pais-a-partir-de-amanha\/#primaryimage\"},\"thumbnailUrl\":\"https:\/\/portaltela.pt\/s.01k8rhncp4jt1\/2026\/03\/img_1280x721uu2017-04-06-15-03-00-615806.jpg\",\"keywords\":[\"meio-ambiente\",\"polui\u00e7\u00e3o ambiental\",\"Portugal\",\"qualidade ambiental\",\"Regi\u00e3o Centro\",\"sa\u00fade\"],\"articleSection\":[\"Sa\u00fade\"],\"inLanguage\":\"pt-PT\"},{\"@type\":\"WebPage\",\"@id\":\"https:\/\/portaltela.pt\/noticias\/2026\/03\/26\/polen-com-niveis-elevados-no-centro-e-no-sul-do-pais-a-partir-de-amanha\/\",\"url\":\"https:\/\/portaltela.pt\/noticias\/2026\/03\/26\/polen-com-niveis-elevados-no-centro-e-no-sul-do-pais-a-partir-de-amanha\/\",\"name\":\"P\u00f3len com n\u00edveis elevados no Centro e no Sul do pa\u00eds a partir de amanh\u00e3 - Portal Tela Portugal\",\"isPartOf\":{\"@id\":\"https:\/\/portaltela.pt\/#website\"},\"primaryImageOfPage\":{\"@id\":\"https:\/\/portaltela.pt\/noticias\/2026\/03\/26\/polen-com-niveis-elevados-no-centro-e-no-sul-do-pais-a-partir-de-amanha\/#primaryimage\"},\"image\":{\"@id\":\"https:\/\/portaltela.pt\/noticias\/2026\/03\/26\/polen-com-niveis-elevados-no-centro-e-no-sul-do-pais-a-partir-de-amanha\/#primaryimage\"},\"thumbnailUrl\":\"https:\/\/portaltela.pt\/s.01k8rhncp4jt1\/2026\/03\/img_1280x721uu2017-04-06-15-03-00-615806.jpg\",\"datePublished\":\"2026-03-26T15:54:39+00:00\",\"author\":{\"@id\":\"https:\/\/portaltela.pt\/#\/schema\/person\/c4278d4a6028830caff9ee44b42d32ed\"},\"breadcrumb\":{\"@id\":\"https:\/\/portaltela.pt\/noticias\/2026\/03\/26\/polen-com-niveis-elevados-no-centro-e-no-sul-do-pais-a-partir-de-amanha\/#breadcrumb\"},\"inLanguage\":\"pt-PT\",\"potentialAction\":[{\"@type\":\"ReadAction\",\"target\":[\"https:\/\/portaltela.pt\/noticias\/2026\/03\/26\/polen-com-niveis-elevados-no-centro-e-no-sul-do-pais-a-partir-de-amanha\/\"]}]},{\"@type\":\"ImageObject\",\"inLanguage\":\"pt-PT\",\"@id\":\"https:\/\/portaltela.pt\/noticias\/2026\/03\/26\/polen-com-niveis-elevados-no-centro-e-no-sul-do-pais-a-partir-de-amanha\/#primaryimage\",\"url\":\"https:\/\/portaltela.pt\/s.01k8rhncp4jt1\/2026\/03\/img_1280x721uu2017-04-06-15-03-00-615806.jpg\",\"contentUrl\":\"https:\/\/portaltela.pt\/s.01k8rhncp4jt1\/2026\/03\/img_1280x721uu2017-04-06-15-03-00-615806.jpg\",\"width\":796,\"height\":448,\"caption\":\"N\u00edveis de p\u00f3len muito elevados nos pr\u00f3ximos dias no continente\"},{\"@type\":\"BreadcrumbList\",\"@id\":\"https:\/\/portaltela.pt\/noticias\/2026\/03\/26\/polen-com-niveis-elevados-no-centro-e-no-sul-do-pais-a-partir-de-amanha\/#breadcrumb\",\"itemListElement\":[{\"@type\":\"ListItem\",\"position\":1,\"name\":\"In\u00edcio\",\"item\":\"https:\/\/portaltela.pt\/\"},{\"@type\":\"ListItem\",\"position\":2,\"name\":\"P\u00f3len com n\u00edveis elevados no Centro e no Sul do pa\u00eds a partir de amanh\u00e3\"}]},{\"@type\":\"WebSite\",\"@id\":\"https:\/\/portaltela.pt\/#website\",\"url\":\"https:\/\/portaltela.pt\/\",\"name\":\"Portal Tela Portugal\",\"description\":\"\",\"potentialAction\":[{\"@type\":\"SearchAction\",\"target\":{\"@type\":\"EntryPoint\",\"urlTemplate\":\"https:\/\/portaltela.pt\/?s={search_term_string}\"},\"query-input\":{\"@type\":\"PropertyValueSpecification\",\"valueRequired\":true,\"valueName\":\"search_term_string\"}}],\"inLanguage\":\"pt-PT\"},{\"@type\":\"Person\",\"@id\":\"https:\/\/portaltela.pt\/#\/schema\/person\/c4278d4a6028830caff9ee44b42d32ed\",\"name\":\"Telinha\",\"image\":{\"@type\":\"ImageObject\",\"inLanguage\":\"pt-PT\",\"@id\":\"https:\/\/portaltela.pt\/s.01k8rhncp4jt1\/2025\/11\/talking-bot-125x125.png\",\"url\":\"https:\/\/portaltela.pt\/s.01k8rhncp4jt1\/2025\/11\/talking-bot-125x125.png\",\"contentUrl\":\"https:\/\/portaltela.pt\/s.01k8rhncp4jt1\/2025\/11\/talking-bot-125x125.png\",\"caption\":\"Telinha\"},\"sameAs\":[\"https:\/\/portaltela.pt\/\"],\"url\":\"https:\/\/portaltela.pt\/por\/367410592786\/\"}]}<\/script>\n<!-- \/ Yoast SEO plugin. -->","yoast_head_json":{"title":"P\u00f3len com n\u00edveis elevados no Centro e no Sul do pa\u00eds a partir de amanh\u00e3 - Portal Tela Portugal","robots":{"index":"index","follow":"follow","max-snippet":"max-snippet:-1","max-image-preview":"max-image-preview:large","max-video-preview":"max-video-preview:-1"},"og_locale":"pt_PT","og_type":"article","og_title":"P\u00f3len com n\u00edveis elevados no Centro e no Sul do pa\u00eds a partir de amanh\u00e3 - Portal Tela Portugal","og_description":"A concentra\u00e7\u00e3o de p\u00f3len na atmosfera vai subir na pr\u00f3xima semana, entre 27 de mar\u00e7o e 2 de abril, com n\u00edvel elevado nas regi\u00f5es centro e sul do continente. Regi\u00f5es com maior risco: Coimbra, Castelo Branco, Lisboa, \u00c9vora e Faro. Porto dever\u00e1 apresentar concentra\u00e7\u00e3o moderada, enquanto o resto do pa\u00eds ficar\u00e1 com n\u00edvel baixo. No ar v\u00e3o predominar p\u00f3len de cipreste, pl\u00e1tano, pinheiro, carvalhos, sobreiro e azinheira, bem como gr\u00e3os de gram\u00edneas, azeda e urtiga. Vila Real, Funchal e Ponta Delgada dever\u00e3o ter n\u00edveis baixos de p\u00f3len na pr\u00f3xima semana.","og_url":"https:\/\/portaltela.pt\/noticias\/2026\/03\/26\/polen-com-niveis-elevados-no-centro-e-no-sul-do-pais-a-partir-de-amanha\/","og_site_name":"Portal Tela Portugal","article_published_time":"2026-03-26T15:54:39+00:00","author":"Telinha","twitter_card":"summary_large_image","twitter_misc":{"Escrito por":"Telinha","Tempo estimado de leitura":"1 minuto"},"schema":{"@context":"https:\/\/schema.org","@graph":[{"@type":"Article","@id":"https:\/\/portaltela.pt\/noticias\/2026\/03\/26\/polen-com-niveis-elevados-no-centro-e-no-sul-do-pais-a-partir-de-amanha\/#article","isPartOf":{"@id":"https:\/\/portaltela.pt\/noticias\/2026\/03\/26\/polen-com-niveis-elevados-no-centro-e-no-sul-do-pais-a-partir-de-amanha\/"},"author":{"name":"Telinha","@id":"https:\/\/portaltela.pt\/#\/schema\/person\/c4278d4a6028830caff9ee44b42d32ed"},"headline":"P\u00f3len com n\u00edveis elevados no Centro e no Sul do pa\u00eds a partir de amanh\u00e3","datePublished":"2026-03-26T15:54:39+00:00","mainEntityOfPage":{"@id":"https:\/\/portaltela.pt\/noticias\/2026\/03\/26\/polen-com-niveis-elevados-no-centro-e-no-sul-do-pais-a-partir-de-amanha\/"},"wordCount":247,"image":{"@id":"https:\/\/portaltela.pt\/noticias\/2026\/03\/26\/polen-com-niveis-elevados-no-centro-e-no-sul-do-pais-a-partir-de-amanha\/#primaryimage"},"thumbnailUrl":"https:\/\/portaltela.pt\/s.01k8rhncp4jt1\/2026\/03\/img_1280x721uu2017-04-06-15-03-00-615806.jpg","keywords":["meio-ambiente","polui\u00e7\u00e3o ambiental","Portugal","qualidade ambiental","Regi\u00e3o Centro","sa\u00fade"],"articleSection":["Sa\u00fade"],"inLanguage":"pt-PT"},{"@type":"WebPage","@id":"https:\/\/portaltela.pt\/noticias\/2026\/03\/26\/polen-com-niveis-elevados-no-centro-e-no-sul-do-pais-a-partir-de-amanha\/","url":"https:\/\/portaltela.pt\/noticias\/2026\/03\/26\/polen-com-niveis-elevados-no-centro-e-no-sul-do-pais-a-partir-de-amanha\/","name":"P\u00f3len com n\u00edveis elevados no Centro e no Sul do pa\u00eds a partir de amanh\u00e3 - Portal Tela Portugal","isPartOf":{"@id":"https:\/\/portaltela.pt\/#website"},"primaryImageOfPage":{"@id":"https:\/\/portaltela.pt\/noticias\/2026\/03\/26\/polen-com-niveis-elevados-no-centro-e-no-sul-do-pais-a-partir-de-amanha\/#primaryimage"},"image":{"@id":"https:\/\/portaltela.pt\/noticias\/2026\/03\/26\/polen-com-niveis-elevados-no-centro-e-no-sul-do-pais-a-partir-de-amanha\/#primaryimage"},"thumbnailUrl":"https:\/\/portaltela.pt\/s.01k8rhncp4jt1\/2026\/03\/img_1280x721uu2017-04-06-15-03-00-615806.jpg","datePublished":"2026-03-26T15:54:39+00:00","author":{"@id":"https:\/\/portaltela.pt\/#\/schema\/person\/c4278d4a6028830caff9ee44b42d32ed"},"breadcrumb":{"@id":"https:\/\/portaltela.pt\/noticias\/2026\/03\/26\/polen-com-niveis-elevados-no-centro-e-no-sul-do-pais-a-partir-de-amanha\/#breadcrumb"},"inLanguage":"pt-PT","potentialAction":[{"@type":"ReadAction","target":["https:\/\/portaltela.pt\/noticias\/2026\/03\/26\/polen-com-niveis-elevados-no-centro-e-no-sul-do-pais-a-partir-de-amanha\/"]}]},{"@type":"ImageObject","inLanguage":"pt-PT","@id":"https:\/\/portaltela.pt\/noticias\/2026\/03\/26\/polen-com-niveis-elevados-no-centro-e-no-sul-do-pais-a-partir-de-amanha\/#primaryimage","url":"https:\/\/portaltela.pt\/s.01k8rhncp4jt1\/2026\/03\/img_1280x721uu2017-04-06-15-03-00-615806.jpg","contentUrl":"https:\/\/portaltela.pt\/s.01k8rhncp4jt1\/2026\/03\/img_1280x721uu2017-04-06-15-03-00-615806.jpg","width":796,"height":448,"caption":"N\u00edveis de p\u00f3len muito elevados nos pr\u00f3ximos dias no continente"},{"@type":"BreadcrumbList","@id":"https:\/\/portaltela.pt\/noticias\/2026\/03\/26\/polen-com-niveis-elevados-no-centro-e-no-sul-do-pais-a-partir-de-amanha\/#breadcrumb","itemListElement":[{"@type":"ListItem","position":1,"name":"In\u00edcio","item":"https:\/\/portaltela.pt\/"},{"@type":"ListItem","position":2,"name":"P\u00f3len com n\u00edveis elevados no Centro e no Sul do pa\u00eds a partir de amanh\u00e3"}]},{"@type":"WebSite","@id":"https:\/\/portaltela.pt\/#website","url":"https:\/\/portaltela.pt\/","name":"Portal Tela Portugal","description":"","potentialAction":[{"@type":"SearchAction","target":{"@type":"EntryPoint","urlTemplate":"https:\/\/portaltela.pt\/?s={search_term_string}"},"query-input":{"@type":"PropertyValueSpecification","valueRequired":true,"valueName":"search_term_string"}}],"inLanguage":"pt-PT"},{"@type":"Person","@id":"https:\/\/portaltela.pt\/#\/schema\/person\/c4278d4a6028830caff9ee44b42d32ed","name":"Telinha","image":{"@type":"ImageObject","inLanguage":"pt-PT","@id":"https:\/\/portaltela.pt\/s.01k8rhncp4jt1\/2025\/11\/talking-bot-125x125.png","url":"https:\/\/portaltela.pt\/s.01k8rhncp4jt1\/2025\/11\/talking-bot-125x125.png","contentUrl":"https:\/\/portaltela.pt\/s.01k8rhncp4jt1\/2025\/11\/talking-bot-125x125.png","caption":"Telinha"},"sameAs":["https:\/\/portaltela.pt\/"],"url":"https:\/\/portaltela.pt\/por\/367410592786\/"}]}},"_links":{"self":[{"href":"https:\/\/portaltela.pt\/api\/wp\/v2\/posts\/422481","targetHints":{"allow":["GET"]}}],"collection":[{"href":"https:\/\/portaltela.pt\/api\/wp\/v2\/posts"}],"about":[{"href":"https:\/\/portaltela.pt\/api\/wp\/v2\/types\/post"}],"author":[{"embeddable":true,"href":"https:\/\/portaltela.pt\/api\/wp\/v2\/users\/2"}],"replies":[{"embeddable":true,"href":"https:\/\/portaltela.pt\/api\/wp\/v2\/comments?post=422481"}],"version-history":[{"count":0,"href":"https:\/\/portaltela.pt\/api\/wp\/v2\/posts\/422481\/revisions"}],"wp:featuredmedia":[{"embeddable":true,"href":"https:\/\/portaltela.pt\/api\/wp\/v2\/media\/422488"}],"wp:attachment":[{"href":"https:\/\/portaltela.pt\/api\/wp\/v2\/media?parent=422481"}],"wp:term":[{"taxonomy":"category","embeddable":true,"href":"https:\/\/portaltela.pt\/api\/wp\/v2\/categories?post=422481"},{"taxonomy":"post_tag","embeddable":true,"href":"https:\/\/portaltela.pt\/api\/wp\/v2\/tags?post=422481"}],"curies":[{"name":"wp","href":"https:\/\/api.w.org\/{rel}","templated":true}]}}