{"id":422479,"date":"2026-03-26T12:42:00","date_gmt":"2026-03-26T15:42:00","guid":{"rendered":"https:\/\/portaltela.pt\/noticias\/2026\/03\/26\/quase-3-milhoes-de-portugueses-tem-problemas-intestinais-muitos-sem-saber\/"},"modified":"2026-03-26T12:42:00","modified_gmt":"2026-03-26T15:42:00","slug":"quase-3-milhoes-de-portugueses-tem-problemas-intestinais-muitos-sem-saber","status":"publish","type":"post","link":"https:\/\/portaltela.pt\/saude\/2026\/03\/26\/quase-3-milhoes-de-portugueses-tem-problemas-intestinais-muitos-sem-saber\/","title":{"rendered":"Quase 3 milh\u00f5es de portugueses t\u00eam problemas intestinais, muitos sem saber"},"content":{"rendered":"<p>Quase 45% da popula\u00e7\u00e3o portuguesa entre 18 e 65 anos relata desconforto intestinal persistente, segundo um estudo apresentado numa confer\u00eancia promovida pela M\u00e9dis, no \u00e2mbito do Projeto SA\u00daDES. O trabalho aponta para quase tr\u00eas milh\u00f5es de pessoas afetadas, com impactos no dia a dia e na qualidade de vida, e evidencia falhas no diagn\u00f3stico e na literacia em sa\u00fade.<\/p>\n<p>Apesar da dimens\u00e3o do problema, muitos casos continuam sem diagn\u00f3stico. A normaliza\u00e7\u00e3o de c\u00f3licas, obstipa\u00e7\u00e3o e incha\u00e7o dificulta a procura de apoio m\u00e9dico e atrasos no encaminhamento cl\u00ednico s\u00e3o comuns. O estudo foi coordenado pela Return on Ideas e reuniu especialistas e decisores para debater a situa\u00e7\u00e3o.<\/p>\n<h3>Dimens\u00e3o e impacto<\/h3>\n<p>A psicologia, a economia e a sa\u00fade p\u00fablica s\u00e3o \u00e1reas afetadas. Os especialistas destacam que a imprevisibilidade dos sintomas leva a limita\u00e7\u00f5es na vida social e profissional, gerando ansiedade e frustra\u00e7\u00e3o. A dificuldade de cruzar v\u00e1rias especialidades aumenta o risco de diagn\u00f3sticos tardios.<\/p>\n<p>Do lado cl\u00ednico, a literacia em sa\u00fade continua baixa, com mitos e solu\u00e7\u00f5es r\u00e1pidas a proliferarem quando a informa\u00e7\u00e3o parece acess\u00edvel. Um quarto dos portugueses tenta resolver os sintomas por conta pr\u00f3pria, recorrendo a dietas ou suplementos sem acompanhamento m\u00e9dico.<\/p>\n<h3>Consequ\u00eancias da informa\u00e7\u00e3o e do tratamento<\/h3>\n<p>Especialistas enfatizam que n\u00e3o existe uma solu\u00e7\u00e3o \u00fanica para todos os casos e alertam para o perigo de abordagens generalistas. A comunica\u00e7\u00e3o nas redes sociais tem um papel importante, mas exige encaminhamentos cred\u00edveis e acompanhamento profissional para evitar desfechos adversos.<\/p>\n<h3>Alimenta\u00e7\u00e3o como eixo preventivo<\/h3>\n<p>A alimenta\u00e7\u00e3o aparece como fator central na preven\u00e7\u00e3o e na manuten\u00e7\u00e3o da sa\u00fade intestinal. A microbiota, composta por microrganismos do intestino, influencia digest\u00e3o, imunidade e o equil\u00edbrio geral do organismo. A pr\u00e1tica alimentar atual, no entanto, n\u00e3o acompanha a evid\u00eancia, com a maioria da popula\u00e7\u00e3o distante da dieta mediterr\u00e2nica.<\/p>\n<p>Medidas simples, como aumentar a diversidade de alimentos vegetais, incluir legumes, leguminosas e fibras, e dedicar mais tempo \u00e0 cozinha, s\u00e3o referidas como caminhos pr\u00e1ticos para melhorar o estado intestinal.<\/p>\n<h3>Aliados da a\u00e7\u00e3o<\/h3>\n<p>O estudo integra o Projeto SA\u00daDES, uma iniciativa da M\u00e9dis que visa melhorar a literacia em sa\u00fade por meio de estudos, debates e conte\u00fados acess\u00edveis. O objetivo \u00e9 ligar investiga\u00e7\u00e3o, pr\u00e1tica cl\u00ednica e sociedade, reduzindo o sil\u00eancio em torno do tema.<\/p>\n<p>No encerramento, os especialistas refor\u00e7am a necessidade de transformar conhecimento em cuidado, com menos sofrimento e diagn\u00f3stico mais precoce. A divulga\u00e7\u00e3o ampla de resultados pretende promover a\u00e7\u00f5es mais concretas.<\/p>\n","protected":false},"excerpt":{"rendered":"<ul>\n<li>Cerca de 45% da popula\u00e7\u00e3o entre 18 e 65 anos refere desconforto intestinal recorrente, equivalente a quase tr\u00eas milh\u00f5es de portugueses.<\/li>\n<li>Muitos destes casos ficam sem diagn\u00f3stico, devido \u00e0 desvaloriza\u00e7\u00e3o dos sintomas e \u00e0 normaliza\u00e7\u00e3o da situa\u00e7\u00e3o.<\/li>\n<li>O tema \u00e9 visto como tabu e tem impactos sociais, psicol\u00f3gicos e econ\u00f3micos, incluindo ansiedade e redu\u00e7\u00e3o da vida social e profissional.<\/li>\n<li>A literacia em sa\u00fade \u00e9 baixa, levando muita gente a tentar resolver os sintomas sozinha, atrav\u00e9s de dietas, suplementos ou informa\u00e7\u00f5es online.<\/li>\n<li>A alimenta\u00e7\u00e3o e a diversidade de microrganismos do intestino aparecem como chave de preven\u00e7\u00e3o, com recomenda\u00e7\u00f5es para mais vegetais, fibra e pr\u00e1tica gradual de mudan\u00e7as alimentares.<\/li>\n<\/ul>\n","protected":false},"author":2,"featured_media":422489,"comment_status":"closed","ping_status":"closed","sticky":false,"template":"","format":"standard","meta":{"footnotes":""},"categories":[1,6745],"tags":[86,6992,972,1014,172,271],"class_list":["post-422479","post","type-post","status-publish","format-standard","has-post-thumbnail","hentry","category-noticias","category-saude","tag-alimentacao","tag-literacia","tag-literacia-em-saude","tag-portugal","tag-saude","tag-saude-publica"],"yoast_head":"<!-- This site is optimized with the Yoast SEO plugin v27.2 - https:\/\/yoast.com\/product\/yoast-seo-wordpress\/ -->\n<title>Quase 3 milh\u00f5es de portugueses t\u00eam problemas intestinais, muitos sem saber - Portal Tela Portugal<\/title>\n<meta name=\"robots\" content=\"index, follow, max-snippet:-1, max-image-preview:large, max-video-preview:-1\" \/>\n<meta property=\"og:locale\" content=\"pt_PT\" \/>\n<meta property=\"og:type\" content=\"article\" \/>\n<meta property=\"og:title\" content=\"Quase 3 milh\u00f5es de portugueses t\u00eam problemas intestinais, muitos sem saber - Portal Tela Portugal\" \/>\n<meta property=\"og:description\" content=\"Cerca de 45% da popula\u00e7\u00e3o entre 18 e 65 anos refere desconforto intestinal recorrente, equivalente a quase tr\u00eas milh\u00f5es de portugueses. Muitos destes casos ficam sem diagn\u00f3stico, devido \u00e0 desvaloriza\u00e7\u00e3o dos sintomas e \u00e0 normaliza\u00e7\u00e3o da situa\u00e7\u00e3o. O tema \u00e9 visto como tabu e tem impactos sociais, psicol\u00f3gicos e econ\u00f3micos, incluindo ansiedade e redu\u00e7\u00e3o da vida social e profissional. A literacia em sa\u00fade \u00e9 baixa, levando muita gente a tentar resolver os sintomas sozinha, atrav\u00e9s de dietas, suplementos ou informa\u00e7\u00f5es online. A alimenta\u00e7\u00e3o e a diversidade de microrganismos do intestino aparecem como chave de preven\u00e7\u00e3o, com recomenda\u00e7\u00f5es para mais vegetais, fibra e pr\u00e1tica gradual de mudan\u00e7as alimentares.\" \/>\n<meta property=\"og:url\" content=\"https:\/\/portaltela.pt\/noticias\/2026\/03\/26\/quase-3-milhoes-de-portugueses-tem-problemas-intestinais-muitos-sem-saber\/\" \/>\n<meta property=\"og:site_name\" content=\"Portal Tela Portugal\" \/>\n<meta property=\"article:published_time\" content=\"2026-03-26T15:42:00+00:00\" \/>\n<meta name=\"author\" content=\"Telinha\" \/>\n<meta name=\"twitter:card\" content=\"summary_large_image\" \/>\n<meta name=\"twitter:label1\" content=\"Escrito por\" \/>\n\t<meta name=\"twitter:data1\" content=\"Telinha\" \/>\n\t<meta name=\"twitter:label2\" content=\"Tempo estimado de leitura\" \/>\n\t<meta name=\"twitter:data2\" content=\"2 minutos\" \/>\n<script type=\"application\/ld+json\" class=\"yoast-schema-graph\">{\"@context\":\"https:\/\/schema.org\",\"@graph\":[{\"@type\":\"Article\",\"@id\":\"https:\/\/portaltela.pt\/noticias\/2026\/03\/26\/quase-3-milhoes-de-portugueses-tem-problemas-intestinais-muitos-sem-saber\/#article\",\"isPartOf\":{\"@id\":\"https:\/\/portaltela.pt\/noticias\/2026\/03\/26\/quase-3-milhoes-de-portugueses-tem-problemas-intestinais-muitos-sem-saber\/\"},\"author\":{\"name\":\"Telinha\",\"@id\":\"https:\/\/portaltela.pt\/#\/schema\/person\/c4278d4a6028830caff9ee44b42d32ed\"},\"headline\":\"Quase 3 milh\u00f5es de portugueses t\u00eam problemas intestinais, muitos sem saber\",\"datePublished\":\"2026-03-26T15:42:00+00:00\",\"mainEntityOfPage\":{\"@id\":\"https:\/\/portaltela.pt\/noticias\/2026\/03\/26\/quase-3-milhoes-de-portugueses-tem-problemas-intestinais-muitos-sem-saber\/\"},\"wordCount\":469,\"image\":{\"@id\":\"https:\/\/portaltela.pt\/noticias\/2026\/03\/26\/quase-3-milhoes-de-portugueses-tem-problemas-intestinais-muitos-sem-saber\/#primaryimage\"},\"thumbnailUrl\":\"https:\/\/portaltela.pt\/s.01k8rhncp4jt1\/2026\/03\/img_1500x1000uu2026-03-26-15-41-00-2274938.jpg\",\"keywords\":[\"alimenta\u00e7\u00e3o\",\"literacia\",\"literacia em sa\u00fade\",\"Portugal\",\"sa\u00fade\",\"sa\u00fade p\u00fablica\"],\"articleSection\":[\"Not\u00edcias\",\"Sa\u00fade\"],\"inLanguage\":\"pt-PT\"},{\"@type\":\"WebPage\",\"@id\":\"https:\/\/portaltela.pt\/noticias\/2026\/03\/26\/quase-3-milhoes-de-portugueses-tem-problemas-intestinais-muitos-sem-saber\/\",\"url\":\"https:\/\/portaltela.pt\/noticias\/2026\/03\/26\/quase-3-milhoes-de-portugueses-tem-problemas-intestinais-muitos-sem-saber\/\",\"name\":\"Quase 3 milh\u00f5es de portugueses t\u00eam problemas intestinais, muitos sem saber - Portal Tela Portugal\",\"isPartOf\":{\"@id\":\"https:\/\/portaltela.pt\/#website\"},\"primaryImageOfPage\":{\"@id\":\"https:\/\/portaltela.pt\/noticias\/2026\/03\/26\/quase-3-milhoes-de-portugueses-tem-problemas-intestinais-muitos-sem-saber\/#primaryimage\"},\"image\":{\"@id\":\"https:\/\/portaltela.pt\/noticias\/2026\/03\/26\/quase-3-milhoes-de-portugueses-tem-problemas-intestinais-muitos-sem-saber\/#primaryimage\"},\"thumbnailUrl\":\"https:\/\/portaltela.pt\/s.01k8rhncp4jt1\/2026\/03\/img_1500x1000uu2026-03-26-15-41-00-2274938.jpg\",\"datePublished\":\"2026-03-26T15:42:00+00:00\",\"author\":{\"@id\":\"https:\/\/portaltela.pt\/#\/schema\/person\/c4278d4a6028830caff9ee44b42d32ed\"},\"breadcrumb\":{\"@id\":\"https:\/\/portaltela.pt\/noticias\/2026\/03\/26\/quase-3-milhoes-de-portugueses-tem-problemas-intestinais-muitos-sem-saber\/#breadcrumb\"},\"inLanguage\":\"pt-PT\",\"potentialAction\":[{\"@type\":\"ReadAction\",\"target\":[\"https:\/\/portaltela.pt\/noticias\/2026\/03\/26\/quase-3-milhoes-de-portugueses-tem-problemas-intestinais-muitos-sem-saber\/\"]}]},{\"@type\":\"ImageObject\",\"inLanguage\":\"pt-PT\",\"@id\":\"https:\/\/portaltela.pt\/noticias\/2026\/03\/26\/quase-3-milhoes-de-portugueses-tem-problemas-intestinais-muitos-sem-saber\/#primaryimage\",\"url\":\"https:\/\/portaltela.pt\/s.01k8rhncp4jt1\/2026\/03\/img_1500x1000uu2026-03-26-15-41-00-2274938.jpg\",\"contentUrl\":\"https:\/\/portaltela.pt\/s.01k8rhncp4jt1\/2026\/03\/img_1500x1000uu2026-03-26-15-41-00-2274938.jpg\",\"width\":796,\"height\":448,\"caption\":\"GettyImages-1051632840.jpg\"},{\"@type\":\"BreadcrumbList\",\"@id\":\"https:\/\/portaltela.pt\/noticias\/2026\/03\/26\/quase-3-milhoes-de-portugueses-tem-problemas-intestinais-muitos-sem-saber\/#breadcrumb\",\"itemListElement\":[{\"@type\":\"ListItem\",\"position\":1,\"name\":\"In\u00edcio\",\"item\":\"https:\/\/portaltela.pt\/\"},{\"@type\":\"ListItem\",\"position\":2,\"name\":\"Quase 3 milh\u00f5es de portugueses t\u00eam problemas intestinais, muitos sem saber\"}]},{\"@type\":\"WebSite\",\"@id\":\"https:\/\/portaltela.pt\/#website\",\"url\":\"https:\/\/portaltela.pt\/\",\"name\":\"Portal Tela Portugal\",\"description\":\"\",\"potentialAction\":[{\"@type\":\"SearchAction\",\"target\":{\"@type\":\"EntryPoint\",\"urlTemplate\":\"https:\/\/portaltela.pt\/?s={search_term_string}\"},\"query-input\":{\"@type\":\"PropertyValueSpecification\",\"valueRequired\":true,\"valueName\":\"search_term_string\"}}],\"inLanguage\":\"pt-PT\"},{\"@type\":\"Person\",\"@id\":\"https:\/\/portaltela.pt\/#\/schema\/person\/c4278d4a6028830caff9ee44b42d32ed\",\"name\":\"Telinha\",\"image\":{\"@type\":\"ImageObject\",\"inLanguage\":\"pt-PT\",\"@id\":\"https:\/\/portaltela.pt\/s.01k8rhncp4jt1\/2025\/11\/talking-bot-125x125.png\",\"url\":\"https:\/\/portaltela.pt\/s.01k8rhncp4jt1\/2025\/11\/talking-bot-125x125.png\",\"contentUrl\":\"https:\/\/portaltela.pt\/s.01k8rhncp4jt1\/2025\/11\/talking-bot-125x125.png\",\"caption\":\"Telinha\"},\"sameAs\":[\"https:\/\/portaltela.pt\/\"],\"url\":\"https:\/\/portaltela.pt\/por\/367410592786\/\"}]}<\/script>\n<!-- \/ Yoast SEO plugin. -->","yoast_head_json":{"title":"Quase 3 milh\u00f5es de portugueses t\u00eam problemas intestinais, muitos sem saber - Portal Tela Portugal","robots":{"index":"index","follow":"follow","max-snippet":"max-snippet:-1","max-image-preview":"max-image-preview:large","max-video-preview":"max-video-preview:-1"},"og_locale":"pt_PT","og_type":"article","og_title":"Quase 3 milh\u00f5es de portugueses t\u00eam problemas intestinais, muitos sem saber - Portal Tela Portugal","og_description":"Cerca de 45% da popula\u00e7\u00e3o entre 18 e 65 anos refere desconforto intestinal recorrente, equivalente a quase tr\u00eas milh\u00f5es de portugueses. Muitos destes casos ficam sem diagn\u00f3stico, devido \u00e0 desvaloriza\u00e7\u00e3o dos sintomas e \u00e0 normaliza\u00e7\u00e3o da situa\u00e7\u00e3o. O tema \u00e9 visto como tabu e tem impactos sociais, psicol\u00f3gicos e econ\u00f3micos, incluindo ansiedade e redu\u00e7\u00e3o da vida social e profissional. A literacia em sa\u00fade \u00e9 baixa, levando muita gente a tentar resolver os sintomas sozinha, atrav\u00e9s de dietas, suplementos ou informa\u00e7\u00f5es online. A alimenta\u00e7\u00e3o e a diversidade de microrganismos do intestino aparecem como chave de preven\u00e7\u00e3o, com recomenda\u00e7\u00f5es para mais vegetais, fibra e pr\u00e1tica gradual de mudan\u00e7as alimentares.","og_url":"https:\/\/portaltela.pt\/noticias\/2026\/03\/26\/quase-3-milhoes-de-portugueses-tem-problemas-intestinais-muitos-sem-saber\/","og_site_name":"Portal Tela Portugal","article_published_time":"2026-03-26T15:42:00+00:00","author":"Telinha","twitter_card":"summary_large_image","twitter_misc":{"Escrito por":"Telinha","Tempo estimado de leitura":"2 minutos"},"schema":{"@context":"https:\/\/schema.org","@graph":[{"@type":"Article","@id":"https:\/\/portaltela.pt\/noticias\/2026\/03\/26\/quase-3-milhoes-de-portugueses-tem-problemas-intestinais-muitos-sem-saber\/#article","isPartOf":{"@id":"https:\/\/portaltela.pt\/noticias\/2026\/03\/26\/quase-3-milhoes-de-portugueses-tem-problemas-intestinais-muitos-sem-saber\/"},"author":{"name":"Telinha","@id":"https:\/\/portaltela.pt\/#\/schema\/person\/c4278d4a6028830caff9ee44b42d32ed"},"headline":"Quase 3 milh\u00f5es de portugueses t\u00eam problemas intestinais, muitos sem saber","datePublished":"2026-03-26T15:42:00+00:00","mainEntityOfPage":{"@id":"https:\/\/portaltela.pt\/noticias\/2026\/03\/26\/quase-3-milhoes-de-portugueses-tem-problemas-intestinais-muitos-sem-saber\/"},"wordCount":469,"image":{"@id":"https:\/\/portaltela.pt\/noticias\/2026\/03\/26\/quase-3-milhoes-de-portugueses-tem-problemas-intestinais-muitos-sem-saber\/#primaryimage"},"thumbnailUrl":"https:\/\/portaltela.pt\/s.01k8rhncp4jt1\/2026\/03\/img_1500x1000uu2026-03-26-15-41-00-2274938.jpg","keywords":["alimenta\u00e7\u00e3o","literacia","literacia em sa\u00fade","Portugal","sa\u00fade","sa\u00fade p\u00fablica"],"articleSection":["Not\u00edcias","Sa\u00fade"],"inLanguage":"pt-PT"},{"@type":"WebPage","@id":"https:\/\/portaltela.pt\/noticias\/2026\/03\/26\/quase-3-milhoes-de-portugueses-tem-problemas-intestinais-muitos-sem-saber\/","url":"https:\/\/portaltela.pt\/noticias\/2026\/03\/26\/quase-3-milhoes-de-portugueses-tem-problemas-intestinais-muitos-sem-saber\/","name":"Quase 3 milh\u00f5es de portugueses t\u00eam problemas intestinais, muitos sem saber - Portal Tela Portugal","isPartOf":{"@id":"https:\/\/portaltela.pt\/#website"},"primaryImageOfPage":{"@id":"https:\/\/portaltela.pt\/noticias\/2026\/03\/26\/quase-3-milhoes-de-portugueses-tem-problemas-intestinais-muitos-sem-saber\/#primaryimage"},"image":{"@id":"https:\/\/portaltela.pt\/noticias\/2026\/03\/26\/quase-3-milhoes-de-portugueses-tem-problemas-intestinais-muitos-sem-saber\/#primaryimage"},"thumbnailUrl":"https:\/\/portaltela.pt\/s.01k8rhncp4jt1\/2026\/03\/img_1500x1000uu2026-03-26-15-41-00-2274938.jpg","datePublished":"2026-03-26T15:42:00+00:00","author":{"@id":"https:\/\/portaltela.pt\/#\/schema\/person\/c4278d4a6028830caff9ee44b42d32ed"},"breadcrumb":{"@id":"https:\/\/portaltela.pt\/noticias\/2026\/03\/26\/quase-3-milhoes-de-portugueses-tem-problemas-intestinais-muitos-sem-saber\/#breadcrumb"},"inLanguage":"pt-PT","potentialAction":[{"@type":"ReadAction","target":["https:\/\/portaltela.pt\/noticias\/2026\/03\/26\/quase-3-milhoes-de-portugueses-tem-problemas-intestinais-muitos-sem-saber\/"]}]},{"@type":"ImageObject","inLanguage":"pt-PT","@id":"https:\/\/portaltela.pt\/noticias\/2026\/03\/26\/quase-3-milhoes-de-portugueses-tem-problemas-intestinais-muitos-sem-saber\/#primaryimage","url":"https:\/\/portaltela.pt\/s.01k8rhncp4jt1\/2026\/03\/img_1500x1000uu2026-03-26-15-41-00-2274938.jpg","contentUrl":"https:\/\/portaltela.pt\/s.01k8rhncp4jt1\/2026\/03\/img_1500x1000uu2026-03-26-15-41-00-2274938.jpg","width":796,"height":448,"caption":"GettyImages-1051632840.jpg"},{"@type":"BreadcrumbList","@id":"https:\/\/portaltela.pt\/noticias\/2026\/03\/26\/quase-3-milhoes-de-portugueses-tem-problemas-intestinais-muitos-sem-saber\/#breadcrumb","itemListElement":[{"@type":"ListItem","position":1,"name":"In\u00edcio","item":"https:\/\/portaltela.pt\/"},{"@type":"ListItem","position":2,"name":"Quase 3 milh\u00f5es de portugueses t\u00eam problemas intestinais, muitos sem saber"}]},{"@type":"WebSite","@id":"https:\/\/portaltela.pt\/#website","url":"https:\/\/portaltela.pt\/","name":"Portal Tela Portugal","description":"","potentialAction":[{"@type":"SearchAction","target":{"@type":"EntryPoint","urlTemplate":"https:\/\/portaltela.pt\/?s={search_term_string}"},"query-input":{"@type":"PropertyValueSpecification","valueRequired":true,"valueName":"search_term_string"}}],"inLanguage":"pt-PT"},{"@type":"Person","@id":"https:\/\/portaltela.pt\/#\/schema\/person\/c4278d4a6028830caff9ee44b42d32ed","name":"Telinha","image":{"@type":"ImageObject","inLanguage":"pt-PT","@id":"https:\/\/portaltela.pt\/s.01k8rhncp4jt1\/2025\/11\/talking-bot-125x125.png","url":"https:\/\/portaltela.pt\/s.01k8rhncp4jt1\/2025\/11\/talking-bot-125x125.png","contentUrl":"https:\/\/portaltela.pt\/s.01k8rhncp4jt1\/2025\/11\/talking-bot-125x125.png","caption":"Telinha"},"sameAs":["https:\/\/portaltela.pt\/"],"url":"https:\/\/portaltela.pt\/por\/367410592786\/"}]}},"_links":{"self":[{"href":"https:\/\/portaltela.pt\/api\/wp\/v2\/posts\/422479","targetHints":{"allow":["GET"]}}],"collection":[{"href":"https:\/\/portaltela.pt\/api\/wp\/v2\/posts"}],"about":[{"href":"https:\/\/portaltela.pt\/api\/wp\/v2\/types\/post"}],"author":[{"embeddable":true,"href":"https:\/\/portaltela.pt\/api\/wp\/v2\/users\/2"}],"replies":[{"embeddable":true,"href":"https:\/\/portaltela.pt\/api\/wp\/v2\/comments?post=422479"}],"version-history":[{"count":0,"href":"https:\/\/portaltela.pt\/api\/wp\/v2\/posts\/422479\/revisions"}],"wp:featuredmedia":[{"embeddable":true,"href":"https:\/\/portaltela.pt\/api\/wp\/v2\/media\/422489"}],"wp:attachment":[{"href":"https:\/\/portaltela.pt\/api\/wp\/v2\/media?parent=422479"}],"wp:term":[{"taxonomy":"category","embeddable":true,"href":"https:\/\/portaltela.pt\/api\/wp\/v2\/categories?post=422479"},{"taxonomy":"post_tag","embeddable":true,"href":"https:\/\/portaltela.pt\/api\/wp\/v2\/tags?post=422479"}],"curies":[{"name":"wp","href":"https:\/\/api.w.org\/{rel}","templated":true}]}}