{"id":422461,"date":"2026-03-26T12:43:54","date_gmt":"2026-03-26T15:43:54","guid":{"rendered":"https:\/\/portaltela.pt\/noticias\/2026\/03\/26\/espanha-propoe-a-fifa-inclusao-de-valencia-e-vigo-no-mundial-2030\/"},"modified":"2026-03-26T12:43:54","modified_gmt":"2026-03-26T15:43:54","slug":"espanha-propoe-a-fifa-inclusao-de-valencia-e-vigo-no-mundial-2030","status":"publish","type":"post","link":"https:\/\/portaltela.pt\/desporto\/copa-do-mundo\/2026\/03\/26\/espanha-propoe-a-fifa-inclusao-de-valencia-e-vigo-no-mundial-2030\/","title":{"rendered":"Espanha prop\u00f5e \u00e0 FIFA inclus\u00e3o de Val\u00eancia e Vigo no Mundial 2030"},"content":{"rendered":"<p>A Espanha apresentou formalmente \u00e0 FIFA a inclus\u00e3o das cidades de Val\u00eancia e Vigo como sedes do Mundial de 2030, coorganizado pelo pa\u00eds, Marrocos e Portugal. A proposta envolve os est\u00e1dios Nou Mestalla e Bala\u00eddos.<\/p>\n<p>A iniciativa foi apresentada esta quinta-feira, em carta dirigida \u00e0 FIFA, que tem a palavra final sobre aprova\u00e7\u00e3o. A RFEF confirmou a apresenta\u00e7\u00e3o p\u00fablica da solicita\u00e7\u00e3o.<\/p>\n<p>A possibilidade ganha for\u00e7a ap\u00f3s as desist\u00eancias de M\u00e1laga e A Coru\u00f1a, que abriram espa\u00e7o para outras candidaturas. V\u00e1rias cidades espanholas foram avaliadas por representantes da FIFA nas \u00faltimas semanas.<\/p>\n<h3>Proposta formal \u00e0 FIFA<\/h3>\n<p>A FIFA realizou visitas de supervis\u00e3o a locais candidatos em Espanha, incluindo Anoeta, Camp Nou, La Cartuja, Metropolitano, Nueva Romareda, RCDE Stadium, San Mam\u00e9s e Bernab\u00e9u, entre outros, para avalia\u00e7\u00e3o de instala\u00e7\u00f5es.<\/p>\n","protected":false},"excerpt":{"rendered":"<ul>\n<li>A Espanha prop\u00f4s \u00e0 FIFA incluir Val\u00eancia e Vigo como cidades-sede no Mundial de 2030, coorganizado por Espanha, Marrocos e Portugal.<\/li>\n<li>A proposta foi formalizada numa carta que indica os est\u00e1dios Nou Mestalla (Val\u00eancia) e Bala\u00eddos (Vigo).<\/li>\n<li>Desist\u00eancias de M\u00e1laga e Coru\u00f1a abriram espa\u00e7o para outras candidaturas receberem o Mundial de 2030.<\/li>\n<li>V\u00e1rios representantes da FIFA visitaram nos \u00faltimos dias locais candidatos em Espanha para analisar as instala\u00e7\u00f5es.<\/li>\n<li>As visitas inclu\u00edram est\u00e1dios como Anoeta, Camp Nou, La Cartuja, Metropolitano, San Mam\u00e9s e Santiago Bernab\u00e9u, entre outros.<\/li>\n<\/ul>\n","protected":false},"author":2,"featured_media":422466,"comment_status":"closed","ping_status":"closed","sticky":false,"template":"","format":"standard","meta":{"footnotes":""},"categories":[6695,21],"tags":[90,152,32,1014,2672],"class_list":["post-422461","post","type-post","status-publish","format-standard","has-post-thumbnail","hentry","category-copa-do-mundo","category-desporto","tag-copa-do-mundo","tag-desporto","tag-futebol","tag-portugal","tag-valencia"],"yoast_head":"<!-- This site is optimized with the Yoast SEO plugin v27.2 - https:\/\/yoast.com\/product\/yoast-seo-wordpress\/ -->\n<title>Espanha prop\u00f5e \u00e0 FIFA inclus\u00e3o de Val\u00eancia e Vigo no Mundial 2030 - Portal Tela Portugal<\/title>\n<meta name=\"robots\" content=\"index, follow, max-snippet:-1, max-image-preview:large, max-video-preview:-1\" \/>\n<meta property=\"og:locale\" content=\"pt_PT\" \/>\n<meta property=\"og:type\" content=\"article\" \/>\n<meta property=\"og:title\" content=\"Espanha prop\u00f5e \u00e0 FIFA inclus\u00e3o de Val\u00eancia e Vigo no Mundial 2030 - Portal Tela Portugal\" \/>\n<meta property=\"og:description\" content=\"A Espanha prop\u00f4s \u00e0 FIFA incluir Val\u00eancia e Vigo como cidades-sede no Mundial de 2030, coorganizado por Espanha, Marrocos e Portugal. A proposta foi formalizada numa carta que indica os est\u00e1dios Nou Mestalla (Val\u00eancia) e Bala\u00eddos (Vigo). Desist\u00eancias de M\u00e1laga e Coru\u00f1a abriram espa\u00e7o para outras candidaturas receberem o Mundial de 2030. V\u00e1rios representantes da FIFA visitaram nos \u00faltimos dias locais candidatos em Espanha para analisar as instala\u00e7\u00f5es. As visitas inclu\u00edram est\u00e1dios como Anoeta, Camp Nou, La Cartuja, Metropolitano, San Mam\u00e9s e Santiago Bernab\u00e9u, entre outros.\" \/>\n<meta property=\"og:url\" content=\"https:\/\/portaltela.pt\/noticias\/2026\/03\/26\/espanha-propoe-a-fifa-inclusao-de-valencia-e-vigo-no-mundial-2030\/\" \/>\n<meta property=\"og:site_name\" content=\"Portal Tela Portugal\" \/>\n<meta property=\"article:published_time\" content=\"2026-03-26T15:43:54+00:00\" \/>\n<meta name=\"author\" content=\"Telinha\" \/>\n<meta name=\"twitter:card\" content=\"summary_large_image\" \/>\n<meta name=\"twitter:label1\" content=\"Escrito por\" \/>\n\t<meta name=\"twitter:data1\" content=\"Telinha\" \/>\n\t<meta name=\"twitter:label2\" content=\"Tempo estimado de leitura\" \/>\n\t<meta name=\"twitter:data2\" content=\"1 minuto\" \/>\n<script type=\"application\/ld+json\" class=\"yoast-schema-graph\">{\"@context\":\"https:\/\/schema.org\",\"@graph\":[{\"@type\":\"Article\",\"@id\":\"https:\/\/portaltela.pt\/noticias\/2026\/03\/26\/espanha-propoe-a-fifa-inclusao-de-valencia-e-vigo-no-mundial-2030\/#article\",\"isPartOf\":{\"@id\":\"https:\/\/portaltela.pt\/noticias\/2026\/03\/26\/espanha-propoe-a-fifa-inclusao-de-valencia-e-vigo-no-mundial-2030\/\"},\"author\":{\"name\":\"Telinha\",\"@id\":\"https:\/\/portaltela.pt\/#\/schema\/person\/c4278d4a6028830caff9ee44b42d32ed\"},\"headline\":\"Espanha prop\u00f5e \u00e0 FIFA inclus\u00e3o de Val\u00eancia e Vigo no Mundial 2030\",\"datePublished\":\"2026-03-26T15:43:54+00:00\",\"mainEntityOfPage\":{\"@id\":\"https:\/\/portaltela.pt\/noticias\/2026\/03\/26\/espanha-propoe-a-fifa-inclusao-de-valencia-e-vigo-no-mundial-2030\/\"},\"wordCount\":157,\"image\":{\"@id\":\"https:\/\/portaltela.pt\/noticias\/2026\/03\/26\/espanha-propoe-a-fifa-inclusao-de-valencia-e-vigo-no-mundial-2030\/#primaryimage\"},\"thumbnailUrl\":\"https:\/\/portaltela.pt\/s.01k8rhncp4jt1\/2026\/03\/img_1500x1000uu2025-09-26-15-19-42-2237737.jpg\",\"keywords\":[\"copa do mundo\",\"desporto\",\"futebol\",\"Portugal\",\"Valencia\"],\"articleSection\":[\"Copa do Mundo\",\"Desporto\"],\"inLanguage\":\"pt-PT\"},{\"@type\":\"WebPage\",\"@id\":\"https:\/\/portaltela.pt\/noticias\/2026\/03\/26\/espanha-propoe-a-fifa-inclusao-de-valencia-e-vigo-no-mundial-2030\/\",\"url\":\"https:\/\/portaltela.pt\/noticias\/2026\/03\/26\/espanha-propoe-a-fifa-inclusao-de-valencia-e-vigo-no-mundial-2030\/\",\"name\":\"Espanha prop\u00f5e \u00e0 FIFA inclus\u00e3o de Val\u00eancia e Vigo no Mundial 2030 - Portal Tela Portugal\",\"isPartOf\":{\"@id\":\"https:\/\/portaltela.pt\/#website\"},\"primaryImageOfPage\":{\"@id\":\"https:\/\/portaltela.pt\/noticias\/2026\/03\/26\/espanha-propoe-a-fifa-inclusao-de-valencia-e-vigo-no-mundial-2030\/#primaryimage\"},\"image\":{\"@id\":\"https:\/\/portaltela.pt\/noticias\/2026\/03\/26\/espanha-propoe-a-fifa-inclusao-de-valencia-e-vigo-no-mundial-2030\/#primaryimage\"},\"thumbnailUrl\":\"https:\/\/portaltela.pt\/s.01k8rhncp4jt1\/2026\/03\/img_1500x1000uu2025-09-26-15-19-42-2237737.jpg\",\"datePublished\":\"2026-03-26T15:43:54+00:00\",\"author\":{\"@id\":\"https:\/\/portaltela.pt\/#\/schema\/person\/c4278d4a6028830caff9ee44b42d32ed\"},\"breadcrumb\":{\"@id\":\"https:\/\/portaltela.pt\/noticias\/2026\/03\/26\/espanha-propoe-a-fifa-inclusao-de-valencia-e-vigo-no-mundial-2030\/#breadcrumb\"},\"inLanguage\":\"pt-PT\",\"potentialAction\":[{\"@type\":\"ReadAction\",\"target\":[\"https:\/\/portaltela.pt\/noticias\/2026\/03\/26\/espanha-propoe-a-fifa-inclusao-de-valencia-e-vigo-no-mundial-2030\/\"]}]},{\"@type\":\"ImageObject\",\"inLanguage\":\"pt-PT\",\"@id\":\"https:\/\/portaltela.pt\/noticias\/2026\/03\/26\/espanha-propoe-a-fifa-inclusao-de-valencia-e-vigo-no-mundial-2030\/#primaryimage\",\"url\":\"https:\/\/portaltela.pt\/s.01k8rhncp4jt1\/2026\/03\/img_1500x1000uu2025-09-26-15-19-42-2237737.jpg\",\"contentUrl\":\"https:\/\/portaltela.pt\/s.01k8rhncp4jt1\/2026\/03\/img_1500x1000uu2025-09-26-15-19-42-2237737.jpg\",\"width\":796,\"height\":448,\"caption\":\"Paulo Rangel, Gianni Infantino, Pedro S\u00e1nchez e Aziz Akhannouch discutem o Mundial2030\"},{\"@type\":\"BreadcrumbList\",\"@id\":\"https:\/\/portaltela.pt\/noticias\/2026\/03\/26\/espanha-propoe-a-fifa-inclusao-de-valencia-e-vigo-no-mundial-2030\/#breadcrumb\",\"itemListElement\":[{\"@type\":\"ListItem\",\"position\":1,\"name\":\"In\u00edcio\",\"item\":\"https:\/\/portaltela.pt\/\"},{\"@type\":\"ListItem\",\"position\":2,\"name\":\"Espanha prop\u00f5e \u00e0 FIFA inclus\u00e3o de Val\u00eancia e Vigo no Mundial 2030\"}]},{\"@type\":\"WebSite\",\"@id\":\"https:\/\/portaltela.pt\/#website\",\"url\":\"https:\/\/portaltela.pt\/\",\"name\":\"Portal Tela Portugal\",\"description\":\"\",\"potentialAction\":[{\"@type\":\"SearchAction\",\"target\":{\"@type\":\"EntryPoint\",\"urlTemplate\":\"https:\/\/portaltela.pt\/?s={search_term_string}\"},\"query-input\":{\"@type\":\"PropertyValueSpecification\",\"valueRequired\":true,\"valueName\":\"search_term_string\"}}],\"inLanguage\":\"pt-PT\"},{\"@type\":\"Person\",\"@id\":\"https:\/\/portaltela.pt\/#\/schema\/person\/c4278d4a6028830caff9ee44b42d32ed\",\"name\":\"Telinha\",\"image\":{\"@type\":\"ImageObject\",\"inLanguage\":\"pt-PT\",\"@id\":\"https:\/\/portaltela.pt\/s.01k8rhncp4jt1\/2025\/11\/talking-bot-125x125.png\",\"url\":\"https:\/\/portaltela.pt\/s.01k8rhncp4jt1\/2025\/11\/talking-bot-125x125.png\",\"contentUrl\":\"https:\/\/portaltela.pt\/s.01k8rhncp4jt1\/2025\/11\/talking-bot-125x125.png\",\"caption\":\"Telinha\"},\"sameAs\":[\"https:\/\/portaltela.pt\/\"],\"url\":\"https:\/\/portaltela.pt\/por\/367410592786\/\"}]}<\/script>\n<!-- \/ Yoast SEO plugin. -->","yoast_head_json":{"title":"Espanha prop\u00f5e \u00e0 FIFA inclus\u00e3o de Val\u00eancia e Vigo no Mundial 2030 - Portal Tela Portugal","robots":{"index":"index","follow":"follow","max-snippet":"max-snippet:-1","max-image-preview":"max-image-preview:large","max-video-preview":"max-video-preview:-1"},"og_locale":"pt_PT","og_type":"article","og_title":"Espanha prop\u00f5e \u00e0 FIFA inclus\u00e3o de Val\u00eancia e Vigo no Mundial 2030 - Portal Tela Portugal","og_description":"A Espanha prop\u00f4s \u00e0 FIFA incluir Val\u00eancia e Vigo como cidades-sede no Mundial de 2030, coorganizado por Espanha, Marrocos e Portugal. A proposta foi formalizada numa carta que indica os est\u00e1dios Nou Mestalla (Val\u00eancia) e Bala\u00eddos (Vigo). Desist\u00eancias de M\u00e1laga e Coru\u00f1a abriram espa\u00e7o para outras candidaturas receberem o Mundial de 2030. V\u00e1rios representantes da FIFA visitaram nos \u00faltimos dias locais candidatos em Espanha para analisar as instala\u00e7\u00f5es. As visitas inclu\u00edram est\u00e1dios como Anoeta, Camp Nou, La Cartuja, Metropolitano, San Mam\u00e9s e Santiago Bernab\u00e9u, entre outros.","og_url":"https:\/\/portaltela.pt\/noticias\/2026\/03\/26\/espanha-propoe-a-fifa-inclusao-de-valencia-e-vigo-no-mundial-2030\/","og_site_name":"Portal Tela Portugal","article_published_time":"2026-03-26T15:43:54+00:00","author":"Telinha","twitter_card":"summary_large_image","twitter_misc":{"Escrito por":"Telinha","Tempo estimado de leitura":"1 minuto"},"schema":{"@context":"https:\/\/schema.org","@graph":[{"@type":"Article","@id":"https:\/\/portaltela.pt\/noticias\/2026\/03\/26\/espanha-propoe-a-fifa-inclusao-de-valencia-e-vigo-no-mundial-2030\/#article","isPartOf":{"@id":"https:\/\/portaltela.pt\/noticias\/2026\/03\/26\/espanha-propoe-a-fifa-inclusao-de-valencia-e-vigo-no-mundial-2030\/"},"author":{"name":"Telinha","@id":"https:\/\/portaltela.pt\/#\/schema\/person\/c4278d4a6028830caff9ee44b42d32ed"},"headline":"Espanha prop\u00f5e \u00e0 FIFA inclus\u00e3o de Val\u00eancia e Vigo no Mundial 2030","datePublished":"2026-03-26T15:43:54+00:00","mainEntityOfPage":{"@id":"https:\/\/portaltela.pt\/noticias\/2026\/03\/26\/espanha-propoe-a-fifa-inclusao-de-valencia-e-vigo-no-mundial-2030\/"},"wordCount":157,"image":{"@id":"https:\/\/portaltela.pt\/noticias\/2026\/03\/26\/espanha-propoe-a-fifa-inclusao-de-valencia-e-vigo-no-mundial-2030\/#primaryimage"},"thumbnailUrl":"https:\/\/portaltela.pt\/s.01k8rhncp4jt1\/2026\/03\/img_1500x1000uu2025-09-26-15-19-42-2237737.jpg","keywords":["copa do mundo","desporto","futebol","Portugal","Valencia"],"articleSection":["Copa do Mundo","Desporto"],"inLanguage":"pt-PT"},{"@type":"WebPage","@id":"https:\/\/portaltela.pt\/noticias\/2026\/03\/26\/espanha-propoe-a-fifa-inclusao-de-valencia-e-vigo-no-mundial-2030\/","url":"https:\/\/portaltela.pt\/noticias\/2026\/03\/26\/espanha-propoe-a-fifa-inclusao-de-valencia-e-vigo-no-mundial-2030\/","name":"Espanha prop\u00f5e \u00e0 FIFA inclus\u00e3o de Val\u00eancia e Vigo no Mundial 2030 - Portal Tela Portugal","isPartOf":{"@id":"https:\/\/portaltela.pt\/#website"},"primaryImageOfPage":{"@id":"https:\/\/portaltela.pt\/noticias\/2026\/03\/26\/espanha-propoe-a-fifa-inclusao-de-valencia-e-vigo-no-mundial-2030\/#primaryimage"},"image":{"@id":"https:\/\/portaltela.pt\/noticias\/2026\/03\/26\/espanha-propoe-a-fifa-inclusao-de-valencia-e-vigo-no-mundial-2030\/#primaryimage"},"thumbnailUrl":"https:\/\/portaltela.pt\/s.01k8rhncp4jt1\/2026\/03\/img_1500x1000uu2025-09-26-15-19-42-2237737.jpg","datePublished":"2026-03-26T15:43:54+00:00","author":{"@id":"https:\/\/portaltela.pt\/#\/schema\/person\/c4278d4a6028830caff9ee44b42d32ed"},"breadcrumb":{"@id":"https:\/\/portaltela.pt\/noticias\/2026\/03\/26\/espanha-propoe-a-fifa-inclusao-de-valencia-e-vigo-no-mundial-2030\/#breadcrumb"},"inLanguage":"pt-PT","potentialAction":[{"@type":"ReadAction","target":["https:\/\/portaltela.pt\/noticias\/2026\/03\/26\/espanha-propoe-a-fifa-inclusao-de-valencia-e-vigo-no-mundial-2030\/"]}]},{"@type":"ImageObject","inLanguage":"pt-PT","@id":"https:\/\/portaltela.pt\/noticias\/2026\/03\/26\/espanha-propoe-a-fifa-inclusao-de-valencia-e-vigo-no-mundial-2030\/#primaryimage","url":"https:\/\/portaltela.pt\/s.01k8rhncp4jt1\/2026\/03\/img_1500x1000uu2025-09-26-15-19-42-2237737.jpg","contentUrl":"https:\/\/portaltela.pt\/s.01k8rhncp4jt1\/2026\/03\/img_1500x1000uu2025-09-26-15-19-42-2237737.jpg","width":796,"height":448,"caption":"Paulo Rangel, Gianni Infantino, Pedro S\u00e1nchez e Aziz Akhannouch discutem o Mundial2030"},{"@type":"BreadcrumbList","@id":"https:\/\/portaltela.pt\/noticias\/2026\/03\/26\/espanha-propoe-a-fifa-inclusao-de-valencia-e-vigo-no-mundial-2030\/#breadcrumb","itemListElement":[{"@type":"ListItem","position":1,"name":"In\u00edcio","item":"https:\/\/portaltela.pt\/"},{"@type":"ListItem","position":2,"name":"Espanha prop\u00f5e \u00e0 FIFA inclus\u00e3o de Val\u00eancia e Vigo no Mundial 2030"}]},{"@type":"WebSite","@id":"https:\/\/portaltela.pt\/#website","url":"https:\/\/portaltela.pt\/","name":"Portal Tela Portugal","description":"","potentialAction":[{"@type":"SearchAction","target":{"@type":"EntryPoint","urlTemplate":"https:\/\/portaltela.pt\/?s={search_term_string}"},"query-input":{"@type":"PropertyValueSpecification","valueRequired":true,"valueName":"search_term_string"}}],"inLanguage":"pt-PT"},{"@type":"Person","@id":"https:\/\/portaltela.pt\/#\/schema\/person\/c4278d4a6028830caff9ee44b42d32ed","name":"Telinha","image":{"@type":"ImageObject","inLanguage":"pt-PT","@id":"https:\/\/portaltela.pt\/s.01k8rhncp4jt1\/2025\/11\/talking-bot-125x125.png","url":"https:\/\/portaltela.pt\/s.01k8rhncp4jt1\/2025\/11\/talking-bot-125x125.png","contentUrl":"https:\/\/portaltela.pt\/s.01k8rhncp4jt1\/2025\/11\/talking-bot-125x125.png","caption":"Telinha"},"sameAs":["https:\/\/portaltela.pt\/"],"url":"https:\/\/portaltela.pt\/por\/367410592786\/"}]}},"_links":{"self":[{"href":"https:\/\/portaltela.pt\/api\/wp\/v2\/posts\/422461","targetHints":{"allow":["GET"]}}],"collection":[{"href":"https:\/\/portaltela.pt\/api\/wp\/v2\/posts"}],"about":[{"href":"https:\/\/portaltela.pt\/api\/wp\/v2\/types\/post"}],"author":[{"embeddable":true,"href":"https:\/\/portaltela.pt\/api\/wp\/v2\/users\/2"}],"replies":[{"embeddable":true,"href":"https:\/\/portaltela.pt\/api\/wp\/v2\/comments?post=422461"}],"version-history":[{"count":0,"href":"https:\/\/portaltela.pt\/api\/wp\/v2\/posts\/422461\/revisions"}],"wp:featuredmedia":[{"embeddable":true,"href":"https:\/\/portaltela.pt\/api\/wp\/v2\/media\/422466"}],"wp:attachment":[{"href":"https:\/\/portaltela.pt\/api\/wp\/v2\/media?parent=422461"}],"wp:term":[{"taxonomy":"category","embeddable":true,"href":"https:\/\/portaltela.pt\/api\/wp\/v2\/categories?post=422461"},{"taxonomy":"post_tag","embeddable":true,"href":"https:\/\/portaltela.pt\/api\/wp\/v2\/tags?post=422461"}],"curies":[{"name":"wp","href":"https:\/\/api.w.org\/{rel}","templated":true}]}}