{"id":422460,"date":"2026-03-26T12:40:00","date_gmt":"2026-03-26T15:40:00","guid":{"rendered":"https:\/\/portaltela.pt\/noticias\/2026\/03\/26\/reservas-turisticas-para-a-pascoa-em-ritmo-lento\/"},"modified":"2026-03-26T12:40:00","modified_gmt":"2026-03-26T15:40:00","slug":"reservas-turisticas-para-a-pascoa-em-ritmo-lento","status":"publish","type":"post","link":"https:\/\/portaltela.pt\/noticias\/economia\/2026\/03\/26\/reservas-turisticas-para-a-pascoa-em-ritmo-lento\/","title":{"rendered":"Reservas tur\u00edsticas para a P\u00e1scoa em ritmo lento"},"content":{"rendered":"<p>As reservas na hotelaria nacional para a P\u00e1scoa continuam a meio g\u00e1s, com 24% dos hot\u00e9is a reported abrandamento ou cancelamentos devido \u00e0 guerra no M\u00e9dio Oriente, segundo um inqu\u00e9rito da Associa\u00e7\u00e3o da Hotelaria de Portugal (AHP). A perspetiva \u00e9 de arranque modesto para o per\u00edodo de f\u00e9rias.<\/p>\n<p>Para o per\u00edodo de 27 de mar\u00e7o a 12 de abril, as reservas situavam-se nos 55% na passada sexta-feira, com um pre\u00e7o m\u00e9dio de 132 euros. A instabilidade no M\u00e9dio Oriente come\u00e7a a refletir-se no setor, diz a AHP.<\/p>\n<p>Apesar de 60% das unidades relatarem ritmo de reservas sem altera\u00e7\u00f5es significativas, 24% indicam abrandamento ou cancelamentos, e 16% observam subida da procura, associada ao desvio de fluxos tur\u00edsticos de outros destinos.<\/p>\n<p>Os dados mostram que a regi\u00e3o de Pen\u00ednsula de Set\u00fabal e os A\u00e7ores registam os maiores aumentos de cancelamentos ou abrandamento de reservas, enquanto o fim de semana da P\u00e1scoa (03 a 05 de abril) sobe a 57% e o ARR on the books atinge 147 euros.<\/p>\n<p>A Madeira volta a destacar-se com 75% de ocupa\u00e7\u00e3o nas f\u00e9rias e 76% no fim de semana, seguida pela Grande Lisboa e pelo Algarve. O mercado interno mant\u00e9m-se como motor da procura, citado por mais de 70% dos inquiridos, com Espanha e Reino Unido a ocuparem as posi\u00e7\u00f5es seguintes.<\/p>\n<p>A perspetiva para o fim de semana \u00e9 de persist\u00eancia de redu\u00e7\u00e3o de procura proveniente dos EUA, mencionada por 22% dos hoteleiros, face a 38% no ano anterior. Ainda assim, os indicadores apontam para alguma estabilidade para a P\u00e1scoa, com mais da metade a prever uma estada m\u00e9dia semelhante a 2025.<\/p>\n<p>Mais de 54% dos hoteleiros esperam aumentar os proveitos totais no fim de semana e 42% durante todo o per\u00edodo das f\u00e9rias escolares. Os canais de reserva continuam liderados pela Booking (96%) e pelos sites pr\u00f3prios (89%).<\/p>\n<p>No resumo do Carnaval, a AHP identifica um abrandamento do ritmo de crescimento devido \u00e0s tempestades de janeiro e fevereiro. Entre 13 e 17 de fevereiro, a ocupa\u00e7\u00e3o m\u00e9dia ficou em 65% e o ARR em 112 euros, ligeiramente acima de 2024.<\/p>\n<p>Regionalmente, a Madeira apresentou a maior ocupa\u00e7\u00e3o (79%) e o ARR mais alto (151 euros). A Grande Lisboa teve 75% de ocupa\u00e7\u00e3o, 4% abaixo de 2024, com pre\u00e7o m\u00e9dio 131 euros. A Pen\u00ednsula de Set\u00fabal marcou 68% de ocupa\u00e7\u00e3o e 88 euros de ARR, enquanto o Centro manteve 61% de ocupa\u00e7\u00e3o e 118 euros, 17% acima de 2024. O Centro Interior registou maior subida de pre\u00e7o, j\u00e1 que o Centro Litoral ficou abaixo da m\u00e9dia.<\/p>\n<p>Condi\u00e7\u00f5es meteorol\u00f3gicas adversas impactaram Oeste, Vale do Tejo e Norte, com quebras de ocupa\u00e7\u00e3o de 8% e 3%, respetivamente, e quedas significativas no pre\u00e7o m\u00e9dio, de 11%. Os mercados emissores fortes continuam a ser Portugal, Espanha e Reino Unido, com a Coreia do Sul e a China em relev\u00e2ncia regional para certos distritos.<\/p>\n<p>O inqu\u00e9rito foi realizado de 09 a 20 de mar\u00e7o junto de 394 empreendimentos, com intervalo de confian\u00e7a de 95% e margem de erro de 4,46%.<\/p>\n","protected":false},"excerpt":{"rendered":"<ul>\n<li>Reservas para a P\u00e1scoa em Portugal situam-se em 55% com um pre\u00e7o m\u00e9dio de 132 euros, para o per\u00edodo de 27 de mar\u00e7o a 12 de abril.<\/li>\n<li>24% dos hot\u00e9is reportam abrandamento ou cancelamentos devido \u00e0 instabilidade no M\u00e9dio Oriente; 60% dizem que o ritmo de reservas permanece est\u00e1vel.<\/li>\n<li>No fim de semana da P\u00e1scoa, a taxa de reservas sobe para 57% e o ARR on the books atinge 147 euros; Madeira apresenta desempenho destacado.<\/li>\n<li>O mercado interno mant\u00e9m-se como principal motor de procura, citado por mais de 70% dos inquiridos; Espanha e Reino Unido aparecem nas outras posi\u00e7\u00f5es, com queda da procura proveniente dos EUA.<\/li>\n<li>Booking (96%) e websites pr\u00f3prios (89%) continuam como principais canais de reserva para a P\u00e1scoa.<\/li>\n<\/ul>\n","protected":false},"author":2,"featured_media":422467,"comment_status":"closed","ping_status":"closed","sticky":false,"template":"","format":"standard","meta":{"footnotes":""},"categories":[2,6735],"tags":[928,28,4023,859,1826,169],"class_list":["post-422460","post","type-post","status-publish","format-standard","has-post-thumbnail","hentry","category-economia","category-negocios","tag-algarve","tag-economia","tag-grande-lisboa","tag-madeira","tag-peninsula-de-setubal","tag-turismo"],"yoast_head":"<!-- This site is optimized with the Yoast SEO plugin v27.2 - https:\/\/yoast.com\/product\/yoast-seo-wordpress\/ -->\n<title>Reservas tur\u00edsticas para a P\u00e1scoa em ritmo lento - Portal Tela Portugal<\/title>\n<meta name=\"robots\" content=\"index, follow, max-snippet:-1, max-image-preview:large, max-video-preview:-1\" \/>\n<meta property=\"og:locale\" content=\"pt_PT\" \/>\n<meta property=\"og:type\" content=\"article\" \/>\n<meta property=\"og:title\" content=\"Reservas tur\u00edsticas para a P\u00e1scoa em ritmo lento - Portal Tela Portugal\" \/>\n<meta property=\"og:description\" content=\"Reservas para a P\u00e1scoa em Portugal situam-se em 55% com um pre\u00e7o m\u00e9dio de 132 euros, para o per\u00edodo de 27 de mar\u00e7o a 12 de abril. 24% dos hot\u00e9is reportam abrandamento ou cancelamentos devido \u00e0 instabilidade no M\u00e9dio Oriente; 60% dizem que o ritmo de reservas permanece est\u00e1vel. No fim de semana da P\u00e1scoa, a taxa de reservas sobe para 57% e o ARR on the books atinge 147 euros; Madeira apresenta desempenho destacado. O mercado interno mant\u00e9m-se como principal motor de procura, citado por mais de 70% dos inquiridos; Espanha e Reino Unido aparecem nas outras posi\u00e7\u00f5es, com queda da procura proveniente dos EUA. Booking (96%) e websites pr\u00f3prios (89%) continuam como principais canais de reserva para a P\u00e1scoa.\" \/>\n<meta property=\"og:url\" content=\"https:\/\/portaltela.pt\/noticias\/2026\/03\/26\/reservas-turisticas-para-a-pascoa-em-ritmo-lento\/\" \/>\n<meta property=\"og:site_name\" content=\"Portal Tela Portugal\" \/>\n<meta property=\"article:published_time\" content=\"2026-03-26T15:40:00+00:00\" \/>\n<meta name=\"author\" content=\"Telinha\" \/>\n<meta name=\"twitter:card\" content=\"summary_large_image\" \/>\n<meta name=\"twitter:label1\" content=\"Escrito por\" \/>\n\t<meta name=\"twitter:data1\" content=\"Telinha\" \/>\n\t<meta name=\"twitter:label2\" content=\"Tempo estimado de leitura\" \/>\n\t<meta name=\"twitter:data2\" content=\"3 minutos\" \/>\n<script type=\"application\/ld+json\" class=\"yoast-schema-graph\">{\"@context\":\"https:\/\/schema.org\",\"@graph\":[{\"@type\":\"Article\",\"@id\":\"https:\/\/portaltela.pt\/noticias\/2026\/03\/26\/reservas-turisticas-para-a-pascoa-em-ritmo-lento\/#article\",\"isPartOf\":{\"@id\":\"https:\/\/portaltela.pt\/noticias\/2026\/03\/26\/reservas-turisticas-para-a-pascoa-em-ritmo-lento\/\"},\"author\":{\"name\":\"Telinha\",\"@id\":\"https:\/\/portaltela.pt\/#\/schema\/person\/c4278d4a6028830caff9ee44b42d32ed\"},\"headline\":\"Reservas tur\u00edsticas para a P\u00e1scoa em ritmo lento\",\"datePublished\":\"2026-03-26T15:40:00+00:00\",\"mainEntityOfPage\":{\"@id\":\"https:\/\/portaltela.pt\/noticias\/2026\/03\/26\/reservas-turisticas-para-a-pascoa-em-ritmo-lento\/\"},\"wordCount\":512,\"image\":{\"@id\":\"https:\/\/portaltela.pt\/noticias\/2026\/03\/26\/reservas-turisticas-para-a-pascoa-em-ritmo-lento\/#primaryimage\"},\"thumbnailUrl\":\"https:\/\/portaltela.pt\/s.01k8rhncp4jt1\/2026\/03\/image-1551.jpg\",\"keywords\":[\"Algarve\",\"economia\",\"Grande Lisboa\",\"Madeira\",\"Pen\u00ednsula de Set\u00fabal\",\"turismo\"],\"articleSection\":[\"Economia\",\"Neg\u00f3cios\"],\"inLanguage\":\"pt-PT\"},{\"@type\":\"WebPage\",\"@id\":\"https:\/\/portaltela.pt\/noticias\/2026\/03\/26\/reservas-turisticas-para-a-pascoa-em-ritmo-lento\/\",\"url\":\"https:\/\/portaltela.pt\/noticias\/2026\/03\/26\/reservas-turisticas-para-a-pascoa-em-ritmo-lento\/\",\"name\":\"Reservas tur\u00edsticas para a P\u00e1scoa em ritmo lento - Portal Tela Portugal\",\"isPartOf\":{\"@id\":\"https:\/\/portaltela.pt\/#website\"},\"primaryImageOfPage\":{\"@id\":\"https:\/\/portaltela.pt\/noticias\/2026\/03\/26\/reservas-turisticas-para-a-pascoa-em-ritmo-lento\/#primaryimage\"},\"image\":{\"@id\":\"https:\/\/portaltela.pt\/noticias\/2026\/03\/26\/reservas-turisticas-para-a-pascoa-em-ritmo-lento\/#primaryimage\"},\"thumbnailUrl\":\"https:\/\/portaltela.pt\/s.01k8rhncp4jt1\/2026\/03\/image-1551.jpg\",\"datePublished\":\"2026-03-26T15:40:00+00:00\",\"author\":{\"@id\":\"https:\/\/portaltela.pt\/#\/schema\/person\/c4278d4a6028830caff9ee44b42d32ed\"},\"breadcrumb\":{\"@id\":\"https:\/\/portaltela.pt\/noticias\/2026\/03\/26\/reservas-turisticas-para-a-pascoa-em-ritmo-lento\/#breadcrumb\"},\"inLanguage\":\"pt-PT\",\"potentialAction\":[{\"@type\":\"ReadAction\",\"target\":[\"https:\/\/portaltela.pt\/noticias\/2026\/03\/26\/reservas-turisticas-para-a-pascoa-em-ritmo-lento\/\"]}]},{\"@type\":\"ImageObject\",\"inLanguage\":\"pt-PT\",\"@id\":\"https:\/\/portaltela.pt\/noticias\/2026\/03\/26\/reservas-turisticas-para-a-pascoa-em-ritmo-lento\/#primaryimage\",\"url\":\"https:\/\/portaltela.pt\/s.01k8rhncp4jt1\/2026\/03\/image-1551.jpg\",\"contentUrl\":\"https:\/\/portaltela.pt\/s.01k8rhncp4jt1\/2026\/03\/image-1551.jpg\",\"width\":796,\"height\":448,\"caption\":\"O inqu\u00e9rito \u00e9 da Associa\u00e7\u00e3o da Hotelaria de Portugal\"},{\"@type\":\"BreadcrumbList\",\"@id\":\"https:\/\/portaltela.pt\/noticias\/2026\/03\/26\/reservas-turisticas-para-a-pascoa-em-ritmo-lento\/#breadcrumb\",\"itemListElement\":[{\"@type\":\"ListItem\",\"position\":1,\"name\":\"In\u00edcio\",\"item\":\"https:\/\/portaltela.pt\/\"},{\"@type\":\"ListItem\",\"position\":2,\"name\":\"Reservas tur\u00edsticas para a P\u00e1scoa em ritmo lento\"}]},{\"@type\":\"WebSite\",\"@id\":\"https:\/\/portaltela.pt\/#website\",\"url\":\"https:\/\/portaltela.pt\/\",\"name\":\"Portal Tela Portugal\",\"description\":\"\",\"potentialAction\":[{\"@type\":\"SearchAction\",\"target\":{\"@type\":\"EntryPoint\",\"urlTemplate\":\"https:\/\/portaltela.pt\/?s={search_term_string}\"},\"query-input\":{\"@type\":\"PropertyValueSpecification\",\"valueRequired\":true,\"valueName\":\"search_term_string\"}}],\"inLanguage\":\"pt-PT\"},{\"@type\":\"Person\",\"@id\":\"https:\/\/portaltela.pt\/#\/schema\/person\/c4278d4a6028830caff9ee44b42d32ed\",\"name\":\"Telinha\",\"image\":{\"@type\":\"ImageObject\",\"inLanguage\":\"pt-PT\",\"@id\":\"https:\/\/portaltela.pt\/s.01k8rhncp4jt1\/2025\/11\/talking-bot-125x125.png\",\"url\":\"https:\/\/portaltela.pt\/s.01k8rhncp4jt1\/2025\/11\/talking-bot-125x125.png\",\"contentUrl\":\"https:\/\/portaltela.pt\/s.01k8rhncp4jt1\/2025\/11\/talking-bot-125x125.png\",\"caption\":\"Telinha\"},\"sameAs\":[\"https:\/\/portaltela.pt\/\"],\"url\":\"https:\/\/portaltela.pt\/por\/367410592786\/\"}]}<\/script>\n<!-- \/ Yoast SEO plugin. -->","yoast_head_json":{"title":"Reservas tur\u00edsticas para a P\u00e1scoa em ritmo lento - Portal Tela Portugal","robots":{"index":"index","follow":"follow","max-snippet":"max-snippet:-1","max-image-preview":"max-image-preview:large","max-video-preview":"max-video-preview:-1"},"og_locale":"pt_PT","og_type":"article","og_title":"Reservas tur\u00edsticas para a P\u00e1scoa em ritmo lento - Portal Tela Portugal","og_description":"Reservas para a P\u00e1scoa em Portugal situam-se em 55% com um pre\u00e7o m\u00e9dio de 132 euros, para o per\u00edodo de 27 de mar\u00e7o a 12 de abril. 24% dos hot\u00e9is reportam abrandamento ou cancelamentos devido \u00e0 instabilidade no M\u00e9dio Oriente; 60% dizem que o ritmo de reservas permanece est\u00e1vel. No fim de semana da P\u00e1scoa, a taxa de reservas sobe para 57% e o ARR on the books atinge 147 euros; Madeira apresenta desempenho destacado. O mercado interno mant\u00e9m-se como principal motor de procura, citado por mais de 70% dos inquiridos; Espanha e Reino Unido aparecem nas outras posi\u00e7\u00f5es, com queda da procura proveniente dos EUA. Booking (96%) e websites pr\u00f3prios (89%) continuam como principais canais de reserva para a P\u00e1scoa.","og_url":"https:\/\/portaltela.pt\/noticias\/2026\/03\/26\/reservas-turisticas-para-a-pascoa-em-ritmo-lento\/","og_site_name":"Portal Tela Portugal","article_published_time":"2026-03-26T15:40:00+00:00","author":"Telinha","twitter_card":"summary_large_image","twitter_misc":{"Escrito por":"Telinha","Tempo estimado de leitura":"3 minutos"},"schema":{"@context":"https:\/\/schema.org","@graph":[{"@type":"Article","@id":"https:\/\/portaltela.pt\/noticias\/2026\/03\/26\/reservas-turisticas-para-a-pascoa-em-ritmo-lento\/#article","isPartOf":{"@id":"https:\/\/portaltela.pt\/noticias\/2026\/03\/26\/reservas-turisticas-para-a-pascoa-em-ritmo-lento\/"},"author":{"name":"Telinha","@id":"https:\/\/portaltela.pt\/#\/schema\/person\/c4278d4a6028830caff9ee44b42d32ed"},"headline":"Reservas tur\u00edsticas para a P\u00e1scoa em ritmo lento","datePublished":"2026-03-26T15:40:00+00:00","mainEntityOfPage":{"@id":"https:\/\/portaltela.pt\/noticias\/2026\/03\/26\/reservas-turisticas-para-a-pascoa-em-ritmo-lento\/"},"wordCount":512,"image":{"@id":"https:\/\/portaltela.pt\/noticias\/2026\/03\/26\/reservas-turisticas-para-a-pascoa-em-ritmo-lento\/#primaryimage"},"thumbnailUrl":"https:\/\/portaltela.pt\/s.01k8rhncp4jt1\/2026\/03\/image-1551.jpg","keywords":["Algarve","economia","Grande Lisboa","Madeira","Pen\u00ednsula de Set\u00fabal","turismo"],"articleSection":["Economia","Neg\u00f3cios"],"inLanguage":"pt-PT"},{"@type":"WebPage","@id":"https:\/\/portaltela.pt\/noticias\/2026\/03\/26\/reservas-turisticas-para-a-pascoa-em-ritmo-lento\/","url":"https:\/\/portaltela.pt\/noticias\/2026\/03\/26\/reservas-turisticas-para-a-pascoa-em-ritmo-lento\/","name":"Reservas tur\u00edsticas para a P\u00e1scoa em ritmo lento - Portal Tela Portugal","isPartOf":{"@id":"https:\/\/portaltela.pt\/#website"},"primaryImageOfPage":{"@id":"https:\/\/portaltela.pt\/noticias\/2026\/03\/26\/reservas-turisticas-para-a-pascoa-em-ritmo-lento\/#primaryimage"},"image":{"@id":"https:\/\/portaltela.pt\/noticias\/2026\/03\/26\/reservas-turisticas-para-a-pascoa-em-ritmo-lento\/#primaryimage"},"thumbnailUrl":"https:\/\/portaltela.pt\/s.01k8rhncp4jt1\/2026\/03\/image-1551.jpg","datePublished":"2026-03-26T15:40:00+00:00","author":{"@id":"https:\/\/portaltela.pt\/#\/schema\/person\/c4278d4a6028830caff9ee44b42d32ed"},"breadcrumb":{"@id":"https:\/\/portaltela.pt\/noticias\/2026\/03\/26\/reservas-turisticas-para-a-pascoa-em-ritmo-lento\/#breadcrumb"},"inLanguage":"pt-PT","potentialAction":[{"@type":"ReadAction","target":["https:\/\/portaltela.pt\/noticias\/2026\/03\/26\/reservas-turisticas-para-a-pascoa-em-ritmo-lento\/"]}]},{"@type":"ImageObject","inLanguage":"pt-PT","@id":"https:\/\/portaltela.pt\/noticias\/2026\/03\/26\/reservas-turisticas-para-a-pascoa-em-ritmo-lento\/#primaryimage","url":"https:\/\/portaltela.pt\/s.01k8rhncp4jt1\/2026\/03\/image-1551.jpg","contentUrl":"https:\/\/portaltela.pt\/s.01k8rhncp4jt1\/2026\/03\/image-1551.jpg","width":796,"height":448,"caption":"O inqu\u00e9rito \u00e9 da Associa\u00e7\u00e3o da Hotelaria de Portugal"},{"@type":"BreadcrumbList","@id":"https:\/\/portaltela.pt\/noticias\/2026\/03\/26\/reservas-turisticas-para-a-pascoa-em-ritmo-lento\/#breadcrumb","itemListElement":[{"@type":"ListItem","position":1,"name":"In\u00edcio","item":"https:\/\/portaltela.pt\/"},{"@type":"ListItem","position":2,"name":"Reservas tur\u00edsticas para a P\u00e1scoa em ritmo lento"}]},{"@type":"WebSite","@id":"https:\/\/portaltela.pt\/#website","url":"https:\/\/portaltela.pt\/","name":"Portal Tela Portugal","description":"","potentialAction":[{"@type":"SearchAction","target":{"@type":"EntryPoint","urlTemplate":"https:\/\/portaltela.pt\/?s={search_term_string}"},"query-input":{"@type":"PropertyValueSpecification","valueRequired":true,"valueName":"search_term_string"}}],"inLanguage":"pt-PT"},{"@type":"Person","@id":"https:\/\/portaltela.pt\/#\/schema\/person\/c4278d4a6028830caff9ee44b42d32ed","name":"Telinha","image":{"@type":"ImageObject","inLanguage":"pt-PT","@id":"https:\/\/portaltela.pt\/s.01k8rhncp4jt1\/2025\/11\/talking-bot-125x125.png","url":"https:\/\/portaltela.pt\/s.01k8rhncp4jt1\/2025\/11\/talking-bot-125x125.png","contentUrl":"https:\/\/portaltela.pt\/s.01k8rhncp4jt1\/2025\/11\/talking-bot-125x125.png","caption":"Telinha"},"sameAs":["https:\/\/portaltela.pt\/"],"url":"https:\/\/portaltela.pt\/por\/367410592786\/"}]}},"_links":{"self":[{"href":"https:\/\/portaltela.pt\/api\/wp\/v2\/posts\/422460","targetHints":{"allow":["GET"]}}],"collection":[{"href":"https:\/\/portaltela.pt\/api\/wp\/v2\/posts"}],"about":[{"href":"https:\/\/portaltela.pt\/api\/wp\/v2\/types\/post"}],"author":[{"embeddable":true,"href":"https:\/\/portaltela.pt\/api\/wp\/v2\/users\/2"}],"replies":[{"embeddable":true,"href":"https:\/\/portaltela.pt\/api\/wp\/v2\/comments?post=422460"}],"version-history":[{"count":0,"href":"https:\/\/portaltela.pt\/api\/wp\/v2\/posts\/422460\/revisions"}],"wp:featuredmedia":[{"embeddable":true,"href":"https:\/\/portaltela.pt\/api\/wp\/v2\/media\/422467"}],"wp:attachment":[{"href":"https:\/\/portaltela.pt\/api\/wp\/v2\/media?parent=422460"}],"wp:term":[{"taxonomy":"category","embeddable":true,"href":"https:\/\/portaltela.pt\/api\/wp\/v2\/categories?post=422460"},{"taxonomy":"post_tag","embeddable":true,"href":"https:\/\/portaltela.pt\/api\/wp\/v2\/tags?post=422460"}],"curies":[{"name":"wp","href":"https:\/\/api.w.org\/{rel}","templated":true}]}}