{"id":422457,"date":"2026-03-26T12:29:00","date_gmt":"2026-03-26T15:29:00","guid":{"rendered":"https:\/\/portaltela.pt\/noticias\/2026\/03\/26\/inem-quer-aplicar-quase-um-milhao-de-euros-em-penalidades-a-helitransporte\/"},"modified":"2026-03-26T12:29:00","modified_gmt":"2026-03-26T15:29:00","slug":"inem-quer-aplicar-quase-um-milhao-de-euros-em-penalidades-a-helitransporte","status":"publish","type":"post","link":"https:\/\/portaltela.pt\/sociedade\/2026\/03\/26\/inem-quer-aplicar-quase-um-milhao-de-euros-em-penalidades-a-helitransporte\/","title":{"rendered":"INEM quer aplicar quase um milh\u00e3o de euros em penalidades a helitransporte"},"content":{"rendered":"<p>O INEM pretende aplicar 926 mil euros em penaliza\u00e7\u00f5es \u00e0 Gulf Med Aviation Services pelo per\u00edodo entre julho e outubro de 2025. A empresa contestou a legitimidade do montante, dizendo que ainda n\u00e3o foi reconhecida a sua validade. O dispositivo envolvia um ajuste directo assinado com o INEM.<\/p>\n<p>A opera\u00e7\u00e3o de helic\u00f3pteros de emerg\u00eancia m\u00e9dica, com quatro aeronaves, arrancou de facto em julho de 2025. O sistema foi refor\u00e7ado gradualmente at\u00e9 ficar totalmente implementado em 1 de novembro de 2025, no \u00e2mbito de um contrato de 77,5 milh\u00f5es de euros resultante de concurso p\u00fablico.<\/p>\n<h3>Desempenho e base regulat\u00f3ria<\/h3>\n<p>As penaliza\u00e7\u00f5es incidiriam pelo atraso na entrega das aeronaves e por situa\u00e7\u00f5es de indisponibilidade operacional, independentemente das causas. O INEM est\u00e1 a aplicar as san\u00e7\u00f5es conforme os contratos, aguardando audi\u00eancia pr\u00e9via para cada procedimento.<\/p>\n<h3>Processo e posi\u00e7\u00e3o da Gulf Med<\/h3>\n<p>A Gulf Med afirma que est\u00e1 a defender os seus direitos ao longo do processo de audi\u00eancia pr\u00e9via. A empresa sustenta que as situa\u00e7\u00f5es em causa ocorreram num arranque operacional de elevada complexidade, com factores externos j\u00e1 documentados.<\/p>\n<h3>Contexto contratual<\/h3>\n<p>O ajuste directo e o contrato consequente do concurso p\u00fablico permitem a aplica\u00e7\u00e3o de penalidades apenas ap\u00f3s a audi\u00eancia pr\u00e9via. A empresa alega que os procedimentos subsequentes devem ser cumpridos antes de qualquer efeito punitivo.<\/p>\n<h3>Operacionaliza\u00e7\u00e3o dos helic\u00f3pteros<\/h3>\n<p>Entre julho e novembro de 2025, os quatro helic\u00f3pteros Airbus H145 realizaram 639 transportes de doentes e alcan\u00e7aram uma taxa de operacionalidade superior a 98%. O tempo m\u00e9dio de resposta foi de 3,9 minutos.<\/p>\n<h3>Situa\u00e7\u00e3o legal recente<\/h3>\n<p>Em fevereiro de 2026, o Tribunal de Contas declarou v\u00e1lido o ajuste directo, revogando uma decis\u00e3o anterior. A decis\u00e3o implica que as penalidades decorrentes passam a acompanhar o enquadramento legal do servi\u00e7o.<\/p>\n<p>Notas de contexto: o dispositivo em opera\u00e7\u00e3o cobre 24 horas por dia at\u00e9 2030. O objetivo \u00e9 manter a resposta m\u00e9dica a\u00e9rea com quatro aeronaves em todo o territ\u00f3rio.<\/p>\n","protected":false},"excerpt":{"rendered":"<ul>\n<li>O INEM pretende aplicar 926 mil euros em penaliza\u00e7\u00f5es \u00e0 Gulf Med Aviation Services pelo per\u00edodo de julho a outubro de 2025, ainda n\u00e3o totalmente confirmado pela empresa.<\/li>\n<li>As penalidades dizem respeito ao ajuste directo assinado com o INEM, que vigorou nesse per\u00edodo, e ao contrato resultante do concurso p\u00fablico para o Servi\u00e7o de Helic\u00f3pteros de Emerg\u00eancia M\u00e9dica (SHEM).<\/li>\n<li>Em outubro de 2025 a Gulf Med passou a operar sob o contrato de 77,5 milh\u00f5es de euros que prev\u00ea quatro aeronaves dispon\u00edveis 24 horas por dia at\u00e9 2030.<\/li>\n<li>A aplica\u00e7\u00e3o definitiva das penalidades depende da audi\u00eancia pr\u00e9via nos dois contratos; a Gulf Med diz que o processo ainda est\u00e1 em fase de audi\u00eancia e que as penalidades n\u00e3o s\u00e3o consideradas j\u00e1 definitivas.<\/li>\n<li>O dispositivo com quatro helic\u00f3pteros ficou totalmente implementado em 1 de novembro de 2025; desde ent\u00e3o, a opera\u00e7\u00e3o tem apresentado elevada disponibilidade e tempo m\u00e9dio de resposta de 3,9 minutos.<\/li>\n<\/ul>\n","protected":false},"author":2,"featured_media":422463,"comment_status":"closed","ping_status":"closed","sticky":false,"template":"","format":"standard","meta":{"footnotes":""},"categories":[6745,6871],"tags":[2625,5822,1922,3667,6371],"class_list":["post-422457","post","type-post","status-publish","format-standard","has-post-thumbnail","hentry","category-saude","category-sociedade","tag-aeronautica","tag-contratos-publicos","tag-inem","tag-processos","tag-sancoes"],"yoast_head":"<!-- This site is optimized with the Yoast SEO plugin v27.2 - https:\/\/yoast.com\/product\/yoast-seo-wordpress\/ -->\n<title>INEM quer aplicar quase um milh\u00e3o de euros em penalidades a helitransporte - Portal Tela Portugal<\/title>\n<meta name=\"robots\" content=\"index, follow, max-snippet:-1, max-image-preview:large, max-video-preview:-1\" \/>\n<meta property=\"og:locale\" content=\"pt_PT\" \/>\n<meta property=\"og:type\" content=\"article\" \/>\n<meta property=\"og:title\" content=\"INEM quer aplicar quase um milh\u00e3o de euros em penalidades a helitransporte - Portal Tela Portugal\" \/>\n<meta property=\"og:description\" content=\"O INEM pretende aplicar 926 mil euros em penaliza\u00e7\u00f5es \u00e0 Gulf Med Aviation Services pelo per\u00edodo de julho a outubro de 2025, ainda n\u00e3o totalmente confirmado pela empresa. As penalidades dizem respeito ao ajuste directo assinado com o INEM, que vigorou nesse per\u00edodo, e ao contrato resultante do concurso p\u00fablico para o Servi\u00e7o de Helic\u00f3pteros de Emerg\u00eancia M\u00e9dica (SHEM). Em outubro de 2025 a Gulf Med passou a operar sob o contrato de 77,5 milh\u00f5es de euros que prev\u00ea quatro aeronaves dispon\u00edveis 24 horas por dia at\u00e9 2030. A aplica\u00e7\u00e3o definitiva das penalidades depende da audi\u00eancia pr\u00e9via nos dois contratos; a Gulf Med diz que o processo ainda est\u00e1 em fase de audi\u00eancia e que as penalidades n\u00e3o s\u00e3o consideradas j\u00e1 definitivas. O dispositivo com quatro helic\u00f3pteros ficou totalmente implementado em 1 de novembro de 2025; desde ent\u00e3o, a opera\u00e7\u00e3o tem apresentado elevada disponibilidade e tempo m\u00e9dio de resposta de 3,9 minutos.\" \/>\n<meta property=\"og:url\" content=\"https:\/\/portaltela.pt\/noticias\/2026\/03\/26\/inem-quer-aplicar-quase-um-milhao-de-euros-em-penalidades-a-helitransporte\/\" \/>\n<meta property=\"og:site_name\" content=\"Portal Tela Portugal\" \/>\n<meta property=\"article:published_time\" content=\"2026-03-26T15:29:00+00:00\" \/>\n<meta name=\"author\" content=\"Telinha\" \/>\n<meta name=\"twitter:card\" content=\"summary_large_image\" \/>\n<meta name=\"twitter:label1\" content=\"Escrito por\" \/>\n\t<meta name=\"twitter:data1\" content=\"Telinha\" \/>\n\t<meta name=\"twitter:label2\" content=\"Tempo estimado de leitura\" \/>\n\t<meta name=\"twitter:data2\" content=\"2 minutos\" \/>\n<script type=\"application\/ld+json\" class=\"yoast-schema-graph\">{\"@context\":\"https:\/\/schema.org\",\"@graph\":[{\"@type\":\"Article\",\"@id\":\"https:\/\/portaltela.pt\/noticias\/2026\/03\/26\/inem-quer-aplicar-quase-um-milhao-de-euros-em-penalidades-a-helitransporte\/#article\",\"isPartOf\":{\"@id\":\"https:\/\/portaltela.pt\/noticias\/2026\/03\/26\/inem-quer-aplicar-quase-um-milhao-de-euros-em-penalidades-a-helitransporte\/\"},\"author\":{\"name\":\"Telinha\",\"@id\":\"https:\/\/portaltela.pt\/#\/schema\/person\/c4278d4a6028830caff9ee44b42d32ed\"},\"headline\":\"INEM quer aplicar quase um milh\u00e3o de euros em penalidades a helitransporte\",\"datePublished\":\"2026-03-26T15:29:00+00:00\",\"mainEntityOfPage\":{\"@id\":\"https:\/\/portaltela.pt\/noticias\/2026\/03\/26\/inem-quer-aplicar-quase-um-milhao-de-euros-em-penalidades-a-helitransporte\/\"},\"wordCount\":351,\"image\":{\"@id\":\"https:\/\/portaltela.pt\/noticias\/2026\/03\/26\/inem-quer-aplicar-quase-um-milhao-de-euros-em-penalidades-a-helitransporte\/#primaryimage\"},\"thumbnailUrl\":\"https:\/\/portaltela.pt\/s.01k8rhncp4jt1\/2026\/03\/2077077.jpg\",\"keywords\":[\"aeron\u00e1utica\",\"contratos p\u00fablicos\",\"INEM\",\"processos\",\"san\u00e7\u00f5es\"],\"articleSection\":[\"Sa\u00fade\",\"Sociedade\"],\"inLanguage\":\"pt-PT\"},{\"@type\":\"WebPage\",\"@id\":\"https:\/\/portaltela.pt\/noticias\/2026\/03\/26\/inem-quer-aplicar-quase-um-milhao-de-euros-em-penalidades-a-helitransporte\/\",\"url\":\"https:\/\/portaltela.pt\/noticias\/2026\/03\/26\/inem-quer-aplicar-quase-um-milhao-de-euros-em-penalidades-a-helitransporte\/\",\"name\":\"INEM quer aplicar quase um milh\u00e3o de euros em penalidades a helitransporte - Portal Tela Portugal\",\"isPartOf\":{\"@id\":\"https:\/\/portaltela.pt\/#website\"},\"primaryImageOfPage\":{\"@id\":\"https:\/\/portaltela.pt\/noticias\/2026\/03\/26\/inem-quer-aplicar-quase-um-milhao-de-euros-em-penalidades-a-helitransporte\/#primaryimage\"},\"image\":{\"@id\":\"https:\/\/portaltela.pt\/noticias\/2026\/03\/26\/inem-quer-aplicar-quase-um-milhao-de-euros-em-penalidades-a-helitransporte\/#primaryimage\"},\"thumbnailUrl\":\"https:\/\/portaltela.pt\/s.01k8rhncp4jt1\/2026\/03\/2077077.jpg\",\"datePublished\":\"2026-03-26T15:29:00+00:00\",\"author\":{\"@id\":\"https:\/\/portaltela.pt\/#\/schema\/person\/c4278d4a6028830caff9ee44b42d32ed\"},\"breadcrumb\":{\"@id\":\"https:\/\/portaltela.pt\/noticias\/2026\/03\/26\/inem-quer-aplicar-quase-um-milhao-de-euros-em-penalidades-a-helitransporte\/#breadcrumb\"},\"inLanguage\":\"pt-PT\",\"potentialAction\":[{\"@type\":\"ReadAction\",\"target\":[\"https:\/\/portaltela.pt\/noticias\/2026\/03\/26\/inem-quer-aplicar-quase-um-milhao-de-euros-em-penalidades-a-helitransporte\/\"]}]},{\"@type\":\"ImageObject\",\"inLanguage\":\"pt-PT\",\"@id\":\"https:\/\/portaltela.pt\/noticias\/2026\/03\/26\/inem-quer-aplicar-quase-um-milhao-de-euros-em-penalidades-a-helitransporte\/#primaryimage\",\"url\":\"https:\/\/portaltela.pt\/s.01k8rhncp4jt1\/2026\/03\/2077077.jpg\",\"contentUrl\":\"https:\/\/portaltela.pt\/s.01k8rhncp4jt1\/2026\/03\/2077077.jpg\",\"width\":796,\"height\":448,\"caption\":\"Dispositivo de quatro helic\u00f3pteros s\u00f3 ficou totalmente implementado a 1 de Novembro de 2025\"},{\"@type\":\"BreadcrumbList\",\"@id\":\"https:\/\/portaltela.pt\/noticias\/2026\/03\/26\/inem-quer-aplicar-quase-um-milhao-de-euros-em-penalidades-a-helitransporte\/#breadcrumb\",\"itemListElement\":[{\"@type\":\"ListItem\",\"position\":1,\"name\":\"In\u00edcio\",\"item\":\"https:\/\/portaltela.pt\/\"},{\"@type\":\"ListItem\",\"position\":2,\"name\":\"INEM quer aplicar quase um milh\u00e3o de euros em penalidades a helitransporte\"}]},{\"@type\":\"WebSite\",\"@id\":\"https:\/\/portaltela.pt\/#website\",\"url\":\"https:\/\/portaltela.pt\/\",\"name\":\"Portal Tela Portugal\",\"description\":\"\",\"potentialAction\":[{\"@type\":\"SearchAction\",\"target\":{\"@type\":\"EntryPoint\",\"urlTemplate\":\"https:\/\/portaltela.pt\/?s={search_term_string}\"},\"query-input\":{\"@type\":\"PropertyValueSpecification\",\"valueRequired\":true,\"valueName\":\"search_term_string\"}}],\"inLanguage\":\"pt-PT\"},{\"@type\":\"Person\",\"@id\":\"https:\/\/portaltela.pt\/#\/schema\/person\/c4278d4a6028830caff9ee44b42d32ed\",\"name\":\"Telinha\",\"image\":{\"@type\":\"ImageObject\",\"inLanguage\":\"pt-PT\",\"@id\":\"https:\/\/portaltela.pt\/s.01k8rhncp4jt1\/2025\/11\/talking-bot-125x125.png\",\"url\":\"https:\/\/portaltela.pt\/s.01k8rhncp4jt1\/2025\/11\/talking-bot-125x125.png\",\"contentUrl\":\"https:\/\/portaltela.pt\/s.01k8rhncp4jt1\/2025\/11\/talking-bot-125x125.png\",\"caption\":\"Telinha\"},\"sameAs\":[\"https:\/\/portaltela.pt\/\"],\"url\":\"https:\/\/portaltela.pt\/por\/367410592786\/\"}]}<\/script>\n<!-- \/ Yoast SEO plugin. -->","yoast_head_json":{"title":"INEM quer aplicar quase um milh\u00e3o de euros em penalidades a helitransporte - Portal Tela Portugal","robots":{"index":"index","follow":"follow","max-snippet":"max-snippet:-1","max-image-preview":"max-image-preview:large","max-video-preview":"max-video-preview:-1"},"og_locale":"pt_PT","og_type":"article","og_title":"INEM quer aplicar quase um milh\u00e3o de euros em penalidades a helitransporte - Portal Tela Portugal","og_description":"O INEM pretende aplicar 926 mil euros em penaliza\u00e7\u00f5es \u00e0 Gulf Med Aviation Services pelo per\u00edodo de julho a outubro de 2025, ainda n\u00e3o totalmente confirmado pela empresa. As penalidades dizem respeito ao ajuste directo assinado com o INEM, que vigorou nesse per\u00edodo, e ao contrato resultante do concurso p\u00fablico para o Servi\u00e7o de Helic\u00f3pteros de Emerg\u00eancia M\u00e9dica (SHEM). Em outubro de 2025 a Gulf Med passou a operar sob o contrato de 77,5 milh\u00f5es de euros que prev\u00ea quatro aeronaves dispon\u00edveis 24 horas por dia at\u00e9 2030. A aplica\u00e7\u00e3o definitiva das penalidades depende da audi\u00eancia pr\u00e9via nos dois contratos; a Gulf Med diz que o processo ainda est\u00e1 em fase de audi\u00eancia e que as penalidades n\u00e3o s\u00e3o consideradas j\u00e1 definitivas. O dispositivo com quatro helic\u00f3pteros ficou totalmente implementado em 1 de novembro de 2025; desde ent\u00e3o, a opera\u00e7\u00e3o tem apresentado elevada disponibilidade e tempo m\u00e9dio de resposta de 3,9 minutos.","og_url":"https:\/\/portaltela.pt\/noticias\/2026\/03\/26\/inem-quer-aplicar-quase-um-milhao-de-euros-em-penalidades-a-helitransporte\/","og_site_name":"Portal Tela Portugal","article_published_time":"2026-03-26T15:29:00+00:00","author":"Telinha","twitter_card":"summary_large_image","twitter_misc":{"Escrito por":"Telinha","Tempo estimado de leitura":"2 minutos"},"schema":{"@context":"https:\/\/schema.org","@graph":[{"@type":"Article","@id":"https:\/\/portaltela.pt\/noticias\/2026\/03\/26\/inem-quer-aplicar-quase-um-milhao-de-euros-em-penalidades-a-helitransporte\/#article","isPartOf":{"@id":"https:\/\/portaltela.pt\/noticias\/2026\/03\/26\/inem-quer-aplicar-quase-um-milhao-de-euros-em-penalidades-a-helitransporte\/"},"author":{"name":"Telinha","@id":"https:\/\/portaltela.pt\/#\/schema\/person\/c4278d4a6028830caff9ee44b42d32ed"},"headline":"INEM quer aplicar quase um milh\u00e3o de euros em penalidades a helitransporte","datePublished":"2026-03-26T15:29:00+00:00","mainEntityOfPage":{"@id":"https:\/\/portaltela.pt\/noticias\/2026\/03\/26\/inem-quer-aplicar-quase-um-milhao-de-euros-em-penalidades-a-helitransporte\/"},"wordCount":351,"image":{"@id":"https:\/\/portaltela.pt\/noticias\/2026\/03\/26\/inem-quer-aplicar-quase-um-milhao-de-euros-em-penalidades-a-helitransporte\/#primaryimage"},"thumbnailUrl":"https:\/\/portaltela.pt\/s.01k8rhncp4jt1\/2026\/03\/2077077.jpg","keywords":["aeron\u00e1utica","contratos p\u00fablicos","INEM","processos","san\u00e7\u00f5es"],"articleSection":["Sa\u00fade","Sociedade"],"inLanguage":"pt-PT"},{"@type":"WebPage","@id":"https:\/\/portaltela.pt\/noticias\/2026\/03\/26\/inem-quer-aplicar-quase-um-milhao-de-euros-em-penalidades-a-helitransporte\/","url":"https:\/\/portaltela.pt\/noticias\/2026\/03\/26\/inem-quer-aplicar-quase-um-milhao-de-euros-em-penalidades-a-helitransporte\/","name":"INEM quer aplicar quase um milh\u00e3o de euros em penalidades a helitransporte - Portal Tela Portugal","isPartOf":{"@id":"https:\/\/portaltela.pt\/#website"},"primaryImageOfPage":{"@id":"https:\/\/portaltela.pt\/noticias\/2026\/03\/26\/inem-quer-aplicar-quase-um-milhao-de-euros-em-penalidades-a-helitransporte\/#primaryimage"},"image":{"@id":"https:\/\/portaltela.pt\/noticias\/2026\/03\/26\/inem-quer-aplicar-quase-um-milhao-de-euros-em-penalidades-a-helitransporte\/#primaryimage"},"thumbnailUrl":"https:\/\/portaltela.pt\/s.01k8rhncp4jt1\/2026\/03\/2077077.jpg","datePublished":"2026-03-26T15:29:00+00:00","author":{"@id":"https:\/\/portaltela.pt\/#\/schema\/person\/c4278d4a6028830caff9ee44b42d32ed"},"breadcrumb":{"@id":"https:\/\/portaltela.pt\/noticias\/2026\/03\/26\/inem-quer-aplicar-quase-um-milhao-de-euros-em-penalidades-a-helitransporte\/#breadcrumb"},"inLanguage":"pt-PT","potentialAction":[{"@type":"ReadAction","target":["https:\/\/portaltela.pt\/noticias\/2026\/03\/26\/inem-quer-aplicar-quase-um-milhao-de-euros-em-penalidades-a-helitransporte\/"]}]},{"@type":"ImageObject","inLanguage":"pt-PT","@id":"https:\/\/portaltela.pt\/noticias\/2026\/03\/26\/inem-quer-aplicar-quase-um-milhao-de-euros-em-penalidades-a-helitransporte\/#primaryimage","url":"https:\/\/portaltela.pt\/s.01k8rhncp4jt1\/2026\/03\/2077077.jpg","contentUrl":"https:\/\/portaltela.pt\/s.01k8rhncp4jt1\/2026\/03\/2077077.jpg","width":796,"height":448,"caption":"Dispositivo de quatro helic\u00f3pteros s\u00f3 ficou totalmente implementado a 1 de Novembro de 2025"},{"@type":"BreadcrumbList","@id":"https:\/\/portaltela.pt\/noticias\/2026\/03\/26\/inem-quer-aplicar-quase-um-milhao-de-euros-em-penalidades-a-helitransporte\/#breadcrumb","itemListElement":[{"@type":"ListItem","position":1,"name":"In\u00edcio","item":"https:\/\/portaltela.pt\/"},{"@type":"ListItem","position":2,"name":"INEM quer aplicar quase um milh\u00e3o de euros em penalidades a helitransporte"}]},{"@type":"WebSite","@id":"https:\/\/portaltela.pt\/#website","url":"https:\/\/portaltela.pt\/","name":"Portal Tela Portugal","description":"","potentialAction":[{"@type":"SearchAction","target":{"@type":"EntryPoint","urlTemplate":"https:\/\/portaltela.pt\/?s={search_term_string}"},"query-input":{"@type":"PropertyValueSpecification","valueRequired":true,"valueName":"search_term_string"}}],"inLanguage":"pt-PT"},{"@type":"Person","@id":"https:\/\/portaltela.pt\/#\/schema\/person\/c4278d4a6028830caff9ee44b42d32ed","name":"Telinha","image":{"@type":"ImageObject","inLanguage":"pt-PT","@id":"https:\/\/portaltela.pt\/s.01k8rhncp4jt1\/2025\/11\/talking-bot-125x125.png","url":"https:\/\/portaltela.pt\/s.01k8rhncp4jt1\/2025\/11\/talking-bot-125x125.png","contentUrl":"https:\/\/portaltela.pt\/s.01k8rhncp4jt1\/2025\/11\/talking-bot-125x125.png","caption":"Telinha"},"sameAs":["https:\/\/portaltela.pt\/"],"url":"https:\/\/portaltela.pt\/por\/367410592786\/"}]}},"_links":{"self":[{"href":"https:\/\/portaltela.pt\/api\/wp\/v2\/posts\/422457","targetHints":{"allow":["GET"]}}],"collection":[{"href":"https:\/\/portaltela.pt\/api\/wp\/v2\/posts"}],"about":[{"href":"https:\/\/portaltela.pt\/api\/wp\/v2\/types\/post"}],"author":[{"embeddable":true,"href":"https:\/\/portaltela.pt\/api\/wp\/v2\/users\/2"}],"replies":[{"embeddable":true,"href":"https:\/\/portaltela.pt\/api\/wp\/v2\/comments?post=422457"}],"version-history":[{"count":0,"href":"https:\/\/portaltela.pt\/api\/wp\/v2\/posts\/422457\/revisions"}],"wp:featuredmedia":[{"embeddable":true,"href":"https:\/\/portaltela.pt\/api\/wp\/v2\/media\/422463"}],"wp:attachment":[{"href":"https:\/\/portaltela.pt\/api\/wp\/v2\/media?parent=422457"}],"wp:term":[{"taxonomy":"category","embeddable":true,"href":"https:\/\/portaltela.pt\/api\/wp\/v2\/categories?post=422457"},{"taxonomy":"post_tag","embeddable":true,"href":"https:\/\/portaltela.pt\/api\/wp\/v2\/tags?post=422457"}],"curies":[{"name":"wp","href":"https:\/\/api.w.org\/{rel}","templated":true}]}}