{"id":422450,"date":"2026-03-26T12:38:05","date_gmt":"2026-03-26T15:38:05","guid":{"rendered":"https:\/\/portaltela.pt\/noticias\/2026\/03\/26\/deslizamento-de-talude-condiciona-transito-na-er124-em-loule\/"},"modified":"2026-03-26T12:38:05","modified_gmt":"2026-03-26T15:38:05","slug":"deslizamento-de-talude-condiciona-transito-na-er124-em-loule","status":"publish","type":"post","link":"https:\/\/portaltela.pt\/meio-ambiente\/2026\/03\/26\/deslizamento-de-talude-condiciona-transito-na-er124-em-loule\/","title":{"rendered":"Deslizamento de talude condiciona tr\u00e2nsito na ER124 em Loul\u00e9"},"content":{"rendered":"<p>A C\u00e2mara Municipal de Loul\u00e9 est\u00e1 a realizar trabalhos de emerg\u00eancia na Estrada Regional 124, entre a Eira da Cevada e o Barranco do Velho, ap\u00f3s o deslizamento de um talude de escava\u00e7\u00e3o com 12 metros de altura no s\u00e1bado passado. A interven\u00e7\u00e3o visa estabilizar a zona e permitir a circula\u00e7\u00e3o com seguran\u00e7a.<\/p>\n<p>Os trabalhos iniciais n\u00e3o obtiveram resultados, levando a uma interven\u00e7\u00e3o mais profunda. Est\u00e1 prevista a realiza\u00e7\u00e3o de desbaste da estrutura em duas fases, com uma inclina\u00e7\u00e3o de seguran\u00e7a de 45 graus e a cria\u00e7\u00e3o de uma platforma interm\u00e9dia de conten\u00e7\u00e3o.<\/p>\n<p>A execu\u00e7\u00e3o decorre em articula\u00e7\u00e3o com a Junta de Freguesia de Salir, devendo ficar conclu\u00edda na pr\u00f3xima segunda-feira. Enquanto perdurar a obra, o tr\u00e2nsito permanece condicionado neste tro\u00e7o da ER124.<\/p>\n<h3>Interven\u00e7\u00e3o e prazos<\/h3>\n<p>A primeira fase envolve o desbaste da estrutura e a instala\u00e7\u00e3o de conten\u00e7\u00e3o para evitar deslizamentos adicionais. A segunda fase prev\u00ea a estabiliza\u00e7\u00e3o final e a melhoria de acessos, mantendo 45 graus de inclina\u00e7\u00e3o de seguran\u00e7a.<\/p>\n<p>As autoridades clarificam que o objetivo \u00e9 restabelecer a circula\u00e7\u00e3o com condi\u00e7\u00f5es de seguran\u00e7a, respeitando os prazos anunciados, sujeitando-se a altera\u00e7\u00f5es conforme o avan\u00e7o da obra.<\/p>\n","protected":false},"excerpt":{"rendered":"<ul>\n<li>Deslizamento de um talude de escava\u00e7\u00e3o com 12 metros de altura ocorreu no s\u00e1bado na Estrada Regional 124, entre a Eira da Cevada e o Barranco do Velho, em Loul\u00e9.<\/li>\n<li>A C\u00e2mara Municipal de Loul\u00e9 iniciou trabalhos de emerg\u00eancia para estabilizar o talude, ap\u00f3s investiga\u00e7\u00f5es iniciais infrut\u00edferas.<\/li>\n<li>A interven\u00e7\u00e3o prev\u00ea o desbaste da estrutura em duas fases, com uma inclina\u00e7\u00e3o de seguran\u00e7a de 45 graus e a cria\u00e7\u00e3o de uma plataforma interm\u00e9dia de conten\u00e7\u00e3o.<\/li>\n<li>Os trabalhos decorrem em articula\u00e7\u00e3o com a Junta de Freguesia de Salir e devem estar conclu\u00eddos na pr\u00f3xima segunda-feira.<\/li>\n<li>Enquanto n\u00e3o houver conclus\u00e3o, o tr\u00e2nsito permanece condicionado naquele tro\u00e7o da ER 124.<\/li>\n<\/ul>\n","protected":false},"author":2,"featured_media":422456,"comment_status":"closed","ping_status":"closed","sticky":false,"template":"","format":"standard","meta":{"footnotes":""},"categories":[7372,6725],"tags":[928,3735,1083,2302,5691,1629],"class_list":["post-422450","post","type-post","status-publish","format-standard","has-post-thumbnail","hentry","category-comunidade","category-meio-ambiente","tag-algarve","tag-deslizamentos","tag-estradas","tag-loule","tag-obras","tag-transito"],"yoast_head":"<!-- This site is optimized with the Yoast SEO plugin v27.2 - https:\/\/yoast.com\/product\/yoast-seo-wordpress\/ -->\n<title>Deslizamento de talude condiciona tr\u00e2nsito na ER124 em Loul\u00e9 - Portal Tela Portugal<\/title>\n<meta name=\"robots\" content=\"index, follow, max-snippet:-1, max-image-preview:large, max-video-preview:-1\" \/>\n<meta property=\"og:locale\" content=\"pt_PT\" \/>\n<meta property=\"og:type\" content=\"article\" \/>\n<meta property=\"og:title\" content=\"Deslizamento de talude condiciona tr\u00e2nsito na ER124 em Loul\u00e9 - Portal Tela Portugal\" \/>\n<meta property=\"og:description\" content=\"Deslizamento de um talude de escava\u00e7\u00e3o com 12 metros de altura ocorreu no s\u00e1bado na Estrada Regional 124, entre a Eira da Cevada e o Barranco do Velho, em Loul\u00e9. A C\u00e2mara Municipal de Loul\u00e9 iniciou trabalhos de emerg\u00eancia para estabilizar o talude, ap\u00f3s investiga\u00e7\u00f5es iniciais infrut\u00edferas. A interven\u00e7\u00e3o prev\u00ea o desbaste da estrutura em duas fases, com uma inclina\u00e7\u00e3o de seguran\u00e7a de 45 graus e a cria\u00e7\u00e3o de uma plataforma interm\u00e9dia de conten\u00e7\u00e3o. Os trabalhos decorrem em articula\u00e7\u00e3o com a Junta de Freguesia de Salir e devem estar conclu\u00eddos na pr\u00f3xima segunda-feira. Enquanto n\u00e3o houver conclus\u00e3o, o tr\u00e2nsito permanece condicionado naquele tro\u00e7o da ER 124.\" \/>\n<meta property=\"og:url\" content=\"https:\/\/portaltela.pt\/noticias\/2026\/03\/26\/deslizamento-de-talude-condiciona-transito-na-er124-em-loule\/\" \/>\n<meta property=\"og:site_name\" content=\"Portal Tela Portugal\" \/>\n<meta property=\"article:published_time\" content=\"2026-03-26T15:38:05+00:00\" \/>\n<meta name=\"author\" content=\"Telinha\" \/>\n<meta name=\"twitter:card\" content=\"summary_large_image\" \/>\n<meta name=\"twitter:label1\" content=\"Escrito por\" \/>\n\t<meta name=\"twitter:data1\" content=\"Telinha\" \/>\n\t<meta name=\"twitter:label2\" content=\"Tempo estimado de leitura\" \/>\n\t<meta name=\"twitter:data2\" content=\"1 minuto\" \/>\n<script type=\"application\/ld+json\" class=\"yoast-schema-graph\">{\"@context\":\"https:\/\/schema.org\",\"@graph\":[{\"@type\":\"Article\",\"@id\":\"https:\/\/portaltela.pt\/noticias\/2026\/03\/26\/deslizamento-de-talude-condiciona-transito-na-er124-em-loule\/#article\",\"isPartOf\":{\"@id\":\"https:\/\/portaltela.pt\/noticias\/2026\/03\/26\/deslizamento-de-talude-condiciona-transito-na-er124-em-loule\/\"},\"author\":{\"name\":\"Telinha\",\"@id\":\"https:\/\/portaltela.pt\/#\/schema\/person\/c4278d4a6028830caff9ee44b42d32ed\"},\"headline\":\"Deslizamento de talude condiciona tr\u00e2nsito na ER124 em Loul\u00e9\",\"datePublished\":\"2026-03-26T15:38:05+00:00\",\"mainEntityOfPage\":{\"@id\":\"https:\/\/portaltela.pt\/noticias\/2026\/03\/26\/deslizamento-de-talude-condiciona-transito-na-er124-em-loule\/\"},\"wordCount\":226,\"image\":{\"@id\":\"https:\/\/portaltela.pt\/noticias\/2026\/03\/26\/deslizamento-de-talude-condiciona-transito-na-er124-em-loule\/#primaryimage\"},\"thumbnailUrl\":\"https:\/\/portaltela.pt\/s.01k8rhncp4jt1\/2026\/03\/img_1280x721uu2026-03-26-15-05-28-2274930.jpg\",\"keywords\":[\"Algarve\",\"deslizamentos\",\"estradas\",\"Loul\u00e9\",\"obras\",\"tr\u00e2nsito\"],\"articleSection\":[\"Comunidade\",\"Meio Ambiente\"],\"inLanguage\":\"pt-PT\"},{\"@type\":\"WebPage\",\"@id\":\"https:\/\/portaltela.pt\/noticias\/2026\/03\/26\/deslizamento-de-talude-condiciona-transito-na-er124-em-loule\/\",\"url\":\"https:\/\/portaltela.pt\/noticias\/2026\/03\/26\/deslizamento-de-talude-condiciona-transito-na-er124-em-loule\/\",\"name\":\"Deslizamento de talude condiciona tr\u00e2nsito na ER124 em Loul\u00e9 - Portal Tela Portugal\",\"isPartOf\":{\"@id\":\"https:\/\/portaltela.pt\/#website\"},\"primaryImageOfPage\":{\"@id\":\"https:\/\/portaltela.pt\/noticias\/2026\/03\/26\/deslizamento-de-talude-condiciona-transito-na-er124-em-loule\/#primaryimage\"},\"image\":{\"@id\":\"https:\/\/portaltela.pt\/noticias\/2026\/03\/26\/deslizamento-de-talude-condiciona-transito-na-er124-em-loule\/#primaryimage\"},\"thumbnailUrl\":\"https:\/\/portaltela.pt\/s.01k8rhncp4jt1\/2026\/03\/img_1280x721uu2026-03-26-15-05-28-2274930.jpg\",\"datePublished\":\"2026-03-26T15:38:05+00:00\",\"author\":{\"@id\":\"https:\/\/portaltela.pt\/#\/schema\/person\/c4278d4a6028830caff9ee44b42d32ed\"},\"breadcrumb\":{\"@id\":\"https:\/\/portaltela.pt\/noticias\/2026\/03\/26\/deslizamento-de-talude-condiciona-transito-na-er124-em-loule\/#breadcrumb\"},\"inLanguage\":\"pt-PT\",\"potentialAction\":[{\"@type\":\"ReadAction\",\"target\":[\"https:\/\/portaltela.pt\/noticias\/2026\/03\/26\/deslizamento-de-talude-condiciona-transito-na-er124-em-loule\/\"]}]},{\"@type\":\"ImageObject\",\"inLanguage\":\"pt-PT\",\"@id\":\"https:\/\/portaltela.pt\/noticias\/2026\/03\/26\/deslizamento-de-talude-condiciona-transito-na-er124-em-loule\/#primaryimage\",\"url\":\"https:\/\/portaltela.pt\/s.01k8rhncp4jt1\/2026\/03\/img_1280x721uu2026-03-26-15-05-28-2274930.jpg\",\"contentUrl\":\"https:\/\/portaltela.pt\/s.01k8rhncp4jt1\/2026\/03\/img_1280x721uu2026-03-26-15-05-28-2274930.jpg\",\"width\":796,\"height\":448,\"caption\":\"Talude de 12 metros da ER124 em Loul\u00e9 caiu\"},{\"@type\":\"BreadcrumbList\",\"@id\":\"https:\/\/portaltela.pt\/noticias\/2026\/03\/26\/deslizamento-de-talude-condiciona-transito-na-er124-em-loule\/#breadcrumb\",\"itemListElement\":[{\"@type\":\"ListItem\",\"position\":1,\"name\":\"In\u00edcio\",\"item\":\"https:\/\/portaltela.pt\/\"},{\"@type\":\"ListItem\",\"position\":2,\"name\":\"Deslizamento de talude condiciona tr\u00e2nsito na ER124 em Loul\u00e9\"}]},{\"@type\":\"WebSite\",\"@id\":\"https:\/\/portaltela.pt\/#website\",\"url\":\"https:\/\/portaltela.pt\/\",\"name\":\"Portal Tela Portugal\",\"description\":\"\",\"potentialAction\":[{\"@type\":\"SearchAction\",\"target\":{\"@type\":\"EntryPoint\",\"urlTemplate\":\"https:\/\/portaltela.pt\/?s={search_term_string}\"},\"query-input\":{\"@type\":\"PropertyValueSpecification\",\"valueRequired\":true,\"valueName\":\"search_term_string\"}}],\"inLanguage\":\"pt-PT\"},{\"@type\":\"Person\",\"@id\":\"https:\/\/portaltela.pt\/#\/schema\/person\/c4278d4a6028830caff9ee44b42d32ed\",\"name\":\"Telinha\",\"image\":{\"@type\":\"ImageObject\",\"inLanguage\":\"pt-PT\",\"@id\":\"https:\/\/portaltela.pt\/s.01k8rhncp4jt1\/2025\/11\/talking-bot-125x125.png\",\"url\":\"https:\/\/portaltela.pt\/s.01k8rhncp4jt1\/2025\/11\/talking-bot-125x125.png\",\"contentUrl\":\"https:\/\/portaltela.pt\/s.01k8rhncp4jt1\/2025\/11\/talking-bot-125x125.png\",\"caption\":\"Telinha\"},\"sameAs\":[\"https:\/\/portaltela.pt\/\"],\"url\":\"https:\/\/portaltela.pt\/por\/367410592786\/\"}]}<\/script>\n<!-- \/ Yoast SEO plugin. -->","yoast_head_json":{"title":"Deslizamento de talude condiciona tr\u00e2nsito na ER124 em Loul\u00e9 - Portal Tela Portugal","robots":{"index":"index","follow":"follow","max-snippet":"max-snippet:-1","max-image-preview":"max-image-preview:large","max-video-preview":"max-video-preview:-1"},"og_locale":"pt_PT","og_type":"article","og_title":"Deslizamento de talude condiciona tr\u00e2nsito na ER124 em Loul\u00e9 - Portal Tela Portugal","og_description":"Deslizamento de um talude de escava\u00e7\u00e3o com 12 metros de altura ocorreu no s\u00e1bado na Estrada Regional 124, entre a Eira da Cevada e o Barranco do Velho, em Loul\u00e9. A C\u00e2mara Municipal de Loul\u00e9 iniciou trabalhos de emerg\u00eancia para estabilizar o talude, ap\u00f3s investiga\u00e7\u00f5es iniciais infrut\u00edferas. A interven\u00e7\u00e3o prev\u00ea o desbaste da estrutura em duas fases, com uma inclina\u00e7\u00e3o de seguran\u00e7a de 45 graus e a cria\u00e7\u00e3o de uma plataforma interm\u00e9dia de conten\u00e7\u00e3o. Os trabalhos decorrem em articula\u00e7\u00e3o com a Junta de Freguesia de Salir e devem estar conclu\u00eddos na pr\u00f3xima segunda-feira. Enquanto n\u00e3o houver conclus\u00e3o, o tr\u00e2nsito permanece condicionado naquele tro\u00e7o da ER 124.","og_url":"https:\/\/portaltela.pt\/noticias\/2026\/03\/26\/deslizamento-de-talude-condiciona-transito-na-er124-em-loule\/","og_site_name":"Portal Tela Portugal","article_published_time":"2026-03-26T15:38:05+00:00","author":"Telinha","twitter_card":"summary_large_image","twitter_misc":{"Escrito por":"Telinha","Tempo estimado de leitura":"1 minuto"},"schema":{"@context":"https:\/\/schema.org","@graph":[{"@type":"Article","@id":"https:\/\/portaltela.pt\/noticias\/2026\/03\/26\/deslizamento-de-talude-condiciona-transito-na-er124-em-loule\/#article","isPartOf":{"@id":"https:\/\/portaltela.pt\/noticias\/2026\/03\/26\/deslizamento-de-talude-condiciona-transito-na-er124-em-loule\/"},"author":{"name":"Telinha","@id":"https:\/\/portaltela.pt\/#\/schema\/person\/c4278d4a6028830caff9ee44b42d32ed"},"headline":"Deslizamento de talude condiciona tr\u00e2nsito na ER124 em Loul\u00e9","datePublished":"2026-03-26T15:38:05+00:00","mainEntityOfPage":{"@id":"https:\/\/portaltela.pt\/noticias\/2026\/03\/26\/deslizamento-de-talude-condiciona-transito-na-er124-em-loule\/"},"wordCount":226,"image":{"@id":"https:\/\/portaltela.pt\/noticias\/2026\/03\/26\/deslizamento-de-talude-condiciona-transito-na-er124-em-loule\/#primaryimage"},"thumbnailUrl":"https:\/\/portaltela.pt\/s.01k8rhncp4jt1\/2026\/03\/img_1280x721uu2026-03-26-15-05-28-2274930.jpg","keywords":["Algarve","deslizamentos","estradas","Loul\u00e9","obras","tr\u00e2nsito"],"articleSection":["Comunidade","Meio Ambiente"],"inLanguage":"pt-PT"},{"@type":"WebPage","@id":"https:\/\/portaltela.pt\/noticias\/2026\/03\/26\/deslizamento-de-talude-condiciona-transito-na-er124-em-loule\/","url":"https:\/\/portaltela.pt\/noticias\/2026\/03\/26\/deslizamento-de-talude-condiciona-transito-na-er124-em-loule\/","name":"Deslizamento de talude condiciona tr\u00e2nsito na ER124 em Loul\u00e9 - Portal Tela Portugal","isPartOf":{"@id":"https:\/\/portaltela.pt\/#website"},"primaryImageOfPage":{"@id":"https:\/\/portaltela.pt\/noticias\/2026\/03\/26\/deslizamento-de-talude-condiciona-transito-na-er124-em-loule\/#primaryimage"},"image":{"@id":"https:\/\/portaltela.pt\/noticias\/2026\/03\/26\/deslizamento-de-talude-condiciona-transito-na-er124-em-loule\/#primaryimage"},"thumbnailUrl":"https:\/\/portaltela.pt\/s.01k8rhncp4jt1\/2026\/03\/img_1280x721uu2026-03-26-15-05-28-2274930.jpg","datePublished":"2026-03-26T15:38:05+00:00","author":{"@id":"https:\/\/portaltela.pt\/#\/schema\/person\/c4278d4a6028830caff9ee44b42d32ed"},"breadcrumb":{"@id":"https:\/\/portaltela.pt\/noticias\/2026\/03\/26\/deslizamento-de-talude-condiciona-transito-na-er124-em-loule\/#breadcrumb"},"inLanguage":"pt-PT","potentialAction":[{"@type":"ReadAction","target":["https:\/\/portaltela.pt\/noticias\/2026\/03\/26\/deslizamento-de-talude-condiciona-transito-na-er124-em-loule\/"]}]},{"@type":"ImageObject","inLanguage":"pt-PT","@id":"https:\/\/portaltela.pt\/noticias\/2026\/03\/26\/deslizamento-de-talude-condiciona-transito-na-er124-em-loule\/#primaryimage","url":"https:\/\/portaltela.pt\/s.01k8rhncp4jt1\/2026\/03\/img_1280x721uu2026-03-26-15-05-28-2274930.jpg","contentUrl":"https:\/\/portaltela.pt\/s.01k8rhncp4jt1\/2026\/03\/img_1280x721uu2026-03-26-15-05-28-2274930.jpg","width":796,"height":448,"caption":"Talude de 12 metros da ER124 em Loul\u00e9 caiu"},{"@type":"BreadcrumbList","@id":"https:\/\/portaltela.pt\/noticias\/2026\/03\/26\/deslizamento-de-talude-condiciona-transito-na-er124-em-loule\/#breadcrumb","itemListElement":[{"@type":"ListItem","position":1,"name":"In\u00edcio","item":"https:\/\/portaltela.pt\/"},{"@type":"ListItem","position":2,"name":"Deslizamento de talude condiciona tr\u00e2nsito na ER124 em Loul\u00e9"}]},{"@type":"WebSite","@id":"https:\/\/portaltela.pt\/#website","url":"https:\/\/portaltela.pt\/","name":"Portal Tela Portugal","description":"","potentialAction":[{"@type":"SearchAction","target":{"@type":"EntryPoint","urlTemplate":"https:\/\/portaltela.pt\/?s={search_term_string}"},"query-input":{"@type":"PropertyValueSpecification","valueRequired":true,"valueName":"search_term_string"}}],"inLanguage":"pt-PT"},{"@type":"Person","@id":"https:\/\/portaltela.pt\/#\/schema\/person\/c4278d4a6028830caff9ee44b42d32ed","name":"Telinha","image":{"@type":"ImageObject","inLanguage":"pt-PT","@id":"https:\/\/portaltela.pt\/s.01k8rhncp4jt1\/2025\/11\/talking-bot-125x125.png","url":"https:\/\/portaltela.pt\/s.01k8rhncp4jt1\/2025\/11\/talking-bot-125x125.png","contentUrl":"https:\/\/portaltela.pt\/s.01k8rhncp4jt1\/2025\/11\/talking-bot-125x125.png","caption":"Telinha"},"sameAs":["https:\/\/portaltela.pt\/"],"url":"https:\/\/portaltela.pt\/por\/367410592786\/"}]}},"_links":{"self":[{"href":"https:\/\/portaltela.pt\/api\/wp\/v2\/posts\/422450","targetHints":{"allow":["GET"]}}],"collection":[{"href":"https:\/\/portaltela.pt\/api\/wp\/v2\/posts"}],"about":[{"href":"https:\/\/portaltela.pt\/api\/wp\/v2\/types\/post"}],"author":[{"embeddable":true,"href":"https:\/\/portaltela.pt\/api\/wp\/v2\/users\/2"}],"replies":[{"embeddable":true,"href":"https:\/\/portaltela.pt\/api\/wp\/v2\/comments?post=422450"}],"version-history":[{"count":0,"href":"https:\/\/portaltela.pt\/api\/wp\/v2\/posts\/422450\/revisions"}],"wp:featuredmedia":[{"embeddable":true,"href":"https:\/\/portaltela.pt\/api\/wp\/v2\/media\/422456"}],"wp:attachment":[{"href":"https:\/\/portaltela.pt\/api\/wp\/v2\/media?parent=422450"}],"wp:term":[{"taxonomy":"category","embeddable":true,"href":"https:\/\/portaltela.pt\/api\/wp\/v2\/categories?post=422450"},{"taxonomy":"post_tag","embeddable":true,"href":"https:\/\/portaltela.pt\/api\/wp\/v2\/tags?post=422450"}],"curies":[{"name":"wp","href":"https:\/\/api.w.org\/{rel}","templated":true}]}}