{"id":422439,"date":"2026-03-26T12:11:00","date_gmt":"2026-03-26T15:11:00","guid":{"rendered":"https:\/\/portaltela.pt\/noticias\/2026\/03\/26\/metrobus-do-porto-regista-media-de-seis-mil-viagens-diarias\/"},"modified":"2026-03-26T12:11:00","modified_gmt":"2026-03-26T15:11:00","slug":"metrobus-do-porto-regista-media-de-seis-mil-viagens-diarias","status":"publish","type":"post","link":"https:\/\/portaltela.pt\/sociedade\/2026\/03\/26\/metrobus-do-porto-regista-media-de-seis-mil-viagens-diarias\/","title":{"rendered":"Metrobus do Porto regista m\u00e9dia de seis mil viagens di\u00e1rias"},"content":{"rendered":"<p>O metrobus do Porto regista uma m\u00e9dia de cerca de seis mil viagens por dia, desde o arranque da fase experimental gratuita, a 28 de fevereiro. A afirma\u00e7\u00e3o foi feita pela secret\u00e1ria de Estado da Mobilidade, Cristina Pinto Dias, durante o Congresso Cidades e Vilas que Caminham 2026, no Porto.<\/p>\n<p>A governante destacou que, assumindo duas pessoas por viatura particular, o servi\u00e7o tem permitido retirar cerca de 3 mil viaturas di\u00e1rias das ruas da cidade. O objetivo \u00e9 tornar o transporte p\u00fablico competitivo em tempos de viagem face ao transporte individual.<\/p>\n<p>A fase experimental decorre entre as 6h e as 22h, com dezenas de minutos de intervalo conforme a hora. O metrobus, movido a hidrog\u00e9nio, circula pela avenida Marechal Gomes da Costa e pela via dedicada de Boavista, com paragens nas esta\u00e7\u00f5es Guerra Junqueiro, Bessa, Pinheiro Manso, Serralves e Jo\u00e3o de Barros.<\/p>\n<p>O projeto arrancou ap\u00f3s cerca de um ano e meio de obras entre a Casa da M\u00fasica e o Imp\u00e9rio, e o servi\u00e7o comercial est\u00e1 previsto para 1 de abril. Est\u00e3o previstas mais frequ\u00eancias no pico, de 10 minutos, e de 15 minutos nos restantes per\u00edodos.<\/p>\n<p>Para j\u00e1, fica fora a extens\u00e3o at\u00e9 \u00e0 An\u00e9mona, porque as obras permanecem em curso nas paragens de Antunes Guimar\u00e3es, Garcia de Orta, Nevogilde e Castelo do Queijo. O estudo de procura aponta um potencial de 7,4 milh\u00f5es de passageiros na linha Imp\u00e9rio-Boavista em 2027.<\/p>\n<p>Segundo o estudo, o projeto dever\u00e1 colaborar na redu\u00e7\u00e3o de utilizadores do transporte individual. Regista-se tamb\u00e9m uma redu\u00e7\u00e3o de 700 mil utilizadores de transporte p\u00fablico, entre STCP, operadores privados e comboio, no cen\u00e1rio considerado.<\/p>\n","protected":false},"excerpt":{"rendered":"<ul>\n<li>O metrobus do Porto regista uma m\u00e9dia de cerca de seis mil viagens por dia desde o in\u00edcio da fase experimental, a 28 de fevereiro.<\/li>\n<li>A secret\u00e1ria de Estado da Mobilidade, Cristina Pinto Dias, diz que o sistema \u00e9 essencial para reduzir tempos de viagem e retirar cerca de tr\u00eas mil viaturas por dia das ruas.<\/li>\n<li>A fase experimental gratuita decorre at\u00e9 1 de abril, com o servi\u00e7o a operar entre as 6h e as 22h, e frequ\u00eancias de dez minutos nas horas de ponta e quinze minutos noutras alturas.<\/li>\n<li>O metrobus \u00e9 um autocarro a hidrog\u00e9nio que circula entre Marechal Gomes da Costa e Boavista, com paragens entre Guerra Junqueiro e Jo\u00e3o de Barros; a extens\u00e3o at\u00e9 An\u00e9mona ainda n\u00e3o est\u00e1 em funcionamento.<\/li>\n<li>Um estudo de procura aponta para 7,4 milh\u00f5es de passageiros em 2027 na linha Imp\u00e9rio-Boavista; o estudo indica uma redu\u00e7\u00e3o de utilizadores do transporte individual e de p\u00fablico face ao cen\u00e1rio atual.<\/li>\n<\/ul>\n","protected":false},"author":2,"featured_media":422443,"comment_status":"closed","ping_status":"closed","sticky":false,"template":"","format":"standard","meta":{"footnotes":""},"categories":[6725,6871],"tags":[4224,45,2110,982,4535],"class_list":["post-422439","post","type-post","status-publish","format-standard","has-post-thumbnail","hentry","category-meio-ambiente","category-sociedade","tag-hidrogenio-limpo","tag-meio-ambiente","tag-mobilidade","tag-porto","tag-transporte-publico"],"yoast_head":"<!-- This site is optimized with the Yoast SEO plugin v27.2 - https:\/\/yoast.com\/product\/yoast-seo-wordpress\/ -->\n<title>Metrobus do Porto regista m\u00e9dia de seis mil viagens di\u00e1rias - Portal Tela Portugal<\/title>\n<meta name=\"robots\" content=\"index, follow, max-snippet:-1, max-image-preview:large, max-video-preview:-1\" \/>\n<meta property=\"og:locale\" content=\"pt_PT\" \/>\n<meta property=\"og:type\" content=\"article\" \/>\n<meta property=\"og:title\" content=\"Metrobus do Porto regista m\u00e9dia de seis mil viagens di\u00e1rias - Portal Tela Portugal\" \/>\n<meta property=\"og:description\" content=\"O metrobus do Porto regista uma m\u00e9dia de cerca de seis mil viagens por dia desde o in\u00edcio da fase experimental, a 28 de fevereiro. A secret\u00e1ria de Estado da Mobilidade, Cristina Pinto Dias, diz que o sistema \u00e9 essencial para reduzir tempos de viagem e retirar cerca de tr\u00eas mil viaturas por dia das ruas. A fase experimental gratuita decorre at\u00e9 1 de abril, com o servi\u00e7o a operar entre as 6h e as 22h, e frequ\u00eancias de dez minutos nas horas de ponta e quinze minutos noutras alturas. O metrobus \u00e9 um autocarro a hidrog\u00e9nio que circula entre Marechal Gomes da Costa e Boavista, com paragens entre Guerra Junqueiro e Jo\u00e3o de Barros; a extens\u00e3o at\u00e9 An\u00e9mona ainda n\u00e3o est\u00e1 em funcionamento. Um estudo de procura aponta para 7,4 milh\u00f5es de passageiros em 2027 na linha Imp\u00e9rio-Boavista; o estudo indica uma redu\u00e7\u00e3o de utilizadores do transporte individual e de p\u00fablico face ao cen\u00e1rio atual.\" \/>\n<meta property=\"og:url\" content=\"https:\/\/portaltela.pt\/noticias\/2026\/03\/26\/metrobus-do-porto-regista-media-de-seis-mil-viagens-diarias\/\" \/>\n<meta property=\"og:site_name\" content=\"Portal Tela Portugal\" \/>\n<meta property=\"article:published_time\" content=\"2026-03-26T15:11:00+00:00\" \/>\n<meta name=\"author\" content=\"Telinha\" \/>\n<meta name=\"twitter:card\" content=\"summary_large_image\" \/>\n<meta name=\"twitter:label1\" content=\"Escrito por\" \/>\n\t<meta name=\"twitter:data1\" content=\"Telinha\" \/>\n\t<meta name=\"twitter:label2\" content=\"Tempo estimado de leitura\" \/>\n\t<meta name=\"twitter:data2\" content=\"1 minuto\" \/>\n<script type=\"application\/ld+json\" class=\"yoast-schema-graph\">{\"@context\":\"https:\/\/schema.org\",\"@graph\":[{\"@type\":\"Article\",\"@id\":\"https:\/\/portaltela.pt\/noticias\/2026\/03\/26\/metrobus-do-porto-regista-media-de-seis-mil-viagens-diarias\/#article\",\"isPartOf\":{\"@id\":\"https:\/\/portaltela.pt\/noticias\/2026\/03\/26\/metrobus-do-porto-regista-media-de-seis-mil-viagens-diarias\/\"},\"author\":{\"name\":\"Telinha\",\"@id\":\"https:\/\/portaltela.pt\/#\/schema\/person\/c4278d4a6028830caff9ee44b42d32ed\"},\"headline\":\"Metrobus do Porto regista m\u00e9dia de seis mil viagens di\u00e1rias\",\"datePublished\":\"2026-03-26T15:11:00+00:00\",\"mainEntityOfPage\":{\"@id\":\"https:\/\/portaltela.pt\/noticias\/2026\/03\/26\/metrobus-do-porto-regista-media-de-seis-mil-viagens-diarias\/\"},\"wordCount\":294,\"image\":{\"@id\":\"https:\/\/portaltela.pt\/noticias\/2026\/03\/26\/metrobus-do-porto-regista-media-de-seis-mil-viagens-diarias\/#primaryimage\"},\"thumbnailUrl\":\"https:\/\/portaltela.pt\/s.01k8rhncp4jt1\/2026\/03\/image-1549.jpg\",\"keywords\":[\"hidrog\u00e9nio limpo\",\"meio-ambiente\",\"mobilidade\",\"Porto\",\"transporte p\u00fablico\"],\"articleSection\":[\"Meio Ambiente\",\"Sociedade\"],\"inLanguage\":\"pt-PT\"},{\"@type\":\"WebPage\",\"@id\":\"https:\/\/portaltela.pt\/noticias\/2026\/03\/26\/metrobus-do-porto-regista-media-de-seis-mil-viagens-diarias\/\",\"url\":\"https:\/\/portaltela.pt\/noticias\/2026\/03\/26\/metrobus-do-porto-regista-media-de-seis-mil-viagens-diarias\/\",\"name\":\"Metrobus do Porto regista m\u00e9dia de seis mil viagens di\u00e1rias - Portal Tela Portugal\",\"isPartOf\":{\"@id\":\"https:\/\/portaltela.pt\/#website\"},\"primaryImageOfPage\":{\"@id\":\"https:\/\/portaltela.pt\/noticias\/2026\/03\/26\/metrobus-do-porto-regista-media-de-seis-mil-viagens-diarias\/#primaryimage\"},\"image\":{\"@id\":\"https:\/\/portaltela.pt\/noticias\/2026\/03\/26\/metrobus-do-porto-regista-media-de-seis-mil-viagens-diarias\/#primaryimage\"},\"thumbnailUrl\":\"https:\/\/portaltela.pt\/s.01k8rhncp4jt1\/2026\/03\/image-1549.jpg\",\"datePublished\":\"2026-03-26T15:11:00+00:00\",\"author\":{\"@id\":\"https:\/\/portaltela.pt\/#\/schema\/person\/c4278d4a6028830caff9ee44b42d32ed\"},\"breadcrumb\":{\"@id\":\"https:\/\/portaltela.pt\/noticias\/2026\/03\/26\/metrobus-do-porto-regista-media-de-seis-mil-viagens-diarias\/#breadcrumb\"},\"inLanguage\":\"pt-PT\",\"potentialAction\":[{\"@type\":\"ReadAction\",\"target\":[\"https:\/\/portaltela.pt\/noticias\/2026\/03\/26\/metrobus-do-porto-regista-media-de-seis-mil-viagens-diarias\/\"]}]},{\"@type\":\"ImageObject\",\"inLanguage\":\"pt-PT\",\"@id\":\"https:\/\/portaltela.pt\/noticias\/2026\/03\/26\/metrobus-do-porto-regista-media-de-seis-mil-viagens-diarias\/#primaryimage\",\"url\":\"https:\/\/portaltela.pt\/s.01k8rhncp4jt1\/2026\/03\/image-1549.jpg\",\"contentUrl\":\"https:\/\/portaltela.pt\/s.01k8rhncp4jt1\/2026\/03\/image-1549.jpg\",\"width\":796,\"height\":448,\"caption\":\"Metrobus come\u00e7ou a circular no final de fevereiro\"},{\"@type\":\"BreadcrumbList\",\"@id\":\"https:\/\/portaltela.pt\/noticias\/2026\/03\/26\/metrobus-do-porto-regista-media-de-seis-mil-viagens-diarias\/#breadcrumb\",\"itemListElement\":[{\"@type\":\"ListItem\",\"position\":1,\"name\":\"In\u00edcio\",\"item\":\"https:\/\/portaltela.pt\/\"},{\"@type\":\"ListItem\",\"position\":2,\"name\":\"Metrobus do Porto regista m\u00e9dia de seis mil viagens di\u00e1rias\"}]},{\"@type\":\"WebSite\",\"@id\":\"https:\/\/portaltela.pt\/#website\",\"url\":\"https:\/\/portaltela.pt\/\",\"name\":\"Portal Tela Portugal\",\"description\":\"\",\"potentialAction\":[{\"@type\":\"SearchAction\",\"target\":{\"@type\":\"EntryPoint\",\"urlTemplate\":\"https:\/\/portaltela.pt\/?s={search_term_string}\"},\"query-input\":{\"@type\":\"PropertyValueSpecification\",\"valueRequired\":true,\"valueName\":\"search_term_string\"}}],\"inLanguage\":\"pt-PT\"},{\"@type\":\"Person\",\"@id\":\"https:\/\/portaltela.pt\/#\/schema\/person\/c4278d4a6028830caff9ee44b42d32ed\",\"name\":\"Telinha\",\"image\":{\"@type\":\"ImageObject\",\"inLanguage\":\"pt-PT\",\"@id\":\"https:\/\/portaltela.pt\/s.01k8rhncp4jt1\/2025\/11\/talking-bot-125x125.png\",\"url\":\"https:\/\/portaltela.pt\/s.01k8rhncp4jt1\/2025\/11\/talking-bot-125x125.png\",\"contentUrl\":\"https:\/\/portaltela.pt\/s.01k8rhncp4jt1\/2025\/11\/talking-bot-125x125.png\",\"caption\":\"Telinha\"},\"sameAs\":[\"https:\/\/portaltela.pt\/\"],\"url\":\"https:\/\/portaltela.pt\/por\/367410592786\/\"}]}<\/script>\n<!-- \/ Yoast SEO plugin. -->","yoast_head_json":{"title":"Metrobus do Porto regista m\u00e9dia de seis mil viagens di\u00e1rias - Portal Tela Portugal","robots":{"index":"index","follow":"follow","max-snippet":"max-snippet:-1","max-image-preview":"max-image-preview:large","max-video-preview":"max-video-preview:-1"},"og_locale":"pt_PT","og_type":"article","og_title":"Metrobus do Porto regista m\u00e9dia de seis mil viagens di\u00e1rias - Portal Tela Portugal","og_description":"O metrobus do Porto regista uma m\u00e9dia de cerca de seis mil viagens por dia desde o in\u00edcio da fase experimental, a 28 de fevereiro. A secret\u00e1ria de Estado da Mobilidade, Cristina Pinto Dias, diz que o sistema \u00e9 essencial para reduzir tempos de viagem e retirar cerca de tr\u00eas mil viaturas por dia das ruas. A fase experimental gratuita decorre at\u00e9 1 de abril, com o servi\u00e7o a operar entre as 6h e as 22h, e frequ\u00eancias de dez minutos nas horas de ponta e quinze minutos noutras alturas. O metrobus \u00e9 um autocarro a hidrog\u00e9nio que circula entre Marechal Gomes da Costa e Boavista, com paragens entre Guerra Junqueiro e Jo\u00e3o de Barros; a extens\u00e3o at\u00e9 An\u00e9mona ainda n\u00e3o est\u00e1 em funcionamento. Um estudo de procura aponta para 7,4 milh\u00f5es de passageiros em 2027 na linha Imp\u00e9rio-Boavista; o estudo indica uma redu\u00e7\u00e3o de utilizadores do transporte individual e de p\u00fablico face ao cen\u00e1rio atual.","og_url":"https:\/\/portaltela.pt\/noticias\/2026\/03\/26\/metrobus-do-porto-regista-media-de-seis-mil-viagens-diarias\/","og_site_name":"Portal Tela Portugal","article_published_time":"2026-03-26T15:11:00+00:00","author":"Telinha","twitter_card":"summary_large_image","twitter_misc":{"Escrito por":"Telinha","Tempo estimado de leitura":"1 minuto"},"schema":{"@context":"https:\/\/schema.org","@graph":[{"@type":"Article","@id":"https:\/\/portaltela.pt\/noticias\/2026\/03\/26\/metrobus-do-porto-regista-media-de-seis-mil-viagens-diarias\/#article","isPartOf":{"@id":"https:\/\/portaltela.pt\/noticias\/2026\/03\/26\/metrobus-do-porto-regista-media-de-seis-mil-viagens-diarias\/"},"author":{"name":"Telinha","@id":"https:\/\/portaltela.pt\/#\/schema\/person\/c4278d4a6028830caff9ee44b42d32ed"},"headline":"Metrobus do Porto regista m\u00e9dia de seis mil viagens di\u00e1rias","datePublished":"2026-03-26T15:11:00+00:00","mainEntityOfPage":{"@id":"https:\/\/portaltela.pt\/noticias\/2026\/03\/26\/metrobus-do-porto-regista-media-de-seis-mil-viagens-diarias\/"},"wordCount":294,"image":{"@id":"https:\/\/portaltela.pt\/noticias\/2026\/03\/26\/metrobus-do-porto-regista-media-de-seis-mil-viagens-diarias\/#primaryimage"},"thumbnailUrl":"https:\/\/portaltela.pt\/s.01k8rhncp4jt1\/2026\/03\/image-1549.jpg","keywords":["hidrog\u00e9nio limpo","meio-ambiente","mobilidade","Porto","transporte p\u00fablico"],"articleSection":["Meio Ambiente","Sociedade"],"inLanguage":"pt-PT"},{"@type":"WebPage","@id":"https:\/\/portaltela.pt\/noticias\/2026\/03\/26\/metrobus-do-porto-regista-media-de-seis-mil-viagens-diarias\/","url":"https:\/\/portaltela.pt\/noticias\/2026\/03\/26\/metrobus-do-porto-regista-media-de-seis-mil-viagens-diarias\/","name":"Metrobus do Porto regista m\u00e9dia de seis mil viagens di\u00e1rias - Portal Tela Portugal","isPartOf":{"@id":"https:\/\/portaltela.pt\/#website"},"primaryImageOfPage":{"@id":"https:\/\/portaltela.pt\/noticias\/2026\/03\/26\/metrobus-do-porto-regista-media-de-seis-mil-viagens-diarias\/#primaryimage"},"image":{"@id":"https:\/\/portaltela.pt\/noticias\/2026\/03\/26\/metrobus-do-porto-regista-media-de-seis-mil-viagens-diarias\/#primaryimage"},"thumbnailUrl":"https:\/\/portaltela.pt\/s.01k8rhncp4jt1\/2026\/03\/image-1549.jpg","datePublished":"2026-03-26T15:11:00+00:00","author":{"@id":"https:\/\/portaltela.pt\/#\/schema\/person\/c4278d4a6028830caff9ee44b42d32ed"},"breadcrumb":{"@id":"https:\/\/portaltela.pt\/noticias\/2026\/03\/26\/metrobus-do-porto-regista-media-de-seis-mil-viagens-diarias\/#breadcrumb"},"inLanguage":"pt-PT","potentialAction":[{"@type":"ReadAction","target":["https:\/\/portaltela.pt\/noticias\/2026\/03\/26\/metrobus-do-porto-regista-media-de-seis-mil-viagens-diarias\/"]}]},{"@type":"ImageObject","inLanguage":"pt-PT","@id":"https:\/\/portaltela.pt\/noticias\/2026\/03\/26\/metrobus-do-porto-regista-media-de-seis-mil-viagens-diarias\/#primaryimage","url":"https:\/\/portaltela.pt\/s.01k8rhncp4jt1\/2026\/03\/image-1549.jpg","contentUrl":"https:\/\/portaltela.pt\/s.01k8rhncp4jt1\/2026\/03\/image-1549.jpg","width":796,"height":448,"caption":"Metrobus come\u00e7ou a circular no final de fevereiro"},{"@type":"BreadcrumbList","@id":"https:\/\/portaltela.pt\/noticias\/2026\/03\/26\/metrobus-do-porto-regista-media-de-seis-mil-viagens-diarias\/#breadcrumb","itemListElement":[{"@type":"ListItem","position":1,"name":"In\u00edcio","item":"https:\/\/portaltela.pt\/"},{"@type":"ListItem","position":2,"name":"Metrobus do Porto regista m\u00e9dia de seis mil viagens di\u00e1rias"}]},{"@type":"WebSite","@id":"https:\/\/portaltela.pt\/#website","url":"https:\/\/portaltela.pt\/","name":"Portal Tela Portugal","description":"","potentialAction":[{"@type":"SearchAction","target":{"@type":"EntryPoint","urlTemplate":"https:\/\/portaltela.pt\/?s={search_term_string}"},"query-input":{"@type":"PropertyValueSpecification","valueRequired":true,"valueName":"search_term_string"}}],"inLanguage":"pt-PT"},{"@type":"Person","@id":"https:\/\/portaltela.pt\/#\/schema\/person\/c4278d4a6028830caff9ee44b42d32ed","name":"Telinha","image":{"@type":"ImageObject","inLanguage":"pt-PT","@id":"https:\/\/portaltela.pt\/s.01k8rhncp4jt1\/2025\/11\/talking-bot-125x125.png","url":"https:\/\/portaltela.pt\/s.01k8rhncp4jt1\/2025\/11\/talking-bot-125x125.png","contentUrl":"https:\/\/portaltela.pt\/s.01k8rhncp4jt1\/2025\/11\/talking-bot-125x125.png","caption":"Telinha"},"sameAs":["https:\/\/portaltela.pt\/"],"url":"https:\/\/portaltela.pt\/por\/367410592786\/"}]}},"_links":{"self":[{"href":"https:\/\/portaltela.pt\/api\/wp\/v2\/posts\/422439","targetHints":{"allow":["GET"]}}],"collection":[{"href":"https:\/\/portaltela.pt\/api\/wp\/v2\/posts"}],"about":[{"href":"https:\/\/portaltela.pt\/api\/wp\/v2\/types\/post"}],"author":[{"embeddable":true,"href":"https:\/\/portaltela.pt\/api\/wp\/v2\/users\/2"}],"replies":[{"embeddable":true,"href":"https:\/\/portaltela.pt\/api\/wp\/v2\/comments?post=422439"}],"version-history":[{"count":0,"href":"https:\/\/portaltela.pt\/api\/wp\/v2\/posts\/422439\/revisions"}],"wp:featuredmedia":[{"embeddable":true,"href":"https:\/\/portaltela.pt\/api\/wp\/v2\/media\/422443"}],"wp:attachment":[{"href":"https:\/\/portaltela.pt\/api\/wp\/v2\/media?parent=422439"}],"wp:term":[{"taxonomy":"category","embeddable":true,"href":"https:\/\/portaltela.pt\/api\/wp\/v2\/categories?post=422439"},{"taxonomy":"post_tag","embeddable":true,"href":"https:\/\/portaltela.pt\/api\/wp\/v2\/tags?post=422439"}],"curies":[{"name":"wp","href":"https:\/\/api.w.org\/{rel}","templated":true}]}}