{"id":422434,"date":"2026-03-26T12:18:57","date_gmt":"2026-03-26T15:18:57","guid":{"rendered":"https:\/\/portaltela.pt\/noticias\/2026\/03\/26\/mudanca-de-hora-no-domingo-estrategias-para-minimizar-impactos\/"},"modified":"2026-03-26T12:18:57","modified_gmt":"2026-03-26T15:18:57","slug":"mudanca-de-hora-no-domingo-estrategias-para-minimizar-impactos","status":"publish","type":"post","link":"https:\/\/portaltela.pt\/saude\/2026\/03\/26\/mudanca-de-hora-no-domingo-estrategias-para-minimizar-impactos\/","title":{"rendered":"Mudan\u00e7a de hora no domingo: estrat\u00e9gias para minimizar impactos"},"content":{"rendered":"<p>A mudan\u00e7a para o hor\u00e1rio de ver\u00e3o n\u00e3o funciona apenas como ajuste de uma hora no rel\u00f3gio. O organismo reage com altera\u00e7\u00f5es no sono, no humor e na produtividade, podendo afetar a sa\u00fade. A pneumologista V\u00e2nia Caldeira explica que o rel\u00f3gio interno, o ritmo circadiano, depende principalmente da luz natural para orientar o sono-vig\u00edlia.<\/p>\n<p>Ao passar para o hor\u00e1rio de ver\u00e3o, os padr\u00f5es de luz ficam desequilibrados. A luz matinal, que facilita o despertar, desaparece, e a luminosidade persiste mais tarde, o que inibe a melatonina e atrasa o adormecer. O resultado \u00e9 uma percep\u00e7\u00e3o de cansa\u00e7o e altera\u00e7\u00f5es de humor ao longo do dia.<\/p>\n<p>Entre os grupos mais sens\u00edveis est\u00e3o adolescentes, que j\u00e1 possuem um atraso biol\u00f3gico natural. Pessoas com cron\u00f3tipos noturnos ou com dist\u00farbios do sono, como ins\u00f3nia ou apneia, tamb\u00e9m enfrentam maior dificuldade de adapta\u00e7\u00e3o. Os efeitos podem reduzir a concentra\u00e7\u00e3o e a produtividade.<\/p>\n<p>A mudan\u00e7a pode aumentar o risco de sonol\u00eancia excessiva, dificuldades de concentra\u00e7\u00e3o e irritabilidade. Em situa\u00e7\u00f5es prolongadas, h\u00e1 preocupa\u00e7\u00e3o com potenciais impactos \u00e0 sa\u00fade cardiovascular e acidentes rodovi\u00e1rios, sobretudo para quem j\u00e1 acumula d\u00edvida de sono.<\/p>\n<h3>Como facilitar a adapta\u00e7\u00e3o<\/h3>\n<p>A adapta\u00e7\u00e3o varia conforme cada pessoa e pode levar semanas. Uma estrat\u00e9gia pr\u00e1tica \u00e9 avan\u00e7ar o hor\u00e1rio de deitar em 10 minutos di\u00e1rios antes da mudan\u00e7a. Esta aproxima\u00e7\u00e3o gradual ajuda o corpo a ajustar-se \u00e0 nova rotina.<\/p>\n<p>Garantir horas suficientes de sono \u00e9 essencial. Expor-se \u00e0 luz natural pela manh\u00e3 ajuda a retomar o ritmo. Evitar luz artificial e uso de ecr\u00e3s ao final do dia facilita o sono, assim como manter rotinas regulares de refei\u00e7\u00f5es, exerc\u00edcio e sono.<\/p>\n<p>Em alguns casos, uma sesta curta ap\u00f3s o almo\u00e7o pode ajudar a combater a sonol\u00eancia sem comprometer o sono nocturno. Sinais de alerta devem incluir dificuldade persistente em adormecer, sono pouco reparador ou cansa\u00e7o ao acordar.<\/p>\n<p>Em Portugal continental e na Madeira, os rel\u00f3gios avan\u00e7am uma hora \u00e0s 1h00 de domingo, passando a 2h00. Nos A\u00e7ores, a altera\u00e7\u00e3o ocorre \u00e0s 0h00, passando para 1h00.<\/p>\n","protected":false},"excerpt":{"rendered":"<ul>\n<li>A mudan\u00e7a para o hor\u00e1rio de ver\u00e3o adianta o rel\u00f3gio uma hora em Portugal continental e na Madeira (de 1h00 para 2h00); nos A\u00e7ores, passa de 0h00 para 1h00.<\/li>\n<li>O reajuste afeta o ritmo circadiano, o sono, o humor e a produtividade; a luz de manh\u00e3 ajuda a acordar, mas a maior luz \u00e0 noite pode inibir a melatonina.<\/li>\n<li>Grupos mais vulner\u00e1veis incluem adolescentes e jovens, com atraso de fase biol\u00f3gico, bem como pessoas com cron\u00f3tipos noturnos ou com priva\u00e7\u00e3o de sono, ins\u00f3nia ou apneia.<\/li>\n<li>Os efeitos podem incluir sonol\u00eancia, dificuldade de concentra\u00e7\u00e3o, altera\u00e7\u00f5es de humor e menor rendimento; h\u00e1 risco de enfarte, arritmias e acidentes na estrada, com consequ\u00eancias que podem durar semanas.<\/li>\n<li>Recomenda-se adapta\u00e7\u00e3o gradual (avan\u00e7ar 10 minutos por dia), sono suficiente, exposi\u00e7\u00e3o \u00e0 luz natural pela manh\u00e3, reduzir a luz artificial e o uso de ecr\u00e3s ao fim do dia, manter rotinas e, se necess\u00e1rio, sesta curta ap\u00f3s o almo\u00e7o.<\/li>\n<\/ul>\n","protected":false},"author":2,"featured_media":422437,"comment_status":"closed","ping_status":"closed","sticky":false,"template":"","format":"standard","meta":{"footnotes":""},"categories":[6745],"tags":[3131,3901,1920,172,271],"class_list":["post-422434","post","type-post","status-publish","format-standard","has-post-thumbnail","hentry","category-saude","tag-disturbios","tag-horarios","tag-mudanca-de-hora","tag-saude","tag-saude-publica"],"yoast_head":"<!-- This site is optimized with the Yoast SEO plugin v27.2 - https:\/\/yoast.com\/product\/yoast-seo-wordpress\/ -->\n<title>Mudan\u00e7a de hora no domingo: estrat\u00e9gias para minimizar impactos - Portal Tela Portugal<\/title>\n<meta name=\"robots\" content=\"index, follow, max-snippet:-1, max-image-preview:large, max-video-preview:-1\" \/>\n<meta property=\"og:locale\" content=\"pt_PT\" \/>\n<meta property=\"og:type\" content=\"article\" \/>\n<meta property=\"og:title\" content=\"Mudan\u00e7a de hora no domingo: estrat\u00e9gias para minimizar impactos - Portal Tela Portugal\" \/>\n<meta property=\"og:description\" content=\"A mudan\u00e7a para o hor\u00e1rio de ver\u00e3o adianta o rel\u00f3gio uma hora em Portugal continental e na Madeira (de 1h00 para 2h00); nos A\u00e7ores, passa de 0h00 para 1h00. O reajuste afeta o ritmo circadiano, o sono, o humor e a produtividade; a luz de manh\u00e3 ajuda a acordar, mas a maior luz \u00e0 noite pode inibir a melatonina. Grupos mais vulner\u00e1veis incluem adolescentes e jovens, com atraso de fase biol\u00f3gico, bem como pessoas com cron\u00f3tipos noturnos ou com priva\u00e7\u00e3o de sono, ins\u00f3nia ou apneia. Os efeitos podem incluir sonol\u00eancia, dificuldade de concentra\u00e7\u00e3o, altera\u00e7\u00f5es de humor e menor rendimento; h\u00e1 risco de enfarte, arritmias e acidentes na estrada, com consequ\u00eancias que podem durar semanas. Recomenda-se adapta\u00e7\u00e3o gradual (avan\u00e7ar 10 minutos por dia), sono suficiente, exposi\u00e7\u00e3o \u00e0 luz natural pela manh\u00e3, reduzir a luz artificial e o uso de ecr\u00e3s ao fim do dia, manter rotinas e, se necess\u00e1rio, sesta curta ap\u00f3s o almo\u00e7o.\" \/>\n<meta property=\"og:url\" content=\"https:\/\/portaltela.pt\/noticias\/2026\/03\/26\/mudanca-de-hora-no-domingo-estrategias-para-minimizar-impactos\/\" \/>\n<meta property=\"og:site_name\" content=\"Portal Tela Portugal\" \/>\n<meta property=\"article:published_time\" content=\"2026-03-26T15:18:57+00:00\" \/>\n<meta name=\"author\" content=\"Telinha\" \/>\n<meta name=\"twitter:card\" content=\"summary_large_image\" \/>\n<meta name=\"twitter:label1\" content=\"Escrito por\" \/>\n\t<meta name=\"twitter:data1\" content=\"Telinha\" \/>\n\t<meta name=\"twitter:label2\" content=\"Tempo estimado de leitura\" \/>\n\t<meta name=\"twitter:data2\" content=\"2 minutos\" \/>\n<script type=\"application\/ld+json\" class=\"yoast-schema-graph\">{\"@context\":\"https:\/\/schema.org\",\"@graph\":[{\"@type\":\"Article\",\"@id\":\"https:\/\/portaltela.pt\/noticias\/2026\/03\/26\/mudanca-de-hora-no-domingo-estrategias-para-minimizar-impactos\/#article\",\"isPartOf\":{\"@id\":\"https:\/\/portaltela.pt\/noticias\/2026\/03\/26\/mudanca-de-hora-no-domingo-estrategias-para-minimizar-impactos\/\"},\"author\":{\"name\":\"Telinha\",\"@id\":\"https:\/\/portaltela.pt\/#\/schema\/person\/c4278d4a6028830caff9ee44b42d32ed\"},\"headline\":\"Mudan\u00e7a de hora no domingo: estrat\u00e9gias para minimizar impactos\",\"datePublished\":\"2026-03-26T15:18:57+00:00\",\"mainEntityOfPage\":{\"@id\":\"https:\/\/portaltela.pt\/noticias\/2026\/03\/26\/mudanca-de-hora-no-domingo-estrategias-para-minimizar-impactos\/\"},\"wordCount\":387,\"image\":{\"@id\":\"https:\/\/portaltela.pt\/noticias\/2026\/03\/26\/mudanca-de-hora-no-domingo-estrategias-para-minimizar-impactos\/#primaryimage\"},\"thumbnailUrl\":\"https:\/\/portaltela.pt\/s.01k8rhncp4jt1\/2026\/03\/img_1500x1000uu2026-03-26-12-25-30-2274917.jpg\",\"keywords\":[\"dist\u00farbios\",\"hor\u00e1rios\",\"Mudan\u00e7a de hora\",\"sa\u00fade\",\"sa\u00fade p\u00fablica\"],\"articleSection\":[\"Sa\u00fade\"],\"inLanguage\":\"pt-PT\"},{\"@type\":\"WebPage\",\"@id\":\"https:\/\/portaltela.pt\/noticias\/2026\/03\/26\/mudanca-de-hora-no-domingo-estrategias-para-minimizar-impactos\/\",\"url\":\"https:\/\/portaltela.pt\/noticias\/2026\/03\/26\/mudanca-de-hora-no-domingo-estrategias-para-minimizar-impactos\/\",\"name\":\"Mudan\u00e7a de hora no domingo: estrat\u00e9gias para minimizar impactos - Portal Tela Portugal\",\"isPartOf\":{\"@id\":\"https:\/\/portaltela.pt\/#website\"},\"primaryImageOfPage\":{\"@id\":\"https:\/\/portaltela.pt\/noticias\/2026\/03\/26\/mudanca-de-hora-no-domingo-estrategias-para-minimizar-impactos\/#primaryimage\"},\"image\":{\"@id\":\"https:\/\/portaltela.pt\/noticias\/2026\/03\/26\/mudanca-de-hora-no-domingo-estrategias-para-minimizar-impactos\/#primaryimage\"},\"thumbnailUrl\":\"https:\/\/portaltela.pt\/s.01k8rhncp4jt1\/2026\/03\/img_1500x1000uu2026-03-26-12-25-30-2274917.jpg\",\"datePublished\":\"2026-03-26T15:18:57+00:00\",\"author\":{\"@id\":\"https:\/\/portaltela.pt\/#\/schema\/person\/c4278d4a6028830caff9ee44b42d32ed\"},\"breadcrumb\":{\"@id\":\"https:\/\/portaltela.pt\/noticias\/2026\/03\/26\/mudanca-de-hora-no-domingo-estrategias-para-minimizar-impactos\/#breadcrumb\"},\"inLanguage\":\"pt-PT\",\"potentialAction\":[{\"@type\":\"ReadAction\",\"target\":[\"https:\/\/portaltela.pt\/noticias\/2026\/03\/26\/mudanca-de-hora-no-domingo-estrategias-para-minimizar-impactos\/\"]}]},{\"@type\":\"ImageObject\",\"inLanguage\":\"pt-PT\",\"@id\":\"https:\/\/portaltela.pt\/noticias\/2026\/03\/26\/mudanca-de-hora-no-domingo-estrategias-para-minimizar-impactos\/#primaryimage\",\"url\":\"https:\/\/portaltela.pt\/s.01k8rhncp4jt1\/2026\/03\/img_1500x1000uu2026-03-26-12-25-30-2274917.jpg\",\"contentUrl\":\"https:\/\/portaltela.pt\/s.01k8rhncp4jt1\/2026\/03\/img_1500x1000uu2026-03-26-12-25-30-2274917.jpg\",\"width\":796,\"height\":448,\"caption\":\"Hora muda no domingo e \u201ch\u00e1 estrat\u00e9gias que podem ajudar a minimizar os impactos\u201d\"},{\"@type\":\"BreadcrumbList\",\"@id\":\"https:\/\/portaltela.pt\/noticias\/2026\/03\/26\/mudanca-de-hora-no-domingo-estrategias-para-minimizar-impactos\/#breadcrumb\",\"itemListElement\":[{\"@type\":\"ListItem\",\"position\":1,\"name\":\"In\u00edcio\",\"item\":\"https:\/\/portaltela.pt\/\"},{\"@type\":\"ListItem\",\"position\":2,\"name\":\"Mudan\u00e7a de hora no domingo: estrat\u00e9gias para minimizar impactos\"}]},{\"@type\":\"WebSite\",\"@id\":\"https:\/\/portaltela.pt\/#website\",\"url\":\"https:\/\/portaltela.pt\/\",\"name\":\"Portal Tela Portugal\",\"description\":\"\",\"potentialAction\":[{\"@type\":\"SearchAction\",\"target\":{\"@type\":\"EntryPoint\",\"urlTemplate\":\"https:\/\/portaltela.pt\/?s={search_term_string}\"},\"query-input\":{\"@type\":\"PropertyValueSpecification\",\"valueRequired\":true,\"valueName\":\"search_term_string\"}}],\"inLanguage\":\"pt-PT\"},{\"@type\":\"Person\",\"@id\":\"https:\/\/portaltela.pt\/#\/schema\/person\/c4278d4a6028830caff9ee44b42d32ed\",\"name\":\"Telinha\",\"image\":{\"@type\":\"ImageObject\",\"inLanguage\":\"pt-PT\",\"@id\":\"https:\/\/portaltela.pt\/s.01k8rhncp4jt1\/2025\/11\/talking-bot-125x125.png\",\"url\":\"https:\/\/portaltela.pt\/s.01k8rhncp4jt1\/2025\/11\/talking-bot-125x125.png\",\"contentUrl\":\"https:\/\/portaltela.pt\/s.01k8rhncp4jt1\/2025\/11\/talking-bot-125x125.png\",\"caption\":\"Telinha\"},\"sameAs\":[\"https:\/\/portaltela.pt\/\"],\"url\":\"https:\/\/portaltela.pt\/por\/367410592786\/\"}]}<\/script>\n<!-- \/ Yoast SEO plugin. -->","yoast_head_json":{"title":"Mudan\u00e7a de hora no domingo: estrat\u00e9gias para minimizar impactos - Portal Tela Portugal","robots":{"index":"index","follow":"follow","max-snippet":"max-snippet:-1","max-image-preview":"max-image-preview:large","max-video-preview":"max-video-preview:-1"},"og_locale":"pt_PT","og_type":"article","og_title":"Mudan\u00e7a de hora no domingo: estrat\u00e9gias para minimizar impactos - Portal Tela Portugal","og_description":"A mudan\u00e7a para o hor\u00e1rio de ver\u00e3o adianta o rel\u00f3gio uma hora em Portugal continental e na Madeira (de 1h00 para 2h00); nos A\u00e7ores, passa de 0h00 para 1h00. O reajuste afeta o ritmo circadiano, o sono, o humor e a produtividade; a luz de manh\u00e3 ajuda a acordar, mas a maior luz \u00e0 noite pode inibir a melatonina. Grupos mais vulner\u00e1veis incluem adolescentes e jovens, com atraso de fase biol\u00f3gico, bem como pessoas com cron\u00f3tipos noturnos ou com priva\u00e7\u00e3o de sono, ins\u00f3nia ou apneia. Os efeitos podem incluir sonol\u00eancia, dificuldade de concentra\u00e7\u00e3o, altera\u00e7\u00f5es de humor e menor rendimento; h\u00e1 risco de enfarte, arritmias e acidentes na estrada, com consequ\u00eancias que podem durar semanas. Recomenda-se adapta\u00e7\u00e3o gradual (avan\u00e7ar 10 minutos por dia), sono suficiente, exposi\u00e7\u00e3o \u00e0 luz natural pela manh\u00e3, reduzir a luz artificial e o uso de ecr\u00e3s ao fim do dia, manter rotinas e, se necess\u00e1rio, sesta curta ap\u00f3s o almo\u00e7o.","og_url":"https:\/\/portaltela.pt\/noticias\/2026\/03\/26\/mudanca-de-hora-no-domingo-estrategias-para-minimizar-impactos\/","og_site_name":"Portal Tela Portugal","article_published_time":"2026-03-26T15:18:57+00:00","author":"Telinha","twitter_card":"summary_large_image","twitter_misc":{"Escrito por":"Telinha","Tempo estimado de leitura":"2 minutos"},"schema":{"@context":"https:\/\/schema.org","@graph":[{"@type":"Article","@id":"https:\/\/portaltela.pt\/noticias\/2026\/03\/26\/mudanca-de-hora-no-domingo-estrategias-para-minimizar-impactos\/#article","isPartOf":{"@id":"https:\/\/portaltela.pt\/noticias\/2026\/03\/26\/mudanca-de-hora-no-domingo-estrategias-para-minimizar-impactos\/"},"author":{"name":"Telinha","@id":"https:\/\/portaltela.pt\/#\/schema\/person\/c4278d4a6028830caff9ee44b42d32ed"},"headline":"Mudan\u00e7a de hora no domingo: estrat\u00e9gias para minimizar impactos","datePublished":"2026-03-26T15:18:57+00:00","mainEntityOfPage":{"@id":"https:\/\/portaltela.pt\/noticias\/2026\/03\/26\/mudanca-de-hora-no-domingo-estrategias-para-minimizar-impactos\/"},"wordCount":387,"image":{"@id":"https:\/\/portaltela.pt\/noticias\/2026\/03\/26\/mudanca-de-hora-no-domingo-estrategias-para-minimizar-impactos\/#primaryimage"},"thumbnailUrl":"https:\/\/portaltela.pt\/s.01k8rhncp4jt1\/2026\/03\/img_1500x1000uu2026-03-26-12-25-30-2274917.jpg","keywords":["dist\u00farbios","hor\u00e1rios","Mudan\u00e7a de hora","sa\u00fade","sa\u00fade p\u00fablica"],"articleSection":["Sa\u00fade"],"inLanguage":"pt-PT"},{"@type":"WebPage","@id":"https:\/\/portaltela.pt\/noticias\/2026\/03\/26\/mudanca-de-hora-no-domingo-estrategias-para-minimizar-impactos\/","url":"https:\/\/portaltela.pt\/noticias\/2026\/03\/26\/mudanca-de-hora-no-domingo-estrategias-para-minimizar-impactos\/","name":"Mudan\u00e7a de hora no domingo: estrat\u00e9gias para minimizar impactos - Portal Tela Portugal","isPartOf":{"@id":"https:\/\/portaltela.pt\/#website"},"primaryImageOfPage":{"@id":"https:\/\/portaltela.pt\/noticias\/2026\/03\/26\/mudanca-de-hora-no-domingo-estrategias-para-minimizar-impactos\/#primaryimage"},"image":{"@id":"https:\/\/portaltela.pt\/noticias\/2026\/03\/26\/mudanca-de-hora-no-domingo-estrategias-para-minimizar-impactos\/#primaryimage"},"thumbnailUrl":"https:\/\/portaltela.pt\/s.01k8rhncp4jt1\/2026\/03\/img_1500x1000uu2026-03-26-12-25-30-2274917.jpg","datePublished":"2026-03-26T15:18:57+00:00","author":{"@id":"https:\/\/portaltela.pt\/#\/schema\/person\/c4278d4a6028830caff9ee44b42d32ed"},"breadcrumb":{"@id":"https:\/\/portaltela.pt\/noticias\/2026\/03\/26\/mudanca-de-hora-no-domingo-estrategias-para-minimizar-impactos\/#breadcrumb"},"inLanguage":"pt-PT","potentialAction":[{"@type":"ReadAction","target":["https:\/\/portaltela.pt\/noticias\/2026\/03\/26\/mudanca-de-hora-no-domingo-estrategias-para-minimizar-impactos\/"]}]},{"@type":"ImageObject","inLanguage":"pt-PT","@id":"https:\/\/portaltela.pt\/noticias\/2026\/03\/26\/mudanca-de-hora-no-domingo-estrategias-para-minimizar-impactos\/#primaryimage","url":"https:\/\/portaltela.pt\/s.01k8rhncp4jt1\/2026\/03\/img_1500x1000uu2026-03-26-12-25-30-2274917.jpg","contentUrl":"https:\/\/portaltela.pt\/s.01k8rhncp4jt1\/2026\/03\/img_1500x1000uu2026-03-26-12-25-30-2274917.jpg","width":796,"height":448,"caption":"Hora muda no domingo e \u201ch\u00e1 estrat\u00e9gias que podem ajudar a minimizar os impactos\u201d"},{"@type":"BreadcrumbList","@id":"https:\/\/portaltela.pt\/noticias\/2026\/03\/26\/mudanca-de-hora-no-domingo-estrategias-para-minimizar-impactos\/#breadcrumb","itemListElement":[{"@type":"ListItem","position":1,"name":"In\u00edcio","item":"https:\/\/portaltela.pt\/"},{"@type":"ListItem","position":2,"name":"Mudan\u00e7a de hora no domingo: estrat\u00e9gias para minimizar impactos"}]},{"@type":"WebSite","@id":"https:\/\/portaltela.pt\/#website","url":"https:\/\/portaltela.pt\/","name":"Portal Tela Portugal","description":"","potentialAction":[{"@type":"SearchAction","target":{"@type":"EntryPoint","urlTemplate":"https:\/\/portaltela.pt\/?s={search_term_string}"},"query-input":{"@type":"PropertyValueSpecification","valueRequired":true,"valueName":"search_term_string"}}],"inLanguage":"pt-PT"},{"@type":"Person","@id":"https:\/\/portaltela.pt\/#\/schema\/person\/c4278d4a6028830caff9ee44b42d32ed","name":"Telinha","image":{"@type":"ImageObject","inLanguage":"pt-PT","@id":"https:\/\/portaltela.pt\/s.01k8rhncp4jt1\/2025\/11\/talking-bot-125x125.png","url":"https:\/\/portaltela.pt\/s.01k8rhncp4jt1\/2025\/11\/talking-bot-125x125.png","contentUrl":"https:\/\/portaltela.pt\/s.01k8rhncp4jt1\/2025\/11\/talking-bot-125x125.png","caption":"Telinha"},"sameAs":["https:\/\/portaltela.pt\/"],"url":"https:\/\/portaltela.pt\/por\/367410592786\/"}]}},"_links":{"self":[{"href":"https:\/\/portaltela.pt\/api\/wp\/v2\/posts\/422434","targetHints":{"allow":["GET"]}}],"collection":[{"href":"https:\/\/portaltela.pt\/api\/wp\/v2\/posts"}],"about":[{"href":"https:\/\/portaltela.pt\/api\/wp\/v2\/types\/post"}],"author":[{"embeddable":true,"href":"https:\/\/portaltela.pt\/api\/wp\/v2\/users\/2"}],"replies":[{"embeddable":true,"href":"https:\/\/portaltela.pt\/api\/wp\/v2\/comments?post=422434"}],"version-history":[{"count":0,"href":"https:\/\/portaltela.pt\/api\/wp\/v2\/posts\/422434\/revisions"}],"wp:featuredmedia":[{"embeddable":true,"href":"https:\/\/portaltela.pt\/api\/wp\/v2\/media\/422437"}],"wp:attachment":[{"href":"https:\/\/portaltela.pt\/api\/wp\/v2\/media?parent=422434"}],"wp:term":[{"taxonomy":"category","embeddable":true,"href":"https:\/\/portaltela.pt\/api\/wp\/v2\/categories?post=422434"},{"taxonomy":"post_tag","embeddable":true,"href":"https:\/\/portaltela.pt\/api\/wp\/v2\/tags?post=422434"}],"curies":[{"name":"wp","href":"https:\/\/api.w.org\/{rel}","templated":true}]}}