{"id":422421,"date":"2026-03-26T12:04:00","date_gmt":"2026-03-26T15:04:00","guid":{"rendered":"https:\/\/portaltela.pt\/noticias\/2026\/03\/26\/morte-de-amigo-por-tiro-acidental-resulta-em-prisao-de-4-anos-e-9-meses\/"},"modified":"2026-03-26T12:04:00","modified_gmt":"2026-03-26T15:04:00","slug":"morte-de-amigo-por-tiro-acidental-resulta-em-prisao-de-4-anos-e-9-meses","status":"publish","type":"post","link":"https:\/\/portaltela.pt\/noticias\/2026\/03\/26\/morte-de-amigo-por-tiro-acidental-resulta-em-prisao-de-4-anos-e-9-meses\/","title":{"rendered":"Morte de amigo por tiro acidental resulta em pris\u00e3o de 4 anos e 9 meses"},"content":{"rendered":"<p>O homem que matou um amigo com um tiro acidental num caf\u00e9 na Nazar\u00e9, em abril do ano passado, foi condenado a 4 anos e 9 meses de pris\u00e3o efetiva. A pena n\u00e3o foi suspensa pelo tribunal, que entendeu n\u00e3o haver entendimento social sobre a decis\u00e3o.<\/p>\n<p>Segundo a decis\u00e3o, o arguido tinha a obriga\u00e7\u00e3o de prever o risco de manusear uma arma, especialmente em liberdade condicional. A magistrada refor\u00e7ou que, ainda que o incidente tenha sido acidental, o epis\u00f3dio ocorreu a partir de um gesto excessivamente imprudente com um objeto perigoso.<\/p>\n<p>No dia do ocorrido, Jo\u00e3o Batalha dirigiu-se ao caf\u00e9 habitual, requisitou bebidas para si e para os amigos, tirou a arma da mochila, mostrou-a na mesa e disparou para a v\u00edtima, que estava \u00e0 sua frente. A bala atingiu o peito do amigo, que morreu quatro dias depois no hospital.<\/p>\n<p>A ju\u00edza afirmou que o epis\u00f3dio \u00e9 inexplic\u00e1vel: n\u00e3o \u00e9 aceit\u00e1vel entrar num caf\u00e9 com uma arma e disparar contra um amigo. O tribunal considerou que o disparo decorreu de uma neglig\u00eancia grave, sem justifica\u00e7\u00e3o plaus\u00edvel.<\/p>\n<p>Jo\u00e3o Batalha vai manter-se em liberdade at\u00e9 ao tr\u00e2nsito em julgado da decis\u00e3o. O arguido ainda ter\u00e1 de pagar 120 mil euros de indemniza\u00e7\u00e3o \u00e0 fam\u00edlia da v\u00edtima e cerca de 26 mil euros \u00e0s Unidades Locais de Sa\u00fade de Coimbra e Leiria.<\/p>\n<p>Entre as atenuantes foram considerados o arrependimento demonstrado no julgamento e a confiss\u00e3o dos factos. No entanto, a ju\u00edza entendeu que esses elementos n\u00e3o bastam para suspender a pena, uma vez que o epis\u00f3dio ocorreu de forma grave e neurol\u00f3gica para a sociedade.<\/p>\n","protected":false},"excerpt":{"rendered":"<ul>\n<li>O Tribunal de Leiria condenou Jo\u00e3o Batalha a quatro anos e nove meses de pris\u00e3o efetiva pela morte acidental de um amigo num caf\u00e9 na Nazar\u00e9, em abril do ano passado.<\/li>\n<li>A pena n\u00e3o foi suspensa, com o tribunal a entender que a sociedade n\u00e3o iria entender, apesar de considerar o ato como acidente e de reconhecer que ele tinha a obriga\u00e7\u00e3o de prever o risco.<\/li>\n<li>Ficou provado que, no dia do incidente, Batalha tirou a arma da mochila, mostrou-a \u00e0 mesa, apontou-a ao amigo e premid o gatilho, acreditando que n\u00e3o estava carregada; a v\u00edtima faleceu quatro dias depois.<\/li>\n<li>A ju\u00edza afirmou que o que aconteceu \u00e9 inexplic\u00e1vel e sublinhou que n\u00e3o se entra num caf\u00e9 para disparar contra um amigo.<\/li>\n<li>O arguido continua em liberdade at\u00e9 tr\u00e2nsito em julgado e tem de pagar 120 mil euros de indemniza\u00e7\u00e3o \u00e0 fam\u00edlia da v\u00edtima e cerca de 26 mil euros \u00e0s Unidades Locais de Sa\u00fade de Coimbra e Leiria; houve atenuantes de arrependimento e confiss\u00e3o, mas insuficientes para suspender a pena.<\/li>\n<\/ul>\n","protected":false},"author":2,"featured_media":422426,"comment_status":"closed","ping_status":"closed","sticky":false,"template":"","format":"standard","meta":{"footnotes":""},"categories":[6815,1],"tags":[124,1345,2745,894,6990,4343],"class_list":["post-422421","post","type-post","status-publish","format-standard","has-post-thumbnail","hentry","category-justica","category-noticias","tag-arma-de-fogo","tag-homicidio","tag-indenizacoes","tag-nazare","tag-negligencia","tag-prisoes"],"yoast_head":"<!-- This site is optimized with the Yoast SEO plugin v27.2 - https:\/\/yoast.com\/product\/yoast-seo-wordpress\/ -->\n<title>Morte de amigo por tiro acidental resulta em pris\u00e3o de 4 anos e 9 meses - Portal Tela Portugal<\/title>\n<meta name=\"robots\" content=\"index, follow, max-snippet:-1, max-image-preview:large, max-video-preview:-1\" \/>\n<meta property=\"og:locale\" content=\"pt_PT\" \/>\n<meta property=\"og:type\" content=\"article\" \/>\n<meta property=\"og:title\" content=\"Morte de amigo por tiro acidental resulta em pris\u00e3o de 4 anos e 9 meses - Portal Tela Portugal\" \/>\n<meta property=\"og:description\" content=\"O Tribunal de Leiria condenou Jo\u00e3o Batalha a quatro anos e nove meses de pris\u00e3o efetiva pela morte acidental de um amigo num caf\u00e9 na Nazar\u00e9, em abril do ano passado. A pena n\u00e3o foi suspensa, com o tribunal a entender que a sociedade n\u00e3o iria entender, apesar de considerar o ato como acidente e de reconhecer que ele tinha a obriga\u00e7\u00e3o de prever o risco. Ficou provado que, no dia do incidente, Batalha tirou a arma da mochila, mostrou-a \u00e0 mesa, apontou-a ao amigo e premid o gatilho, acreditando que n\u00e3o estava carregada; a v\u00edtima faleceu quatro dias depois. A ju\u00edza afirmou que o que aconteceu \u00e9 inexplic\u00e1vel e sublinhou que n\u00e3o se entra num caf\u00e9 para disparar contra um amigo. O arguido continua em liberdade at\u00e9 tr\u00e2nsito em julgado e tem de pagar 120 mil euros de indemniza\u00e7\u00e3o \u00e0 fam\u00edlia da v\u00edtima e cerca de 26 mil euros \u00e0s Unidades Locais de Sa\u00fade de Coimbra e Leiria; houve atenuantes de arrependimento e confiss\u00e3o, mas insuficientes para suspender a pena.\" \/>\n<meta property=\"og:url\" content=\"https:\/\/portaltela.pt\/noticias\/2026\/03\/26\/morte-de-amigo-por-tiro-acidental-resulta-em-prisao-de-4-anos-e-9-meses\/\" \/>\n<meta property=\"og:site_name\" content=\"Portal Tela Portugal\" \/>\n<meta property=\"article:published_time\" content=\"2026-03-26T15:04:00+00:00\" \/>\n<meta name=\"author\" content=\"Telinha\" \/>\n<meta name=\"twitter:card\" content=\"summary_large_image\" \/>\n<meta name=\"twitter:label1\" content=\"Escrito por\" \/>\n\t<meta name=\"twitter:data1\" content=\"Telinha\" \/>\n\t<meta name=\"twitter:label2\" content=\"Tempo estimado de leitura\" \/>\n\t<meta name=\"twitter:data2\" content=\"1 minuto\" \/>\n<script type=\"application\/ld+json\" class=\"yoast-schema-graph\">{\"@context\":\"https:\/\/schema.org\",\"@graph\":[{\"@type\":\"Article\",\"@id\":\"https:\/\/portaltela.pt\/noticias\/2026\/03\/26\/morte-de-amigo-por-tiro-acidental-resulta-em-prisao-de-4-anos-e-9-meses\/#article\",\"isPartOf\":{\"@id\":\"https:\/\/portaltela.pt\/noticias\/2026\/03\/26\/morte-de-amigo-por-tiro-acidental-resulta-em-prisao-de-4-anos-e-9-meses\/\"},\"author\":{\"name\":\"Telinha\",\"@id\":\"https:\/\/portaltela.pt\/#\/schema\/person\/c4278d4a6028830caff9ee44b42d32ed\"},\"headline\":\"Morte de amigo por tiro acidental resulta em pris\u00e3o de 4 anos e 9 meses\",\"datePublished\":\"2026-03-26T15:04:00+00:00\",\"mainEntityOfPage\":{\"@id\":\"https:\/\/portaltela.pt\/noticias\/2026\/03\/26\/morte-de-amigo-por-tiro-acidental-resulta-em-prisao-de-4-anos-e-9-meses\/\"},\"wordCount\":299,\"image\":{\"@id\":\"https:\/\/portaltela.pt\/noticias\/2026\/03\/26\/morte-de-amigo-por-tiro-acidental-resulta-em-prisao-de-4-anos-e-9-meses\/#primaryimage\"},\"thumbnailUrl\":\"https:\/\/portaltela.pt\/s.01k8rhncp4jt1\/2026\/03\/image-154.webp\",\"keywords\":[\"arma de fogo\",\"homic\u00eddio\",\"indeniza\u00e7\u00f5es\",\"Nazar\u00e9\",\"neglig\u00eancia\",\"pris\u00f5es\"],\"articleSection\":[\"Justi\u00e7a\",\"Not\u00edcias\"],\"inLanguage\":\"pt-PT\"},{\"@type\":\"WebPage\",\"@id\":\"https:\/\/portaltela.pt\/noticias\/2026\/03\/26\/morte-de-amigo-por-tiro-acidental-resulta-em-prisao-de-4-anos-e-9-meses\/\",\"url\":\"https:\/\/portaltela.pt\/noticias\/2026\/03\/26\/morte-de-amigo-por-tiro-acidental-resulta-em-prisao-de-4-anos-e-9-meses\/\",\"name\":\"Morte de amigo por tiro acidental resulta em pris\u00e3o de 4 anos e 9 meses - Portal Tela Portugal\",\"isPartOf\":{\"@id\":\"https:\/\/portaltela.pt\/#website\"},\"primaryImageOfPage\":{\"@id\":\"https:\/\/portaltela.pt\/noticias\/2026\/03\/26\/morte-de-amigo-por-tiro-acidental-resulta-em-prisao-de-4-anos-e-9-meses\/#primaryimage\"},\"image\":{\"@id\":\"https:\/\/portaltela.pt\/noticias\/2026\/03\/26\/morte-de-amigo-por-tiro-acidental-resulta-em-prisao-de-4-anos-e-9-meses\/#primaryimage\"},\"thumbnailUrl\":\"https:\/\/portaltela.pt\/s.01k8rhncp4jt1\/2026\/03\/image-154.webp\",\"datePublished\":\"2026-03-26T15:04:00+00:00\",\"author\":{\"@id\":\"https:\/\/portaltela.pt\/#\/schema\/person\/c4278d4a6028830caff9ee44b42d32ed\"},\"breadcrumb\":{\"@id\":\"https:\/\/portaltela.pt\/noticias\/2026\/03\/26\/morte-de-amigo-por-tiro-acidental-resulta-em-prisao-de-4-anos-e-9-meses\/#breadcrumb\"},\"inLanguage\":\"pt-PT\",\"potentialAction\":[{\"@type\":\"ReadAction\",\"target\":[\"https:\/\/portaltela.pt\/noticias\/2026\/03\/26\/morte-de-amigo-por-tiro-acidental-resulta-em-prisao-de-4-anos-e-9-meses\/\"]}]},{\"@type\":\"ImageObject\",\"inLanguage\":\"pt-PT\",\"@id\":\"https:\/\/portaltela.pt\/noticias\/2026\/03\/26\/morte-de-amigo-por-tiro-acidental-resulta-em-prisao-de-4-anos-e-9-meses\/#primaryimage\",\"url\":\"https:\/\/portaltela.pt\/s.01k8rhncp4jt1\/2026\/03\/image-154.webp\",\"contentUrl\":\"https:\/\/portaltela.pt\/s.01k8rhncp4jt1\/2026\/03\/image-154.webp\",\"width\":1200,\"height\":798,\"caption\":\"Crime foi cometido num caf\u00e9 da Nazar\u00e9\"},{\"@type\":\"BreadcrumbList\",\"@id\":\"https:\/\/portaltela.pt\/noticias\/2026\/03\/26\/morte-de-amigo-por-tiro-acidental-resulta-em-prisao-de-4-anos-e-9-meses\/#breadcrumb\",\"itemListElement\":[{\"@type\":\"ListItem\",\"position\":1,\"name\":\"In\u00edcio\",\"item\":\"https:\/\/portaltela.pt\/\"},{\"@type\":\"ListItem\",\"position\":2,\"name\":\"Morte de amigo por tiro acidental resulta em pris\u00e3o de 4 anos e 9 meses\"}]},{\"@type\":\"WebSite\",\"@id\":\"https:\/\/portaltela.pt\/#website\",\"url\":\"https:\/\/portaltela.pt\/\",\"name\":\"Portal Tela Portugal\",\"description\":\"\",\"potentialAction\":[{\"@type\":\"SearchAction\",\"target\":{\"@type\":\"EntryPoint\",\"urlTemplate\":\"https:\/\/portaltela.pt\/?s={search_term_string}\"},\"query-input\":{\"@type\":\"PropertyValueSpecification\",\"valueRequired\":true,\"valueName\":\"search_term_string\"}}],\"inLanguage\":\"pt-PT\"},{\"@type\":\"Person\",\"@id\":\"https:\/\/portaltela.pt\/#\/schema\/person\/c4278d4a6028830caff9ee44b42d32ed\",\"name\":\"Telinha\",\"image\":{\"@type\":\"ImageObject\",\"inLanguage\":\"pt-PT\",\"@id\":\"https:\/\/portaltela.pt\/s.01k8rhncp4jt1\/2025\/11\/talking-bot-125x125.png\",\"url\":\"https:\/\/portaltela.pt\/s.01k8rhncp4jt1\/2025\/11\/talking-bot-125x125.png\",\"contentUrl\":\"https:\/\/portaltela.pt\/s.01k8rhncp4jt1\/2025\/11\/talking-bot-125x125.png\",\"caption\":\"Telinha\"},\"sameAs\":[\"https:\/\/portaltela.pt\/\"],\"url\":\"https:\/\/portaltela.pt\/por\/367410592786\/\"}]}<\/script>\n<!-- \/ Yoast SEO plugin. -->","yoast_head_json":{"title":"Morte de amigo por tiro acidental resulta em pris\u00e3o de 4 anos e 9 meses - Portal Tela Portugal","robots":{"index":"index","follow":"follow","max-snippet":"max-snippet:-1","max-image-preview":"max-image-preview:large","max-video-preview":"max-video-preview:-1"},"og_locale":"pt_PT","og_type":"article","og_title":"Morte de amigo por tiro acidental resulta em pris\u00e3o de 4 anos e 9 meses - Portal Tela Portugal","og_description":"O Tribunal de Leiria condenou Jo\u00e3o Batalha a quatro anos e nove meses de pris\u00e3o efetiva pela morte acidental de um amigo num caf\u00e9 na Nazar\u00e9, em abril do ano passado. A pena n\u00e3o foi suspensa, com o tribunal a entender que a sociedade n\u00e3o iria entender, apesar de considerar o ato como acidente e de reconhecer que ele tinha a obriga\u00e7\u00e3o de prever o risco. Ficou provado que, no dia do incidente, Batalha tirou a arma da mochila, mostrou-a \u00e0 mesa, apontou-a ao amigo e premid o gatilho, acreditando que n\u00e3o estava carregada; a v\u00edtima faleceu quatro dias depois. A ju\u00edza afirmou que o que aconteceu \u00e9 inexplic\u00e1vel e sublinhou que n\u00e3o se entra num caf\u00e9 para disparar contra um amigo. O arguido continua em liberdade at\u00e9 tr\u00e2nsito em julgado e tem de pagar 120 mil euros de indemniza\u00e7\u00e3o \u00e0 fam\u00edlia da v\u00edtima e cerca de 26 mil euros \u00e0s Unidades Locais de Sa\u00fade de Coimbra e Leiria; houve atenuantes de arrependimento e confiss\u00e3o, mas insuficientes para suspender a pena.","og_url":"https:\/\/portaltela.pt\/noticias\/2026\/03\/26\/morte-de-amigo-por-tiro-acidental-resulta-em-prisao-de-4-anos-e-9-meses\/","og_site_name":"Portal Tela Portugal","article_published_time":"2026-03-26T15:04:00+00:00","author":"Telinha","twitter_card":"summary_large_image","twitter_misc":{"Escrito por":"Telinha","Tempo estimado de leitura":"1 minuto"},"schema":{"@context":"https:\/\/schema.org","@graph":[{"@type":"Article","@id":"https:\/\/portaltela.pt\/noticias\/2026\/03\/26\/morte-de-amigo-por-tiro-acidental-resulta-em-prisao-de-4-anos-e-9-meses\/#article","isPartOf":{"@id":"https:\/\/portaltela.pt\/noticias\/2026\/03\/26\/morte-de-amigo-por-tiro-acidental-resulta-em-prisao-de-4-anos-e-9-meses\/"},"author":{"name":"Telinha","@id":"https:\/\/portaltela.pt\/#\/schema\/person\/c4278d4a6028830caff9ee44b42d32ed"},"headline":"Morte de amigo por tiro acidental resulta em pris\u00e3o de 4 anos e 9 meses","datePublished":"2026-03-26T15:04:00+00:00","mainEntityOfPage":{"@id":"https:\/\/portaltela.pt\/noticias\/2026\/03\/26\/morte-de-amigo-por-tiro-acidental-resulta-em-prisao-de-4-anos-e-9-meses\/"},"wordCount":299,"image":{"@id":"https:\/\/portaltela.pt\/noticias\/2026\/03\/26\/morte-de-amigo-por-tiro-acidental-resulta-em-prisao-de-4-anos-e-9-meses\/#primaryimage"},"thumbnailUrl":"https:\/\/portaltela.pt\/s.01k8rhncp4jt1\/2026\/03\/image-154.webp","keywords":["arma de fogo","homic\u00eddio","indeniza\u00e7\u00f5es","Nazar\u00e9","neglig\u00eancia","pris\u00f5es"],"articleSection":["Justi\u00e7a","Not\u00edcias"],"inLanguage":"pt-PT"},{"@type":"WebPage","@id":"https:\/\/portaltela.pt\/noticias\/2026\/03\/26\/morte-de-amigo-por-tiro-acidental-resulta-em-prisao-de-4-anos-e-9-meses\/","url":"https:\/\/portaltela.pt\/noticias\/2026\/03\/26\/morte-de-amigo-por-tiro-acidental-resulta-em-prisao-de-4-anos-e-9-meses\/","name":"Morte de amigo por tiro acidental resulta em pris\u00e3o de 4 anos e 9 meses - Portal Tela Portugal","isPartOf":{"@id":"https:\/\/portaltela.pt\/#website"},"primaryImageOfPage":{"@id":"https:\/\/portaltela.pt\/noticias\/2026\/03\/26\/morte-de-amigo-por-tiro-acidental-resulta-em-prisao-de-4-anos-e-9-meses\/#primaryimage"},"image":{"@id":"https:\/\/portaltela.pt\/noticias\/2026\/03\/26\/morte-de-amigo-por-tiro-acidental-resulta-em-prisao-de-4-anos-e-9-meses\/#primaryimage"},"thumbnailUrl":"https:\/\/portaltela.pt\/s.01k8rhncp4jt1\/2026\/03\/image-154.webp","datePublished":"2026-03-26T15:04:00+00:00","author":{"@id":"https:\/\/portaltela.pt\/#\/schema\/person\/c4278d4a6028830caff9ee44b42d32ed"},"breadcrumb":{"@id":"https:\/\/portaltela.pt\/noticias\/2026\/03\/26\/morte-de-amigo-por-tiro-acidental-resulta-em-prisao-de-4-anos-e-9-meses\/#breadcrumb"},"inLanguage":"pt-PT","potentialAction":[{"@type":"ReadAction","target":["https:\/\/portaltela.pt\/noticias\/2026\/03\/26\/morte-de-amigo-por-tiro-acidental-resulta-em-prisao-de-4-anos-e-9-meses\/"]}]},{"@type":"ImageObject","inLanguage":"pt-PT","@id":"https:\/\/portaltela.pt\/noticias\/2026\/03\/26\/morte-de-amigo-por-tiro-acidental-resulta-em-prisao-de-4-anos-e-9-meses\/#primaryimage","url":"https:\/\/portaltela.pt\/s.01k8rhncp4jt1\/2026\/03\/image-154.webp","contentUrl":"https:\/\/portaltela.pt\/s.01k8rhncp4jt1\/2026\/03\/image-154.webp","width":1200,"height":798,"caption":"Crime foi cometido num caf\u00e9 da Nazar\u00e9"},{"@type":"BreadcrumbList","@id":"https:\/\/portaltela.pt\/noticias\/2026\/03\/26\/morte-de-amigo-por-tiro-acidental-resulta-em-prisao-de-4-anos-e-9-meses\/#breadcrumb","itemListElement":[{"@type":"ListItem","position":1,"name":"In\u00edcio","item":"https:\/\/portaltela.pt\/"},{"@type":"ListItem","position":2,"name":"Morte de amigo por tiro acidental resulta em pris\u00e3o de 4 anos e 9 meses"}]},{"@type":"WebSite","@id":"https:\/\/portaltela.pt\/#website","url":"https:\/\/portaltela.pt\/","name":"Portal Tela Portugal","description":"","potentialAction":[{"@type":"SearchAction","target":{"@type":"EntryPoint","urlTemplate":"https:\/\/portaltela.pt\/?s={search_term_string}"},"query-input":{"@type":"PropertyValueSpecification","valueRequired":true,"valueName":"search_term_string"}}],"inLanguage":"pt-PT"},{"@type":"Person","@id":"https:\/\/portaltela.pt\/#\/schema\/person\/c4278d4a6028830caff9ee44b42d32ed","name":"Telinha","image":{"@type":"ImageObject","inLanguage":"pt-PT","@id":"https:\/\/portaltela.pt\/s.01k8rhncp4jt1\/2025\/11\/talking-bot-125x125.png","url":"https:\/\/portaltela.pt\/s.01k8rhncp4jt1\/2025\/11\/talking-bot-125x125.png","contentUrl":"https:\/\/portaltela.pt\/s.01k8rhncp4jt1\/2025\/11\/talking-bot-125x125.png","caption":"Telinha"},"sameAs":["https:\/\/portaltela.pt\/"],"url":"https:\/\/portaltela.pt\/por\/367410592786\/"}]}},"_links":{"self":[{"href":"https:\/\/portaltela.pt\/api\/wp\/v2\/posts\/422421","targetHints":{"allow":["GET"]}}],"collection":[{"href":"https:\/\/portaltela.pt\/api\/wp\/v2\/posts"}],"about":[{"href":"https:\/\/portaltela.pt\/api\/wp\/v2\/types\/post"}],"author":[{"embeddable":true,"href":"https:\/\/portaltela.pt\/api\/wp\/v2\/users\/2"}],"replies":[{"embeddable":true,"href":"https:\/\/portaltela.pt\/api\/wp\/v2\/comments?post=422421"}],"version-history":[{"count":0,"href":"https:\/\/portaltela.pt\/api\/wp\/v2\/posts\/422421\/revisions"}],"wp:featuredmedia":[{"embeddable":true,"href":"https:\/\/portaltela.pt\/api\/wp\/v2\/media\/422426"}],"wp:attachment":[{"href":"https:\/\/portaltela.pt\/api\/wp\/v2\/media?parent=422421"}],"wp:term":[{"taxonomy":"category","embeddable":true,"href":"https:\/\/portaltela.pt\/api\/wp\/v2\/categories?post=422421"},{"taxonomy":"post_tag","embeddable":true,"href":"https:\/\/portaltela.pt\/api\/wp\/v2\/tags?post=422421"}],"curies":[{"name":"wp","href":"https:\/\/api.w.org\/{rel}","templated":true}]}}