{"id":422415,"date":"2026-03-26T11:59:00","date_gmt":"2026-03-26T14:59:00","guid":{"rendered":"https:\/\/portaltela.pt\/noticias\/2026\/03\/26\/terceira-reabre-algar-do-carvao-mas-centro-de-visitantes-continua-ausente\/"},"modified":"2026-03-26T11:59:00","modified_gmt":"2026-03-26T14:59:00","slug":"terceira-reabre-algar-do-carvao-mas-centro-de-visitantes-continua-ausente","status":"publish","type":"post","link":"https:\/\/portaltela.pt\/noticias\/2026\/03\/26\/terceira-reabre-algar-do-carvao-mas-centro-de-visitantes-continua-ausente\/","title":{"rendered":"Terceira reabre Algar do Carv\u00e3o, mas Centro de Visitantes continua ausente"},"content":{"rendered":"<p>O Algar do Carv\u00e3o, na ilha Terceira, reabriu para visitas ap\u00f3s encerramento em outubro de 2024 para a constru\u00e7\u00e3o de um Centro de Visitantes. At\u00e9 ao final de mar\u00e7o, o interior da chamin\u00e9 pode ser visitado quatro dias por semana, entre as 14h30 e as 17h. A partir de abril, a abertura passa a ser di\u00e1ria, mas as novas instala\u00e7\u00f5es ainda n\u00e3o est\u00e3o conclu\u00eddas.<\/p>\n<p>At\u00e9 31 de mar\u00e7o, o acesso est\u00e1 limitado \u00e0s ter\u00e7as, quartas, sextas e s\u00e1bados. Os bilhetes continuam a custar 10 euros e s\u00e3o vendidos \u00e0 chegada, sem venda antecipada. N\u00e3o est\u00e3o dispon\u00edveis as entradas combinadas com a Gruta do Natal neste per\u00edodo.<\/p>\n<p>Aventa responsabilidade pela gest\u00e3o, a Associa\u00e7\u00e3o Os Montanheiros informou \u00e0 Fugas que o espa\u00e7o de bilheteira atual \u00e9 improvisado e n\u00e3o h\u00e1 bar, loja, instala\u00e7\u00f5es sanit\u00e1rias ou zonas de abrigo ainda instaladas. O novo Centro de Visitantes incluir\u00e1 interpreta\u00e7\u00e3o, loja e sanit\u00e1rios.<\/p>\n<h3>A evolu\u00e7\u00e3o das obras<\/h3>\n<p>O Centro de Visitantes est\u00e1 em constru\u00e7\u00e3o e poder\u00e1 encerrar temporariamente por curtos ou longos per\u00edodos, sem aviso pr\u00e9vio, devido \u00e0s obras em curso. O prazo de conclus\u00e3o, segundo a empresa de constru\u00e7\u00e3o, \u00e9 apontado para final de junho.<\/p>\n<p>Para chegar ao patamar principal, o visitante percorre um percurso que contorna as obras, entra num t\u00fanel, desce 114 degraus e atinge o cone vulc\u00e2nico, com uma lagoa alimentada por infiltra\u00e7\u00f5es. A visita envolve caminhadas com piso escorregadio devido \u00e0 humidade.<\/p>\n<p>Antes de ser aberto ao p\u00fablico, o Algar do Carv\u00e3o passou por v\u00e1rias fases de explora\u00e7\u00e3o. A gruta surgiu do vulc\u00e3o com uma primeira descida organizada em 1963, e o t\u00fanel atual foi constru\u00eddo ao longo de d\u00e9cadas, com a estrutura finalizada em 2003.<\/p>\n<p>O Algar do Carv\u00e3o \u00e9 classificado como s\u00edtio de interesse geol\u00f3gico e faz parte do Geoparque dos A\u00e7ores. Em tempos, esteve entre os finalistas do concurso 7 Maravilhas Naturais de Portugal, mas n\u00e3o venceu.<\/p>\n","protected":false},"excerpt":{"rendered":"<ul>\n<li>O Algar do Carv\u00e3o reabriu para visitas, mas o Centro de Visitantes est\u00e1 em constru\u00e7\u00e3o e a data de abertura completa n\u00e3o \u00e9 anunciada; a conclus\u00e3o est\u00e1 prevista para final de junho.<\/li>\n<li>At\u00e9 31 de mar\u00e7o, a gruta pode ser visitada apenas quatro dias por semana (ter\u00e7a, quarta, sexta e s\u00e1bado) entre as 14h30 e as 17h; a partir de abril a abertura passa a ser di\u00e1ria, ainda sem instala\u00e7\u00f5es conclu\u00eddas.<\/li>\n<li>Os bilhetes mant\u00eam o pre\u00e7o de 10 euros; n\u00e3o est\u00e3o dispon\u00edveis entradas combinadas com a Gruta do Natal neste est\u00e1gio.<\/li>\n<li>O Centro de Visitantes dever\u00e1 incluir uma \u00e1rea de interpreta\u00e7\u00e3o, loja e instala\u00e7\u00f5es sanit\u00e1rias; as obras podem provocar encerramentos tempor\u00e1rios sem aviso pr\u00e9vio.<\/li>\n<li>A gruta possui degraus e passagens extensas, com condi\u00e7\u00f5es de humidade elevadas; \u00e9 aconselh\u00e1vel cal\u00e7ado adequado e vestu\u00e1rio quente devido ao frio dentro do cone vulc\u00e2nico.<\/li>\n<\/ul>\n","protected":false},"author":2,"featured_media":422418,"comment_status":"closed","ping_status":"closed","sticky":false,"template":"","format":"standard","meta":{"footnotes":""},"categories":[6725,1],"tags":[822,1718,5714,45,169,3445],"class_list":["post-422415","post","type-post","status-publish","format-standard","has-post-thumbnail","hentry","category-meio-ambiente","category-noticias","tag-acores","tag-cultura-e-turismo","tag-geoparques","tag-meio-ambiente","tag-turismo","tag-turismo-sustentavel"],"yoast_head":"<!-- This site is optimized with the Yoast SEO plugin v27.2 - https:\/\/yoast.com\/product\/yoast-seo-wordpress\/ -->\n<title>Terceira reabre Algar do Carv\u00e3o, mas Centro de Visitantes continua ausente - Portal Tela Portugal<\/title>\n<meta name=\"robots\" content=\"index, follow, max-snippet:-1, max-image-preview:large, max-video-preview:-1\" \/>\n<meta property=\"og:locale\" content=\"pt_PT\" \/>\n<meta property=\"og:type\" content=\"article\" \/>\n<meta property=\"og:title\" content=\"Terceira reabre Algar do Carv\u00e3o, mas Centro de Visitantes continua ausente - Portal Tela Portugal\" \/>\n<meta property=\"og:description\" content=\"O Algar do Carv\u00e3o reabriu para visitas, mas o Centro de Visitantes est\u00e1 em constru\u00e7\u00e3o e a data de abertura completa n\u00e3o \u00e9 anunciada; a conclus\u00e3o est\u00e1 prevista para final de junho. At\u00e9 31 de mar\u00e7o, a gruta pode ser visitada apenas quatro dias por semana (ter\u00e7a, quarta, sexta e s\u00e1bado) entre as 14h30 e as 17h; a partir de abril a abertura passa a ser di\u00e1ria, ainda sem instala\u00e7\u00f5es conclu\u00eddas. Os bilhetes mant\u00eam o pre\u00e7o de 10 euros; n\u00e3o est\u00e3o dispon\u00edveis entradas combinadas com a Gruta do Natal neste est\u00e1gio. O Centro de Visitantes dever\u00e1 incluir uma \u00e1rea de interpreta\u00e7\u00e3o, loja e instala\u00e7\u00f5es sanit\u00e1rias; as obras podem provocar encerramentos tempor\u00e1rios sem aviso pr\u00e9vio. A gruta possui degraus e passagens extensas, com condi\u00e7\u00f5es de humidade elevadas; \u00e9 aconselh\u00e1vel cal\u00e7ado adequado e vestu\u00e1rio quente devido ao frio dentro do cone vulc\u00e2nico.\" \/>\n<meta property=\"og:url\" content=\"https:\/\/portaltela.pt\/noticias\/2026\/03\/26\/terceira-reabre-algar-do-carvao-mas-centro-de-visitantes-continua-ausente\/\" \/>\n<meta property=\"og:site_name\" content=\"Portal Tela Portugal\" \/>\n<meta property=\"article:published_time\" content=\"2026-03-26T14:59:00+00:00\" \/>\n<meta name=\"author\" content=\"Telinha\" \/>\n<meta name=\"twitter:card\" content=\"summary_large_image\" \/>\n<meta name=\"twitter:label1\" content=\"Escrito por\" \/>\n\t<meta name=\"twitter:data1\" content=\"Telinha\" \/>\n\t<meta name=\"twitter:label2\" content=\"Tempo estimado de leitura\" \/>\n\t<meta name=\"twitter:data2\" content=\"2 minutos\" \/>\n<script type=\"application\/ld+json\" class=\"yoast-schema-graph\">{\"@context\":\"https:\/\/schema.org\",\"@graph\":[{\"@type\":\"Article\",\"@id\":\"https:\/\/portaltela.pt\/noticias\/2026\/03\/26\/terceira-reabre-algar-do-carvao-mas-centro-de-visitantes-continua-ausente\/#article\",\"isPartOf\":{\"@id\":\"https:\/\/portaltela.pt\/noticias\/2026\/03\/26\/terceira-reabre-algar-do-carvao-mas-centro-de-visitantes-continua-ausente\/\"},\"author\":{\"name\":\"Telinha\",\"@id\":\"https:\/\/portaltela.pt\/#\/schema\/person\/c4278d4a6028830caff9ee44b42d32ed\"},\"headline\":\"Terceira reabre Algar do Carv\u00e3o, mas Centro de Visitantes continua ausente\",\"datePublished\":\"2026-03-26T14:59:00+00:00\",\"mainEntityOfPage\":{\"@id\":\"https:\/\/portaltela.pt\/noticias\/2026\/03\/26\/terceira-reabre-algar-do-carvao-mas-centro-de-visitantes-continua-ausente\/\"},\"wordCount\":356,\"image\":{\"@id\":\"https:\/\/portaltela.pt\/noticias\/2026\/03\/26\/terceira-reabre-algar-do-carvao-mas-centro-de-visitantes-continua-ausente\/#primaryimage\"},\"thumbnailUrl\":\"https:\/\/portaltela.pt\/s.01k8rhncp4jt1\/2026\/03\/tpUHdbIMAGENStypeJPGshare1oBarraFacebook_Fugas-10.jpg\",\"keywords\":[\"A\u00e7ores\",\"Cultura e Turismo\",\"geoparques\",\"meio-ambiente\",\"turismo\",\"Turismo Sustent\u00e1vel\"],\"articleSection\":[\"Meio Ambiente\",\"Not\u00edcias\"],\"inLanguage\":\"pt-PT\"},{\"@type\":\"WebPage\",\"@id\":\"https:\/\/portaltela.pt\/noticias\/2026\/03\/26\/terceira-reabre-algar-do-carvao-mas-centro-de-visitantes-continua-ausente\/\",\"url\":\"https:\/\/portaltela.pt\/noticias\/2026\/03\/26\/terceira-reabre-algar-do-carvao-mas-centro-de-visitantes-continua-ausente\/\",\"name\":\"Terceira reabre Algar do Carv\u00e3o, mas Centro de Visitantes continua ausente - Portal Tela Portugal\",\"isPartOf\":{\"@id\":\"https:\/\/portaltela.pt\/#website\"},\"primaryImageOfPage\":{\"@id\":\"https:\/\/portaltela.pt\/noticias\/2026\/03\/26\/terceira-reabre-algar-do-carvao-mas-centro-de-visitantes-continua-ausente\/#primaryimage\"},\"image\":{\"@id\":\"https:\/\/portaltela.pt\/noticias\/2026\/03\/26\/terceira-reabre-algar-do-carvao-mas-centro-de-visitantes-continua-ausente\/#primaryimage\"},\"thumbnailUrl\":\"https:\/\/portaltela.pt\/s.01k8rhncp4jt1\/2026\/03\/tpUHdbIMAGENStypeJPGshare1oBarraFacebook_Fugas-10.jpg\",\"datePublished\":\"2026-03-26T14:59:00+00:00\",\"author\":{\"@id\":\"https:\/\/portaltela.pt\/#\/schema\/person\/c4278d4a6028830caff9ee44b42d32ed\"},\"breadcrumb\":{\"@id\":\"https:\/\/portaltela.pt\/noticias\/2026\/03\/26\/terceira-reabre-algar-do-carvao-mas-centro-de-visitantes-continua-ausente\/#breadcrumb\"},\"inLanguage\":\"pt-PT\",\"potentialAction\":[{\"@type\":\"ReadAction\",\"target\":[\"https:\/\/portaltela.pt\/noticias\/2026\/03\/26\/terceira-reabre-algar-do-carvao-mas-centro-de-visitantes-continua-ausente\/\"]}]},{\"@type\":\"ImageObject\",\"inLanguage\":\"pt-PT\",\"@id\":\"https:\/\/portaltela.pt\/noticias\/2026\/03\/26\/terceira-reabre-algar-do-carvao-mas-centro-de-visitantes-continua-ausente\/#primaryimage\",\"url\":\"https:\/\/portaltela.pt\/s.01k8rhncp4jt1\/2026\/03\/tpUHdbIMAGENStypeJPGshare1oBarraFacebook_Fugas-10.jpg\",\"contentUrl\":\"https:\/\/portaltela.pt\/s.01k8rhncp4jt1\/2026\/03\/tpUHdbIMAGENStypeJPGshare1oBarraFacebook_Fugas-10.jpg\",\"width\":1200,\"height\":630,\"caption\":\"O Algar do Carv\u00e3o \u00e9 uma gruta no interior de um cone vulc\u00e2nico\"},{\"@type\":\"BreadcrumbList\",\"@id\":\"https:\/\/portaltela.pt\/noticias\/2026\/03\/26\/terceira-reabre-algar-do-carvao-mas-centro-de-visitantes-continua-ausente\/#breadcrumb\",\"itemListElement\":[{\"@type\":\"ListItem\",\"position\":1,\"name\":\"In\u00edcio\",\"item\":\"https:\/\/portaltela.pt\/\"},{\"@type\":\"ListItem\",\"position\":2,\"name\":\"Terceira reabre Algar do Carv\u00e3o, mas Centro de Visitantes continua ausente\"}]},{\"@type\":\"WebSite\",\"@id\":\"https:\/\/portaltela.pt\/#website\",\"url\":\"https:\/\/portaltela.pt\/\",\"name\":\"Portal Tela Portugal\",\"description\":\"\",\"potentialAction\":[{\"@type\":\"SearchAction\",\"target\":{\"@type\":\"EntryPoint\",\"urlTemplate\":\"https:\/\/portaltela.pt\/?s={search_term_string}\"},\"query-input\":{\"@type\":\"PropertyValueSpecification\",\"valueRequired\":true,\"valueName\":\"search_term_string\"}}],\"inLanguage\":\"pt-PT\"},{\"@type\":\"Person\",\"@id\":\"https:\/\/portaltela.pt\/#\/schema\/person\/c4278d4a6028830caff9ee44b42d32ed\",\"name\":\"Telinha\",\"image\":{\"@type\":\"ImageObject\",\"inLanguage\":\"pt-PT\",\"@id\":\"https:\/\/portaltela.pt\/s.01k8rhncp4jt1\/2025\/11\/talking-bot-125x125.png\",\"url\":\"https:\/\/portaltela.pt\/s.01k8rhncp4jt1\/2025\/11\/talking-bot-125x125.png\",\"contentUrl\":\"https:\/\/portaltela.pt\/s.01k8rhncp4jt1\/2025\/11\/talking-bot-125x125.png\",\"caption\":\"Telinha\"},\"sameAs\":[\"https:\/\/portaltela.pt\/\"],\"url\":\"https:\/\/portaltela.pt\/por\/367410592786\/\"}]}<\/script>\n<!-- \/ Yoast SEO plugin. -->","yoast_head_json":{"title":"Terceira reabre Algar do Carv\u00e3o, mas Centro de Visitantes continua ausente - Portal Tela Portugal","robots":{"index":"index","follow":"follow","max-snippet":"max-snippet:-1","max-image-preview":"max-image-preview:large","max-video-preview":"max-video-preview:-1"},"og_locale":"pt_PT","og_type":"article","og_title":"Terceira reabre Algar do Carv\u00e3o, mas Centro de Visitantes continua ausente - Portal Tela Portugal","og_description":"O Algar do Carv\u00e3o reabriu para visitas, mas o Centro de Visitantes est\u00e1 em constru\u00e7\u00e3o e a data de abertura completa n\u00e3o \u00e9 anunciada; a conclus\u00e3o est\u00e1 prevista para final de junho. At\u00e9 31 de mar\u00e7o, a gruta pode ser visitada apenas quatro dias por semana (ter\u00e7a, quarta, sexta e s\u00e1bado) entre as 14h30 e as 17h; a partir de abril a abertura passa a ser di\u00e1ria, ainda sem instala\u00e7\u00f5es conclu\u00eddas. Os bilhetes mant\u00eam o pre\u00e7o de 10 euros; n\u00e3o est\u00e3o dispon\u00edveis entradas combinadas com a Gruta do Natal neste est\u00e1gio. O Centro de Visitantes dever\u00e1 incluir uma \u00e1rea de interpreta\u00e7\u00e3o, loja e instala\u00e7\u00f5es sanit\u00e1rias; as obras podem provocar encerramentos tempor\u00e1rios sem aviso pr\u00e9vio. A gruta possui degraus e passagens extensas, com condi\u00e7\u00f5es de humidade elevadas; \u00e9 aconselh\u00e1vel cal\u00e7ado adequado e vestu\u00e1rio quente devido ao frio dentro do cone vulc\u00e2nico.","og_url":"https:\/\/portaltela.pt\/noticias\/2026\/03\/26\/terceira-reabre-algar-do-carvao-mas-centro-de-visitantes-continua-ausente\/","og_site_name":"Portal Tela Portugal","article_published_time":"2026-03-26T14:59:00+00:00","author":"Telinha","twitter_card":"summary_large_image","twitter_misc":{"Escrito por":"Telinha","Tempo estimado de leitura":"2 minutos"},"schema":{"@context":"https:\/\/schema.org","@graph":[{"@type":"Article","@id":"https:\/\/portaltela.pt\/noticias\/2026\/03\/26\/terceira-reabre-algar-do-carvao-mas-centro-de-visitantes-continua-ausente\/#article","isPartOf":{"@id":"https:\/\/portaltela.pt\/noticias\/2026\/03\/26\/terceira-reabre-algar-do-carvao-mas-centro-de-visitantes-continua-ausente\/"},"author":{"name":"Telinha","@id":"https:\/\/portaltela.pt\/#\/schema\/person\/c4278d4a6028830caff9ee44b42d32ed"},"headline":"Terceira reabre Algar do Carv\u00e3o, mas Centro de Visitantes continua ausente","datePublished":"2026-03-26T14:59:00+00:00","mainEntityOfPage":{"@id":"https:\/\/portaltela.pt\/noticias\/2026\/03\/26\/terceira-reabre-algar-do-carvao-mas-centro-de-visitantes-continua-ausente\/"},"wordCount":356,"image":{"@id":"https:\/\/portaltela.pt\/noticias\/2026\/03\/26\/terceira-reabre-algar-do-carvao-mas-centro-de-visitantes-continua-ausente\/#primaryimage"},"thumbnailUrl":"https:\/\/portaltela.pt\/s.01k8rhncp4jt1\/2026\/03\/tpUHdbIMAGENStypeJPGshare1oBarraFacebook_Fugas-10.jpg","keywords":["A\u00e7ores","Cultura e Turismo","geoparques","meio-ambiente","turismo","Turismo Sustent\u00e1vel"],"articleSection":["Meio Ambiente","Not\u00edcias"],"inLanguage":"pt-PT"},{"@type":"WebPage","@id":"https:\/\/portaltela.pt\/noticias\/2026\/03\/26\/terceira-reabre-algar-do-carvao-mas-centro-de-visitantes-continua-ausente\/","url":"https:\/\/portaltela.pt\/noticias\/2026\/03\/26\/terceira-reabre-algar-do-carvao-mas-centro-de-visitantes-continua-ausente\/","name":"Terceira reabre Algar do Carv\u00e3o, mas Centro de Visitantes continua ausente - Portal Tela Portugal","isPartOf":{"@id":"https:\/\/portaltela.pt\/#website"},"primaryImageOfPage":{"@id":"https:\/\/portaltela.pt\/noticias\/2026\/03\/26\/terceira-reabre-algar-do-carvao-mas-centro-de-visitantes-continua-ausente\/#primaryimage"},"image":{"@id":"https:\/\/portaltela.pt\/noticias\/2026\/03\/26\/terceira-reabre-algar-do-carvao-mas-centro-de-visitantes-continua-ausente\/#primaryimage"},"thumbnailUrl":"https:\/\/portaltela.pt\/s.01k8rhncp4jt1\/2026\/03\/tpUHdbIMAGENStypeJPGshare1oBarraFacebook_Fugas-10.jpg","datePublished":"2026-03-26T14:59:00+00:00","author":{"@id":"https:\/\/portaltela.pt\/#\/schema\/person\/c4278d4a6028830caff9ee44b42d32ed"},"breadcrumb":{"@id":"https:\/\/portaltela.pt\/noticias\/2026\/03\/26\/terceira-reabre-algar-do-carvao-mas-centro-de-visitantes-continua-ausente\/#breadcrumb"},"inLanguage":"pt-PT","potentialAction":[{"@type":"ReadAction","target":["https:\/\/portaltela.pt\/noticias\/2026\/03\/26\/terceira-reabre-algar-do-carvao-mas-centro-de-visitantes-continua-ausente\/"]}]},{"@type":"ImageObject","inLanguage":"pt-PT","@id":"https:\/\/portaltela.pt\/noticias\/2026\/03\/26\/terceira-reabre-algar-do-carvao-mas-centro-de-visitantes-continua-ausente\/#primaryimage","url":"https:\/\/portaltela.pt\/s.01k8rhncp4jt1\/2026\/03\/tpUHdbIMAGENStypeJPGshare1oBarraFacebook_Fugas-10.jpg","contentUrl":"https:\/\/portaltela.pt\/s.01k8rhncp4jt1\/2026\/03\/tpUHdbIMAGENStypeJPGshare1oBarraFacebook_Fugas-10.jpg","width":1200,"height":630,"caption":"O Algar do Carv\u00e3o \u00e9 uma gruta no interior de um cone vulc\u00e2nico"},{"@type":"BreadcrumbList","@id":"https:\/\/portaltela.pt\/noticias\/2026\/03\/26\/terceira-reabre-algar-do-carvao-mas-centro-de-visitantes-continua-ausente\/#breadcrumb","itemListElement":[{"@type":"ListItem","position":1,"name":"In\u00edcio","item":"https:\/\/portaltela.pt\/"},{"@type":"ListItem","position":2,"name":"Terceira reabre Algar do Carv\u00e3o, mas Centro de Visitantes continua ausente"}]},{"@type":"WebSite","@id":"https:\/\/portaltela.pt\/#website","url":"https:\/\/portaltela.pt\/","name":"Portal Tela Portugal","description":"","potentialAction":[{"@type":"SearchAction","target":{"@type":"EntryPoint","urlTemplate":"https:\/\/portaltela.pt\/?s={search_term_string}"},"query-input":{"@type":"PropertyValueSpecification","valueRequired":true,"valueName":"search_term_string"}}],"inLanguage":"pt-PT"},{"@type":"Person","@id":"https:\/\/portaltela.pt\/#\/schema\/person\/c4278d4a6028830caff9ee44b42d32ed","name":"Telinha","image":{"@type":"ImageObject","inLanguage":"pt-PT","@id":"https:\/\/portaltela.pt\/s.01k8rhncp4jt1\/2025\/11\/talking-bot-125x125.png","url":"https:\/\/portaltela.pt\/s.01k8rhncp4jt1\/2025\/11\/talking-bot-125x125.png","contentUrl":"https:\/\/portaltela.pt\/s.01k8rhncp4jt1\/2025\/11\/talking-bot-125x125.png","caption":"Telinha"},"sameAs":["https:\/\/portaltela.pt\/"],"url":"https:\/\/portaltela.pt\/por\/367410592786\/"}]}},"_links":{"self":[{"href":"https:\/\/portaltela.pt\/api\/wp\/v2\/posts\/422415","targetHints":{"allow":["GET"]}}],"collection":[{"href":"https:\/\/portaltela.pt\/api\/wp\/v2\/posts"}],"about":[{"href":"https:\/\/portaltela.pt\/api\/wp\/v2\/types\/post"}],"author":[{"embeddable":true,"href":"https:\/\/portaltela.pt\/api\/wp\/v2\/users\/2"}],"replies":[{"embeddable":true,"href":"https:\/\/portaltela.pt\/api\/wp\/v2\/comments?post=422415"}],"version-history":[{"count":0,"href":"https:\/\/portaltela.pt\/api\/wp\/v2\/posts\/422415\/revisions"}],"wp:featuredmedia":[{"embeddable":true,"href":"https:\/\/portaltela.pt\/api\/wp\/v2\/media\/422418"}],"wp:attachment":[{"href":"https:\/\/portaltela.pt\/api\/wp\/v2\/media?parent=422415"}],"wp:term":[{"taxonomy":"category","embeddable":true,"href":"https:\/\/portaltela.pt\/api\/wp\/v2\/categories?post=422415"},{"taxonomy":"post_tag","embeddable":true,"href":"https:\/\/portaltela.pt\/api\/wp\/v2\/tags?post=422415"}],"curies":[{"name":"wp","href":"https:\/\/api.w.org\/{rel}","templated":true}]}}