{"id":422410,"date":"2026-03-26T12:13:01","date_gmt":"2026-03-26T15:13:01","guid":{"rendered":"https:\/\/portaltela.pt\/noticias\/2026\/03\/26\/filho-de-luis-aleluia-19-ja-e-pai\/"},"modified":"2026-03-26T12:13:01","modified_gmt":"2026-03-26T15:13:01","slug":"filho-de-luis-aleluia-19-ja-e-pai","status":"publish","type":"post","link":"https:\/\/portaltela.pt\/celebridades\/2026\/03\/26\/filho-de-luis-aleluia-19-ja-e-pai\/","title":{"rendered":"Filho de Lu\u00eds Aleluia, 19, j\u00e1 \u00e9 pai"},"content":{"rendered":"<p>O filho mais novo do ator Lu\u00eds Aleluia, falecido em 2023, tornou-se pai. O beb\u00e9 Pedro Gabriel tem cerca de um ano, e o jovem reconhece que a situa\u00e7\u00e3o teve momentos delicados. A not\u00edcia chega numa altura em que a fam\u00edlia encara a perda do ator.<\/p>\n<p>Zita Favretto revelou numa entrevista \u00e0 J\u00falia Pinheiro que j\u00e1 \u00e9 av\u00f3 h\u00e1 mais de um ano. O neto nasceu sem a fam\u00edlia estar \u00e0 espera, mas acabou por trazer alguma alegria durante o per\u00edodo de luto pela morte do ator.<\/p>\n<p>Jo\u00e3o Aleluia explicou que a gravidez surgiu de forma inesperada, e apenas mais tarde confirmou, via teste de ADN, que era o pai. No in\u00edcio, n\u00e3o quis assumir o papel ativo, e a m\u00e3e do beb\u00e9 dificultava o contacto.<\/p>\n<h3>Evolu\u00e7\u00e3o da rela\u00e7\u00e3o e envolvimento parental<\/h3>\n<p>Atualmente, Jo\u00e3o consegue passar mais tempo com o beb\u00e9, j\u00e1 que a m\u00e3e se tornou mais recetiva. Os dois n\u00e3o mant\u00eam uma rela\u00e7\u00e3o amorosa, mas mant\u00eam uma liga\u00e7\u00e3o cordial pelos motivos do filho.<\/p>\n<p>O processo de ajustamento tem ocorrido ao longo do \u00faltimo ano, com mudan\u00e7as graduais no envolvimento parental e na din\u00e2mica familiar. A not\u00edcia mant\u00e9m um tom factual, sem ju\u00edzos de valor.<\/p>\n","protected":false},"excerpt":{"rendered":"<ul>\n<li>O filho mais novo do ator Lu\u00eds Aleluia, falecido em 2023, tem 19 anos e j\u00e1 \u00e9 pai de um beb\u00e9 com cerca de um ano.<\/li>\n<li>A av\u00f3 \u00e9 Zita Favretto, que revelou numa entrevista a J\u00falia Pinheiro que j\u00e1 \u00e9 av\u00f3 h\u00e1 mais de um ano.<\/li>\n<li>O neto chama-se Pedro Gabriel e nasceu sem que a fam\u00edlia estivesse \u00e0 espera, trazendo alguma alegria ap\u00f3s a perda do ator.<\/li>\n<li>O pai, Jo\u00e3o Aleluia, confirmou a paternidade via teste de ADN e explicou que a gravidez surgiu de forma inesperada.<\/li>\n<li>A rela\u00e7\u00e3o com a m\u00e3e do beb\u00e9 foi inicialmente complicada, mas hoje h\u00e1 mais contacto; n\u00e3o existe rela\u00e7\u00e3o amorosa, mantendo-se apenas uma liga\u00e7\u00e3o cordial pelo filho.<\/li>\n<\/ul>\n","protected":false},"author":2,"featured_media":422413,"comment_status":"closed","ping_status":"closed","sticky":false,"template":"","format":"standard","meta":{"footnotes":""},"categories":[6675],"tags":[3259,64,78,132,116,5661],"class_list":["post-422410","post","type-post","status-publish","format-standard","has-post-thumbnail","hentry","category-celebridades","tag-celebidades","tag-familia","tag-famosos","tag-filhos","tag-paternidade","tag-pessoas-publicas"],"yoast_head":"<!-- This site is optimized with the Yoast SEO plugin v27.2 - https:\/\/yoast.com\/product\/yoast-seo-wordpress\/ -->\n<title>Filho de Lu\u00eds Aleluia, 19, j\u00e1 \u00e9 pai - Portal Tela Portugal<\/title>\n<meta name=\"robots\" content=\"index, follow, max-snippet:-1, max-image-preview:large, max-video-preview:-1\" \/>\n<meta property=\"og:locale\" content=\"pt_PT\" \/>\n<meta property=\"og:type\" content=\"article\" \/>\n<meta property=\"og:title\" content=\"Filho de Lu\u00eds Aleluia, 19, j\u00e1 \u00e9 pai - Portal Tela Portugal\" \/>\n<meta property=\"og:description\" content=\"O filho mais novo do ator Lu\u00eds Aleluia, falecido em 2023, tem 19 anos e j\u00e1 \u00e9 pai de um beb\u00e9 com cerca de um ano. A av\u00f3 \u00e9 Zita Favretto, que revelou numa entrevista a J\u00falia Pinheiro que j\u00e1 \u00e9 av\u00f3 h\u00e1 mais de um ano. O neto chama-se Pedro Gabriel e nasceu sem que a fam\u00edlia estivesse \u00e0 espera, trazendo alguma alegria ap\u00f3s a perda do ator. O pai, Jo\u00e3o Aleluia, confirmou a paternidade via teste de ADN e explicou que a gravidez surgiu de forma inesperada. A rela\u00e7\u00e3o com a m\u00e3e do beb\u00e9 foi inicialmente complicada, mas hoje h\u00e1 mais contacto; n\u00e3o existe rela\u00e7\u00e3o amorosa, mantendo-se apenas uma liga\u00e7\u00e3o cordial pelo filho.\" \/>\n<meta property=\"og:url\" content=\"https:\/\/portaltela.pt\/noticias\/2026\/03\/26\/filho-de-luis-aleluia-19-ja-e-pai\/\" \/>\n<meta property=\"og:site_name\" content=\"Portal Tela Portugal\" \/>\n<meta property=\"article:published_time\" content=\"2026-03-26T15:13:01+00:00\" \/>\n<meta name=\"author\" content=\"Telinha\" \/>\n<meta name=\"twitter:card\" content=\"summary_large_image\" \/>\n<meta name=\"twitter:label1\" content=\"Escrito por\" \/>\n\t<meta name=\"twitter:data1\" content=\"Telinha\" \/>\n\t<meta name=\"twitter:label2\" content=\"Tempo estimado de leitura\" \/>\n\t<meta name=\"twitter:data2\" content=\"1 minuto\" \/>\n<script type=\"application\/ld+json\" class=\"yoast-schema-graph\">{\"@context\":\"https:\/\/schema.org\",\"@graph\":[{\"@type\":\"Article\",\"@id\":\"https:\/\/portaltela.pt\/noticias\/2026\/03\/26\/filho-de-luis-aleluia-19-ja-e-pai\/#article\",\"isPartOf\":{\"@id\":\"https:\/\/portaltela.pt\/noticias\/2026\/03\/26\/filho-de-luis-aleluia-19-ja-e-pai\/\"},\"author\":{\"name\":\"Telinha\",\"@id\":\"https:\/\/portaltela.pt\/#\/schema\/person\/c4278d4a6028830caff9ee44b42d32ed\"},\"headline\":\"Filho de Lu\u00eds Aleluia, 19, j\u00e1 \u00e9 pai\",\"datePublished\":\"2026-03-26T15:13:01+00:00\",\"mainEntityOfPage\":{\"@id\":\"https:\/\/portaltela.pt\/noticias\/2026\/03\/26\/filho-de-luis-aleluia-19-ja-e-pai\/\"},\"wordCount\":224,\"image\":{\"@id\":\"https:\/\/portaltela.pt\/noticias\/2026\/03\/26\/filho-de-luis-aleluia-19-ja-e-pai\/#primaryimage\"},\"thumbnailUrl\":\"https:\/\/portaltela.pt\/s.01k8rhncp4jt1\/2026\/03\/img_1280x718uu2025-10-03-13-20-49-2239203-im-638950951142918362.jpg\",\"keywords\":[\"celebidades\",\"fam\u00edlia\",\"famosos\",\"filhos\",\"paternidade\",\"pessoas p\u00fablicas\"],\"articleSection\":[\"Celebridades\"],\"inLanguage\":\"pt-PT\"},{\"@type\":\"WebPage\",\"@id\":\"https:\/\/portaltela.pt\/noticias\/2026\/03\/26\/filho-de-luis-aleluia-19-ja-e-pai\/\",\"url\":\"https:\/\/portaltela.pt\/noticias\/2026\/03\/26\/filho-de-luis-aleluia-19-ja-e-pai\/\",\"name\":\"Filho de Lu\u00eds Aleluia, 19, j\u00e1 \u00e9 pai - Portal Tela Portugal\",\"isPartOf\":{\"@id\":\"https:\/\/portaltela.pt\/#website\"},\"primaryImageOfPage\":{\"@id\":\"https:\/\/portaltela.pt\/noticias\/2026\/03\/26\/filho-de-luis-aleluia-19-ja-e-pai\/#primaryimage\"},\"image\":{\"@id\":\"https:\/\/portaltela.pt\/noticias\/2026\/03\/26\/filho-de-luis-aleluia-19-ja-e-pai\/#primaryimage\"},\"thumbnailUrl\":\"https:\/\/portaltela.pt\/s.01k8rhncp4jt1\/2026\/03\/img_1280x718uu2025-10-03-13-20-49-2239203-im-638950951142918362.jpg\",\"datePublished\":\"2026-03-26T15:13:01+00:00\",\"author\":{\"@id\":\"https:\/\/portaltela.pt\/#\/schema\/person\/c4278d4a6028830caff9ee44b42d32ed\"},\"breadcrumb\":{\"@id\":\"https:\/\/portaltela.pt\/noticias\/2026\/03\/26\/filho-de-luis-aleluia-19-ja-e-pai\/#breadcrumb\"},\"inLanguage\":\"pt-PT\",\"potentialAction\":[{\"@type\":\"ReadAction\",\"target\":[\"https:\/\/portaltela.pt\/noticias\/2026\/03\/26\/filho-de-luis-aleluia-19-ja-e-pai\/\"]}]},{\"@type\":\"ImageObject\",\"inLanguage\":\"pt-PT\",\"@id\":\"https:\/\/portaltela.pt\/noticias\/2026\/03\/26\/filho-de-luis-aleluia-19-ja-e-pai\/#primaryimage\",\"url\":\"https:\/\/portaltela.pt\/s.01k8rhncp4jt1\/2026\/03\/img_1280x718uu2025-10-03-13-20-49-2239203-im-638950951142918362.jpg\",\"contentUrl\":\"https:\/\/portaltela.pt\/s.01k8rhncp4jt1\/2026\/03\/img_1280x718uu2025-10-03-13-20-49-2239203-im-638950951142918362.jpg\",\"width\":796,\"height\":448,\"caption\":\"Photo\"},{\"@type\":\"BreadcrumbList\",\"@id\":\"https:\/\/portaltela.pt\/noticias\/2026\/03\/26\/filho-de-luis-aleluia-19-ja-e-pai\/#breadcrumb\",\"itemListElement\":[{\"@type\":\"ListItem\",\"position\":1,\"name\":\"In\u00edcio\",\"item\":\"https:\/\/portaltela.pt\/\"},{\"@type\":\"ListItem\",\"position\":2,\"name\":\"Filho de Lu\u00eds Aleluia, 19, j\u00e1 \u00e9 pai\"}]},{\"@type\":\"WebSite\",\"@id\":\"https:\/\/portaltela.pt\/#website\",\"url\":\"https:\/\/portaltela.pt\/\",\"name\":\"Portal Tela Portugal\",\"description\":\"\",\"potentialAction\":[{\"@type\":\"SearchAction\",\"target\":{\"@type\":\"EntryPoint\",\"urlTemplate\":\"https:\/\/portaltela.pt\/?s={search_term_string}\"},\"query-input\":{\"@type\":\"PropertyValueSpecification\",\"valueRequired\":true,\"valueName\":\"search_term_string\"}}],\"inLanguage\":\"pt-PT\"},{\"@type\":\"Person\",\"@id\":\"https:\/\/portaltela.pt\/#\/schema\/person\/c4278d4a6028830caff9ee44b42d32ed\",\"name\":\"Telinha\",\"image\":{\"@type\":\"ImageObject\",\"inLanguage\":\"pt-PT\",\"@id\":\"https:\/\/portaltela.pt\/s.01k8rhncp4jt1\/2025\/11\/talking-bot-125x125.png\",\"url\":\"https:\/\/portaltela.pt\/s.01k8rhncp4jt1\/2025\/11\/talking-bot-125x125.png\",\"contentUrl\":\"https:\/\/portaltela.pt\/s.01k8rhncp4jt1\/2025\/11\/talking-bot-125x125.png\",\"caption\":\"Telinha\"},\"sameAs\":[\"https:\/\/portaltela.pt\/\"],\"url\":\"https:\/\/portaltela.pt\/por\/367410592786\/\"}]}<\/script>\n<!-- \/ Yoast SEO plugin. -->","yoast_head_json":{"title":"Filho de Lu\u00eds Aleluia, 19, j\u00e1 \u00e9 pai - Portal Tela Portugal","robots":{"index":"index","follow":"follow","max-snippet":"max-snippet:-1","max-image-preview":"max-image-preview:large","max-video-preview":"max-video-preview:-1"},"og_locale":"pt_PT","og_type":"article","og_title":"Filho de Lu\u00eds Aleluia, 19, j\u00e1 \u00e9 pai - Portal Tela Portugal","og_description":"O filho mais novo do ator Lu\u00eds Aleluia, falecido em 2023, tem 19 anos e j\u00e1 \u00e9 pai de um beb\u00e9 com cerca de um ano. A av\u00f3 \u00e9 Zita Favretto, que revelou numa entrevista a J\u00falia Pinheiro que j\u00e1 \u00e9 av\u00f3 h\u00e1 mais de um ano. O neto chama-se Pedro Gabriel e nasceu sem que a fam\u00edlia estivesse \u00e0 espera, trazendo alguma alegria ap\u00f3s a perda do ator. O pai, Jo\u00e3o Aleluia, confirmou a paternidade via teste de ADN e explicou que a gravidez surgiu de forma inesperada. A rela\u00e7\u00e3o com a m\u00e3e do beb\u00e9 foi inicialmente complicada, mas hoje h\u00e1 mais contacto; n\u00e3o existe rela\u00e7\u00e3o amorosa, mantendo-se apenas uma liga\u00e7\u00e3o cordial pelo filho.","og_url":"https:\/\/portaltela.pt\/noticias\/2026\/03\/26\/filho-de-luis-aleluia-19-ja-e-pai\/","og_site_name":"Portal Tela Portugal","article_published_time":"2026-03-26T15:13:01+00:00","author":"Telinha","twitter_card":"summary_large_image","twitter_misc":{"Escrito por":"Telinha","Tempo estimado de leitura":"1 minuto"},"schema":{"@context":"https:\/\/schema.org","@graph":[{"@type":"Article","@id":"https:\/\/portaltela.pt\/noticias\/2026\/03\/26\/filho-de-luis-aleluia-19-ja-e-pai\/#article","isPartOf":{"@id":"https:\/\/portaltela.pt\/noticias\/2026\/03\/26\/filho-de-luis-aleluia-19-ja-e-pai\/"},"author":{"name":"Telinha","@id":"https:\/\/portaltela.pt\/#\/schema\/person\/c4278d4a6028830caff9ee44b42d32ed"},"headline":"Filho de Lu\u00eds Aleluia, 19, j\u00e1 \u00e9 pai","datePublished":"2026-03-26T15:13:01+00:00","mainEntityOfPage":{"@id":"https:\/\/portaltela.pt\/noticias\/2026\/03\/26\/filho-de-luis-aleluia-19-ja-e-pai\/"},"wordCount":224,"image":{"@id":"https:\/\/portaltela.pt\/noticias\/2026\/03\/26\/filho-de-luis-aleluia-19-ja-e-pai\/#primaryimage"},"thumbnailUrl":"https:\/\/portaltela.pt\/s.01k8rhncp4jt1\/2026\/03\/img_1280x718uu2025-10-03-13-20-49-2239203-im-638950951142918362.jpg","keywords":["celebidades","fam\u00edlia","famosos","filhos","paternidade","pessoas p\u00fablicas"],"articleSection":["Celebridades"],"inLanguage":"pt-PT"},{"@type":"WebPage","@id":"https:\/\/portaltela.pt\/noticias\/2026\/03\/26\/filho-de-luis-aleluia-19-ja-e-pai\/","url":"https:\/\/portaltela.pt\/noticias\/2026\/03\/26\/filho-de-luis-aleluia-19-ja-e-pai\/","name":"Filho de Lu\u00eds Aleluia, 19, j\u00e1 \u00e9 pai - Portal Tela Portugal","isPartOf":{"@id":"https:\/\/portaltela.pt\/#website"},"primaryImageOfPage":{"@id":"https:\/\/portaltela.pt\/noticias\/2026\/03\/26\/filho-de-luis-aleluia-19-ja-e-pai\/#primaryimage"},"image":{"@id":"https:\/\/portaltela.pt\/noticias\/2026\/03\/26\/filho-de-luis-aleluia-19-ja-e-pai\/#primaryimage"},"thumbnailUrl":"https:\/\/portaltela.pt\/s.01k8rhncp4jt1\/2026\/03\/img_1280x718uu2025-10-03-13-20-49-2239203-im-638950951142918362.jpg","datePublished":"2026-03-26T15:13:01+00:00","author":{"@id":"https:\/\/portaltela.pt\/#\/schema\/person\/c4278d4a6028830caff9ee44b42d32ed"},"breadcrumb":{"@id":"https:\/\/portaltela.pt\/noticias\/2026\/03\/26\/filho-de-luis-aleluia-19-ja-e-pai\/#breadcrumb"},"inLanguage":"pt-PT","potentialAction":[{"@type":"ReadAction","target":["https:\/\/portaltela.pt\/noticias\/2026\/03\/26\/filho-de-luis-aleluia-19-ja-e-pai\/"]}]},{"@type":"ImageObject","inLanguage":"pt-PT","@id":"https:\/\/portaltela.pt\/noticias\/2026\/03\/26\/filho-de-luis-aleluia-19-ja-e-pai\/#primaryimage","url":"https:\/\/portaltela.pt\/s.01k8rhncp4jt1\/2026\/03\/img_1280x718uu2025-10-03-13-20-49-2239203-im-638950951142918362.jpg","contentUrl":"https:\/\/portaltela.pt\/s.01k8rhncp4jt1\/2026\/03\/img_1280x718uu2025-10-03-13-20-49-2239203-im-638950951142918362.jpg","width":796,"height":448,"caption":"Photo"},{"@type":"BreadcrumbList","@id":"https:\/\/portaltela.pt\/noticias\/2026\/03\/26\/filho-de-luis-aleluia-19-ja-e-pai\/#breadcrumb","itemListElement":[{"@type":"ListItem","position":1,"name":"In\u00edcio","item":"https:\/\/portaltela.pt\/"},{"@type":"ListItem","position":2,"name":"Filho de Lu\u00eds Aleluia, 19, j\u00e1 \u00e9 pai"}]},{"@type":"WebSite","@id":"https:\/\/portaltela.pt\/#website","url":"https:\/\/portaltela.pt\/","name":"Portal Tela Portugal","description":"","potentialAction":[{"@type":"SearchAction","target":{"@type":"EntryPoint","urlTemplate":"https:\/\/portaltela.pt\/?s={search_term_string}"},"query-input":{"@type":"PropertyValueSpecification","valueRequired":true,"valueName":"search_term_string"}}],"inLanguage":"pt-PT"},{"@type":"Person","@id":"https:\/\/portaltela.pt\/#\/schema\/person\/c4278d4a6028830caff9ee44b42d32ed","name":"Telinha","image":{"@type":"ImageObject","inLanguage":"pt-PT","@id":"https:\/\/portaltela.pt\/s.01k8rhncp4jt1\/2025\/11\/talking-bot-125x125.png","url":"https:\/\/portaltela.pt\/s.01k8rhncp4jt1\/2025\/11\/talking-bot-125x125.png","contentUrl":"https:\/\/portaltela.pt\/s.01k8rhncp4jt1\/2025\/11\/talking-bot-125x125.png","caption":"Telinha"},"sameAs":["https:\/\/portaltela.pt\/"],"url":"https:\/\/portaltela.pt\/por\/367410592786\/"}]}},"_links":{"self":[{"href":"https:\/\/portaltela.pt\/api\/wp\/v2\/posts\/422410","targetHints":{"allow":["GET"]}}],"collection":[{"href":"https:\/\/portaltela.pt\/api\/wp\/v2\/posts"}],"about":[{"href":"https:\/\/portaltela.pt\/api\/wp\/v2\/types\/post"}],"author":[{"embeddable":true,"href":"https:\/\/portaltela.pt\/api\/wp\/v2\/users\/2"}],"replies":[{"embeddable":true,"href":"https:\/\/portaltela.pt\/api\/wp\/v2\/comments?post=422410"}],"version-history":[{"count":0,"href":"https:\/\/portaltela.pt\/api\/wp\/v2\/posts\/422410\/revisions"}],"wp:featuredmedia":[{"embeddable":true,"href":"https:\/\/portaltela.pt\/api\/wp\/v2\/media\/422413"}],"wp:attachment":[{"href":"https:\/\/portaltela.pt\/api\/wp\/v2\/media?parent=422410"}],"wp:term":[{"taxonomy":"category","embeddable":true,"href":"https:\/\/portaltela.pt\/api\/wp\/v2\/categories?post=422410"},{"taxonomy":"post_tag","embeddable":true,"href":"https:\/\/portaltela.pt\/api\/wp\/v2\/tags?post=422410"}],"curies":[{"name":"wp","href":"https:\/\/api.w.org\/{rel}","templated":true}]}}