{"id":422406,"date":"2026-03-26T12:03:00","date_gmt":"2026-03-26T15:03:00","guid":{"rendered":"https:\/\/portaltela.pt\/noticias\/2026\/03\/26\/portugues-condenado-a-prisao-perpetua-por-homicidio-de-empresario-na-albania\/"},"modified":"2026-03-26T12:03:00","modified_gmt":"2026-03-26T15:03:00","slug":"portugues-condenado-a-prisao-perpetua-por-homicidio-de-empresario-na-albania","status":"publish","type":"post","link":"https:\/\/portaltela.pt\/noticias\/2026\/03\/26\/portugues-condenado-a-prisao-perpetua-por-homicidio-de-empresario-na-albania\/","title":{"rendered":"Portugu\u00eas condenado \u00e0 pris\u00e3o perp\u00e9tua por homic\u00eddio de empres\u00e1rio na Alb\u00e2nia"},"content":{"rendered":"<p>Um tribunal da cidade albanesa de Lezh\u00eb condenou Ruben Saraiva, 28 anos, natural de Portugal, \u00e0 pris\u00e3o perp\u00e9tua pela morte de Ardian Nikulaj, empres\u00e1rio de 51 anos, baleado no bar de um hotel em Lezh\u00eb, a 19 de abril de 2023.<\/p>\n<p>Segundo a senten\u00e7a, o arguido foi contratado por um empres\u00e1rio rival da v\u00edtima, com resid\u00eancia no Reino Unido, para cometer o homic\u00eddio. A motiva\u00e7\u00e3o alegada envolve vingan\u00e7a relacionada com neg\u00f3cios il\u00edcitos.<\/p>\n<p>Saraiva encontrava-se em pris\u00e3o preventiva desde a deten\u00e7\u00e3o. Foi capturado em Rabat, Marrocos, no m\u00eas seguinte ao crime, sob mandado de pris\u00e3o internacional emitido pela justi\u00e7a albanesa, e posteriormente extraditado para o pa\u00eds.<\/p>\n","protected":false},"excerpt":{"rendered":"<ul>\n<li>O tribunal da cidade de Lezh\u00eb, na Alb\u00e2nia, condenou o portugu\u00eas Ruben Saraiva, de 28 anos, \u00e0 pris\u00e3o perp\u00e9tua.<\/li>\n<li>O homic\u00eddio ocorreu a 19 de abril de 2023, quando Ardian Nikulaj, empres\u00e1rio de 51 anos, foi baleado na cabe\u00e7a no bar de um hotel.<\/li>\n<li>Os ju\u00edzes consideraram provado que Ruben Saraiva foi contratado por um empres\u00e1rio rival da v\u00edtima, residente no Reino Unido, em contexto de vingan\u00e7a relacionado com neg\u00f3cios ileg\u00edtimos.<\/li>\n<li>O arguido encontrava-se em pris\u00e3o preventiva, tendo sido detido no m\u00eas seguinte ao crime, em Rabat, Marrocos, mediante mandado de deten\u00e7\u00e3o internacional emitido pela justi\u00e7a albanesa, e depois extraditado para o pa\u00eds.<\/li>\n<li>A not\u00edcia n\u00e3o acrescenta detalhes adicionais sobre o processo ou outras testemunhas.<\/li>\n<\/ul>\n","protected":false},"author":2,"featured_media":422407,"comment_status":"closed","ping_status":"closed","sticky":false,"template":"","format":"standard","meta":{"footnotes":""},"categories":[7386,1],"tags":[2534,147,5833,1345,1014,2111],"class_list":["post-422406","post","type-post","status-publish","format-standard","has-post-thumbnail","hentry","category-crimes-contra-a-pessoa","category-noticias","tag-albania","tag-crime","tag-extradicoes","tag-homicidio","tag-portugal","tag-reino-unido"],"yoast_head":"<!-- This site is optimized with the Yoast SEO plugin v27.2 - https:\/\/yoast.com\/product\/yoast-seo-wordpress\/ -->\n<title>Portugu\u00eas condenado \u00e0 pris\u00e3o perp\u00e9tua por homic\u00eddio de empres\u00e1rio na Alb\u00e2nia - Portal Tela Portugal<\/title>\n<meta name=\"robots\" content=\"index, follow, max-snippet:-1, max-image-preview:large, max-video-preview:-1\" \/>\n<meta property=\"og:locale\" content=\"pt_PT\" \/>\n<meta property=\"og:type\" content=\"article\" \/>\n<meta property=\"og:title\" content=\"Portugu\u00eas condenado \u00e0 pris\u00e3o perp\u00e9tua por homic\u00eddio de empres\u00e1rio na Alb\u00e2nia - Portal Tela Portugal\" \/>\n<meta property=\"og:description\" content=\"O tribunal da cidade de Lezh\u00eb, na Alb\u00e2nia, condenou o portugu\u00eas Ruben Saraiva, de 28 anos, \u00e0 pris\u00e3o perp\u00e9tua. O homic\u00eddio ocorreu a 19 de abril de 2023, quando Ardian Nikulaj, empres\u00e1rio de 51 anos, foi baleado na cabe\u00e7a no bar de um hotel. Os ju\u00edzes consideraram provado que Ruben Saraiva foi contratado por um empres\u00e1rio rival da v\u00edtima, residente no Reino Unido, em contexto de vingan\u00e7a relacionado com neg\u00f3cios ileg\u00edtimos. O arguido encontrava-se em pris\u00e3o preventiva, tendo sido detido no m\u00eas seguinte ao crime, em Rabat, Marrocos, mediante mandado de deten\u00e7\u00e3o internacional emitido pela justi\u00e7a albanesa, e depois extraditado para o pa\u00eds. A not\u00edcia n\u00e3o acrescenta detalhes adicionais sobre o processo ou outras testemunhas.\" \/>\n<meta property=\"og:url\" content=\"https:\/\/portaltela.pt\/noticias\/2026\/03\/26\/portugues-condenado-a-prisao-perpetua-por-homicidio-de-empresario-na-albania\/\" \/>\n<meta property=\"og:site_name\" content=\"Portal Tela Portugal\" \/>\n<meta property=\"article:published_time\" content=\"2026-03-26T15:03:00+00:00\" \/>\n<meta name=\"author\" content=\"Telinha\" \/>\n<meta name=\"twitter:card\" content=\"summary_large_image\" \/>\n<meta name=\"twitter:label1\" content=\"Escrito por\" \/>\n\t<meta name=\"twitter:data1\" content=\"Telinha\" \/>\n\t<meta name=\"twitter:label2\" content=\"Tempo estimado de leitura\" \/>\n\t<meta name=\"twitter:data2\" content=\"1 minuto\" \/>\n<script type=\"application\/ld+json\" class=\"yoast-schema-graph\">{\"@context\":\"https:\/\/schema.org\",\"@graph\":[{\"@type\":\"Article\",\"@id\":\"https:\/\/portaltela.pt\/noticias\/2026\/03\/26\/portugues-condenado-a-prisao-perpetua-por-homicidio-de-empresario-na-albania\/#article\",\"isPartOf\":{\"@id\":\"https:\/\/portaltela.pt\/noticias\/2026\/03\/26\/portugues-condenado-a-prisao-perpetua-por-homicidio-de-empresario-na-albania\/\"},\"author\":{\"name\":\"Telinha\",\"@id\":\"https:\/\/portaltela.pt\/#\/schema\/person\/c4278d4a6028830caff9ee44b42d32ed\"},\"headline\":\"Portugu\u00eas condenado \u00e0 pris\u00e3o perp\u00e9tua por homic\u00eddio de empres\u00e1rio na Alb\u00e2nia\",\"datePublished\":\"2026-03-26T15:03:00+00:00\",\"mainEntityOfPage\":{\"@id\":\"https:\/\/portaltela.pt\/noticias\/2026\/03\/26\/portugues-condenado-a-prisao-perpetua-por-homicidio-de-empresario-na-albania\/\"},\"wordCount\":134,\"image\":{\"@id\":\"https:\/\/portaltela.pt\/noticias\/2026\/03\/26\/portugues-condenado-a-prisao-perpetua-por-homicidio-de-empresario-na-albania\/#primaryimage\"},\"thumbnailUrl\":\"https:\/\/portaltela.pt\/s.01k8rhncp4jt1\/2026\/03\/img_1500x1000uu2026-03-26-14-19-00-2274927-im-639101341978522296.jpg\",\"keywords\":[\"Alb\u00e2nia\",\"crime\",\"extradi\u00e7\u00f5es\",\"homic\u00eddio\",\"Portugal\",\"Reino Unido\"],\"articleSection\":[\"Crimes contra a pessoa\",\"Not\u00edcias\"],\"inLanguage\":\"pt-PT\"},{\"@type\":\"WebPage\",\"@id\":\"https:\/\/portaltela.pt\/noticias\/2026\/03\/26\/portugues-condenado-a-prisao-perpetua-por-homicidio-de-empresario-na-albania\/\",\"url\":\"https:\/\/portaltela.pt\/noticias\/2026\/03\/26\/portugues-condenado-a-prisao-perpetua-por-homicidio-de-empresario-na-albania\/\",\"name\":\"Portugu\u00eas condenado \u00e0 pris\u00e3o perp\u00e9tua por homic\u00eddio de empres\u00e1rio na Alb\u00e2nia - Portal Tela Portugal\",\"isPartOf\":{\"@id\":\"https:\/\/portaltela.pt\/#website\"},\"primaryImageOfPage\":{\"@id\":\"https:\/\/portaltela.pt\/noticias\/2026\/03\/26\/portugues-condenado-a-prisao-perpetua-por-homicidio-de-empresario-na-albania\/#primaryimage\"},\"image\":{\"@id\":\"https:\/\/portaltela.pt\/noticias\/2026\/03\/26\/portugues-condenado-a-prisao-perpetua-por-homicidio-de-empresario-na-albania\/#primaryimage\"},\"thumbnailUrl\":\"https:\/\/portaltela.pt\/s.01k8rhncp4jt1\/2026\/03\/img_1500x1000uu2026-03-26-14-19-00-2274927-im-639101341978522296.jpg\",\"datePublished\":\"2026-03-26T15:03:00+00:00\",\"author\":{\"@id\":\"https:\/\/portaltela.pt\/#\/schema\/person\/c4278d4a6028830caff9ee44b42d32ed\"},\"breadcrumb\":{\"@id\":\"https:\/\/portaltela.pt\/noticias\/2026\/03\/26\/portugues-condenado-a-prisao-perpetua-por-homicidio-de-empresario-na-albania\/#breadcrumb\"},\"inLanguage\":\"pt-PT\",\"potentialAction\":[{\"@type\":\"ReadAction\",\"target\":[\"https:\/\/portaltela.pt\/noticias\/2026\/03\/26\/portugues-condenado-a-prisao-perpetua-por-homicidio-de-empresario-na-albania\/\"]}]},{\"@type\":\"ImageObject\",\"inLanguage\":\"pt-PT\",\"@id\":\"https:\/\/portaltela.pt\/noticias\/2026\/03\/26\/portugues-condenado-a-prisao-perpetua-por-homicidio-de-empresario-na-albania\/#primaryimage\",\"url\":\"https:\/\/portaltela.pt\/s.01k8rhncp4jt1\/2026\/03\/img_1500x1000uu2026-03-26-14-19-00-2274927-im-639101341978522296.jpg\",\"contentUrl\":\"https:\/\/portaltela.pt\/s.01k8rhncp4jt1\/2026\/03\/img_1500x1000uu2026-03-26-14-19-00-2274927-im-639101341978522296.jpg\",\"width\":796,\"height\":448,\"caption\":\"Ruben Saraiva, numa das presen\u00e7as a tribunal na Alb\u00e2nia\"},{\"@type\":\"BreadcrumbList\",\"@id\":\"https:\/\/portaltela.pt\/noticias\/2026\/03\/26\/portugues-condenado-a-prisao-perpetua-por-homicidio-de-empresario-na-albania\/#breadcrumb\",\"itemListElement\":[{\"@type\":\"ListItem\",\"position\":1,\"name\":\"In\u00edcio\",\"item\":\"https:\/\/portaltela.pt\/\"},{\"@type\":\"ListItem\",\"position\":2,\"name\":\"Portugu\u00eas condenado \u00e0 pris\u00e3o perp\u00e9tua por homic\u00eddio de empres\u00e1rio na Alb\u00e2nia\"}]},{\"@type\":\"WebSite\",\"@id\":\"https:\/\/portaltela.pt\/#website\",\"url\":\"https:\/\/portaltela.pt\/\",\"name\":\"Portal Tela Portugal\",\"description\":\"\",\"potentialAction\":[{\"@type\":\"SearchAction\",\"target\":{\"@type\":\"EntryPoint\",\"urlTemplate\":\"https:\/\/portaltela.pt\/?s={search_term_string}\"},\"query-input\":{\"@type\":\"PropertyValueSpecification\",\"valueRequired\":true,\"valueName\":\"search_term_string\"}}],\"inLanguage\":\"pt-PT\"},{\"@type\":\"Person\",\"@id\":\"https:\/\/portaltela.pt\/#\/schema\/person\/c4278d4a6028830caff9ee44b42d32ed\",\"name\":\"Telinha\",\"image\":{\"@type\":\"ImageObject\",\"inLanguage\":\"pt-PT\",\"@id\":\"https:\/\/portaltela.pt\/s.01k8rhncp4jt1\/2025\/11\/talking-bot-125x125.png\",\"url\":\"https:\/\/portaltela.pt\/s.01k8rhncp4jt1\/2025\/11\/talking-bot-125x125.png\",\"contentUrl\":\"https:\/\/portaltela.pt\/s.01k8rhncp4jt1\/2025\/11\/talking-bot-125x125.png\",\"caption\":\"Telinha\"},\"sameAs\":[\"https:\/\/portaltela.pt\/\"],\"url\":\"https:\/\/portaltela.pt\/por\/367410592786\/\"}]}<\/script>\n<!-- \/ Yoast SEO plugin. -->","yoast_head_json":{"title":"Portugu\u00eas condenado \u00e0 pris\u00e3o perp\u00e9tua por homic\u00eddio de empres\u00e1rio na Alb\u00e2nia - Portal Tela Portugal","robots":{"index":"index","follow":"follow","max-snippet":"max-snippet:-1","max-image-preview":"max-image-preview:large","max-video-preview":"max-video-preview:-1"},"og_locale":"pt_PT","og_type":"article","og_title":"Portugu\u00eas condenado \u00e0 pris\u00e3o perp\u00e9tua por homic\u00eddio de empres\u00e1rio na Alb\u00e2nia - Portal Tela Portugal","og_description":"O tribunal da cidade de Lezh\u00eb, na Alb\u00e2nia, condenou o portugu\u00eas Ruben Saraiva, de 28 anos, \u00e0 pris\u00e3o perp\u00e9tua. O homic\u00eddio ocorreu a 19 de abril de 2023, quando Ardian Nikulaj, empres\u00e1rio de 51 anos, foi baleado na cabe\u00e7a no bar de um hotel. Os ju\u00edzes consideraram provado que Ruben Saraiva foi contratado por um empres\u00e1rio rival da v\u00edtima, residente no Reino Unido, em contexto de vingan\u00e7a relacionado com neg\u00f3cios ileg\u00edtimos. O arguido encontrava-se em pris\u00e3o preventiva, tendo sido detido no m\u00eas seguinte ao crime, em Rabat, Marrocos, mediante mandado de deten\u00e7\u00e3o internacional emitido pela justi\u00e7a albanesa, e depois extraditado para o pa\u00eds. A not\u00edcia n\u00e3o acrescenta detalhes adicionais sobre o processo ou outras testemunhas.","og_url":"https:\/\/portaltela.pt\/noticias\/2026\/03\/26\/portugues-condenado-a-prisao-perpetua-por-homicidio-de-empresario-na-albania\/","og_site_name":"Portal Tela Portugal","article_published_time":"2026-03-26T15:03:00+00:00","author":"Telinha","twitter_card":"summary_large_image","twitter_misc":{"Escrito por":"Telinha","Tempo estimado de leitura":"1 minuto"},"schema":{"@context":"https:\/\/schema.org","@graph":[{"@type":"Article","@id":"https:\/\/portaltela.pt\/noticias\/2026\/03\/26\/portugues-condenado-a-prisao-perpetua-por-homicidio-de-empresario-na-albania\/#article","isPartOf":{"@id":"https:\/\/portaltela.pt\/noticias\/2026\/03\/26\/portugues-condenado-a-prisao-perpetua-por-homicidio-de-empresario-na-albania\/"},"author":{"name":"Telinha","@id":"https:\/\/portaltela.pt\/#\/schema\/person\/c4278d4a6028830caff9ee44b42d32ed"},"headline":"Portugu\u00eas condenado \u00e0 pris\u00e3o perp\u00e9tua por homic\u00eddio de empres\u00e1rio na Alb\u00e2nia","datePublished":"2026-03-26T15:03:00+00:00","mainEntityOfPage":{"@id":"https:\/\/portaltela.pt\/noticias\/2026\/03\/26\/portugues-condenado-a-prisao-perpetua-por-homicidio-de-empresario-na-albania\/"},"wordCount":134,"image":{"@id":"https:\/\/portaltela.pt\/noticias\/2026\/03\/26\/portugues-condenado-a-prisao-perpetua-por-homicidio-de-empresario-na-albania\/#primaryimage"},"thumbnailUrl":"https:\/\/portaltela.pt\/s.01k8rhncp4jt1\/2026\/03\/img_1500x1000uu2026-03-26-14-19-00-2274927-im-639101341978522296.jpg","keywords":["Alb\u00e2nia","crime","extradi\u00e7\u00f5es","homic\u00eddio","Portugal","Reino Unido"],"articleSection":["Crimes contra a pessoa","Not\u00edcias"],"inLanguage":"pt-PT"},{"@type":"WebPage","@id":"https:\/\/portaltela.pt\/noticias\/2026\/03\/26\/portugues-condenado-a-prisao-perpetua-por-homicidio-de-empresario-na-albania\/","url":"https:\/\/portaltela.pt\/noticias\/2026\/03\/26\/portugues-condenado-a-prisao-perpetua-por-homicidio-de-empresario-na-albania\/","name":"Portugu\u00eas condenado \u00e0 pris\u00e3o perp\u00e9tua por homic\u00eddio de empres\u00e1rio na Alb\u00e2nia - Portal Tela Portugal","isPartOf":{"@id":"https:\/\/portaltela.pt\/#website"},"primaryImageOfPage":{"@id":"https:\/\/portaltela.pt\/noticias\/2026\/03\/26\/portugues-condenado-a-prisao-perpetua-por-homicidio-de-empresario-na-albania\/#primaryimage"},"image":{"@id":"https:\/\/portaltela.pt\/noticias\/2026\/03\/26\/portugues-condenado-a-prisao-perpetua-por-homicidio-de-empresario-na-albania\/#primaryimage"},"thumbnailUrl":"https:\/\/portaltela.pt\/s.01k8rhncp4jt1\/2026\/03\/img_1500x1000uu2026-03-26-14-19-00-2274927-im-639101341978522296.jpg","datePublished":"2026-03-26T15:03:00+00:00","author":{"@id":"https:\/\/portaltela.pt\/#\/schema\/person\/c4278d4a6028830caff9ee44b42d32ed"},"breadcrumb":{"@id":"https:\/\/portaltela.pt\/noticias\/2026\/03\/26\/portugues-condenado-a-prisao-perpetua-por-homicidio-de-empresario-na-albania\/#breadcrumb"},"inLanguage":"pt-PT","potentialAction":[{"@type":"ReadAction","target":["https:\/\/portaltela.pt\/noticias\/2026\/03\/26\/portugues-condenado-a-prisao-perpetua-por-homicidio-de-empresario-na-albania\/"]}]},{"@type":"ImageObject","inLanguage":"pt-PT","@id":"https:\/\/portaltela.pt\/noticias\/2026\/03\/26\/portugues-condenado-a-prisao-perpetua-por-homicidio-de-empresario-na-albania\/#primaryimage","url":"https:\/\/portaltela.pt\/s.01k8rhncp4jt1\/2026\/03\/img_1500x1000uu2026-03-26-14-19-00-2274927-im-639101341978522296.jpg","contentUrl":"https:\/\/portaltela.pt\/s.01k8rhncp4jt1\/2026\/03\/img_1500x1000uu2026-03-26-14-19-00-2274927-im-639101341978522296.jpg","width":796,"height":448,"caption":"Ruben Saraiva, numa das presen\u00e7as a tribunal na Alb\u00e2nia"},{"@type":"BreadcrumbList","@id":"https:\/\/portaltela.pt\/noticias\/2026\/03\/26\/portugues-condenado-a-prisao-perpetua-por-homicidio-de-empresario-na-albania\/#breadcrumb","itemListElement":[{"@type":"ListItem","position":1,"name":"In\u00edcio","item":"https:\/\/portaltela.pt\/"},{"@type":"ListItem","position":2,"name":"Portugu\u00eas condenado \u00e0 pris\u00e3o perp\u00e9tua por homic\u00eddio de empres\u00e1rio na Alb\u00e2nia"}]},{"@type":"WebSite","@id":"https:\/\/portaltela.pt\/#website","url":"https:\/\/portaltela.pt\/","name":"Portal Tela Portugal","description":"","potentialAction":[{"@type":"SearchAction","target":{"@type":"EntryPoint","urlTemplate":"https:\/\/portaltela.pt\/?s={search_term_string}"},"query-input":{"@type":"PropertyValueSpecification","valueRequired":true,"valueName":"search_term_string"}}],"inLanguage":"pt-PT"},{"@type":"Person","@id":"https:\/\/portaltela.pt\/#\/schema\/person\/c4278d4a6028830caff9ee44b42d32ed","name":"Telinha","image":{"@type":"ImageObject","inLanguage":"pt-PT","@id":"https:\/\/portaltela.pt\/s.01k8rhncp4jt1\/2025\/11\/talking-bot-125x125.png","url":"https:\/\/portaltela.pt\/s.01k8rhncp4jt1\/2025\/11\/talking-bot-125x125.png","contentUrl":"https:\/\/portaltela.pt\/s.01k8rhncp4jt1\/2025\/11\/talking-bot-125x125.png","caption":"Telinha"},"sameAs":["https:\/\/portaltela.pt\/"],"url":"https:\/\/portaltela.pt\/por\/367410592786\/"}]}},"_links":{"self":[{"href":"https:\/\/portaltela.pt\/api\/wp\/v2\/posts\/422406","targetHints":{"allow":["GET"]}}],"collection":[{"href":"https:\/\/portaltela.pt\/api\/wp\/v2\/posts"}],"about":[{"href":"https:\/\/portaltela.pt\/api\/wp\/v2\/types\/post"}],"author":[{"embeddable":true,"href":"https:\/\/portaltela.pt\/api\/wp\/v2\/users\/2"}],"replies":[{"embeddable":true,"href":"https:\/\/portaltela.pt\/api\/wp\/v2\/comments?post=422406"}],"version-history":[{"count":0,"href":"https:\/\/portaltela.pt\/api\/wp\/v2\/posts\/422406\/revisions"}],"wp:featuredmedia":[{"embeddable":true,"href":"https:\/\/portaltela.pt\/api\/wp\/v2\/media\/422407"}],"wp:attachment":[{"href":"https:\/\/portaltela.pt\/api\/wp\/v2\/media?parent=422406"}],"wp:term":[{"taxonomy":"category","embeddable":true,"href":"https:\/\/portaltela.pt\/api\/wp\/v2\/categories?post=422406"},{"taxonomy":"post_tag","embeddable":true,"href":"https:\/\/portaltela.pt\/api\/wp\/v2\/tags?post=422406"}],"curies":[{"name":"wp","href":"https:\/\/api.w.org\/{rel}","templated":true}]}}