{"id":422398,"date":"2026-03-26T12:12:00","date_gmt":"2026-03-26T15:12:00","guid":{"rendered":"https:\/\/portaltela.pt\/noticias\/2026\/03\/26\/luis-pato-lanca-vinha-pan-1996\/"},"modified":"2026-03-26T12:12:00","modified_gmt":"2026-03-26T15:12:00","slug":"luis-pato-lanca-vinha-pan-1996","status":"publish","type":"post","link":"https:\/\/portaltela.pt\/noticias\/2026\/03\/26\/luis-pato-lanca-vinha-pan-1996\/","title":{"rendered":"Lu\u00eds Pato lan\u00e7a Vinha Pan 1996"},"content":{"rendered":"<p>Lu\u00eds Pato Vinha Pan 1996 \u00e9 o foco da an\u00e1lise de prova, destacando a evolu\u00e7\u00e3o de uma casta Baga com d\u00e9cadas de guarda. A prova revela tanino ainda presente, acidez firme e equil\u00edbrio que persistem ap\u00f3s anos de envelhecimento. O perfil balan\u00e7a entre fruta e notas bals\u00e2micas.<\/p>\n<p>O documento de notas de prova descreve a continuidade do fio condutor do argilo-calc\u00e1rio da regi\u00e3o de Bairrada, onde a fruta t\u00edpica da Baga se mant\u00e9m presente, mesmo com a passagem do tempo. O conjunto evidencia uma express\u00e3o bals\u00e2mica e medicinal associada \u00e0s bagas bairradinas.<\/p>\n<p>Com a idade, o vinho exibe complexidade sem perder a vivacidade. A cor permanece intensa e o aroma sugere matura\u00e7\u00e3o controlada, mantendo a integridade da fruta e o retrato do terroir. A prova refor\u00e7a a harmonia entre estrutura e eleg\u00e2ncia.<\/p>\n<ul>\n<li>Lu\u00eds Pato<\/li>\n<li>Vinha Pan 1996<\/li>\n<li>regi\u00f5es: Bairrada, Portugal<\/li>\n<li>tipo: vinho \u00e0 base de Baga<\/li>\n<li>notas: taninos, acidez, equil\u00edbrio, perfil bals\u00e2mico-medicinal<\/li>\n<\/ul>\n","protected":false},"excerpt":{"rendered":"<ul>\n<li>O Lu\u00eds Pato Vinha Pan 1996 exibe cor intensa mesmo ap\u00f3s longos anos.<\/li>\n<li>O tanino permanece presente, com acidez e equil\u00edbrio detect\u00e1veis.<\/li>\n<li>O perfil revela influ\u00eancia do argilo-calc\u00e1rio da regi\u00e3o.<\/li>\n<li>A fruta do Baga j\u00e1 se revela, mantendo notas bals\u00e2mico-medicinais t\u00edpicas das bagas bairradinas.<\/li>\n<\/ul>\n","protected":false},"author":2,"featured_media":422399,"comment_status":"closed","ping_status":"closed","sticky":false,"template":"","format":"standard","meta":{"footnotes":""},"categories":[7369,1],"tags":[2522,1014,5586,779,4103],"class_list":["post-422398","post","type-post","status-publish","format-standard","has-post-thumbnail","hentry","category-gastronomia","category-noticias","tag-bairrada","tag-portugal","tag-vinho","tag-vinhos","tag-viticultura"],"yoast_head":"<!-- This site is optimized with the Yoast SEO plugin v27.2 - https:\/\/yoast.com\/product\/yoast-seo-wordpress\/ -->\n<title>Lu\u00eds Pato lan\u00e7a Vinha Pan 1996 - Portal Tela Portugal<\/title>\n<meta name=\"robots\" content=\"index, follow, max-snippet:-1, max-image-preview:large, max-video-preview:-1\" \/>\n<meta property=\"og:locale\" content=\"pt_PT\" \/>\n<meta property=\"og:type\" content=\"article\" \/>\n<meta property=\"og:title\" content=\"Lu\u00eds Pato lan\u00e7a Vinha Pan 1996 - Portal Tela Portugal\" \/>\n<meta property=\"og:description\" content=\"O Lu\u00eds Pato Vinha Pan 1996 exibe cor intensa mesmo ap\u00f3s longos anos. O tanino permanece presente, com acidez e equil\u00edbrio detect\u00e1veis. O perfil revela influ\u00eancia do argilo-calc\u00e1rio da regi\u00e3o. A fruta do Baga j\u00e1 se revela, mantendo notas bals\u00e2mico-medicinais t\u00edpicas das bagas bairradinas.\" \/>\n<meta property=\"og:url\" content=\"https:\/\/portaltela.pt\/noticias\/2026\/03\/26\/luis-pato-lanca-vinha-pan-1996\/\" \/>\n<meta property=\"og:site_name\" content=\"Portal Tela Portugal\" \/>\n<meta property=\"article:published_time\" content=\"2026-03-26T15:12:00+00:00\" \/>\n<meta name=\"author\" content=\"Telinha\" \/>\n<meta name=\"twitter:card\" content=\"summary_large_image\" \/>\n<meta name=\"twitter:label1\" content=\"Escrito por\" \/>\n\t<meta name=\"twitter:data1\" content=\"Telinha\" \/>\n\t<meta name=\"twitter:label2\" content=\"Tempo estimado de leitura\" \/>\n\t<meta name=\"twitter:data2\" content=\"1 minuto\" \/>\n<script type=\"application\/ld+json\" class=\"yoast-schema-graph\">{\"@context\":\"https:\/\/schema.org\",\"@graph\":[{\"@type\":\"Article\",\"@id\":\"https:\/\/portaltela.pt\/noticias\/2026\/03\/26\/luis-pato-lanca-vinha-pan-1996\/#article\",\"isPartOf\":{\"@id\":\"https:\/\/portaltela.pt\/noticias\/2026\/03\/26\/luis-pato-lanca-vinha-pan-1996\/\"},\"author\":{\"name\":\"Telinha\",\"@id\":\"https:\/\/portaltela.pt\/#\/schema\/person\/c4278d4a6028830caff9ee44b42d32ed\"},\"headline\":\"Lu\u00eds Pato lan\u00e7a Vinha Pan 1996\",\"datePublished\":\"2026-03-26T15:12:00+00:00\",\"mainEntityOfPage\":{\"@id\":\"https:\/\/portaltela.pt\/noticias\/2026\/03\/26\/luis-pato-lanca-vinha-pan-1996\/\"},\"wordCount\":176,\"image\":{\"@id\":\"https:\/\/portaltela.pt\/noticias\/2026\/03\/26\/luis-pato-lanca-vinha-pan-1996\/#primaryimage\"},\"thumbnailUrl\":\"https:\/\/portaltela.pt\/s.01k8rhncp4jt1\/2026\/03\/2076844.jpg\",\"keywords\":[\"Bairrada\",\"Portugal\",\"vinho\",\"vinhos\",\"viticultura\"],\"articleSection\":[\"Gastronomia\",\"Not\u00edcias\"],\"inLanguage\":\"pt-PT\"},{\"@type\":\"WebPage\",\"@id\":\"https:\/\/portaltela.pt\/noticias\/2026\/03\/26\/luis-pato-lanca-vinha-pan-1996\/\",\"url\":\"https:\/\/portaltela.pt\/noticias\/2026\/03\/26\/luis-pato-lanca-vinha-pan-1996\/\",\"name\":\"Lu\u00eds Pato lan\u00e7a Vinha Pan 1996 - Portal Tela Portugal\",\"isPartOf\":{\"@id\":\"https:\/\/portaltela.pt\/#website\"},\"primaryImageOfPage\":{\"@id\":\"https:\/\/portaltela.pt\/noticias\/2026\/03\/26\/luis-pato-lanca-vinha-pan-1996\/#primaryimage\"},\"image\":{\"@id\":\"https:\/\/portaltela.pt\/noticias\/2026\/03\/26\/luis-pato-lanca-vinha-pan-1996\/#primaryimage\"},\"thumbnailUrl\":\"https:\/\/portaltela.pt\/s.01k8rhncp4jt1\/2026\/03\/2076844.jpg\",\"datePublished\":\"2026-03-26T15:12:00+00:00\",\"author\":{\"@id\":\"https:\/\/portaltela.pt\/#\/schema\/person\/c4278d4a6028830caff9ee44b42d32ed\"},\"breadcrumb\":{\"@id\":\"https:\/\/portaltela.pt\/noticias\/2026\/03\/26\/luis-pato-lanca-vinha-pan-1996\/#breadcrumb\"},\"inLanguage\":\"pt-PT\",\"potentialAction\":[{\"@type\":\"ReadAction\",\"target\":[\"https:\/\/portaltela.pt\/noticias\/2026\/03\/26\/luis-pato-lanca-vinha-pan-1996\/\"]}]},{\"@type\":\"ImageObject\",\"inLanguage\":\"pt-PT\",\"@id\":\"https:\/\/portaltela.pt\/noticias\/2026\/03\/26\/luis-pato-lanca-vinha-pan-1996\/#primaryimage\",\"url\":\"https:\/\/portaltela.pt\/s.01k8rhncp4jt1\/2026\/03\/2076844.jpg\",\"contentUrl\":\"https:\/\/portaltela.pt\/s.01k8rhncp4jt1\/2026\/03\/2076844.jpg\",\"width\":796,\"height\":448,\"caption\":\"Photo\"},{\"@type\":\"BreadcrumbList\",\"@id\":\"https:\/\/portaltela.pt\/noticias\/2026\/03\/26\/luis-pato-lanca-vinha-pan-1996\/#breadcrumb\",\"itemListElement\":[{\"@type\":\"ListItem\",\"position\":1,\"name\":\"In\u00edcio\",\"item\":\"https:\/\/portaltela.pt\/\"},{\"@type\":\"ListItem\",\"position\":2,\"name\":\"Lu\u00eds Pato lan\u00e7a Vinha Pan 1996\"}]},{\"@type\":\"WebSite\",\"@id\":\"https:\/\/portaltela.pt\/#website\",\"url\":\"https:\/\/portaltela.pt\/\",\"name\":\"Portal Tela Portugal\",\"description\":\"\",\"potentialAction\":[{\"@type\":\"SearchAction\",\"target\":{\"@type\":\"EntryPoint\",\"urlTemplate\":\"https:\/\/portaltela.pt\/?s={search_term_string}\"},\"query-input\":{\"@type\":\"PropertyValueSpecification\",\"valueRequired\":true,\"valueName\":\"search_term_string\"}}],\"inLanguage\":\"pt-PT\"},{\"@type\":\"Person\",\"@id\":\"https:\/\/portaltela.pt\/#\/schema\/person\/c4278d4a6028830caff9ee44b42d32ed\",\"name\":\"Telinha\",\"image\":{\"@type\":\"ImageObject\",\"inLanguage\":\"pt-PT\",\"@id\":\"https:\/\/portaltela.pt\/s.01k8rhncp4jt1\/2025\/11\/talking-bot-125x125.png\",\"url\":\"https:\/\/portaltela.pt\/s.01k8rhncp4jt1\/2025\/11\/talking-bot-125x125.png\",\"contentUrl\":\"https:\/\/portaltela.pt\/s.01k8rhncp4jt1\/2025\/11\/talking-bot-125x125.png\",\"caption\":\"Telinha\"},\"sameAs\":[\"https:\/\/portaltela.pt\/\"],\"url\":\"https:\/\/portaltela.pt\/por\/367410592786\/\"}]}<\/script>\n<!-- \/ Yoast SEO plugin. -->","yoast_head_json":{"title":"Lu\u00eds Pato lan\u00e7a Vinha Pan 1996 - Portal Tela Portugal","robots":{"index":"index","follow":"follow","max-snippet":"max-snippet:-1","max-image-preview":"max-image-preview:large","max-video-preview":"max-video-preview:-1"},"og_locale":"pt_PT","og_type":"article","og_title":"Lu\u00eds Pato lan\u00e7a Vinha Pan 1996 - Portal Tela Portugal","og_description":"O Lu\u00eds Pato Vinha Pan 1996 exibe cor intensa mesmo ap\u00f3s longos anos. O tanino permanece presente, com acidez e equil\u00edbrio detect\u00e1veis. O perfil revela influ\u00eancia do argilo-calc\u00e1rio da regi\u00e3o. A fruta do Baga j\u00e1 se revela, mantendo notas bals\u00e2mico-medicinais t\u00edpicas das bagas bairradinas.","og_url":"https:\/\/portaltela.pt\/noticias\/2026\/03\/26\/luis-pato-lanca-vinha-pan-1996\/","og_site_name":"Portal Tela Portugal","article_published_time":"2026-03-26T15:12:00+00:00","author":"Telinha","twitter_card":"summary_large_image","twitter_misc":{"Escrito por":"Telinha","Tempo estimado de leitura":"1 minuto"},"schema":{"@context":"https:\/\/schema.org","@graph":[{"@type":"Article","@id":"https:\/\/portaltela.pt\/noticias\/2026\/03\/26\/luis-pato-lanca-vinha-pan-1996\/#article","isPartOf":{"@id":"https:\/\/portaltela.pt\/noticias\/2026\/03\/26\/luis-pato-lanca-vinha-pan-1996\/"},"author":{"name":"Telinha","@id":"https:\/\/portaltela.pt\/#\/schema\/person\/c4278d4a6028830caff9ee44b42d32ed"},"headline":"Lu\u00eds Pato lan\u00e7a Vinha Pan 1996","datePublished":"2026-03-26T15:12:00+00:00","mainEntityOfPage":{"@id":"https:\/\/portaltela.pt\/noticias\/2026\/03\/26\/luis-pato-lanca-vinha-pan-1996\/"},"wordCount":176,"image":{"@id":"https:\/\/portaltela.pt\/noticias\/2026\/03\/26\/luis-pato-lanca-vinha-pan-1996\/#primaryimage"},"thumbnailUrl":"https:\/\/portaltela.pt\/s.01k8rhncp4jt1\/2026\/03\/2076844.jpg","keywords":["Bairrada","Portugal","vinho","vinhos","viticultura"],"articleSection":["Gastronomia","Not\u00edcias"],"inLanguage":"pt-PT"},{"@type":"WebPage","@id":"https:\/\/portaltela.pt\/noticias\/2026\/03\/26\/luis-pato-lanca-vinha-pan-1996\/","url":"https:\/\/portaltela.pt\/noticias\/2026\/03\/26\/luis-pato-lanca-vinha-pan-1996\/","name":"Lu\u00eds Pato lan\u00e7a Vinha Pan 1996 - Portal Tela Portugal","isPartOf":{"@id":"https:\/\/portaltela.pt\/#website"},"primaryImageOfPage":{"@id":"https:\/\/portaltela.pt\/noticias\/2026\/03\/26\/luis-pato-lanca-vinha-pan-1996\/#primaryimage"},"image":{"@id":"https:\/\/portaltela.pt\/noticias\/2026\/03\/26\/luis-pato-lanca-vinha-pan-1996\/#primaryimage"},"thumbnailUrl":"https:\/\/portaltela.pt\/s.01k8rhncp4jt1\/2026\/03\/2076844.jpg","datePublished":"2026-03-26T15:12:00+00:00","author":{"@id":"https:\/\/portaltela.pt\/#\/schema\/person\/c4278d4a6028830caff9ee44b42d32ed"},"breadcrumb":{"@id":"https:\/\/portaltela.pt\/noticias\/2026\/03\/26\/luis-pato-lanca-vinha-pan-1996\/#breadcrumb"},"inLanguage":"pt-PT","potentialAction":[{"@type":"ReadAction","target":["https:\/\/portaltela.pt\/noticias\/2026\/03\/26\/luis-pato-lanca-vinha-pan-1996\/"]}]},{"@type":"ImageObject","inLanguage":"pt-PT","@id":"https:\/\/portaltela.pt\/noticias\/2026\/03\/26\/luis-pato-lanca-vinha-pan-1996\/#primaryimage","url":"https:\/\/portaltela.pt\/s.01k8rhncp4jt1\/2026\/03\/2076844.jpg","contentUrl":"https:\/\/portaltela.pt\/s.01k8rhncp4jt1\/2026\/03\/2076844.jpg","width":796,"height":448,"caption":"Photo"},{"@type":"BreadcrumbList","@id":"https:\/\/portaltela.pt\/noticias\/2026\/03\/26\/luis-pato-lanca-vinha-pan-1996\/#breadcrumb","itemListElement":[{"@type":"ListItem","position":1,"name":"In\u00edcio","item":"https:\/\/portaltela.pt\/"},{"@type":"ListItem","position":2,"name":"Lu\u00eds Pato lan\u00e7a Vinha Pan 1996"}]},{"@type":"WebSite","@id":"https:\/\/portaltela.pt\/#website","url":"https:\/\/portaltela.pt\/","name":"Portal Tela Portugal","description":"","potentialAction":[{"@type":"SearchAction","target":{"@type":"EntryPoint","urlTemplate":"https:\/\/portaltela.pt\/?s={search_term_string}"},"query-input":{"@type":"PropertyValueSpecification","valueRequired":true,"valueName":"search_term_string"}}],"inLanguage":"pt-PT"},{"@type":"Person","@id":"https:\/\/portaltela.pt\/#\/schema\/person\/c4278d4a6028830caff9ee44b42d32ed","name":"Telinha","image":{"@type":"ImageObject","inLanguage":"pt-PT","@id":"https:\/\/portaltela.pt\/s.01k8rhncp4jt1\/2025\/11\/talking-bot-125x125.png","url":"https:\/\/portaltela.pt\/s.01k8rhncp4jt1\/2025\/11\/talking-bot-125x125.png","contentUrl":"https:\/\/portaltela.pt\/s.01k8rhncp4jt1\/2025\/11\/talking-bot-125x125.png","caption":"Telinha"},"sameAs":["https:\/\/portaltela.pt\/"],"url":"https:\/\/portaltela.pt\/por\/367410592786\/"}]}},"_links":{"self":[{"href":"https:\/\/portaltela.pt\/api\/wp\/v2\/posts\/422398","targetHints":{"allow":["GET"]}}],"collection":[{"href":"https:\/\/portaltela.pt\/api\/wp\/v2\/posts"}],"about":[{"href":"https:\/\/portaltela.pt\/api\/wp\/v2\/types\/post"}],"author":[{"embeddable":true,"href":"https:\/\/portaltela.pt\/api\/wp\/v2\/users\/2"}],"replies":[{"embeddable":true,"href":"https:\/\/portaltela.pt\/api\/wp\/v2\/comments?post=422398"}],"version-history":[{"count":0,"href":"https:\/\/portaltela.pt\/api\/wp\/v2\/posts\/422398\/revisions"}],"wp:featuredmedia":[{"embeddable":true,"href":"https:\/\/portaltela.pt\/api\/wp\/v2\/media\/422399"}],"wp:attachment":[{"href":"https:\/\/portaltela.pt\/api\/wp\/v2\/media?parent=422398"}],"wp:term":[{"taxonomy":"category","embeddable":true,"href":"https:\/\/portaltela.pt\/api\/wp\/v2\/categories?post=422398"},{"taxonomy":"post_tag","embeddable":true,"href":"https:\/\/portaltela.pt\/api\/wp\/v2\/tags?post=422398"}],"curies":[{"name":"wp","href":"https:\/\/api.w.org\/{rel}","templated":true}]}}