{"id":422390,"date":"2026-03-26T11:32:00","date_gmt":"2026-03-26T14:32:00","guid":{"rendered":"https:\/\/portaltela.pt\/noticias\/2026\/03\/26\/obras-na-biblioteca-publica-do-porto-comecam-neste-verao\/"},"modified":"2026-03-26T11:32:00","modified_gmt":"2026-03-26T14:32:00","slug":"obras-na-biblioteca-publica-do-porto-comecam-neste-verao","status":"publish","type":"post","link":"https:\/\/portaltela.pt\/lazer\/2026\/03\/26\/obras-na-biblioteca-publica-do-porto-comecam-neste-verao\/","title":{"rendered":"Obras na Biblioteca P\u00fablica do Porto come\u00e7am neste ver\u00e3o"},"content":{"rendered":"<p>A C\u00e2mara Municipal do Porto anunciou que a reabilita\u00e7\u00e3o e amplia\u00e7\u00e3o da Biblioteca P\u00fablica Municipal de S. L\u00e1zaro arrancar\u00e1 no ver\u00e3o. A obra, adjudicada em fevereiro por 31,5 milh\u00f5es de euros, depende do visto pr\u00e9vio do Tribunal de Contas.<\/p>\n<p>Segundo o vereador da Cultura, Jorge Sobrado, o arranque est\u00e1 dependente do visto. A consigna\u00e7\u00e3o dever\u00e1 ocorrer ainda durante o ver\u00e3o, com a conclus\u00e3o prevista para meados de 2029.<\/p>\n<p>A inaugura\u00e7\u00e3o formal n\u00e3o \u00e9 anunciada, mas o edif\u00edcio abrir\u00e1 este fim de semana para um evento art\u00edstico. Sexta e s\u00e1bado haver\u00e1 a visita-espet\u00e1culo Desempacotando a minha biblioteca, das 10h \u00e0s 23h.<\/p>\n<h3>Progresso da obra<\/h3>\n<p>O Convento de Santo Ant\u00f3nio da Cidade acolha agora a biblioteca desde 1842, numa interven\u00e7\u00e3o que visa reabilitar o edif\u00edcio existente e ampliar o complexo. O estudo de Eduardo Souto Moura orienta o projeto.<\/p>\n<p>A amplia\u00e7\u00e3o envolve duas novas edifica\u00e7\u00f5es numa parcela que j\u00e1 funcionou como parque de estacionamento. A \u00e1rea constru\u00edda crescer\u00e1 pr\u00f3ximo de 7 700 m\u00b2, duplicando o espa\u00e7o dispon\u00edvel.<\/p>\n<p>A interven\u00e7\u00e3o prev\u00ea tamb\u00e9m uma cafetaria, uma cave log\u00edstica, uma biblioteca sonora, um museu da palavra e um espa\u00e7o polivalente, conectados ao conjunto existente. O objetivo \u00e9 criar mais espa\u00e7o de dep\u00f3sito para o vasto acervo.<\/p>\n<p>Depois do encerramento em 1 de abril de 2024, os servi\u00e7os de consulta foram assegurados pela biblioteca Almeida Garrett e pela Rede da Biblioteca Errante, at\u00e9 a obra avan\u00e7ar.<\/p>\n","protected":false},"excerpt":{"rendered":"<ul>\n<li>As obras de reabilita\u00e7\u00e3o e amplia\u00e7\u00e3o da Biblioteca P\u00fablica Municipal do Porto devem arrancar no ver\u00e3o, em S. L\u00e1zaro, ap\u00f3s a consigna oficial.<\/li>\n<li>A empreitada foi adjudicada pela c\u00e2mara em 31,5 milh\u00f5es de euros e aguarda o visto pr\u00e9vio do Tribunal de Contas.<\/li>\n<li>Nesta sexta-feira e s\u00e1bado, o edif\u00edcio abre ao p\u00fablico numa visita-espet\u00e1culo, \u201cDesempacotando a minha biblioteca\u201d, entre as 10h e as 23h.<\/li>\n<li>O primeiro concurso para a reabilita\u00e7\u00e3o ficou deserto; a segunda itera\u00e7\u00e3o ficou 30% mais cara (34,5 milh\u00f5es de euros) e prev\u00ea conclus\u00e3o em meados de 2029.<\/li>\n<li>O projeto, assinado por Eduardo Souto Moura, inclui duas novas edifica\u00e7\u00f5es, cafetaria, biblioteca sonora, museu da palavra e espa\u00e7o polivalente, totalizando perto de sete mil metros quadrados em cada \u00e1rea.<\/li>\n<\/ul>\n","protected":false},"author":2,"featured_media":422393,"comment_status":"closed","ping_status":"closed","sticky":false,"template":"","format":"standard","meta":{"footnotes":""},"categories":[7375,7381],"tags":[142,1078,718,145,814,982],"class_list":["post-422390","post","type-post","status-publish","format-standard","has-post-thumbnail","hentry","category-cultura","category-lazer","tag-arquitetura","tag-bibliotecas-arquivos","tag-construcao","tag-cultura","tag-patrimonio","tag-porto"],"yoast_head":"<!-- This site is optimized with the Yoast SEO plugin v27.2 - https:\/\/yoast.com\/product\/yoast-seo-wordpress\/ -->\n<title>Obras na Biblioteca P\u00fablica do Porto come\u00e7am neste ver\u00e3o - Portal Tela Portugal<\/title>\n<meta name=\"robots\" content=\"index, follow, max-snippet:-1, max-image-preview:large, max-video-preview:-1\" \/>\n<meta property=\"og:locale\" content=\"pt_PT\" \/>\n<meta property=\"og:type\" content=\"article\" \/>\n<meta property=\"og:title\" content=\"Obras na Biblioteca P\u00fablica do Porto come\u00e7am neste ver\u00e3o - Portal Tela Portugal\" \/>\n<meta property=\"og:description\" content=\"As obras de reabilita\u00e7\u00e3o e amplia\u00e7\u00e3o da Biblioteca P\u00fablica Municipal do Porto devem arrancar no ver\u00e3o, em S. L\u00e1zaro, ap\u00f3s a consigna oficial. A empreitada foi adjudicada pela c\u00e2mara em 31,5 milh\u00f5es de euros e aguarda o visto pr\u00e9vio do Tribunal de Contas. Nesta sexta-feira e s\u00e1bado, o edif\u00edcio abre ao p\u00fablico numa visita-espet\u00e1culo, \u201cDesempacotando a minha biblioteca\u201d, entre as 10h e as 23h. O primeiro concurso para a reabilita\u00e7\u00e3o ficou deserto; a segunda itera\u00e7\u00e3o ficou 30% mais cara (34,5 milh\u00f5es de euros) e prev\u00ea conclus\u00e3o em meados de 2029. O projeto, assinado por Eduardo Souto Moura, inclui duas novas edifica\u00e7\u00f5es, cafetaria, biblioteca sonora, museu da palavra e espa\u00e7o polivalente, totalizando perto de sete mil metros quadrados em cada \u00e1rea.\" \/>\n<meta property=\"og:url\" content=\"https:\/\/portaltela.pt\/noticias\/2026\/03\/26\/obras-na-biblioteca-publica-do-porto-comecam-neste-verao\/\" \/>\n<meta property=\"og:site_name\" content=\"Portal Tela Portugal\" \/>\n<meta property=\"article:published_time\" content=\"2026-03-26T14:32:00+00:00\" \/>\n<meta name=\"author\" content=\"Telinha\" \/>\n<meta name=\"twitter:card\" content=\"summary_large_image\" \/>\n<meta name=\"twitter:label1\" content=\"Escrito por\" \/>\n\t<meta name=\"twitter:data1\" content=\"Telinha\" \/>\n\t<meta name=\"twitter:label2\" content=\"Tempo estimado de leitura\" \/>\n\t<meta name=\"twitter:data2\" content=\"1 minuto\" \/>\n<script type=\"application\/ld+json\" class=\"yoast-schema-graph\">{\"@context\":\"https:\/\/schema.org\",\"@graph\":[{\"@type\":\"Article\",\"@id\":\"https:\/\/portaltela.pt\/noticias\/2026\/03\/26\/obras-na-biblioteca-publica-do-porto-comecam-neste-verao\/#article\",\"isPartOf\":{\"@id\":\"https:\/\/portaltela.pt\/noticias\/2026\/03\/26\/obras-na-biblioteca-publica-do-porto-comecam-neste-verao\/\"},\"author\":{\"name\":\"Telinha\",\"@id\":\"https:\/\/portaltela.pt\/#\/schema\/person\/c4278d4a6028830caff9ee44b42d32ed\"},\"headline\":\"Obras na Biblioteca P\u00fablica do Porto come\u00e7am neste ver\u00e3o\",\"datePublished\":\"2026-03-26T14:32:00+00:00\",\"mainEntityOfPage\":{\"@id\":\"https:\/\/portaltela.pt\/noticias\/2026\/03\/26\/obras-na-biblioteca-publica-do-porto-comecam-neste-verao\/\"},\"wordCount\":267,\"image\":{\"@id\":\"https:\/\/portaltela.pt\/noticias\/2026\/03\/26\/obras-na-biblioteca-publica-do-porto-comecam-neste-verao\/#primaryimage\"},\"thumbnailUrl\":\"https:\/\/portaltela.pt\/s.01k8rhncp4jt1\/2026\/03\/image-153.webp\",\"keywords\":[\"arquitetura\",\"bibliotecas\/arquivos\",\"Constru\u00e7\u00e3o\",\"cultura\",\"patrim\u00f3nio\",\"Porto\"],\"articleSection\":[\"Cultura\",\"Lazer\"],\"inLanguage\":\"pt-PT\"},{\"@type\":\"WebPage\",\"@id\":\"https:\/\/portaltela.pt\/noticias\/2026\/03\/26\/obras-na-biblioteca-publica-do-porto-comecam-neste-verao\/\",\"url\":\"https:\/\/portaltela.pt\/noticias\/2026\/03\/26\/obras-na-biblioteca-publica-do-porto-comecam-neste-verao\/\",\"name\":\"Obras na Biblioteca P\u00fablica do Porto come\u00e7am neste ver\u00e3o - Portal Tela Portugal\",\"isPartOf\":{\"@id\":\"https:\/\/portaltela.pt\/#website\"},\"primaryImageOfPage\":{\"@id\":\"https:\/\/portaltela.pt\/noticias\/2026\/03\/26\/obras-na-biblioteca-publica-do-porto-comecam-neste-verao\/#primaryimage\"},\"image\":{\"@id\":\"https:\/\/portaltela.pt\/noticias\/2026\/03\/26\/obras-na-biblioteca-publica-do-porto-comecam-neste-verao\/#primaryimage\"},\"thumbnailUrl\":\"https:\/\/portaltela.pt\/s.01k8rhncp4jt1\/2026\/03\/image-153.webp\",\"datePublished\":\"2026-03-26T14:32:00+00:00\",\"author\":{\"@id\":\"https:\/\/portaltela.pt\/#\/schema\/person\/c4278d4a6028830caff9ee44b42d32ed\"},\"breadcrumb\":{\"@id\":\"https:\/\/portaltela.pt\/noticias\/2026\/03\/26\/obras-na-biblioteca-publica-do-porto-comecam-neste-verao\/#breadcrumb\"},\"inLanguage\":\"pt-PT\",\"potentialAction\":[{\"@type\":\"ReadAction\",\"target\":[\"https:\/\/portaltela.pt\/noticias\/2026\/03\/26\/obras-na-biblioteca-publica-do-porto-comecam-neste-verao\/\"]}]},{\"@type\":\"ImageObject\",\"inLanguage\":\"pt-PT\",\"@id\":\"https:\/\/portaltela.pt\/noticias\/2026\/03\/26\/obras-na-biblioteca-publica-do-porto-comecam-neste-verao\/#primaryimage\",\"url\":\"https:\/\/portaltela.pt\/s.01k8rhncp4jt1\/2026\/03\/image-153.webp\",\"contentUrl\":\"https:\/\/portaltela.pt\/s.01k8rhncp4jt1\/2026\/03\/image-153.webp\",\"width\":1200,\"height\":900,\"caption\":\"A Biblioteca Municipal do Porto fechou as portas h\u00e1 quase dois anos, para ser reabilitada e ampliada\"},{\"@type\":\"BreadcrumbList\",\"@id\":\"https:\/\/portaltela.pt\/noticias\/2026\/03\/26\/obras-na-biblioteca-publica-do-porto-comecam-neste-verao\/#breadcrumb\",\"itemListElement\":[{\"@type\":\"ListItem\",\"position\":1,\"name\":\"In\u00edcio\",\"item\":\"https:\/\/portaltela.pt\/\"},{\"@type\":\"ListItem\",\"position\":2,\"name\":\"Obras na Biblioteca P\u00fablica do Porto come\u00e7am neste ver\u00e3o\"}]},{\"@type\":\"WebSite\",\"@id\":\"https:\/\/portaltela.pt\/#website\",\"url\":\"https:\/\/portaltela.pt\/\",\"name\":\"Portal Tela Portugal\",\"description\":\"\",\"potentialAction\":[{\"@type\":\"SearchAction\",\"target\":{\"@type\":\"EntryPoint\",\"urlTemplate\":\"https:\/\/portaltela.pt\/?s={search_term_string}\"},\"query-input\":{\"@type\":\"PropertyValueSpecification\",\"valueRequired\":true,\"valueName\":\"search_term_string\"}}],\"inLanguage\":\"pt-PT\"},{\"@type\":\"Person\",\"@id\":\"https:\/\/portaltela.pt\/#\/schema\/person\/c4278d4a6028830caff9ee44b42d32ed\",\"name\":\"Telinha\",\"image\":{\"@type\":\"ImageObject\",\"inLanguage\":\"pt-PT\",\"@id\":\"https:\/\/portaltela.pt\/s.01k8rhncp4jt1\/2025\/11\/talking-bot-125x125.png\",\"url\":\"https:\/\/portaltela.pt\/s.01k8rhncp4jt1\/2025\/11\/talking-bot-125x125.png\",\"contentUrl\":\"https:\/\/portaltela.pt\/s.01k8rhncp4jt1\/2025\/11\/talking-bot-125x125.png\",\"caption\":\"Telinha\"},\"sameAs\":[\"https:\/\/portaltela.pt\/\"],\"url\":\"https:\/\/portaltela.pt\/por\/367410592786\/\"}]}<\/script>\n<!-- \/ Yoast SEO plugin. -->","yoast_head_json":{"title":"Obras na Biblioteca P\u00fablica do Porto come\u00e7am neste ver\u00e3o - Portal Tela Portugal","robots":{"index":"index","follow":"follow","max-snippet":"max-snippet:-1","max-image-preview":"max-image-preview:large","max-video-preview":"max-video-preview:-1"},"og_locale":"pt_PT","og_type":"article","og_title":"Obras na Biblioteca P\u00fablica do Porto come\u00e7am neste ver\u00e3o - Portal Tela Portugal","og_description":"As obras de reabilita\u00e7\u00e3o e amplia\u00e7\u00e3o da Biblioteca P\u00fablica Municipal do Porto devem arrancar no ver\u00e3o, em S. L\u00e1zaro, ap\u00f3s a consigna oficial. A empreitada foi adjudicada pela c\u00e2mara em 31,5 milh\u00f5es de euros e aguarda o visto pr\u00e9vio do Tribunal de Contas. Nesta sexta-feira e s\u00e1bado, o edif\u00edcio abre ao p\u00fablico numa visita-espet\u00e1culo, \u201cDesempacotando a minha biblioteca\u201d, entre as 10h e as 23h. O primeiro concurso para a reabilita\u00e7\u00e3o ficou deserto; a segunda itera\u00e7\u00e3o ficou 30% mais cara (34,5 milh\u00f5es de euros) e prev\u00ea conclus\u00e3o em meados de 2029. O projeto, assinado por Eduardo Souto Moura, inclui duas novas edifica\u00e7\u00f5es, cafetaria, biblioteca sonora, museu da palavra e espa\u00e7o polivalente, totalizando perto de sete mil metros quadrados em cada \u00e1rea.","og_url":"https:\/\/portaltela.pt\/noticias\/2026\/03\/26\/obras-na-biblioteca-publica-do-porto-comecam-neste-verao\/","og_site_name":"Portal Tela Portugal","article_published_time":"2026-03-26T14:32:00+00:00","author":"Telinha","twitter_card":"summary_large_image","twitter_misc":{"Escrito por":"Telinha","Tempo estimado de leitura":"1 minuto"},"schema":{"@context":"https:\/\/schema.org","@graph":[{"@type":"Article","@id":"https:\/\/portaltela.pt\/noticias\/2026\/03\/26\/obras-na-biblioteca-publica-do-porto-comecam-neste-verao\/#article","isPartOf":{"@id":"https:\/\/portaltela.pt\/noticias\/2026\/03\/26\/obras-na-biblioteca-publica-do-porto-comecam-neste-verao\/"},"author":{"name":"Telinha","@id":"https:\/\/portaltela.pt\/#\/schema\/person\/c4278d4a6028830caff9ee44b42d32ed"},"headline":"Obras na Biblioteca P\u00fablica do Porto come\u00e7am neste ver\u00e3o","datePublished":"2026-03-26T14:32:00+00:00","mainEntityOfPage":{"@id":"https:\/\/portaltela.pt\/noticias\/2026\/03\/26\/obras-na-biblioteca-publica-do-porto-comecam-neste-verao\/"},"wordCount":267,"image":{"@id":"https:\/\/portaltela.pt\/noticias\/2026\/03\/26\/obras-na-biblioteca-publica-do-porto-comecam-neste-verao\/#primaryimage"},"thumbnailUrl":"https:\/\/portaltela.pt\/s.01k8rhncp4jt1\/2026\/03\/image-153.webp","keywords":["arquitetura","bibliotecas\/arquivos","Constru\u00e7\u00e3o","cultura","patrim\u00f3nio","Porto"],"articleSection":["Cultura","Lazer"],"inLanguage":"pt-PT"},{"@type":"WebPage","@id":"https:\/\/portaltela.pt\/noticias\/2026\/03\/26\/obras-na-biblioteca-publica-do-porto-comecam-neste-verao\/","url":"https:\/\/portaltela.pt\/noticias\/2026\/03\/26\/obras-na-biblioteca-publica-do-porto-comecam-neste-verao\/","name":"Obras na Biblioteca P\u00fablica do Porto come\u00e7am neste ver\u00e3o - Portal Tela Portugal","isPartOf":{"@id":"https:\/\/portaltela.pt\/#website"},"primaryImageOfPage":{"@id":"https:\/\/portaltela.pt\/noticias\/2026\/03\/26\/obras-na-biblioteca-publica-do-porto-comecam-neste-verao\/#primaryimage"},"image":{"@id":"https:\/\/portaltela.pt\/noticias\/2026\/03\/26\/obras-na-biblioteca-publica-do-porto-comecam-neste-verao\/#primaryimage"},"thumbnailUrl":"https:\/\/portaltela.pt\/s.01k8rhncp4jt1\/2026\/03\/image-153.webp","datePublished":"2026-03-26T14:32:00+00:00","author":{"@id":"https:\/\/portaltela.pt\/#\/schema\/person\/c4278d4a6028830caff9ee44b42d32ed"},"breadcrumb":{"@id":"https:\/\/portaltela.pt\/noticias\/2026\/03\/26\/obras-na-biblioteca-publica-do-porto-comecam-neste-verao\/#breadcrumb"},"inLanguage":"pt-PT","potentialAction":[{"@type":"ReadAction","target":["https:\/\/portaltela.pt\/noticias\/2026\/03\/26\/obras-na-biblioteca-publica-do-porto-comecam-neste-verao\/"]}]},{"@type":"ImageObject","inLanguage":"pt-PT","@id":"https:\/\/portaltela.pt\/noticias\/2026\/03\/26\/obras-na-biblioteca-publica-do-porto-comecam-neste-verao\/#primaryimage","url":"https:\/\/portaltela.pt\/s.01k8rhncp4jt1\/2026\/03\/image-153.webp","contentUrl":"https:\/\/portaltela.pt\/s.01k8rhncp4jt1\/2026\/03\/image-153.webp","width":1200,"height":900,"caption":"A Biblioteca Municipal do Porto fechou as portas h\u00e1 quase dois anos, para ser reabilitada e ampliada"},{"@type":"BreadcrumbList","@id":"https:\/\/portaltela.pt\/noticias\/2026\/03\/26\/obras-na-biblioteca-publica-do-porto-comecam-neste-verao\/#breadcrumb","itemListElement":[{"@type":"ListItem","position":1,"name":"In\u00edcio","item":"https:\/\/portaltela.pt\/"},{"@type":"ListItem","position":2,"name":"Obras na Biblioteca P\u00fablica do Porto come\u00e7am neste ver\u00e3o"}]},{"@type":"WebSite","@id":"https:\/\/portaltela.pt\/#website","url":"https:\/\/portaltela.pt\/","name":"Portal Tela Portugal","description":"","potentialAction":[{"@type":"SearchAction","target":{"@type":"EntryPoint","urlTemplate":"https:\/\/portaltela.pt\/?s={search_term_string}"},"query-input":{"@type":"PropertyValueSpecification","valueRequired":true,"valueName":"search_term_string"}}],"inLanguage":"pt-PT"},{"@type":"Person","@id":"https:\/\/portaltela.pt\/#\/schema\/person\/c4278d4a6028830caff9ee44b42d32ed","name":"Telinha","image":{"@type":"ImageObject","inLanguage":"pt-PT","@id":"https:\/\/portaltela.pt\/s.01k8rhncp4jt1\/2025\/11\/talking-bot-125x125.png","url":"https:\/\/portaltela.pt\/s.01k8rhncp4jt1\/2025\/11\/talking-bot-125x125.png","contentUrl":"https:\/\/portaltela.pt\/s.01k8rhncp4jt1\/2025\/11\/talking-bot-125x125.png","caption":"Telinha"},"sameAs":["https:\/\/portaltela.pt\/"],"url":"https:\/\/portaltela.pt\/por\/367410592786\/"}]}},"_links":{"self":[{"href":"https:\/\/portaltela.pt\/api\/wp\/v2\/posts\/422390","targetHints":{"allow":["GET"]}}],"collection":[{"href":"https:\/\/portaltela.pt\/api\/wp\/v2\/posts"}],"about":[{"href":"https:\/\/portaltela.pt\/api\/wp\/v2\/types\/post"}],"author":[{"embeddable":true,"href":"https:\/\/portaltela.pt\/api\/wp\/v2\/users\/2"}],"replies":[{"embeddable":true,"href":"https:\/\/portaltela.pt\/api\/wp\/v2\/comments?post=422390"}],"version-history":[{"count":0,"href":"https:\/\/portaltela.pt\/api\/wp\/v2\/posts\/422390\/revisions"}],"wp:featuredmedia":[{"embeddable":true,"href":"https:\/\/portaltela.pt\/api\/wp\/v2\/media\/422393"}],"wp:attachment":[{"href":"https:\/\/portaltela.pt\/api\/wp\/v2\/media?parent=422390"}],"wp:term":[{"taxonomy":"category","embeddable":true,"href":"https:\/\/portaltela.pt\/api\/wp\/v2\/categories?post=422390"},{"taxonomy":"post_tag","embeddable":true,"href":"https:\/\/portaltela.pt\/api\/wp\/v2\/tags?post=422390"}],"curies":[{"name":"wp","href":"https:\/\/api.w.org\/{rel}","templated":true}]}}