{"id":422389,"date":"2026-03-26T11:40:00","date_gmt":"2026-03-26T14:40:00","guid":{"rendered":"https:\/\/portaltela.pt\/noticias\/2026\/03\/26\/tribunal-ouve-dois-inspetores-da-pj-no-caso-de-jovem-que-matou-a-mae-em-vagos\/"},"modified":"2026-03-26T11:40:00","modified_gmt":"2026-03-26T14:40:00","slug":"tribunal-ouve-dois-inspetores-da-pj-no-caso-de-jovem-que-matou-a-mae-em-vagos","status":"publish","type":"post","link":"https:\/\/portaltela.pt\/noticias\/2026\/03\/26\/tribunal-ouve-dois-inspetores-da-pj-no-caso-de-jovem-que-matou-a-mae-em-vagos\/","title":{"rendered":"Tribunal ouve dois inspetores da PJ no caso de jovem que matou a m\u00e3e em Vagos"},"content":{"rendered":"<p>O Tribunal Judicial da Comarca de Aveiro iniciou hoje um julgamento ligado ao caso do rapaz que matou a m\u00e3e em Vagos. Susana Gravato, 49 anos, advogada e vereadora na C\u00e2mara de Vagos, foi morta com dois tiros \u00e0 queima-roupa em sua casa.<\/p>\n<p>Na sess\u00e3o da manh\u00e3, a defesa do jovem prescindiu de ouvir quatro dos seis inspetores da Pol\u00edcia Judici\u00e1ria de Aveiro que estavam indiciados como testemunhas, ouvindo apenas os dois restantes. Tamb\u00e9m foram inquiridas tr\u00eas testemunhas, dois jovens e a m\u00e3e de um deles, cujos depoimentos ocuparam toda a manh\u00e3, terminando por volta das 13h.<\/p>\n<p>O tribunal pretende ouvir, ainda hoje, esclarecimentos do m\u00e9dico pedopsiquiatra e do psic\u00f3logo respons\u00e1veis pelos relat\u00f3rios periciais, solicitados pela defesa. A sess\u00e3o decorreu com normalidade, segundo o juiz-presidente Jorge Bispo.<\/p>\n<h3>A\u00e7\u00f5es previstas para a tarde<\/h3>\n<p>O julgamento \u00e9 realizado a portas fechadas no Pal\u00e1cio da Justi\u00e7a de Aveiro, presidido pela ju\u00edza Isabel Marques de Oliveira, do Tribunal de Fam\u00edlia e de Menores de Aveiro, com a participa\u00e7\u00e3o de dois ju\u00edzes sociais.<\/p>\n","protected":false},"excerpt":{"rendered":"<ul>\n<li>Susana Gravato, de 49 anos, advogada e vereadora na C\u00e2mara de Vagos, foi assassinada com dois tiros \u00e0 queima-roupa em casa.<\/li>\n<li>Na sess\u00e3o de manh\u00e3, a defesa do jovem prescindiu ouvir quatro dos seis inspetores da Pol\u00edcia Judici\u00e1ria de Aveiro, sendo ouvidos apenas dois.<\/li>\n<li>Tamb\u00e9m de manh\u00e3, foram inquiridas tr\u00eas testemunhas \u2014 dois jovens e a m\u00e3e de um deles \u2014 cujos depoimentos ocuparam a sess\u00e3o, que terminou perto das 13h.<\/li>\n<li>O tribunal prev\u00ea ouvir, esta tarde, esclarecimentos do m\u00e9dico pedopsiquiatra e do psic\u00f3logo que elaboraram os relat\u00f3rios periciais solicitados pela defesa.<\/li>\n<li>A sess\u00e3o decorreu sem incidentes, num julgamento \u00e0 porta fechada no Pal\u00e1cio da Justi\u00e7a de Aveiro, presidido pela ju\u00edza Isabel Marques de Oliveira, do Tribunal de Fam\u00edlia e de Menores de Aveiro, com dois ju\u00edzes sociais.<\/li>\n<\/ul>\n","protected":false},"author":2,"featured_media":422392,"comment_status":"closed","ping_status":"closed","sticky":false,"template":"","format":"standard","meta":{"footnotes":""},"categories":[6815,1],"tags":[1059,147,1345,1802,6208,4900],"class_list":["post-422389","post","type-post","status-publish","format-standard","has-post-thumbnail","hentry","category-justica","category-noticias","tag-aveiro","tag-crime","tag-homicidio","tag-policia-judiciaria","tag-tribunais","tag-vagos"],"yoast_head":"<!-- This site is optimized with the Yoast SEO plugin v27.2 - https:\/\/yoast.com\/product\/yoast-seo-wordpress\/ -->\n<title>Tribunal ouve dois inspetores da PJ no caso de jovem que matou a m\u00e3e em Vagos - Portal Tela Portugal<\/title>\n<meta name=\"robots\" content=\"index, follow, max-snippet:-1, max-image-preview:large, max-video-preview:-1\" \/>\n<meta property=\"og:locale\" content=\"pt_PT\" \/>\n<meta property=\"og:type\" content=\"article\" \/>\n<meta property=\"og:title\" content=\"Tribunal ouve dois inspetores da PJ no caso de jovem que matou a m\u00e3e em Vagos - Portal Tela Portugal\" \/>\n<meta property=\"og:description\" content=\"Susana Gravato, de 49 anos, advogada e vereadora na C\u00e2mara de Vagos, foi assassinada com dois tiros \u00e0 queima-roupa em casa. Na sess\u00e3o de manh\u00e3, a defesa do jovem prescindiu ouvir quatro dos seis inspetores da Pol\u00edcia Judici\u00e1ria de Aveiro, sendo ouvidos apenas dois. Tamb\u00e9m de manh\u00e3, foram inquiridas tr\u00eas testemunhas \u2014 dois jovens e a m\u00e3e de um deles \u2014 cujos depoimentos ocuparam a sess\u00e3o, que terminou perto das 13h. O tribunal prev\u00ea ouvir, esta tarde, esclarecimentos do m\u00e9dico pedopsiquiatra e do psic\u00f3logo que elaboraram os relat\u00f3rios periciais solicitados pela defesa. A sess\u00e3o decorreu sem incidentes, num julgamento \u00e0 porta fechada no Pal\u00e1cio da Justi\u00e7a de Aveiro, presidido pela ju\u00edza Isabel Marques de Oliveira, do Tribunal de Fam\u00edlia e de Menores de Aveiro, com dois ju\u00edzes sociais.\" \/>\n<meta property=\"og:url\" content=\"https:\/\/portaltela.pt\/noticias\/2026\/03\/26\/tribunal-ouve-dois-inspetores-da-pj-no-caso-de-jovem-que-matou-a-mae-em-vagos\/\" \/>\n<meta property=\"og:site_name\" content=\"Portal Tela Portugal\" \/>\n<meta property=\"article:published_time\" content=\"2026-03-26T14:40:00+00:00\" \/>\n<meta name=\"author\" content=\"Telinha\" \/>\n<meta name=\"twitter:card\" content=\"summary_large_image\" \/>\n<meta name=\"twitter:label1\" content=\"Escrito por\" \/>\n\t<meta name=\"twitter:data1\" content=\"Telinha\" \/>\n\t<meta name=\"twitter:label2\" content=\"Tempo estimado de leitura\" \/>\n\t<meta name=\"twitter:data2\" content=\"1 minuto\" \/>\n<script type=\"application\/ld+json\" class=\"yoast-schema-graph\">{\"@context\":\"https:\/\/schema.org\",\"@graph\":[{\"@type\":\"Article\",\"@id\":\"https:\/\/portaltela.pt\/noticias\/2026\/03\/26\/tribunal-ouve-dois-inspetores-da-pj-no-caso-de-jovem-que-matou-a-mae-em-vagos\/#article\",\"isPartOf\":{\"@id\":\"https:\/\/portaltela.pt\/noticias\/2026\/03\/26\/tribunal-ouve-dois-inspetores-da-pj-no-caso-de-jovem-que-matou-a-mae-em-vagos\/\"},\"author\":{\"name\":\"Telinha\",\"@id\":\"https:\/\/portaltela.pt\/#\/schema\/person\/c4278d4a6028830caff9ee44b42d32ed\"},\"headline\":\"Tribunal ouve dois inspetores da PJ no caso de jovem que matou a m\u00e3e em Vagos\",\"datePublished\":\"2026-03-26T14:40:00+00:00\",\"mainEntityOfPage\":{\"@id\":\"https:\/\/portaltela.pt\/noticias\/2026\/03\/26\/tribunal-ouve-dois-inspetores-da-pj-no-caso-de-jovem-que-matou-a-mae-em-vagos\/\"},\"wordCount\":202,\"image\":{\"@id\":\"https:\/\/portaltela.pt\/noticias\/2026\/03\/26\/tribunal-ouve-dois-inspetores-da-pj-no-caso-de-jovem-que-matou-a-mae-em-vagos\/#primaryimage\"},\"thumbnailUrl\":\"https:\/\/portaltela.pt\/s.01k8rhncp4jt1\/2026\/03\/image-153.webp\",\"keywords\":[\"Aveiro\",\"crime\",\"homic\u00eddio\",\"Pol\u00edcia Judici\u00e1ria\",\"Tribunais\",\"Vagos\"],\"articleSection\":[\"Justi\u00e7a\",\"Not\u00edcias\"],\"inLanguage\":\"pt-PT\"},{\"@type\":\"WebPage\",\"@id\":\"https:\/\/portaltela.pt\/noticias\/2026\/03\/26\/tribunal-ouve-dois-inspetores-da-pj-no-caso-de-jovem-que-matou-a-mae-em-vagos\/\",\"url\":\"https:\/\/portaltela.pt\/noticias\/2026\/03\/26\/tribunal-ouve-dois-inspetores-da-pj-no-caso-de-jovem-que-matou-a-mae-em-vagos\/\",\"name\":\"Tribunal ouve dois inspetores da PJ no caso de jovem que matou a m\u00e3e em Vagos - Portal Tela Portugal\",\"isPartOf\":{\"@id\":\"https:\/\/portaltela.pt\/#website\"},\"primaryImageOfPage\":{\"@id\":\"https:\/\/portaltela.pt\/noticias\/2026\/03\/26\/tribunal-ouve-dois-inspetores-da-pj-no-caso-de-jovem-que-matou-a-mae-em-vagos\/#primaryimage\"},\"image\":{\"@id\":\"https:\/\/portaltela.pt\/noticias\/2026\/03\/26\/tribunal-ouve-dois-inspetores-da-pj-no-caso-de-jovem-que-matou-a-mae-em-vagos\/#primaryimage\"},\"thumbnailUrl\":\"https:\/\/portaltela.pt\/s.01k8rhncp4jt1\/2026\/03\/image-153.webp\",\"datePublished\":\"2026-03-26T14:40:00+00:00\",\"author\":{\"@id\":\"https:\/\/portaltela.pt\/#\/schema\/person\/c4278d4a6028830caff9ee44b42d32ed\"},\"breadcrumb\":{\"@id\":\"https:\/\/portaltela.pt\/noticias\/2026\/03\/26\/tribunal-ouve-dois-inspetores-da-pj-no-caso-de-jovem-que-matou-a-mae-em-vagos\/#breadcrumb\"},\"inLanguage\":\"pt-PT\",\"potentialAction\":[{\"@type\":\"ReadAction\",\"target\":[\"https:\/\/portaltela.pt\/noticias\/2026\/03\/26\/tribunal-ouve-dois-inspetores-da-pj-no-caso-de-jovem-que-matou-a-mae-em-vagos\/\"]}]},{\"@type\":\"ImageObject\",\"inLanguage\":\"pt-PT\",\"@id\":\"https:\/\/portaltela.pt\/noticias\/2026\/03\/26\/tribunal-ouve-dois-inspetores-da-pj-no-caso-de-jovem-que-matou-a-mae-em-vagos\/#primaryimage\",\"url\":\"https:\/\/portaltela.pt\/s.01k8rhncp4jt1\/2026\/03\/image-153.webp\",\"contentUrl\":\"https:\/\/portaltela.pt\/s.01k8rhncp4jt1\/2026\/03\/image-153.webp\",\"width\":1200,\"height\":900,\"caption\":\"PJ analisou ind\u00edcios na moradia onde Susana Gravato foi morta\"},{\"@type\":\"BreadcrumbList\",\"@id\":\"https:\/\/portaltela.pt\/noticias\/2026\/03\/26\/tribunal-ouve-dois-inspetores-da-pj-no-caso-de-jovem-que-matou-a-mae-em-vagos\/#breadcrumb\",\"itemListElement\":[{\"@type\":\"ListItem\",\"position\":1,\"name\":\"In\u00edcio\",\"item\":\"https:\/\/portaltela.pt\/\"},{\"@type\":\"ListItem\",\"position\":2,\"name\":\"Tribunal ouve dois inspetores da PJ no caso de jovem que matou a m\u00e3e em Vagos\"}]},{\"@type\":\"WebSite\",\"@id\":\"https:\/\/portaltela.pt\/#website\",\"url\":\"https:\/\/portaltela.pt\/\",\"name\":\"Portal Tela Portugal\",\"description\":\"\",\"potentialAction\":[{\"@type\":\"SearchAction\",\"target\":{\"@type\":\"EntryPoint\",\"urlTemplate\":\"https:\/\/portaltela.pt\/?s={search_term_string}\"},\"query-input\":{\"@type\":\"PropertyValueSpecification\",\"valueRequired\":true,\"valueName\":\"search_term_string\"}}],\"inLanguage\":\"pt-PT\"},{\"@type\":\"Person\",\"@id\":\"https:\/\/portaltela.pt\/#\/schema\/person\/c4278d4a6028830caff9ee44b42d32ed\",\"name\":\"Telinha\",\"image\":{\"@type\":\"ImageObject\",\"inLanguage\":\"pt-PT\",\"@id\":\"https:\/\/portaltela.pt\/s.01k8rhncp4jt1\/2025\/11\/talking-bot-125x125.png\",\"url\":\"https:\/\/portaltela.pt\/s.01k8rhncp4jt1\/2025\/11\/talking-bot-125x125.png\",\"contentUrl\":\"https:\/\/portaltela.pt\/s.01k8rhncp4jt1\/2025\/11\/talking-bot-125x125.png\",\"caption\":\"Telinha\"},\"sameAs\":[\"https:\/\/portaltela.pt\/\"],\"url\":\"https:\/\/portaltela.pt\/por\/367410592786\/\"}]}<\/script>\n<!-- \/ Yoast SEO plugin. -->","yoast_head_json":{"title":"Tribunal ouve dois inspetores da PJ no caso de jovem que matou a m\u00e3e em Vagos - Portal Tela Portugal","robots":{"index":"index","follow":"follow","max-snippet":"max-snippet:-1","max-image-preview":"max-image-preview:large","max-video-preview":"max-video-preview:-1"},"og_locale":"pt_PT","og_type":"article","og_title":"Tribunal ouve dois inspetores da PJ no caso de jovem que matou a m\u00e3e em Vagos - Portal Tela Portugal","og_description":"Susana Gravato, de 49 anos, advogada e vereadora na C\u00e2mara de Vagos, foi assassinada com dois tiros \u00e0 queima-roupa em casa. Na sess\u00e3o de manh\u00e3, a defesa do jovem prescindiu ouvir quatro dos seis inspetores da Pol\u00edcia Judici\u00e1ria de Aveiro, sendo ouvidos apenas dois. Tamb\u00e9m de manh\u00e3, foram inquiridas tr\u00eas testemunhas \u2014 dois jovens e a m\u00e3e de um deles \u2014 cujos depoimentos ocuparam a sess\u00e3o, que terminou perto das 13h. O tribunal prev\u00ea ouvir, esta tarde, esclarecimentos do m\u00e9dico pedopsiquiatra e do psic\u00f3logo que elaboraram os relat\u00f3rios periciais solicitados pela defesa. A sess\u00e3o decorreu sem incidentes, num julgamento \u00e0 porta fechada no Pal\u00e1cio da Justi\u00e7a de Aveiro, presidido pela ju\u00edza Isabel Marques de Oliveira, do Tribunal de Fam\u00edlia e de Menores de Aveiro, com dois ju\u00edzes sociais.","og_url":"https:\/\/portaltela.pt\/noticias\/2026\/03\/26\/tribunal-ouve-dois-inspetores-da-pj-no-caso-de-jovem-que-matou-a-mae-em-vagos\/","og_site_name":"Portal Tela Portugal","article_published_time":"2026-03-26T14:40:00+00:00","author":"Telinha","twitter_card":"summary_large_image","twitter_misc":{"Escrito por":"Telinha","Tempo estimado de leitura":"1 minuto"},"schema":{"@context":"https:\/\/schema.org","@graph":[{"@type":"Article","@id":"https:\/\/portaltela.pt\/noticias\/2026\/03\/26\/tribunal-ouve-dois-inspetores-da-pj-no-caso-de-jovem-que-matou-a-mae-em-vagos\/#article","isPartOf":{"@id":"https:\/\/portaltela.pt\/noticias\/2026\/03\/26\/tribunal-ouve-dois-inspetores-da-pj-no-caso-de-jovem-que-matou-a-mae-em-vagos\/"},"author":{"name":"Telinha","@id":"https:\/\/portaltela.pt\/#\/schema\/person\/c4278d4a6028830caff9ee44b42d32ed"},"headline":"Tribunal ouve dois inspetores da PJ no caso de jovem que matou a m\u00e3e em Vagos","datePublished":"2026-03-26T14:40:00+00:00","mainEntityOfPage":{"@id":"https:\/\/portaltela.pt\/noticias\/2026\/03\/26\/tribunal-ouve-dois-inspetores-da-pj-no-caso-de-jovem-que-matou-a-mae-em-vagos\/"},"wordCount":202,"image":{"@id":"https:\/\/portaltela.pt\/noticias\/2026\/03\/26\/tribunal-ouve-dois-inspetores-da-pj-no-caso-de-jovem-que-matou-a-mae-em-vagos\/#primaryimage"},"thumbnailUrl":"https:\/\/portaltela.pt\/s.01k8rhncp4jt1\/2026\/03\/image-153.webp","keywords":["Aveiro","crime","homic\u00eddio","Pol\u00edcia Judici\u00e1ria","Tribunais","Vagos"],"articleSection":["Justi\u00e7a","Not\u00edcias"],"inLanguage":"pt-PT"},{"@type":"WebPage","@id":"https:\/\/portaltela.pt\/noticias\/2026\/03\/26\/tribunal-ouve-dois-inspetores-da-pj-no-caso-de-jovem-que-matou-a-mae-em-vagos\/","url":"https:\/\/portaltela.pt\/noticias\/2026\/03\/26\/tribunal-ouve-dois-inspetores-da-pj-no-caso-de-jovem-que-matou-a-mae-em-vagos\/","name":"Tribunal ouve dois inspetores da PJ no caso de jovem que matou a m\u00e3e em Vagos - Portal Tela Portugal","isPartOf":{"@id":"https:\/\/portaltela.pt\/#website"},"primaryImageOfPage":{"@id":"https:\/\/portaltela.pt\/noticias\/2026\/03\/26\/tribunal-ouve-dois-inspetores-da-pj-no-caso-de-jovem-que-matou-a-mae-em-vagos\/#primaryimage"},"image":{"@id":"https:\/\/portaltela.pt\/noticias\/2026\/03\/26\/tribunal-ouve-dois-inspetores-da-pj-no-caso-de-jovem-que-matou-a-mae-em-vagos\/#primaryimage"},"thumbnailUrl":"https:\/\/portaltela.pt\/s.01k8rhncp4jt1\/2026\/03\/image-153.webp","datePublished":"2026-03-26T14:40:00+00:00","author":{"@id":"https:\/\/portaltela.pt\/#\/schema\/person\/c4278d4a6028830caff9ee44b42d32ed"},"breadcrumb":{"@id":"https:\/\/portaltela.pt\/noticias\/2026\/03\/26\/tribunal-ouve-dois-inspetores-da-pj-no-caso-de-jovem-que-matou-a-mae-em-vagos\/#breadcrumb"},"inLanguage":"pt-PT","potentialAction":[{"@type":"ReadAction","target":["https:\/\/portaltela.pt\/noticias\/2026\/03\/26\/tribunal-ouve-dois-inspetores-da-pj-no-caso-de-jovem-que-matou-a-mae-em-vagos\/"]}]},{"@type":"ImageObject","inLanguage":"pt-PT","@id":"https:\/\/portaltela.pt\/noticias\/2026\/03\/26\/tribunal-ouve-dois-inspetores-da-pj-no-caso-de-jovem-que-matou-a-mae-em-vagos\/#primaryimage","url":"https:\/\/portaltela.pt\/s.01k8rhncp4jt1\/2026\/03\/image-153.webp","contentUrl":"https:\/\/portaltela.pt\/s.01k8rhncp4jt1\/2026\/03\/image-153.webp","width":1200,"height":900,"caption":"PJ analisou ind\u00edcios na moradia onde Susana Gravato foi morta"},{"@type":"BreadcrumbList","@id":"https:\/\/portaltela.pt\/noticias\/2026\/03\/26\/tribunal-ouve-dois-inspetores-da-pj-no-caso-de-jovem-que-matou-a-mae-em-vagos\/#breadcrumb","itemListElement":[{"@type":"ListItem","position":1,"name":"In\u00edcio","item":"https:\/\/portaltela.pt\/"},{"@type":"ListItem","position":2,"name":"Tribunal ouve dois inspetores da PJ no caso de jovem que matou a m\u00e3e em Vagos"}]},{"@type":"WebSite","@id":"https:\/\/portaltela.pt\/#website","url":"https:\/\/portaltela.pt\/","name":"Portal Tela Portugal","description":"","potentialAction":[{"@type":"SearchAction","target":{"@type":"EntryPoint","urlTemplate":"https:\/\/portaltela.pt\/?s={search_term_string}"},"query-input":{"@type":"PropertyValueSpecification","valueRequired":true,"valueName":"search_term_string"}}],"inLanguage":"pt-PT"},{"@type":"Person","@id":"https:\/\/portaltela.pt\/#\/schema\/person\/c4278d4a6028830caff9ee44b42d32ed","name":"Telinha","image":{"@type":"ImageObject","inLanguage":"pt-PT","@id":"https:\/\/portaltela.pt\/s.01k8rhncp4jt1\/2025\/11\/talking-bot-125x125.png","url":"https:\/\/portaltela.pt\/s.01k8rhncp4jt1\/2025\/11\/talking-bot-125x125.png","contentUrl":"https:\/\/portaltela.pt\/s.01k8rhncp4jt1\/2025\/11\/talking-bot-125x125.png","caption":"Telinha"},"sameAs":["https:\/\/portaltela.pt\/"],"url":"https:\/\/portaltela.pt\/por\/367410592786\/"}]}},"_links":{"self":[{"href":"https:\/\/portaltela.pt\/api\/wp\/v2\/posts\/422389","targetHints":{"allow":["GET"]}}],"collection":[{"href":"https:\/\/portaltela.pt\/api\/wp\/v2\/posts"}],"about":[{"href":"https:\/\/portaltela.pt\/api\/wp\/v2\/types\/post"}],"author":[{"embeddable":true,"href":"https:\/\/portaltela.pt\/api\/wp\/v2\/users\/2"}],"replies":[{"embeddable":true,"href":"https:\/\/portaltela.pt\/api\/wp\/v2\/comments?post=422389"}],"version-history":[{"count":0,"href":"https:\/\/portaltela.pt\/api\/wp\/v2\/posts\/422389\/revisions"}],"wp:featuredmedia":[{"embeddable":true,"href":"https:\/\/portaltela.pt\/api\/wp\/v2\/media\/422392"}],"wp:attachment":[{"href":"https:\/\/portaltela.pt\/api\/wp\/v2\/media?parent=422389"}],"wp:term":[{"taxonomy":"category","embeddable":true,"href":"https:\/\/portaltela.pt\/api\/wp\/v2\/categories?post=422389"},{"taxonomy":"post_tag","embeddable":true,"href":"https:\/\/portaltela.pt\/api\/wp\/v2\/tags?post=422389"}],"curies":[{"name":"wp","href":"https:\/\/api.w.org\/{rel}","templated":true}]}}