{"id":422385,"date":"2026-03-26T11:46:14","date_gmt":"2026-03-26T14:46:14","guid":{"rendered":"https:\/\/portaltela.pt\/noticias\/2026\/03\/26\/julgamento-do-menor-acusado-de-matar-a-mae-em-vagos-segue-na-segunda-sessao\/"},"modified":"2026-03-26T11:46:14","modified_gmt":"2026-03-26T14:46:14","slug":"julgamento-do-menor-acusado-de-matar-a-mae-em-vagos-segue-na-segunda-sessao","status":"publish","type":"post","link":"https:\/\/portaltela.pt\/noticias\/2026\/03\/26\/julgamento-do-menor-acusado-de-matar-a-mae-em-vagos-segue-na-segunda-sessao\/","title":{"rendered":"Julgamento do menor acusado de matar a m\u00e3e em Vagos segue na segunda sess\u00e3o"},"content":{"rendered":"<p>A segunda sess\u00e3o do julgamento do menor acusado de matar a m\u00e3e em Vagos iniciou-se esta manh\u00e3, com a inquiri\u00e7\u00e3o de dois jovens e da m\u00e3e de um deles, ocupando toda a manh\u00e3. O objetivo \u00e9 esclarecer as circunst\u00e2ncias do crime.<\/p>\n<p>Segundo informa\u00e7\u00f5es dispon\u00edveis, a audi\u00eancia decorre no Tribunal de Vagos. A dilig\u00eancia de hoje concentrou-se na recolha de depoimentos que ajudem a sustentar a linha de defesa e a clarificar a atua\u00e7\u00e3o de cada parte envolvida.<\/p>\n<p>Entre os intervenientes, est\u00e3o o menor acusado, dois jovens presentes no ato processual e a m\u00e3e de um deles, cuja oitiva ocorreu durante a manh\u00e3. O tribunal aguarda novos depoimentos para definir os pr\u00f3ximos passos do caso.<\/p>\n<p>Os pr\u00f3ximos momentos do julgamento devem incluir mais inquiri\u00e7\u00f5es e eventual an\u00e1lise de provas, com a decis\u00e3o judicial a depender do material reunido at\u00e9 ao momento. O historial do processo n\u00e3o foi detalhado pela defesa nem pela acusa\u00e7\u00e3o.<\/p>\n","protected":false},"excerpt":{"rendered":"<ul>\n<li>A segunda sess\u00e3o do julgamento do menor acusado de matar a m\u00e3e em Vagos arrancou com a inquiri\u00e7\u00e3o de dois jovens e da m\u00e3e de um deles, ocupando toda a manh\u00e3.<\/li>\n<li>Durante a manh\u00e3 foram ouvidas testemunhas que participam no caso.<\/li>\n<li>O julgamento segue em curso, sem defini\u00e7\u00e3o sobre a data da pr\u00f3xima sess\u00e3o.<\/li>\n<li>A audi\u00eancia manteve o tom t\u00e9cnico e objetivo, sem divulga\u00e7\u00f5es adicionais sobre o andamento do processo.<\/li>\n<\/ul>\n","protected":false},"author":2,"featured_media":422394,"comment_status":"closed","ping_status":"closed","sticky":false,"template":"","format":"standard","meta":{"footnotes":""},"categories":[6815,1],"tags":[4662,147,1345,6056,52,4900],"class_list":["post-422385","post","type-post","status-publish","format-standard","has-post-thumbnail","hentry","category-justica","category-noticias","tag-audiencias","tag-crime","tag-homicidio","tag-menores","tag-tribunal","tag-vagos"],"yoast_head":"<!-- This site is optimized with the Yoast SEO plugin v27.2 - https:\/\/yoast.com\/product\/yoast-seo-wordpress\/ -->\n<title>Julgamento do menor acusado de matar a m\u00e3e em Vagos segue na segunda sess\u00e3o - Portal Tela Portugal<\/title>\n<meta name=\"robots\" content=\"index, follow, max-snippet:-1, max-image-preview:large, max-video-preview:-1\" \/>\n<meta property=\"og:locale\" content=\"pt_PT\" \/>\n<meta property=\"og:type\" content=\"article\" \/>\n<meta property=\"og:title\" content=\"Julgamento do menor acusado de matar a m\u00e3e em Vagos segue na segunda sess\u00e3o - Portal Tela Portugal\" \/>\n<meta property=\"og:description\" content=\"A segunda sess\u00e3o do julgamento do menor acusado de matar a m\u00e3e em Vagos arrancou com a inquiri\u00e7\u00e3o de dois jovens e da m\u00e3e de um deles, ocupando toda a manh\u00e3. Durante a manh\u00e3 foram ouvidas testemunhas que participam no caso. O julgamento segue em curso, sem defini\u00e7\u00e3o sobre a data da pr\u00f3xima sess\u00e3o. A audi\u00eancia manteve o tom t\u00e9cnico e objetivo, sem divulga\u00e7\u00f5es adicionais sobre o andamento do processo.\" \/>\n<meta property=\"og:url\" content=\"https:\/\/portaltela.pt\/noticias\/2026\/03\/26\/julgamento-do-menor-acusado-de-matar-a-mae-em-vagos-segue-na-segunda-sessao\/\" \/>\n<meta property=\"og:site_name\" content=\"Portal Tela Portugal\" \/>\n<meta property=\"article:published_time\" content=\"2026-03-26T14:46:14+00:00\" \/>\n<meta name=\"author\" content=\"Telinha\" \/>\n<meta name=\"twitter:card\" content=\"summary_large_image\" \/>\n<meta name=\"twitter:label1\" content=\"Escrito por\" \/>\n\t<meta name=\"twitter:data1\" content=\"Telinha\" \/>\n\t<meta name=\"twitter:label2\" content=\"Tempo estimado de leitura\" \/>\n\t<meta name=\"twitter:data2\" content=\"1 minuto\" \/>\n<script type=\"application\/ld+json\" class=\"yoast-schema-graph\">{\"@context\":\"https:\/\/schema.org\",\"@graph\":[{\"@type\":\"Article\",\"@id\":\"https:\/\/portaltela.pt\/noticias\/2026\/03\/26\/julgamento-do-menor-acusado-de-matar-a-mae-em-vagos-segue-na-segunda-sessao\/#article\",\"isPartOf\":{\"@id\":\"https:\/\/portaltela.pt\/noticias\/2026\/03\/26\/julgamento-do-menor-acusado-de-matar-a-mae-em-vagos-segue-na-segunda-sessao\/\"},\"author\":{\"name\":\"Telinha\",\"@id\":\"https:\/\/portaltela.pt\/#\/schema\/person\/c4278d4a6028830caff9ee44b42d32ed\"},\"headline\":\"Julgamento do menor acusado de matar a m\u00e3e em Vagos segue na segunda sess\u00e3o\",\"datePublished\":\"2026-03-26T14:46:14+00:00\",\"mainEntityOfPage\":{\"@id\":\"https:\/\/portaltela.pt\/noticias\/2026\/03\/26\/julgamento-do-menor-acusado-de-matar-a-mae-em-vagos-segue-na-segunda-sessao\/\"},\"wordCount\":186,\"image\":{\"@id\":\"https:\/\/portaltela.pt\/noticias\/2026\/03\/26\/julgamento-do-menor-acusado-de-matar-a-mae-em-vagos-segue-na-segunda-sessao\/#primaryimage\"},\"thumbnailUrl\":\"https:\/\/portaltela.pt\/s.01k8rhncp4jt1\/2026\/03\/img_1280x722uu2026-03-26-11-33-50-2274862.jpg\",\"keywords\":[\"audi\u00eancias\",\"crime\",\"homic\u00eddio\",\"menores\",\"tribunal\",\"Vagos\"],\"articleSection\":[\"Justi\u00e7a\",\"Not\u00edcias\"],\"inLanguage\":\"pt-PT\"},{\"@type\":\"WebPage\",\"@id\":\"https:\/\/portaltela.pt\/noticias\/2026\/03\/26\/julgamento-do-menor-acusado-de-matar-a-mae-em-vagos-segue-na-segunda-sessao\/\",\"url\":\"https:\/\/portaltela.pt\/noticias\/2026\/03\/26\/julgamento-do-menor-acusado-de-matar-a-mae-em-vagos-segue-na-segunda-sessao\/\",\"name\":\"Julgamento do menor acusado de matar a m\u00e3e em Vagos segue na segunda sess\u00e3o - Portal Tela Portugal\",\"isPartOf\":{\"@id\":\"https:\/\/portaltela.pt\/#website\"},\"primaryImageOfPage\":{\"@id\":\"https:\/\/portaltela.pt\/noticias\/2026\/03\/26\/julgamento-do-menor-acusado-de-matar-a-mae-em-vagos-segue-na-segunda-sessao\/#primaryimage\"},\"image\":{\"@id\":\"https:\/\/portaltela.pt\/noticias\/2026\/03\/26\/julgamento-do-menor-acusado-de-matar-a-mae-em-vagos-segue-na-segunda-sessao\/#primaryimage\"},\"thumbnailUrl\":\"https:\/\/portaltela.pt\/s.01k8rhncp4jt1\/2026\/03\/img_1280x722uu2026-03-26-11-33-50-2274862.jpg\",\"datePublished\":\"2026-03-26T14:46:14+00:00\",\"author\":{\"@id\":\"https:\/\/portaltela.pt\/#\/schema\/person\/c4278d4a6028830caff9ee44b42d32ed\"},\"breadcrumb\":{\"@id\":\"https:\/\/portaltela.pt\/noticias\/2026\/03\/26\/julgamento-do-menor-acusado-de-matar-a-mae-em-vagos-segue-na-segunda-sessao\/#breadcrumb\"},\"inLanguage\":\"pt-PT\",\"potentialAction\":[{\"@type\":\"ReadAction\",\"target\":[\"https:\/\/portaltela.pt\/noticias\/2026\/03\/26\/julgamento-do-menor-acusado-de-matar-a-mae-em-vagos-segue-na-segunda-sessao\/\"]}]},{\"@type\":\"ImageObject\",\"inLanguage\":\"pt-PT\",\"@id\":\"https:\/\/portaltela.pt\/noticias\/2026\/03\/26\/julgamento-do-menor-acusado-de-matar-a-mae-em-vagos-segue-na-segunda-sessao\/#primaryimage\",\"url\":\"https:\/\/portaltela.pt\/s.01k8rhncp4jt1\/2026\/03\/img_1280x722uu2026-03-26-11-33-50-2274862.jpg\",\"contentUrl\":\"https:\/\/portaltela.pt\/s.01k8rhncp4jt1\/2026\/03\/img_1280x722uu2026-03-26-11-33-50-2274862.jpg\",\"width\":1280,\"height\":722,\"caption\":\"Photo\"},{\"@type\":\"BreadcrumbList\",\"@id\":\"https:\/\/portaltela.pt\/noticias\/2026\/03\/26\/julgamento-do-menor-acusado-de-matar-a-mae-em-vagos-segue-na-segunda-sessao\/#breadcrumb\",\"itemListElement\":[{\"@type\":\"ListItem\",\"position\":1,\"name\":\"In\u00edcio\",\"item\":\"https:\/\/portaltela.pt\/\"},{\"@type\":\"ListItem\",\"position\":2,\"name\":\"Julgamento do menor acusado de matar a m\u00e3e em Vagos segue na segunda sess\u00e3o\"}]},{\"@type\":\"WebSite\",\"@id\":\"https:\/\/portaltela.pt\/#website\",\"url\":\"https:\/\/portaltela.pt\/\",\"name\":\"Portal Tela Portugal\",\"description\":\"\",\"potentialAction\":[{\"@type\":\"SearchAction\",\"target\":{\"@type\":\"EntryPoint\",\"urlTemplate\":\"https:\/\/portaltela.pt\/?s={search_term_string}\"},\"query-input\":{\"@type\":\"PropertyValueSpecification\",\"valueRequired\":true,\"valueName\":\"search_term_string\"}}],\"inLanguage\":\"pt-PT\"},{\"@type\":\"Person\",\"@id\":\"https:\/\/portaltela.pt\/#\/schema\/person\/c4278d4a6028830caff9ee44b42d32ed\",\"name\":\"Telinha\",\"image\":{\"@type\":\"ImageObject\",\"inLanguage\":\"pt-PT\",\"@id\":\"https:\/\/portaltela.pt\/s.01k8rhncp4jt1\/2025\/11\/talking-bot-125x125.png\",\"url\":\"https:\/\/portaltela.pt\/s.01k8rhncp4jt1\/2025\/11\/talking-bot-125x125.png\",\"contentUrl\":\"https:\/\/portaltela.pt\/s.01k8rhncp4jt1\/2025\/11\/talking-bot-125x125.png\",\"caption\":\"Telinha\"},\"sameAs\":[\"https:\/\/portaltela.pt\/\"],\"url\":\"https:\/\/portaltela.pt\/por\/367410592786\/\"}]}<\/script>\n<!-- \/ Yoast SEO plugin. -->","yoast_head_json":{"title":"Julgamento do menor acusado de matar a m\u00e3e em Vagos segue na segunda sess\u00e3o - Portal Tela Portugal","robots":{"index":"index","follow":"follow","max-snippet":"max-snippet:-1","max-image-preview":"max-image-preview:large","max-video-preview":"max-video-preview:-1"},"og_locale":"pt_PT","og_type":"article","og_title":"Julgamento do menor acusado de matar a m\u00e3e em Vagos segue na segunda sess\u00e3o - Portal Tela Portugal","og_description":"A segunda sess\u00e3o do julgamento do menor acusado de matar a m\u00e3e em Vagos arrancou com a inquiri\u00e7\u00e3o de dois jovens e da m\u00e3e de um deles, ocupando toda a manh\u00e3. Durante a manh\u00e3 foram ouvidas testemunhas que participam no caso. O julgamento segue em curso, sem defini\u00e7\u00e3o sobre a data da pr\u00f3xima sess\u00e3o. A audi\u00eancia manteve o tom t\u00e9cnico e objetivo, sem divulga\u00e7\u00f5es adicionais sobre o andamento do processo.","og_url":"https:\/\/portaltela.pt\/noticias\/2026\/03\/26\/julgamento-do-menor-acusado-de-matar-a-mae-em-vagos-segue-na-segunda-sessao\/","og_site_name":"Portal Tela Portugal","article_published_time":"2026-03-26T14:46:14+00:00","author":"Telinha","twitter_card":"summary_large_image","twitter_misc":{"Escrito por":"Telinha","Tempo estimado de leitura":"1 minuto"},"schema":{"@context":"https:\/\/schema.org","@graph":[{"@type":"Article","@id":"https:\/\/portaltela.pt\/noticias\/2026\/03\/26\/julgamento-do-menor-acusado-de-matar-a-mae-em-vagos-segue-na-segunda-sessao\/#article","isPartOf":{"@id":"https:\/\/portaltela.pt\/noticias\/2026\/03\/26\/julgamento-do-menor-acusado-de-matar-a-mae-em-vagos-segue-na-segunda-sessao\/"},"author":{"name":"Telinha","@id":"https:\/\/portaltela.pt\/#\/schema\/person\/c4278d4a6028830caff9ee44b42d32ed"},"headline":"Julgamento do menor acusado de matar a m\u00e3e em Vagos segue na segunda sess\u00e3o","datePublished":"2026-03-26T14:46:14+00:00","mainEntityOfPage":{"@id":"https:\/\/portaltela.pt\/noticias\/2026\/03\/26\/julgamento-do-menor-acusado-de-matar-a-mae-em-vagos-segue-na-segunda-sessao\/"},"wordCount":186,"image":{"@id":"https:\/\/portaltela.pt\/noticias\/2026\/03\/26\/julgamento-do-menor-acusado-de-matar-a-mae-em-vagos-segue-na-segunda-sessao\/#primaryimage"},"thumbnailUrl":"https:\/\/portaltela.pt\/s.01k8rhncp4jt1\/2026\/03\/img_1280x722uu2026-03-26-11-33-50-2274862.jpg","keywords":["audi\u00eancias","crime","homic\u00eddio","menores","tribunal","Vagos"],"articleSection":["Justi\u00e7a","Not\u00edcias"],"inLanguage":"pt-PT"},{"@type":"WebPage","@id":"https:\/\/portaltela.pt\/noticias\/2026\/03\/26\/julgamento-do-menor-acusado-de-matar-a-mae-em-vagos-segue-na-segunda-sessao\/","url":"https:\/\/portaltela.pt\/noticias\/2026\/03\/26\/julgamento-do-menor-acusado-de-matar-a-mae-em-vagos-segue-na-segunda-sessao\/","name":"Julgamento do menor acusado de matar a m\u00e3e em Vagos segue na segunda sess\u00e3o - Portal Tela Portugal","isPartOf":{"@id":"https:\/\/portaltela.pt\/#website"},"primaryImageOfPage":{"@id":"https:\/\/portaltela.pt\/noticias\/2026\/03\/26\/julgamento-do-menor-acusado-de-matar-a-mae-em-vagos-segue-na-segunda-sessao\/#primaryimage"},"image":{"@id":"https:\/\/portaltela.pt\/noticias\/2026\/03\/26\/julgamento-do-menor-acusado-de-matar-a-mae-em-vagos-segue-na-segunda-sessao\/#primaryimage"},"thumbnailUrl":"https:\/\/portaltela.pt\/s.01k8rhncp4jt1\/2026\/03\/img_1280x722uu2026-03-26-11-33-50-2274862.jpg","datePublished":"2026-03-26T14:46:14+00:00","author":{"@id":"https:\/\/portaltela.pt\/#\/schema\/person\/c4278d4a6028830caff9ee44b42d32ed"},"breadcrumb":{"@id":"https:\/\/portaltela.pt\/noticias\/2026\/03\/26\/julgamento-do-menor-acusado-de-matar-a-mae-em-vagos-segue-na-segunda-sessao\/#breadcrumb"},"inLanguage":"pt-PT","potentialAction":[{"@type":"ReadAction","target":["https:\/\/portaltela.pt\/noticias\/2026\/03\/26\/julgamento-do-menor-acusado-de-matar-a-mae-em-vagos-segue-na-segunda-sessao\/"]}]},{"@type":"ImageObject","inLanguage":"pt-PT","@id":"https:\/\/portaltela.pt\/noticias\/2026\/03\/26\/julgamento-do-menor-acusado-de-matar-a-mae-em-vagos-segue-na-segunda-sessao\/#primaryimage","url":"https:\/\/portaltela.pt\/s.01k8rhncp4jt1\/2026\/03\/img_1280x722uu2026-03-26-11-33-50-2274862.jpg","contentUrl":"https:\/\/portaltela.pt\/s.01k8rhncp4jt1\/2026\/03\/img_1280x722uu2026-03-26-11-33-50-2274862.jpg","width":1280,"height":722,"caption":"Photo"},{"@type":"BreadcrumbList","@id":"https:\/\/portaltela.pt\/noticias\/2026\/03\/26\/julgamento-do-menor-acusado-de-matar-a-mae-em-vagos-segue-na-segunda-sessao\/#breadcrumb","itemListElement":[{"@type":"ListItem","position":1,"name":"In\u00edcio","item":"https:\/\/portaltela.pt\/"},{"@type":"ListItem","position":2,"name":"Julgamento do menor acusado de matar a m\u00e3e em Vagos segue na segunda sess\u00e3o"}]},{"@type":"WebSite","@id":"https:\/\/portaltela.pt\/#website","url":"https:\/\/portaltela.pt\/","name":"Portal Tela Portugal","description":"","potentialAction":[{"@type":"SearchAction","target":{"@type":"EntryPoint","urlTemplate":"https:\/\/portaltela.pt\/?s={search_term_string}"},"query-input":{"@type":"PropertyValueSpecification","valueRequired":true,"valueName":"search_term_string"}}],"inLanguage":"pt-PT"},{"@type":"Person","@id":"https:\/\/portaltela.pt\/#\/schema\/person\/c4278d4a6028830caff9ee44b42d32ed","name":"Telinha","image":{"@type":"ImageObject","inLanguage":"pt-PT","@id":"https:\/\/portaltela.pt\/s.01k8rhncp4jt1\/2025\/11\/talking-bot-125x125.png","url":"https:\/\/portaltela.pt\/s.01k8rhncp4jt1\/2025\/11\/talking-bot-125x125.png","contentUrl":"https:\/\/portaltela.pt\/s.01k8rhncp4jt1\/2025\/11\/talking-bot-125x125.png","caption":"Telinha"},"sameAs":["https:\/\/portaltela.pt\/"],"url":"https:\/\/portaltela.pt\/por\/367410592786\/"}]}},"_links":{"self":[{"href":"https:\/\/portaltela.pt\/api\/wp\/v2\/posts\/422385","targetHints":{"allow":["GET"]}}],"collection":[{"href":"https:\/\/portaltela.pt\/api\/wp\/v2\/posts"}],"about":[{"href":"https:\/\/portaltela.pt\/api\/wp\/v2\/types\/post"}],"author":[{"embeddable":true,"href":"https:\/\/portaltela.pt\/api\/wp\/v2\/users\/2"}],"replies":[{"embeddable":true,"href":"https:\/\/portaltela.pt\/api\/wp\/v2\/comments?post=422385"}],"version-history":[{"count":0,"href":"https:\/\/portaltela.pt\/api\/wp\/v2\/posts\/422385\/revisions"}],"wp:featuredmedia":[{"embeddable":true,"href":"https:\/\/portaltela.pt\/api\/wp\/v2\/media\/422394"}],"wp:attachment":[{"href":"https:\/\/portaltela.pt\/api\/wp\/v2\/media?parent=422385"}],"wp:term":[{"taxonomy":"category","embeddable":true,"href":"https:\/\/portaltela.pt\/api\/wp\/v2\/categories?post=422385"},{"taxonomy":"post_tag","embeddable":true,"href":"https:\/\/portaltela.pt\/api\/wp\/v2\/tags?post=422385"}],"curies":[{"name":"wp","href":"https:\/\/api.w.org\/{rel}","templated":true}]}}