{"id":422365,"date":"2026-03-26T11:46:55","date_gmt":"2026-03-26T14:46:55","guid":{"rendered":"https:\/\/portaltela.pt\/noticias\/2026\/03\/26\/europa-regista-perdas-de-12-bilioes-de-euros-por-emissoes-dos-eua-estudo\/"},"modified":"2026-03-26T11:46:55","modified_gmt":"2026-03-26T14:46:55","slug":"europa-regista-perdas-de-12-bilioes-de-euros-por-emissoes-dos-eua-estudo","status":"publish","type":"post","link":"https:\/\/portaltela.pt\/meio-ambiente\/2026\/03\/26\/europa-regista-perdas-de-12-bilioes-de-euros-por-emissoes-dos-eua-estudo\/","title":{"rendered":"Europa regista perdas de 1,2 bili\u00f5es de euros por emiss\u00f5es dos EUA, estudo"},"content":{"rendered":"<p>A Europa registou preju\u00edzos estimados em 1,2 bili\u00f5es de euros devido \u00e0s emiss\u00f5es hist\u00f3ricas dos EEUU, segundo um estudo publicado na revista Nature. A an\u00e1lise avalia danos econ\u00f3micos globais gerados desde 1990.<\/p>\n<p>O estudo atribui os custos aos gases com efeito de estufa emitidos por empresas e Estados norte-americanos ao longo do tempo, destacando impactos desproporcionais em economias em desenvolvimento como o Brasil e a \u00cdndia.<\/p>\n<p>Quase 3 bili\u00f5es de d\u00f3lares, cerca de 2,6 bili\u00f5es de euros, ocorreram dentro dos EUA, enquanto a Europa sofreu perdas na casa de 1,4 bili\u00f5es de d\u00f3lares (1,21 bili\u00f5es de euros).<\/p>\n<p>A pesquisa aponta que, em termos relativos, as regi\u00f5es de menor rendimento apresentam danos maiores em rela\u00e7\u00e3o ao PIB, apesar da Europa ter um dos maiores preju\u00edzos absolutos. A not\u00edcia cita Marshall Burke, autor principal do estudo, que sublinha o efeito negativo sobre a produ\u00e7\u00e3o norte-americana.<\/p>\n<h3>Impacto na UE<\/h3>\n<p>Entre 1980 e 2023, fen\u00f3menos clim\u00e1ticos provocaram perdas superiores a 783 mil milh\u00f5es de euros na UE, tend\u00eancia que tende a aumentar com a subida das temperaturas, de acordo com o estudo.<\/p>\n<h3>Contexto global<\/h3>\n<p>O artigo destaca a natureza da externalidade clim\u00e1tica, onde as emiss\u00f5es de um pa\u00eds afetam outros, justificando a abordagem de medir custos por pa\u00eds e por regi\u00e3o ao longo do tempo. A investiga\u00e7\u00e3o utiliza dados de emiss\u00f5es de v\u00e1rias entidades para estimar preju\u00edzos futuros.<\/p>\n","protected":false},"excerpt":{"rendered":"<ul>\n<li>O estudo, publicado na revista Nature, conclui que as emiss\u00f5es dos EUA desde 1990 provocaram mais de 10 bili\u00f5es de d\u00f3lares (\u2248 8,65 bili\u00f5es de euros) em preju\u00edzos econ\u00f3micos globais.<\/li>\n<li>As perdas recairam sobretudo sobre economias em desenvolvimento, com o Brasil a registar 330 mil milh\u00f5es de d\u00f3lares e a \u00cdndia 500 mil milh\u00f5es de d\u00f3lares.<\/li>\n<li>Quase 3 bili\u00f5es de d\u00f3lares (\u2248 2,6 bili\u00f5es de euros) ocorreram dentro dos EUA, enquanto a Europa sofreu perdas na ordem de 1,4 bili\u00f5es de d\u00f3lares (\u2248 1,21 bili\u00f5es de euros).<\/li>\n<li>Entre 1980 e 2023, fen\u00f3menos clim\u00e1ticos provocaram perdas superiores a 783 mil milh\u00f5es de euros apenas na Uni\u00e3o Europeia.<\/li>\n<li>O autor principal, Marshall Burke, professor na Stanford Doerr School of Sustainability, afirma que as pr\u00f3prias emiss\u00f5es dos EUA prejudicam seriamente a produ\u00e7\u00e3o norte\u2011americana.<\/li>\n<\/ul>\n","protected":false},"author":2,"featured_media":422374,"comment_status":"closed","ping_status":"closed","sticky":false,"template":"","format":"standard","meta":{"footnotes":""},"categories":[7380,6725],"tags":[5224,28,7073,942,1600,2487],"class_list":["post-422365","post","type-post","status-publish","format-standard","has-post-thumbnail","hentry","category-clima","category-meio-ambiente","tag-clima","tag-economia","tag-emissoes","tag-emissoes-de-gases-de-efeito-de-estufa","tag-estados-unidos","tag-europa"],"yoast_head":"<!-- This site is optimized with the Yoast SEO plugin v27.2 - https:\/\/yoast.com\/product\/yoast-seo-wordpress\/ -->\n<title>Europa regista perdas de 1,2 bili\u00f5es de euros por emiss\u00f5es dos EUA, estudo - Portal Tela Portugal<\/title>\n<meta name=\"robots\" content=\"index, follow, max-snippet:-1, max-image-preview:large, max-video-preview:-1\" \/>\n<meta property=\"og:locale\" content=\"pt_PT\" \/>\n<meta property=\"og:type\" content=\"article\" \/>\n<meta property=\"og:title\" content=\"Europa regista perdas de 1,2 bili\u00f5es de euros por emiss\u00f5es dos EUA, estudo - Portal Tela Portugal\" \/>\n<meta property=\"og:description\" content=\"O estudo, publicado na revista Nature, conclui que as emiss\u00f5es dos EUA desde 1990 provocaram mais de 10 bili\u00f5es de d\u00f3lares (\u2248 8,65 bili\u00f5es de euros) em preju\u00edzos econ\u00f3micos globais. As perdas recairam sobretudo sobre economias em desenvolvimento, com o Brasil a registar 330 mil milh\u00f5es de d\u00f3lares e a \u00cdndia 500 mil milh\u00f5es de d\u00f3lares. Quase 3 bili\u00f5es de d\u00f3lares (\u2248 2,6 bili\u00f5es de euros) ocorreram dentro dos EUA, enquanto a Europa sofreu perdas na ordem de 1,4 bili\u00f5es de d\u00f3lares (\u2248 1,21 bili\u00f5es de euros). Entre 1980 e 2023, fen\u00f3menos clim\u00e1ticos provocaram perdas superiores a 783 mil milh\u00f5es de euros apenas na Uni\u00e3o Europeia. O autor principal, Marshall Burke, professor na Stanford Doerr School of Sustainability, afirma que as pr\u00f3prias emiss\u00f5es dos EUA prejudicam seriamente a produ\u00e7\u00e3o norte\u2011americana.\" \/>\n<meta property=\"og:url\" content=\"https:\/\/portaltela.pt\/noticias\/2026\/03\/26\/europa-regista-perdas-de-12-bilioes-de-euros-por-emissoes-dos-eua-estudo\/\" \/>\n<meta property=\"og:site_name\" content=\"Portal Tela Portugal\" \/>\n<meta property=\"article:published_time\" content=\"2026-03-26T14:46:55+00:00\" \/>\n<meta name=\"author\" content=\"Telinha\" \/>\n<meta name=\"twitter:card\" content=\"summary_large_image\" \/>\n<meta name=\"twitter:label1\" content=\"Escrito por\" \/>\n\t<meta name=\"twitter:data1\" content=\"Telinha\" \/>\n\t<meta name=\"twitter:label2\" content=\"Tempo estimado de leitura\" \/>\n\t<meta name=\"twitter:data2\" content=\"1 minuto\" \/>\n<script type=\"application\/ld+json\" class=\"yoast-schema-graph\">{\"@context\":\"https:\/\/schema.org\",\"@graph\":[{\"@type\":\"Article\",\"@id\":\"https:\/\/portaltela.pt\/noticias\/2026\/03\/26\/europa-regista-perdas-de-12-bilioes-de-euros-por-emissoes-dos-eua-estudo\/#article\",\"isPartOf\":{\"@id\":\"https:\/\/portaltela.pt\/noticias\/2026\/03\/26\/europa-regista-perdas-de-12-bilioes-de-euros-por-emissoes-dos-eua-estudo\/\"},\"author\":{\"name\":\"Telinha\",\"@id\":\"https:\/\/portaltela.pt\/#\/schema\/person\/c4278d4a6028830caff9ee44b42d32ed\"},\"headline\":\"Europa regista perdas de 1,2 bili\u00f5es de euros por emiss\u00f5es dos EUA, estudo\",\"datePublished\":\"2026-03-26T14:46:55+00:00\",\"mainEntityOfPage\":{\"@id\":\"https:\/\/portaltela.pt\/noticias\/2026\/03\/26\/europa-regista-perdas-de-12-bilioes-de-euros-por-emissoes-dos-eua-estudo\/\"},\"wordCount\":259,\"image\":{\"@id\":\"https:\/\/portaltela.pt\/noticias\/2026\/03\/26\/europa-regista-perdas-de-12-bilioes-de-euros-por-emissoes-dos-eua-estudo\/#primaryimage\"},\"thumbnailUrl\":\"https:\/\/portaltela.pt\/s.01k8rhncp4jt1\/2026\/03\/1536x864_cmsv2_27d97214-6ac7-52eb-9204-a3c499bb9f5e-9699602.jpg\",\"keywords\":[\"clima\",\"economia\",\"emiss\u00f5es\",\"Emiss\u00f5es de Gases de Efeito de Estufa\",\"Estados Unidos\",\"Europa\"],\"articleSection\":[\"Clima\",\"Meio Ambiente\"],\"inLanguage\":\"pt-PT\"},{\"@type\":\"WebPage\",\"@id\":\"https:\/\/portaltela.pt\/noticias\/2026\/03\/26\/europa-regista-perdas-de-12-bilioes-de-euros-por-emissoes-dos-eua-estudo\/\",\"url\":\"https:\/\/portaltela.pt\/noticias\/2026\/03\/26\/europa-regista-perdas-de-12-bilioes-de-euros-por-emissoes-dos-eua-estudo\/\",\"name\":\"Europa regista perdas de 1,2 bili\u00f5es de euros por emiss\u00f5es dos EUA, estudo - Portal Tela Portugal\",\"isPartOf\":{\"@id\":\"https:\/\/portaltela.pt\/#website\"},\"primaryImageOfPage\":{\"@id\":\"https:\/\/portaltela.pt\/noticias\/2026\/03\/26\/europa-regista-perdas-de-12-bilioes-de-euros-por-emissoes-dos-eua-estudo\/#primaryimage\"},\"image\":{\"@id\":\"https:\/\/portaltela.pt\/noticias\/2026\/03\/26\/europa-regista-perdas-de-12-bilioes-de-euros-por-emissoes-dos-eua-estudo\/#primaryimage\"},\"thumbnailUrl\":\"https:\/\/portaltela.pt\/s.01k8rhncp4jt1\/2026\/03\/1536x864_cmsv2_27d97214-6ac7-52eb-9204-a3c499bb9f5e-9699602.jpg\",\"datePublished\":\"2026-03-26T14:46:55+00:00\",\"author\":{\"@id\":\"https:\/\/portaltela.pt\/#\/schema\/person\/c4278d4a6028830caff9ee44b42d32ed\"},\"breadcrumb\":{\"@id\":\"https:\/\/portaltela.pt\/noticias\/2026\/03\/26\/europa-regista-perdas-de-12-bilioes-de-euros-por-emissoes-dos-eua-estudo\/#breadcrumb\"},\"inLanguage\":\"pt-PT\",\"potentialAction\":[{\"@type\":\"ReadAction\",\"target\":[\"https:\/\/portaltela.pt\/noticias\/2026\/03\/26\/europa-regista-perdas-de-12-bilioes-de-euros-por-emissoes-dos-eua-estudo\/\"]}]},{\"@type\":\"ImageObject\",\"inLanguage\":\"pt-PT\",\"@id\":\"https:\/\/portaltela.pt\/noticias\/2026\/03\/26\/europa-regista-perdas-de-12-bilioes-de-euros-por-emissoes-dos-eua-estudo\/#primaryimage\",\"url\":\"https:\/\/portaltela.pt\/s.01k8rhncp4jt1\/2026\/03\/1536x864_cmsv2_27d97214-6ac7-52eb-9204-a3c499bb9f5e-9699602.jpg\",\"contentUrl\":\"https:\/\/portaltela.pt\/s.01k8rhncp4jt1\/2026\/03\/1536x864_cmsv2_27d97214-6ac7-52eb-9204-a3c499bb9f5e-9699602.jpg\",\"width\":1536,\"height\":864,\"caption\":\"A central termoel\u00e9trica a carv\u00e3o Gen. James Gavin funciona a 14 de abril de 2025 em Cheshire, Ohio.\"},{\"@type\":\"BreadcrumbList\",\"@id\":\"https:\/\/portaltela.pt\/noticias\/2026\/03\/26\/europa-regista-perdas-de-12-bilioes-de-euros-por-emissoes-dos-eua-estudo\/#breadcrumb\",\"itemListElement\":[{\"@type\":\"ListItem\",\"position\":1,\"name\":\"In\u00edcio\",\"item\":\"https:\/\/portaltela.pt\/\"},{\"@type\":\"ListItem\",\"position\":2,\"name\":\"Europa regista perdas de 1,2 bili\u00f5es de euros por emiss\u00f5es dos EUA, estudo\"}]},{\"@type\":\"WebSite\",\"@id\":\"https:\/\/portaltela.pt\/#website\",\"url\":\"https:\/\/portaltela.pt\/\",\"name\":\"Portal Tela Portugal\",\"description\":\"\",\"potentialAction\":[{\"@type\":\"SearchAction\",\"target\":{\"@type\":\"EntryPoint\",\"urlTemplate\":\"https:\/\/portaltela.pt\/?s={search_term_string}\"},\"query-input\":{\"@type\":\"PropertyValueSpecification\",\"valueRequired\":true,\"valueName\":\"search_term_string\"}}],\"inLanguage\":\"pt-PT\"},{\"@type\":\"Person\",\"@id\":\"https:\/\/portaltela.pt\/#\/schema\/person\/c4278d4a6028830caff9ee44b42d32ed\",\"name\":\"Telinha\",\"image\":{\"@type\":\"ImageObject\",\"inLanguage\":\"pt-PT\",\"@id\":\"https:\/\/portaltela.pt\/s.01k8rhncp4jt1\/2025\/11\/talking-bot-125x125.png\",\"url\":\"https:\/\/portaltela.pt\/s.01k8rhncp4jt1\/2025\/11\/talking-bot-125x125.png\",\"contentUrl\":\"https:\/\/portaltela.pt\/s.01k8rhncp4jt1\/2025\/11\/talking-bot-125x125.png\",\"caption\":\"Telinha\"},\"sameAs\":[\"https:\/\/portaltela.pt\/\"],\"url\":\"https:\/\/portaltela.pt\/por\/367410592786\/\"}]}<\/script>\n<!-- \/ Yoast SEO plugin. -->","yoast_head_json":{"title":"Europa regista perdas de 1,2 bili\u00f5es de euros por emiss\u00f5es dos EUA, estudo - Portal Tela Portugal","robots":{"index":"index","follow":"follow","max-snippet":"max-snippet:-1","max-image-preview":"max-image-preview:large","max-video-preview":"max-video-preview:-1"},"og_locale":"pt_PT","og_type":"article","og_title":"Europa regista perdas de 1,2 bili\u00f5es de euros por emiss\u00f5es dos EUA, estudo - Portal Tela Portugal","og_description":"O estudo, publicado na revista Nature, conclui que as emiss\u00f5es dos EUA desde 1990 provocaram mais de 10 bili\u00f5es de d\u00f3lares (\u2248 8,65 bili\u00f5es de euros) em preju\u00edzos econ\u00f3micos globais. As perdas recairam sobretudo sobre economias em desenvolvimento, com o Brasil a registar 330 mil milh\u00f5es de d\u00f3lares e a \u00cdndia 500 mil milh\u00f5es de d\u00f3lares. Quase 3 bili\u00f5es de d\u00f3lares (\u2248 2,6 bili\u00f5es de euros) ocorreram dentro dos EUA, enquanto a Europa sofreu perdas na ordem de 1,4 bili\u00f5es de d\u00f3lares (\u2248 1,21 bili\u00f5es de euros). Entre 1980 e 2023, fen\u00f3menos clim\u00e1ticos provocaram perdas superiores a 783 mil milh\u00f5es de euros apenas na Uni\u00e3o Europeia. O autor principal, Marshall Burke, professor na Stanford Doerr School of Sustainability, afirma que as pr\u00f3prias emiss\u00f5es dos EUA prejudicam seriamente a produ\u00e7\u00e3o norte\u2011americana.","og_url":"https:\/\/portaltela.pt\/noticias\/2026\/03\/26\/europa-regista-perdas-de-12-bilioes-de-euros-por-emissoes-dos-eua-estudo\/","og_site_name":"Portal Tela Portugal","article_published_time":"2026-03-26T14:46:55+00:00","author":"Telinha","twitter_card":"summary_large_image","twitter_misc":{"Escrito por":"Telinha","Tempo estimado de leitura":"1 minuto"},"schema":{"@context":"https:\/\/schema.org","@graph":[{"@type":"Article","@id":"https:\/\/portaltela.pt\/noticias\/2026\/03\/26\/europa-regista-perdas-de-12-bilioes-de-euros-por-emissoes-dos-eua-estudo\/#article","isPartOf":{"@id":"https:\/\/portaltela.pt\/noticias\/2026\/03\/26\/europa-regista-perdas-de-12-bilioes-de-euros-por-emissoes-dos-eua-estudo\/"},"author":{"name":"Telinha","@id":"https:\/\/portaltela.pt\/#\/schema\/person\/c4278d4a6028830caff9ee44b42d32ed"},"headline":"Europa regista perdas de 1,2 bili\u00f5es de euros por emiss\u00f5es dos EUA, estudo","datePublished":"2026-03-26T14:46:55+00:00","mainEntityOfPage":{"@id":"https:\/\/portaltela.pt\/noticias\/2026\/03\/26\/europa-regista-perdas-de-12-bilioes-de-euros-por-emissoes-dos-eua-estudo\/"},"wordCount":259,"image":{"@id":"https:\/\/portaltela.pt\/noticias\/2026\/03\/26\/europa-regista-perdas-de-12-bilioes-de-euros-por-emissoes-dos-eua-estudo\/#primaryimage"},"thumbnailUrl":"https:\/\/portaltela.pt\/s.01k8rhncp4jt1\/2026\/03\/1536x864_cmsv2_27d97214-6ac7-52eb-9204-a3c499bb9f5e-9699602.jpg","keywords":["clima","economia","emiss\u00f5es","Emiss\u00f5es de Gases de Efeito de Estufa","Estados Unidos","Europa"],"articleSection":["Clima","Meio Ambiente"],"inLanguage":"pt-PT"},{"@type":"WebPage","@id":"https:\/\/portaltela.pt\/noticias\/2026\/03\/26\/europa-regista-perdas-de-12-bilioes-de-euros-por-emissoes-dos-eua-estudo\/","url":"https:\/\/portaltela.pt\/noticias\/2026\/03\/26\/europa-regista-perdas-de-12-bilioes-de-euros-por-emissoes-dos-eua-estudo\/","name":"Europa regista perdas de 1,2 bili\u00f5es de euros por emiss\u00f5es dos EUA, estudo - Portal Tela Portugal","isPartOf":{"@id":"https:\/\/portaltela.pt\/#website"},"primaryImageOfPage":{"@id":"https:\/\/portaltela.pt\/noticias\/2026\/03\/26\/europa-regista-perdas-de-12-bilioes-de-euros-por-emissoes-dos-eua-estudo\/#primaryimage"},"image":{"@id":"https:\/\/portaltela.pt\/noticias\/2026\/03\/26\/europa-regista-perdas-de-12-bilioes-de-euros-por-emissoes-dos-eua-estudo\/#primaryimage"},"thumbnailUrl":"https:\/\/portaltela.pt\/s.01k8rhncp4jt1\/2026\/03\/1536x864_cmsv2_27d97214-6ac7-52eb-9204-a3c499bb9f5e-9699602.jpg","datePublished":"2026-03-26T14:46:55+00:00","author":{"@id":"https:\/\/portaltela.pt\/#\/schema\/person\/c4278d4a6028830caff9ee44b42d32ed"},"breadcrumb":{"@id":"https:\/\/portaltela.pt\/noticias\/2026\/03\/26\/europa-regista-perdas-de-12-bilioes-de-euros-por-emissoes-dos-eua-estudo\/#breadcrumb"},"inLanguage":"pt-PT","potentialAction":[{"@type":"ReadAction","target":["https:\/\/portaltela.pt\/noticias\/2026\/03\/26\/europa-regista-perdas-de-12-bilioes-de-euros-por-emissoes-dos-eua-estudo\/"]}]},{"@type":"ImageObject","inLanguage":"pt-PT","@id":"https:\/\/portaltela.pt\/noticias\/2026\/03\/26\/europa-regista-perdas-de-12-bilioes-de-euros-por-emissoes-dos-eua-estudo\/#primaryimage","url":"https:\/\/portaltela.pt\/s.01k8rhncp4jt1\/2026\/03\/1536x864_cmsv2_27d97214-6ac7-52eb-9204-a3c499bb9f5e-9699602.jpg","contentUrl":"https:\/\/portaltela.pt\/s.01k8rhncp4jt1\/2026\/03\/1536x864_cmsv2_27d97214-6ac7-52eb-9204-a3c499bb9f5e-9699602.jpg","width":1536,"height":864,"caption":"A central termoel\u00e9trica a carv\u00e3o Gen. James Gavin funciona a 14 de abril de 2025 em Cheshire, Ohio."},{"@type":"BreadcrumbList","@id":"https:\/\/portaltela.pt\/noticias\/2026\/03\/26\/europa-regista-perdas-de-12-bilioes-de-euros-por-emissoes-dos-eua-estudo\/#breadcrumb","itemListElement":[{"@type":"ListItem","position":1,"name":"In\u00edcio","item":"https:\/\/portaltela.pt\/"},{"@type":"ListItem","position":2,"name":"Europa regista perdas de 1,2 bili\u00f5es de euros por emiss\u00f5es dos EUA, estudo"}]},{"@type":"WebSite","@id":"https:\/\/portaltela.pt\/#website","url":"https:\/\/portaltela.pt\/","name":"Portal Tela Portugal","description":"","potentialAction":[{"@type":"SearchAction","target":{"@type":"EntryPoint","urlTemplate":"https:\/\/portaltela.pt\/?s={search_term_string}"},"query-input":{"@type":"PropertyValueSpecification","valueRequired":true,"valueName":"search_term_string"}}],"inLanguage":"pt-PT"},{"@type":"Person","@id":"https:\/\/portaltela.pt\/#\/schema\/person\/c4278d4a6028830caff9ee44b42d32ed","name":"Telinha","image":{"@type":"ImageObject","inLanguage":"pt-PT","@id":"https:\/\/portaltela.pt\/s.01k8rhncp4jt1\/2025\/11\/talking-bot-125x125.png","url":"https:\/\/portaltela.pt\/s.01k8rhncp4jt1\/2025\/11\/talking-bot-125x125.png","contentUrl":"https:\/\/portaltela.pt\/s.01k8rhncp4jt1\/2025\/11\/talking-bot-125x125.png","caption":"Telinha"},"sameAs":["https:\/\/portaltela.pt\/"],"url":"https:\/\/portaltela.pt\/por\/367410592786\/"}]}},"_links":{"self":[{"href":"https:\/\/portaltela.pt\/api\/wp\/v2\/posts\/422365","targetHints":{"allow":["GET"]}}],"collection":[{"href":"https:\/\/portaltela.pt\/api\/wp\/v2\/posts"}],"about":[{"href":"https:\/\/portaltela.pt\/api\/wp\/v2\/types\/post"}],"author":[{"embeddable":true,"href":"https:\/\/portaltela.pt\/api\/wp\/v2\/users\/2"}],"replies":[{"embeddable":true,"href":"https:\/\/portaltela.pt\/api\/wp\/v2\/comments?post=422365"}],"version-history":[{"count":0,"href":"https:\/\/portaltela.pt\/api\/wp\/v2\/posts\/422365\/revisions"}],"wp:featuredmedia":[{"embeddable":true,"href":"https:\/\/portaltela.pt\/api\/wp\/v2\/media\/422374"}],"wp:attachment":[{"href":"https:\/\/portaltela.pt\/api\/wp\/v2\/media?parent=422365"}],"wp:term":[{"taxonomy":"category","embeddable":true,"href":"https:\/\/portaltela.pt\/api\/wp\/v2\/categories?post=422365"},{"taxonomy":"post_tag","embeddable":true,"href":"https:\/\/portaltela.pt\/api\/wp\/v2\/tags?post=422365"}],"curies":[{"name":"wp","href":"https:\/\/api.w.org\/{rel}","templated":true}]}}