{"id":422364,"date":"2026-03-26T11:46:55","date_gmt":"2026-03-26T14:46:55","guid":{"rendered":"https:\/\/portaltela.pt\/noticias\/2026\/03\/26\/beirute-cidade-sem-muros-na-orla-maritima-e-regresso-adiado\/"},"modified":"2026-03-26T11:46:55","modified_gmt":"2026-03-26T14:46:55","slug":"beirute-cidade-sem-muros-na-orla-maritima-e-regresso-adiado","status":"publish","type":"post","link":"https:\/\/portaltela.pt\/internacionais\/2026\/03\/26\/beirute-cidade-sem-muros-na-orla-maritima-e-regresso-adiado\/","title":{"rendered":"Beirute: cidade sem muros na orla mar\u00edtima e regresso adiado"},"content":{"rendered":"<p>Ao longo da orla de Beyal, em Beirute, surge uma comunidade improvisada que n\u00e3o consta nos mapas. Trata-se de uma cidade tempor\u00e1ria formada por tendas, tecidos e cobertores \u00famidos, junto ao pavimento, diante de um mar que j\u00e1 n\u00e3o \u00e9 atra\u00e7\u00e3o tur\u00edstica e que testemunha uma das maiores desloca\u00e7\u00f5es for\u00e7adas no L\u00edbano.<\/p>\n<p>As noites s\u00e3o marcadas pela linha de defesa inst\u00e1vel das tendas, protegidas por tecidos coloridos fixados com pedras e cordas. Milhares de deslocados vivem sem planeamento, sem servi\u00e7os e sem certezas sobre o que vir\u00e1 a seguir, impulsionados pelos confrontos entre militantes e ataques a\u00e9reos que atingiram v\u00e1rias regi\u00f5es fronteiri\u00e7as.<\/p>\n<p>A presen\u00e7a de civis \u00e9 constante, com fam\u00edlias amontoadas em espa\u00e7os estreitos e cozinhas improvisadas ao ar livre. O medo de doen\u00e7as cresce face \u00e0 \u00e1gua pot\u00e1vel escassa, ao saneamento prec\u00e1rio e \u00e0 humidade permanente que j\u00e1 come\u00e7a a provocar receios de sarna entre crian\u00e7as.<\/p>\n<p>Mohammed Daghman, deslocado de Nabatiyeh, afirma que o Estado parece ausente, apesar de existir. Diz que as autoridades ouvem, mas tapam os ouvidos, e que a popula\u00e7\u00e3o merece aten\u00e7\u00e3o face ao sofrimento. Grande parte do apoio surge de iniciativas comunit\u00e1rias, n\u00e3o oficiais.<\/p>\n<p>Mahdi Omar, vindo dos sub\u00farbios do sul, descreve a sa\u00edda da casa como r\u00e1pida e ca\u00f3tica. Exp\u00f5e que as necessidades v\u00e3o al\u00e9m de comida e abrigo, incluindo higiene, \u00e1gua pot\u00e1vel e instala\u00e7\u00f5es sanit\u00e1rias, com o receio de propaga\u00e7\u00e3o de doen\u00e7as entre as crian\u00e7as.<\/p>\n<p>Mustafa Atoui, de Siddiqin, sublinha que a ajuda est\u00e1 a ser organizada pela comunidade, independentemente de filia\u00e7\u00e3o. Acrescenta que muitos deslocados n\u00e3o conseguiram levar pertences devido \u00e0 pressa, e que os abrigos continuam cheios.<\/p>\n<p>\u00c0 medida que as semanas passam, a desloca\u00e7\u00e3o transforma-se num modo de vida tempor\u00e1rio. O regresso n\u00e3o tem data definida, devido \u00e0 destrui\u00e7\u00e3o de casas, aldeias e infraestruturas, o que complica a ideia de retorno mesmo com a cessa\u00e7\u00e3o dos ataques.<\/p>\n<p>Ao fim do dia, o cais de Beyal permanece como espa\u00e7o de vida, onde muitos aguardam o fim da guerra, planeiam educar os filhos ou buscar formas de subsist\u00eancia. O horizonte continua a pairar entre a esperan\u00e7a de regresso e a realidade de uma espera prolongada.<\/p>\n","protected":false},"excerpt":{"rendered":"<ul>\n<li>Desalojados vivem numa cidade tempor\u00e1ria junto \u00e0 orla de Beyal, em Beirute, criada sem planeamento ou servi\u00e7os e com condi\u00e7\u00f5es prec\u00e1rias.<\/li>\n<li>Milhares de pessoas deslocadas fugiram de cidades do sul e arredores por conta dos ataques e do conflito entre Hezbollah e Israel, concentrando-se em tendas ao longo do cais.<\/li>\n<li>Falta \u00e1gua pot\u00e1vel, saneamento e higiene; h\u00e1 receios de surtos de doen\u00e7as como sarna e piolhos entre crian\u00e7as.<\/li>\n<li>Os habitantes apontam para a aus\u00eancia do Estado, destacando que a ajuda vem sobretudo de iniciativas comunit\u00e1rias e de assist\u00eancia n\u00e3o oficial.<\/li>\n<li>O regresso continua sem data: as semanas que passam mudaram o foco para educa\u00e7\u00e3o, emprego e sobreviv\u00eancia, com dif\u00edcil perspetiva de retorno devido \u00e0 destrui\u00e7\u00e3o.<\/li>\n<\/ul>\n","protected":false},"author":2,"featured_media":422371,"comment_status":"closed","ping_status":"closed","sticky":false,"template":"","format":"standard","meta":{"footnotes":""},"categories":[6790,6912],"tags":[1090,5747,6552,5188,226,1123],"class_list":["post-422364","post","type-post","status-publish","format-standard","has-post-thumbnail","hentry","category-conflitos","category-internacionais","tag-agua","tag-ajuda-humanitaria","tag-beirute","tag-deslocacao","tag-deslocados-internos","tag-saneamento"],"yoast_head":"<!-- This site is optimized with the Yoast SEO plugin v27.2 - https:\/\/yoast.com\/product\/yoast-seo-wordpress\/ -->\n<title>Beirute: cidade sem muros na orla mar\u00edtima e regresso adiado - Portal Tela Portugal<\/title>\n<meta name=\"robots\" content=\"index, follow, max-snippet:-1, max-image-preview:large, max-video-preview:-1\" \/>\n<meta property=\"og:locale\" content=\"pt_PT\" \/>\n<meta property=\"og:type\" content=\"article\" \/>\n<meta property=\"og:title\" content=\"Beirute: cidade sem muros na orla mar\u00edtima e regresso adiado - Portal Tela Portugal\" \/>\n<meta property=\"og:description\" content=\"Desalojados vivem numa cidade tempor\u00e1ria junto \u00e0 orla de Beyal, em Beirute, criada sem planeamento ou servi\u00e7os e com condi\u00e7\u00f5es prec\u00e1rias. Milhares de pessoas deslocadas fugiram de cidades do sul e arredores por conta dos ataques e do conflito entre Hezbollah e Israel, concentrando-se em tendas ao longo do cais. Falta \u00e1gua pot\u00e1vel, saneamento e higiene; h\u00e1 receios de surtos de doen\u00e7as como sarna e piolhos entre crian\u00e7as. Os habitantes apontam para a aus\u00eancia do Estado, destacando que a ajuda vem sobretudo de iniciativas comunit\u00e1rias e de assist\u00eancia n\u00e3o oficial. O regresso continua sem data: as semanas que passam mudaram o foco para educa\u00e7\u00e3o, emprego e sobreviv\u00eancia, com dif\u00edcil perspetiva de retorno devido \u00e0 destrui\u00e7\u00e3o.\" \/>\n<meta property=\"og:url\" content=\"https:\/\/portaltela.pt\/noticias\/2026\/03\/26\/beirute-cidade-sem-muros-na-orla-maritima-e-regresso-adiado\/\" \/>\n<meta property=\"og:site_name\" content=\"Portal Tela Portugal\" \/>\n<meta property=\"article:published_time\" content=\"2026-03-26T14:46:55+00:00\" \/>\n<meta name=\"author\" content=\"Telinha\" \/>\n<meta name=\"twitter:card\" content=\"summary_large_image\" \/>\n<meta name=\"twitter:label1\" content=\"Escrito por\" \/>\n\t<meta name=\"twitter:data1\" content=\"Telinha\" \/>\n\t<meta name=\"twitter:label2\" content=\"Tempo estimado de leitura\" \/>\n\t<meta name=\"twitter:data2\" content=\"2 minutos\" \/>\n<script type=\"application\/ld+json\" class=\"yoast-schema-graph\">{\"@context\":\"https:\/\/schema.org\",\"@graph\":[{\"@type\":\"Article\",\"@id\":\"https:\/\/portaltela.pt\/noticias\/2026\/03\/26\/beirute-cidade-sem-muros-na-orla-maritima-e-regresso-adiado\/#article\",\"isPartOf\":{\"@id\":\"https:\/\/portaltela.pt\/noticias\/2026\/03\/26\/beirute-cidade-sem-muros-na-orla-maritima-e-regresso-adiado\/\"},\"author\":{\"name\":\"Telinha\",\"@id\":\"https:\/\/portaltela.pt\/#\/schema\/person\/c4278d4a6028830caff9ee44b42d32ed\"},\"headline\":\"Beirute: cidade sem muros na orla mar\u00edtima e regresso adiado\",\"datePublished\":\"2026-03-26T14:46:55+00:00\",\"mainEntityOfPage\":{\"@id\":\"https:\/\/portaltela.pt\/noticias\/2026\/03\/26\/beirute-cidade-sem-muros-na-orla-maritima-e-regresso-adiado\/\"},\"wordCount\":407,\"image\":{\"@id\":\"https:\/\/portaltela.pt\/noticias\/2026\/03\/26\/beirute-cidade-sem-muros-na-orla-maritima-e-regresso-adiado\/#primaryimage\"},\"thumbnailUrl\":\"https:\/\/portaltela.pt\/s.01k8rhncp4jt1\/2026\/03\/1536x864_cmsv2_f56e2ed7-6d06-5ddb-bc8a-b7b62d827399-9698600.jpg\",\"keywords\":[\"\u00e1gua\",\"ajuda humanit\u00e1ria\",\"Beirute\",\"desloca\u00e7\u00e3o\",\"deslocados internos\",\"saneamento\"],\"articleSection\":[\"Conflitos\",\"Internacionais\"],\"inLanguage\":\"pt-PT\"},{\"@type\":\"WebPage\",\"@id\":\"https:\/\/portaltela.pt\/noticias\/2026\/03\/26\/beirute-cidade-sem-muros-na-orla-maritima-e-regresso-adiado\/\",\"url\":\"https:\/\/portaltela.pt\/noticias\/2026\/03\/26\/beirute-cidade-sem-muros-na-orla-maritima-e-regresso-adiado\/\",\"name\":\"Beirute: cidade sem muros na orla mar\u00edtima e regresso adiado - Portal Tela Portugal\",\"isPartOf\":{\"@id\":\"https:\/\/portaltela.pt\/#website\"},\"primaryImageOfPage\":{\"@id\":\"https:\/\/portaltela.pt\/noticias\/2026\/03\/26\/beirute-cidade-sem-muros-na-orla-maritima-e-regresso-adiado\/#primaryimage\"},\"image\":{\"@id\":\"https:\/\/portaltela.pt\/noticias\/2026\/03\/26\/beirute-cidade-sem-muros-na-orla-maritima-e-regresso-adiado\/#primaryimage\"},\"thumbnailUrl\":\"https:\/\/portaltela.pt\/s.01k8rhncp4jt1\/2026\/03\/1536x864_cmsv2_f56e2ed7-6d06-5ddb-bc8a-b7b62d827399-9698600.jpg\",\"datePublished\":\"2026-03-26T14:46:55+00:00\",\"author\":{\"@id\":\"https:\/\/portaltela.pt\/#\/schema\/person\/c4278d4a6028830caff9ee44b42d32ed\"},\"breadcrumb\":{\"@id\":\"https:\/\/portaltela.pt\/noticias\/2026\/03\/26\/beirute-cidade-sem-muros-na-orla-maritima-e-regresso-adiado\/#breadcrumb\"},\"inLanguage\":\"pt-PT\",\"potentialAction\":[{\"@type\":\"ReadAction\",\"target\":[\"https:\/\/portaltela.pt\/noticias\/2026\/03\/26\/beirute-cidade-sem-muros-na-orla-maritima-e-regresso-adiado\/\"]}]},{\"@type\":\"ImageObject\",\"inLanguage\":\"pt-PT\",\"@id\":\"https:\/\/portaltela.pt\/noticias\/2026\/03\/26\/beirute-cidade-sem-muros-na-orla-maritima-e-regresso-adiado\/#primaryimage\",\"url\":\"https:\/\/portaltela.pt\/s.01k8rhncp4jt1\/2026\/03\/1536x864_cmsv2_f56e2ed7-6d06-5ddb-bc8a-b7b62d827399-9698600.jpg\",\"contentUrl\":\"https:\/\/portaltela.pt\/s.01k8rhncp4jt1\/2026\/03\/1536x864_cmsv2_f56e2ed7-6d06-5ddb-bc8a-b7b62d827399-9698600.jpg\",\"width\":1536,\"height\":864,\"caption\":\"Pessoas desalojadas na zona ribeirinha de Beirute\"},{\"@type\":\"BreadcrumbList\",\"@id\":\"https:\/\/portaltela.pt\/noticias\/2026\/03\/26\/beirute-cidade-sem-muros-na-orla-maritima-e-regresso-adiado\/#breadcrumb\",\"itemListElement\":[{\"@type\":\"ListItem\",\"position\":1,\"name\":\"In\u00edcio\",\"item\":\"https:\/\/portaltela.pt\/\"},{\"@type\":\"ListItem\",\"position\":2,\"name\":\"Beirute: cidade sem muros na orla mar\u00edtima e regresso adiado\"}]},{\"@type\":\"WebSite\",\"@id\":\"https:\/\/portaltela.pt\/#website\",\"url\":\"https:\/\/portaltela.pt\/\",\"name\":\"Portal Tela Portugal\",\"description\":\"\",\"potentialAction\":[{\"@type\":\"SearchAction\",\"target\":{\"@type\":\"EntryPoint\",\"urlTemplate\":\"https:\/\/portaltela.pt\/?s={search_term_string}\"},\"query-input\":{\"@type\":\"PropertyValueSpecification\",\"valueRequired\":true,\"valueName\":\"search_term_string\"}}],\"inLanguage\":\"pt-PT\"},{\"@type\":\"Person\",\"@id\":\"https:\/\/portaltela.pt\/#\/schema\/person\/c4278d4a6028830caff9ee44b42d32ed\",\"name\":\"Telinha\",\"image\":{\"@type\":\"ImageObject\",\"inLanguage\":\"pt-PT\",\"@id\":\"https:\/\/portaltela.pt\/s.01k8rhncp4jt1\/2025\/11\/talking-bot-125x125.png\",\"url\":\"https:\/\/portaltela.pt\/s.01k8rhncp4jt1\/2025\/11\/talking-bot-125x125.png\",\"contentUrl\":\"https:\/\/portaltela.pt\/s.01k8rhncp4jt1\/2025\/11\/talking-bot-125x125.png\",\"caption\":\"Telinha\"},\"sameAs\":[\"https:\/\/portaltela.pt\/\"],\"url\":\"https:\/\/portaltela.pt\/por\/367410592786\/\"}]}<\/script>\n<!-- \/ Yoast SEO plugin. -->","yoast_head_json":{"title":"Beirute: cidade sem muros na orla mar\u00edtima e regresso adiado - Portal Tela Portugal","robots":{"index":"index","follow":"follow","max-snippet":"max-snippet:-1","max-image-preview":"max-image-preview:large","max-video-preview":"max-video-preview:-1"},"og_locale":"pt_PT","og_type":"article","og_title":"Beirute: cidade sem muros na orla mar\u00edtima e regresso adiado - Portal Tela Portugal","og_description":"Desalojados vivem numa cidade tempor\u00e1ria junto \u00e0 orla de Beyal, em Beirute, criada sem planeamento ou servi\u00e7os e com condi\u00e7\u00f5es prec\u00e1rias. Milhares de pessoas deslocadas fugiram de cidades do sul e arredores por conta dos ataques e do conflito entre Hezbollah e Israel, concentrando-se em tendas ao longo do cais. Falta \u00e1gua pot\u00e1vel, saneamento e higiene; h\u00e1 receios de surtos de doen\u00e7as como sarna e piolhos entre crian\u00e7as. Os habitantes apontam para a aus\u00eancia do Estado, destacando que a ajuda vem sobretudo de iniciativas comunit\u00e1rias e de assist\u00eancia n\u00e3o oficial. O regresso continua sem data: as semanas que passam mudaram o foco para educa\u00e7\u00e3o, emprego e sobreviv\u00eancia, com dif\u00edcil perspetiva de retorno devido \u00e0 destrui\u00e7\u00e3o.","og_url":"https:\/\/portaltela.pt\/noticias\/2026\/03\/26\/beirute-cidade-sem-muros-na-orla-maritima-e-regresso-adiado\/","og_site_name":"Portal Tela Portugal","article_published_time":"2026-03-26T14:46:55+00:00","author":"Telinha","twitter_card":"summary_large_image","twitter_misc":{"Escrito por":"Telinha","Tempo estimado de leitura":"2 minutos"},"schema":{"@context":"https:\/\/schema.org","@graph":[{"@type":"Article","@id":"https:\/\/portaltela.pt\/noticias\/2026\/03\/26\/beirute-cidade-sem-muros-na-orla-maritima-e-regresso-adiado\/#article","isPartOf":{"@id":"https:\/\/portaltela.pt\/noticias\/2026\/03\/26\/beirute-cidade-sem-muros-na-orla-maritima-e-regresso-adiado\/"},"author":{"name":"Telinha","@id":"https:\/\/portaltela.pt\/#\/schema\/person\/c4278d4a6028830caff9ee44b42d32ed"},"headline":"Beirute: cidade sem muros na orla mar\u00edtima e regresso adiado","datePublished":"2026-03-26T14:46:55+00:00","mainEntityOfPage":{"@id":"https:\/\/portaltela.pt\/noticias\/2026\/03\/26\/beirute-cidade-sem-muros-na-orla-maritima-e-regresso-adiado\/"},"wordCount":407,"image":{"@id":"https:\/\/portaltela.pt\/noticias\/2026\/03\/26\/beirute-cidade-sem-muros-na-orla-maritima-e-regresso-adiado\/#primaryimage"},"thumbnailUrl":"https:\/\/portaltela.pt\/s.01k8rhncp4jt1\/2026\/03\/1536x864_cmsv2_f56e2ed7-6d06-5ddb-bc8a-b7b62d827399-9698600.jpg","keywords":["\u00e1gua","ajuda humanit\u00e1ria","Beirute","desloca\u00e7\u00e3o","deslocados internos","saneamento"],"articleSection":["Conflitos","Internacionais"],"inLanguage":"pt-PT"},{"@type":"WebPage","@id":"https:\/\/portaltela.pt\/noticias\/2026\/03\/26\/beirute-cidade-sem-muros-na-orla-maritima-e-regresso-adiado\/","url":"https:\/\/portaltela.pt\/noticias\/2026\/03\/26\/beirute-cidade-sem-muros-na-orla-maritima-e-regresso-adiado\/","name":"Beirute: cidade sem muros na orla mar\u00edtima e regresso adiado - Portal Tela Portugal","isPartOf":{"@id":"https:\/\/portaltela.pt\/#website"},"primaryImageOfPage":{"@id":"https:\/\/portaltela.pt\/noticias\/2026\/03\/26\/beirute-cidade-sem-muros-na-orla-maritima-e-regresso-adiado\/#primaryimage"},"image":{"@id":"https:\/\/portaltela.pt\/noticias\/2026\/03\/26\/beirute-cidade-sem-muros-na-orla-maritima-e-regresso-adiado\/#primaryimage"},"thumbnailUrl":"https:\/\/portaltela.pt\/s.01k8rhncp4jt1\/2026\/03\/1536x864_cmsv2_f56e2ed7-6d06-5ddb-bc8a-b7b62d827399-9698600.jpg","datePublished":"2026-03-26T14:46:55+00:00","author":{"@id":"https:\/\/portaltela.pt\/#\/schema\/person\/c4278d4a6028830caff9ee44b42d32ed"},"breadcrumb":{"@id":"https:\/\/portaltela.pt\/noticias\/2026\/03\/26\/beirute-cidade-sem-muros-na-orla-maritima-e-regresso-adiado\/#breadcrumb"},"inLanguage":"pt-PT","potentialAction":[{"@type":"ReadAction","target":["https:\/\/portaltela.pt\/noticias\/2026\/03\/26\/beirute-cidade-sem-muros-na-orla-maritima-e-regresso-adiado\/"]}]},{"@type":"ImageObject","inLanguage":"pt-PT","@id":"https:\/\/portaltela.pt\/noticias\/2026\/03\/26\/beirute-cidade-sem-muros-na-orla-maritima-e-regresso-adiado\/#primaryimage","url":"https:\/\/portaltela.pt\/s.01k8rhncp4jt1\/2026\/03\/1536x864_cmsv2_f56e2ed7-6d06-5ddb-bc8a-b7b62d827399-9698600.jpg","contentUrl":"https:\/\/portaltela.pt\/s.01k8rhncp4jt1\/2026\/03\/1536x864_cmsv2_f56e2ed7-6d06-5ddb-bc8a-b7b62d827399-9698600.jpg","width":1536,"height":864,"caption":"Pessoas desalojadas na zona ribeirinha de Beirute"},{"@type":"BreadcrumbList","@id":"https:\/\/portaltela.pt\/noticias\/2026\/03\/26\/beirute-cidade-sem-muros-na-orla-maritima-e-regresso-adiado\/#breadcrumb","itemListElement":[{"@type":"ListItem","position":1,"name":"In\u00edcio","item":"https:\/\/portaltela.pt\/"},{"@type":"ListItem","position":2,"name":"Beirute: cidade sem muros na orla mar\u00edtima e regresso adiado"}]},{"@type":"WebSite","@id":"https:\/\/portaltela.pt\/#website","url":"https:\/\/portaltela.pt\/","name":"Portal Tela Portugal","description":"","potentialAction":[{"@type":"SearchAction","target":{"@type":"EntryPoint","urlTemplate":"https:\/\/portaltela.pt\/?s={search_term_string}"},"query-input":{"@type":"PropertyValueSpecification","valueRequired":true,"valueName":"search_term_string"}}],"inLanguage":"pt-PT"},{"@type":"Person","@id":"https:\/\/portaltela.pt\/#\/schema\/person\/c4278d4a6028830caff9ee44b42d32ed","name":"Telinha","image":{"@type":"ImageObject","inLanguage":"pt-PT","@id":"https:\/\/portaltela.pt\/s.01k8rhncp4jt1\/2025\/11\/talking-bot-125x125.png","url":"https:\/\/portaltela.pt\/s.01k8rhncp4jt1\/2025\/11\/talking-bot-125x125.png","contentUrl":"https:\/\/portaltela.pt\/s.01k8rhncp4jt1\/2025\/11\/talking-bot-125x125.png","caption":"Telinha"},"sameAs":["https:\/\/portaltela.pt\/"],"url":"https:\/\/portaltela.pt\/por\/367410592786\/"}]}},"_links":{"self":[{"href":"https:\/\/portaltela.pt\/api\/wp\/v2\/posts\/422364","targetHints":{"allow":["GET"]}}],"collection":[{"href":"https:\/\/portaltela.pt\/api\/wp\/v2\/posts"}],"about":[{"href":"https:\/\/portaltela.pt\/api\/wp\/v2\/types\/post"}],"author":[{"embeddable":true,"href":"https:\/\/portaltela.pt\/api\/wp\/v2\/users\/2"}],"replies":[{"embeddable":true,"href":"https:\/\/portaltela.pt\/api\/wp\/v2\/comments?post=422364"}],"version-history":[{"count":0,"href":"https:\/\/portaltela.pt\/api\/wp\/v2\/posts\/422364\/revisions"}],"wp:featuredmedia":[{"embeddable":true,"href":"https:\/\/portaltela.pt\/api\/wp\/v2\/media\/422371"}],"wp:attachment":[{"href":"https:\/\/portaltela.pt\/api\/wp\/v2\/media?parent=422364"}],"wp:term":[{"taxonomy":"category","embeddable":true,"href":"https:\/\/portaltela.pt\/api\/wp\/v2\/categories?post=422364"},{"taxonomy":"post_tag","embeddable":true,"href":"https:\/\/portaltela.pt\/api\/wp\/v2\/tags?post=422364"}],"curies":[{"name":"wp","href":"https:\/\/api.w.org\/{rel}","templated":true}]}}