{"id":422361,"date":"2026-03-26T11:41:45","date_gmt":"2026-03-26T14:41:45","guid":{"rendered":"https:\/\/portaltela.pt\/noticias\/2026\/03\/26\/metrobus-do-porto-regista-media-de-6-mil-viagens-diarias\/"},"modified":"2026-03-26T11:41:45","modified_gmt":"2026-03-26T14:41:45","slug":"metrobus-do-porto-regista-media-de-6-mil-viagens-diarias","status":"publish","type":"post","link":"https:\/\/portaltela.pt\/sociedade\/2026\/03\/26\/metrobus-do-porto-regista-media-de-6-mil-viagens-diarias\/","title":{"rendered":"Metrobus do Porto regista m\u00e9dia de 6 mil viagens di\u00e1rias"},"content":{"rendered":"<p>O metrobus do Porto regista uma m\u00e9dia de seis mil viagens por dia, segundo a secret\u00e1ria de Estado da Mobilidade. Cristina Pinto Dias afirmou que \u00e9 essencial assegurar medidas que reduzam tempos de viagem face ao transporte individual, no \u00e2mbito do Congresso Cidades e Vilas que Caminham 2026.<\/p>\n<p>A fase experimental gratuita do servi\u00e7o arrancou a 28 de fevereiro, ap\u00f3s obras entre Casa da M\u00fasica e Imp\u00e9rio. O servi\u00e7o funciona das 6h00 \u00e0s 22h00, com frequ\u00eancias de 10 minutos nos hor\u00e1rios de ponta e 15 minutos no restante do dia.<\/p>\n<p>O metrobus, autocarro a hidrog\u00e9nio, circula pela Avenida Marechal Gomes da Costa e pela Avenida Boavista, com paragens em Guerra Junqueiro, Bessa, Pinheiro Manso, Serralves e Jo\u00e3o de Barros. A extens\u00e3o at\u00e9 An\u00e9mona ainda n\u00e3o est\u00e1 dispon\u00edvel.<\/p>\n<h3>Desempenho, custos e perspetivas<\/h3>\n<p>O estudo de procura revela um potencial de 7,4 milh\u00f5es de passageiros em 2027 para a linha Imp\u00e9rio-Boavista, considerado o ano-cruzeiro da opera\u00e7\u00e3o. O projeto envolve 76 milh\u00f5es de euros financiados publicamente, considerado ativo relevante para a mobilidade portuense.<\/p>\n<p>Relativamente aos modos de transporte, o estudo indica redu\u00e7\u00e3o de utilizadores de transporte individual face a 2027, com menos 1,5 milh\u00f5es de viajantes, e uma queda de 700 mil passageiros no conjunto do transporte p\u00fablico, incluindo STCP, privados e comboio.<\/p>\n","protected":false},"excerpt":{"rendered":"<ul>\n<li>A m\u00e9dia de viagens di\u00e1rias no metrobus do Porto \u00e9 de cerca de seis mil.<\/li>\n<li>Desde 28 de fevereiro, data da fase experimental gratuita, estimou-se que tenha removido tr\u00eas mil viaturas por dia das ruas.<\/li>\n<li>A prioridade \u00e9 manter tempos de viagem competitivos com o transporte individual, incentivando o uso do transporte p\u00fablico.<\/li>\n<li>O investimento total \u00e9 de 76 milh\u00f5es de euros, sa\u00eddos do bolso dos contribuintes, com o in\u00edcio do servi\u00e7o comercial previsto para 1 de abril.<\/li>\n<li>O servi\u00e7o opera entre as 6h00 e as 22h00, com frequ\u00eancias de 10 minutos nas horas de ponta e 15 minutos noutras alturas; a extens\u00e3o at\u00e9 An\u00e9mona est\u00e1 em obras, e a linha Imp\u00e9rio-Boavista pode atrair 7,4 milh\u00f5es de passageiros em 2027.<\/li>\n<\/ul>\n","protected":false},"author":2,"featured_media":422368,"comment_status":"closed","ping_status":"closed","sticky":false,"template":"","format":"standard","meta":{"footnotes":""},"categories":[1,6871],"tags":[2105,4224,4171,982,192,4535],"class_list":["post-422361","post","type-post","status-publish","format-standard","has-post-thumbnail","hentry","category-noticias","category-sociedade","tag-energia-limpa","tag-hidrogenio-limpo","tag-mobilidade-sustentavel","tag-porto","tag-transporte","tag-transporte-publico"],"yoast_head":"<!-- This site is optimized with the Yoast SEO plugin v27.2 - https:\/\/yoast.com\/product\/yoast-seo-wordpress\/ -->\n<title>Metrobus do Porto regista m\u00e9dia de 6 mil viagens di\u00e1rias - Portal Tela Portugal<\/title>\n<meta name=\"robots\" content=\"index, follow, max-snippet:-1, max-image-preview:large, max-video-preview:-1\" \/>\n<meta property=\"og:locale\" content=\"pt_PT\" \/>\n<meta property=\"og:type\" content=\"article\" \/>\n<meta property=\"og:title\" content=\"Metrobus do Porto regista m\u00e9dia de 6 mil viagens di\u00e1rias - Portal Tela Portugal\" \/>\n<meta property=\"og:description\" content=\"A m\u00e9dia de viagens di\u00e1rias no metrobus do Porto \u00e9 de cerca de seis mil. Desde 28 de fevereiro, data da fase experimental gratuita, estimou-se que tenha removido tr\u00eas mil viaturas por dia das ruas. A prioridade \u00e9 manter tempos de viagem competitivos com o transporte individual, incentivando o uso do transporte p\u00fablico. O investimento total \u00e9 de 76 milh\u00f5es de euros, sa\u00eddos do bolso dos contribuintes, com o in\u00edcio do servi\u00e7o comercial previsto para 1 de abril. O servi\u00e7o opera entre as 6h00 e as 22h00, com frequ\u00eancias de 10 minutos nas horas de ponta e 15 minutos noutras alturas; a extens\u00e3o at\u00e9 An\u00e9mona est\u00e1 em obras, e a linha Imp\u00e9rio-Boavista pode atrair 7,4 milh\u00f5es de passageiros em 2027.\" \/>\n<meta property=\"og:url\" content=\"https:\/\/portaltela.pt\/noticias\/2026\/03\/26\/metrobus-do-porto-regista-media-de-6-mil-viagens-diarias\/\" \/>\n<meta property=\"og:site_name\" content=\"Portal Tela Portugal\" \/>\n<meta property=\"article:published_time\" content=\"2026-03-26T14:41:45+00:00\" \/>\n<meta name=\"author\" content=\"Telinha\" \/>\n<meta name=\"twitter:card\" content=\"summary_large_image\" \/>\n<meta name=\"twitter:label1\" content=\"Escrito por\" \/>\n\t<meta name=\"twitter:data1\" content=\"Telinha\" \/>\n\t<meta name=\"twitter:label2\" content=\"Tempo estimado de leitura\" \/>\n\t<meta name=\"twitter:data2\" content=\"1 minuto\" \/>\n<script type=\"application\/ld+json\" class=\"yoast-schema-graph\">{\"@context\":\"https:\/\/schema.org\",\"@graph\":[{\"@type\":\"Article\",\"@id\":\"https:\/\/portaltela.pt\/noticias\/2026\/03\/26\/metrobus-do-porto-regista-media-de-6-mil-viagens-diarias\/#article\",\"isPartOf\":{\"@id\":\"https:\/\/portaltela.pt\/noticias\/2026\/03\/26\/metrobus-do-porto-regista-media-de-6-mil-viagens-diarias\/\"},\"author\":{\"name\":\"Telinha\",\"@id\":\"https:\/\/portaltela.pt\/#\/schema\/person\/c4278d4a6028830caff9ee44b42d32ed\"},\"headline\":\"Metrobus do Porto regista m\u00e9dia de 6 mil viagens di\u00e1rias\",\"datePublished\":\"2026-03-26T14:41:45+00:00\",\"mainEntityOfPage\":{\"@id\":\"https:\/\/portaltela.pt\/noticias\/2026\/03\/26\/metrobus-do-porto-regista-media-de-6-mil-viagens-diarias\/\"},\"wordCount\":232,\"image\":{\"@id\":\"https:\/\/portaltela.pt\/noticias\/2026\/03\/26\/metrobus-do-porto-regista-media-de-6-mil-viagens-diarias\/#primaryimage\"},\"thumbnailUrl\":\"https:\/\/portaltela.pt\/s.01k8rhncp4jt1\/2026\/03\/img_1500x1000uu2025-06-06-09-51-19-2214371.jpg\",\"keywords\":[\"energia limpa\",\"hidrog\u00e9nio limpo\",\"Mobilidade Sustent\u00e1vel\",\"Porto\",\"transporte\",\"transporte p\u00fablico\"],\"articleSection\":[\"Not\u00edcias\",\"Sociedade\"],\"inLanguage\":\"pt-PT\"},{\"@type\":\"WebPage\",\"@id\":\"https:\/\/portaltela.pt\/noticias\/2026\/03\/26\/metrobus-do-porto-regista-media-de-6-mil-viagens-diarias\/\",\"url\":\"https:\/\/portaltela.pt\/noticias\/2026\/03\/26\/metrobus-do-porto-regista-media-de-6-mil-viagens-diarias\/\",\"name\":\"Metrobus do Porto regista m\u00e9dia de 6 mil viagens di\u00e1rias - Portal Tela Portugal\",\"isPartOf\":{\"@id\":\"https:\/\/portaltela.pt\/#website\"},\"primaryImageOfPage\":{\"@id\":\"https:\/\/portaltela.pt\/noticias\/2026\/03\/26\/metrobus-do-porto-regista-media-de-6-mil-viagens-diarias\/#primaryimage\"},\"image\":{\"@id\":\"https:\/\/portaltela.pt\/noticias\/2026\/03\/26\/metrobus-do-porto-regista-media-de-6-mil-viagens-diarias\/#primaryimage\"},\"thumbnailUrl\":\"https:\/\/portaltela.pt\/s.01k8rhncp4jt1\/2026\/03\/img_1500x1000uu2025-06-06-09-51-19-2214371.jpg\",\"datePublished\":\"2026-03-26T14:41:45+00:00\",\"author\":{\"@id\":\"https:\/\/portaltela.pt\/#\/schema\/person\/c4278d4a6028830caff9ee44b42d32ed\"},\"breadcrumb\":{\"@id\":\"https:\/\/portaltela.pt\/noticias\/2026\/03\/26\/metrobus-do-porto-regista-media-de-6-mil-viagens-diarias\/#breadcrumb\"},\"inLanguage\":\"pt-PT\",\"potentialAction\":[{\"@type\":\"ReadAction\",\"target\":[\"https:\/\/portaltela.pt\/noticias\/2026\/03\/26\/metrobus-do-porto-regista-media-de-6-mil-viagens-diarias\/\"]}]},{\"@type\":\"ImageObject\",\"inLanguage\":\"pt-PT\",\"@id\":\"https:\/\/portaltela.pt\/noticias\/2026\/03\/26\/metrobus-do-porto-regista-media-de-6-mil-viagens-diarias\/#primaryimage\",\"url\":\"https:\/\/portaltela.pt\/s.01k8rhncp4jt1\/2026\/03\/img_1500x1000uu2025-06-06-09-51-19-2214371.jpg\",\"contentUrl\":\"https:\/\/portaltela.pt\/s.01k8rhncp4jt1\/2026\/03\/img_1500x1000uu2025-06-06-09-51-19-2214371.jpg\",\"width\":1500,\"height\":1000,\"caption\":\"Metrobus do Porto regista m\u00e9dia de seis mil viagens por dia\"},{\"@type\":\"BreadcrumbList\",\"@id\":\"https:\/\/portaltela.pt\/noticias\/2026\/03\/26\/metrobus-do-porto-regista-media-de-6-mil-viagens-diarias\/#breadcrumb\",\"itemListElement\":[{\"@type\":\"ListItem\",\"position\":1,\"name\":\"In\u00edcio\",\"item\":\"https:\/\/portaltela.pt\/\"},{\"@type\":\"ListItem\",\"position\":2,\"name\":\"Metrobus do Porto regista m\u00e9dia de 6 mil viagens di\u00e1rias\"}]},{\"@type\":\"WebSite\",\"@id\":\"https:\/\/portaltela.pt\/#website\",\"url\":\"https:\/\/portaltela.pt\/\",\"name\":\"Portal Tela Portugal\",\"description\":\"\",\"potentialAction\":[{\"@type\":\"SearchAction\",\"target\":{\"@type\":\"EntryPoint\",\"urlTemplate\":\"https:\/\/portaltela.pt\/?s={search_term_string}\"},\"query-input\":{\"@type\":\"PropertyValueSpecification\",\"valueRequired\":true,\"valueName\":\"search_term_string\"}}],\"inLanguage\":\"pt-PT\"},{\"@type\":\"Person\",\"@id\":\"https:\/\/portaltela.pt\/#\/schema\/person\/c4278d4a6028830caff9ee44b42d32ed\",\"name\":\"Telinha\",\"image\":{\"@type\":\"ImageObject\",\"inLanguage\":\"pt-PT\",\"@id\":\"https:\/\/portaltela.pt\/s.01k8rhncp4jt1\/2025\/11\/talking-bot-125x125.png\",\"url\":\"https:\/\/portaltela.pt\/s.01k8rhncp4jt1\/2025\/11\/talking-bot-125x125.png\",\"contentUrl\":\"https:\/\/portaltela.pt\/s.01k8rhncp4jt1\/2025\/11\/talking-bot-125x125.png\",\"caption\":\"Telinha\"},\"sameAs\":[\"https:\/\/portaltela.pt\/\"],\"url\":\"https:\/\/portaltela.pt\/por\/367410592786\/\"}]}<\/script>\n<!-- \/ Yoast SEO plugin. -->","yoast_head_json":{"title":"Metrobus do Porto regista m\u00e9dia de 6 mil viagens di\u00e1rias - Portal Tela Portugal","robots":{"index":"index","follow":"follow","max-snippet":"max-snippet:-1","max-image-preview":"max-image-preview:large","max-video-preview":"max-video-preview:-1"},"og_locale":"pt_PT","og_type":"article","og_title":"Metrobus do Porto regista m\u00e9dia de 6 mil viagens di\u00e1rias - Portal Tela Portugal","og_description":"A m\u00e9dia de viagens di\u00e1rias no metrobus do Porto \u00e9 de cerca de seis mil. Desde 28 de fevereiro, data da fase experimental gratuita, estimou-se que tenha removido tr\u00eas mil viaturas por dia das ruas. A prioridade \u00e9 manter tempos de viagem competitivos com o transporte individual, incentivando o uso do transporte p\u00fablico. O investimento total \u00e9 de 76 milh\u00f5es de euros, sa\u00eddos do bolso dos contribuintes, com o in\u00edcio do servi\u00e7o comercial previsto para 1 de abril. O servi\u00e7o opera entre as 6h00 e as 22h00, com frequ\u00eancias de 10 minutos nas horas de ponta e 15 minutos noutras alturas; a extens\u00e3o at\u00e9 An\u00e9mona est\u00e1 em obras, e a linha Imp\u00e9rio-Boavista pode atrair 7,4 milh\u00f5es de passageiros em 2027.","og_url":"https:\/\/portaltela.pt\/noticias\/2026\/03\/26\/metrobus-do-porto-regista-media-de-6-mil-viagens-diarias\/","og_site_name":"Portal Tela Portugal","article_published_time":"2026-03-26T14:41:45+00:00","author":"Telinha","twitter_card":"summary_large_image","twitter_misc":{"Escrito por":"Telinha","Tempo estimado de leitura":"1 minuto"},"schema":{"@context":"https:\/\/schema.org","@graph":[{"@type":"Article","@id":"https:\/\/portaltela.pt\/noticias\/2026\/03\/26\/metrobus-do-porto-regista-media-de-6-mil-viagens-diarias\/#article","isPartOf":{"@id":"https:\/\/portaltela.pt\/noticias\/2026\/03\/26\/metrobus-do-porto-regista-media-de-6-mil-viagens-diarias\/"},"author":{"name":"Telinha","@id":"https:\/\/portaltela.pt\/#\/schema\/person\/c4278d4a6028830caff9ee44b42d32ed"},"headline":"Metrobus do Porto regista m\u00e9dia de 6 mil viagens di\u00e1rias","datePublished":"2026-03-26T14:41:45+00:00","mainEntityOfPage":{"@id":"https:\/\/portaltela.pt\/noticias\/2026\/03\/26\/metrobus-do-porto-regista-media-de-6-mil-viagens-diarias\/"},"wordCount":232,"image":{"@id":"https:\/\/portaltela.pt\/noticias\/2026\/03\/26\/metrobus-do-porto-regista-media-de-6-mil-viagens-diarias\/#primaryimage"},"thumbnailUrl":"https:\/\/portaltela.pt\/s.01k8rhncp4jt1\/2026\/03\/img_1500x1000uu2025-06-06-09-51-19-2214371.jpg","keywords":["energia limpa","hidrog\u00e9nio limpo","Mobilidade Sustent\u00e1vel","Porto","transporte","transporte p\u00fablico"],"articleSection":["Not\u00edcias","Sociedade"],"inLanguage":"pt-PT"},{"@type":"WebPage","@id":"https:\/\/portaltela.pt\/noticias\/2026\/03\/26\/metrobus-do-porto-regista-media-de-6-mil-viagens-diarias\/","url":"https:\/\/portaltela.pt\/noticias\/2026\/03\/26\/metrobus-do-porto-regista-media-de-6-mil-viagens-diarias\/","name":"Metrobus do Porto regista m\u00e9dia de 6 mil viagens di\u00e1rias - Portal Tela Portugal","isPartOf":{"@id":"https:\/\/portaltela.pt\/#website"},"primaryImageOfPage":{"@id":"https:\/\/portaltela.pt\/noticias\/2026\/03\/26\/metrobus-do-porto-regista-media-de-6-mil-viagens-diarias\/#primaryimage"},"image":{"@id":"https:\/\/portaltela.pt\/noticias\/2026\/03\/26\/metrobus-do-porto-regista-media-de-6-mil-viagens-diarias\/#primaryimage"},"thumbnailUrl":"https:\/\/portaltela.pt\/s.01k8rhncp4jt1\/2026\/03\/img_1500x1000uu2025-06-06-09-51-19-2214371.jpg","datePublished":"2026-03-26T14:41:45+00:00","author":{"@id":"https:\/\/portaltela.pt\/#\/schema\/person\/c4278d4a6028830caff9ee44b42d32ed"},"breadcrumb":{"@id":"https:\/\/portaltela.pt\/noticias\/2026\/03\/26\/metrobus-do-porto-regista-media-de-6-mil-viagens-diarias\/#breadcrumb"},"inLanguage":"pt-PT","potentialAction":[{"@type":"ReadAction","target":["https:\/\/portaltela.pt\/noticias\/2026\/03\/26\/metrobus-do-porto-regista-media-de-6-mil-viagens-diarias\/"]}]},{"@type":"ImageObject","inLanguage":"pt-PT","@id":"https:\/\/portaltela.pt\/noticias\/2026\/03\/26\/metrobus-do-porto-regista-media-de-6-mil-viagens-diarias\/#primaryimage","url":"https:\/\/portaltela.pt\/s.01k8rhncp4jt1\/2026\/03\/img_1500x1000uu2025-06-06-09-51-19-2214371.jpg","contentUrl":"https:\/\/portaltela.pt\/s.01k8rhncp4jt1\/2026\/03\/img_1500x1000uu2025-06-06-09-51-19-2214371.jpg","width":1500,"height":1000,"caption":"Metrobus do Porto regista m\u00e9dia de seis mil viagens por dia"},{"@type":"BreadcrumbList","@id":"https:\/\/portaltela.pt\/noticias\/2026\/03\/26\/metrobus-do-porto-regista-media-de-6-mil-viagens-diarias\/#breadcrumb","itemListElement":[{"@type":"ListItem","position":1,"name":"In\u00edcio","item":"https:\/\/portaltela.pt\/"},{"@type":"ListItem","position":2,"name":"Metrobus do Porto regista m\u00e9dia de 6 mil viagens di\u00e1rias"}]},{"@type":"WebSite","@id":"https:\/\/portaltela.pt\/#website","url":"https:\/\/portaltela.pt\/","name":"Portal Tela Portugal","description":"","potentialAction":[{"@type":"SearchAction","target":{"@type":"EntryPoint","urlTemplate":"https:\/\/portaltela.pt\/?s={search_term_string}"},"query-input":{"@type":"PropertyValueSpecification","valueRequired":true,"valueName":"search_term_string"}}],"inLanguage":"pt-PT"},{"@type":"Person","@id":"https:\/\/portaltela.pt\/#\/schema\/person\/c4278d4a6028830caff9ee44b42d32ed","name":"Telinha","image":{"@type":"ImageObject","inLanguage":"pt-PT","@id":"https:\/\/portaltela.pt\/s.01k8rhncp4jt1\/2025\/11\/talking-bot-125x125.png","url":"https:\/\/portaltela.pt\/s.01k8rhncp4jt1\/2025\/11\/talking-bot-125x125.png","contentUrl":"https:\/\/portaltela.pt\/s.01k8rhncp4jt1\/2025\/11\/talking-bot-125x125.png","caption":"Telinha"},"sameAs":["https:\/\/portaltela.pt\/"],"url":"https:\/\/portaltela.pt\/por\/367410592786\/"}]}},"_links":{"self":[{"href":"https:\/\/portaltela.pt\/api\/wp\/v2\/posts\/422361","targetHints":{"allow":["GET"]}}],"collection":[{"href":"https:\/\/portaltela.pt\/api\/wp\/v2\/posts"}],"about":[{"href":"https:\/\/portaltela.pt\/api\/wp\/v2\/types\/post"}],"author":[{"embeddable":true,"href":"https:\/\/portaltela.pt\/api\/wp\/v2\/users\/2"}],"replies":[{"embeddable":true,"href":"https:\/\/portaltela.pt\/api\/wp\/v2\/comments?post=422361"}],"version-history":[{"count":0,"href":"https:\/\/portaltela.pt\/api\/wp\/v2\/posts\/422361\/revisions"}],"wp:featuredmedia":[{"embeddable":true,"href":"https:\/\/portaltela.pt\/api\/wp\/v2\/media\/422368"}],"wp:attachment":[{"href":"https:\/\/portaltela.pt\/api\/wp\/v2\/media?parent=422361"}],"wp:term":[{"taxonomy":"category","embeddable":true,"href":"https:\/\/portaltela.pt\/api\/wp\/v2\/categories?post=422361"},{"taxonomy":"post_tag","embeddable":true,"href":"https:\/\/portaltela.pt\/api\/wp\/v2\/tags?post=422361"}],"curies":[{"name":"wp","href":"https:\/\/api.w.org\/{rel}","templated":true}]}}