{"id":422360,"date":"2026-03-26T11:46:52","date_gmt":"2026-03-26T14:46:52","guid":{"rendered":"https:\/\/portaltela.pt\/noticias\/2026\/03\/26\/guerra-afeta-hotelaria-reservas-de-americanos-na-pascoa-caem\/"},"modified":"2026-03-26T11:46:52","modified_gmt":"2026-03-26T14:46:52","slug":"guerra-afeta-hotelaria-reservas-de-americanos-na-pascoa-caem","status":"publish","type":"post","link":"https:\/\/portaltela.pt\/noticias\/economia\/2026\/03\/26\/guerra-afeta-hotelaria-reservas-de-americanos-na-pascoa-caem\/","title":{"rendered":"Guerra afeta hotelaria: reservas de americanos na P\u00e1scoa caem"},"content":{"rendered":"<p>O impacto da instabilidade geopol\u00edtica responde por uma tend\u00eancia menos favor\u00e1vel para a hotelaria portuguesa na P\u00e1scoa. Reservas de turistas dos Estados Unidos para Portugal diminuem a menos de uma semana da P\u00e1scoa, refletindo o contexto regional. O setor mant\u00e9m a expectativa de recupera\u00e7\u00e3o a m\u00e9dio prazo, conforme o conflito se desenrola.<\/p>\n<p>A redu\u00e7\u00e3o de procura fica patente nas taxas de ocupa\u00e7\u00e3o e nos pre\u00e7os praticados. Fontes do setor indicam que a guerra na Ucr\u00e2nia influenciou o comportamento dos viajantes norte-americanos que planeavam f\u00e9rias em Portugal. Paralelamente, alguns viajantes optam por destinos vistos como mais seguros, moldando o fluxo tur\u00edstico.<\/p>\n<h3>Madeira em expans\u00e3o de ocupa\u00e7\u00e3o<\/h3>\n<p>A Madeira destaca-se pela alta ocupa\u00e7\u00e3o neste per\u00edodo, beneficiando-se da procura de destinos que transmitam maior seguran\u00e7a. A procura mant\u00e9m-se robusta face a outros destinos nacionais, com h\u00f3spedes de v\u00e1rias regi\u00f5es a confirmar a perman\u00eancia na ilha e a atividade hoteleira.<\/p>\n<h3>Algarve e A\u00e7ores enfrentam dificuldades<\/h3>\n<p>Por outro lado, o Algarve e os A\u00e7ores registam quedas de ocupa\u00e7\u00e3o e press\u00e3o sobre os pre\u00e7os. O recuo de visitantes norte-americanos n\u00e3o \u00e9 reparado por um empurr\u00e3o suficiente de mercados europeus para compensar o menor fluxo da Am\u00e9rica do Norte.<\/p>\n<p>A expectativa \u00e9 de que a hotelaria dependa do desfecho do conflito para indicar uma trajet\u00f3ria de recupera\u00e7\u00e3o. Analistas apontam para uma recupera\u00e7\u00e3o gradual, com o ajustamento de tarifas e promo\u00e7\u00f5es a manterem-se como estrat\u00e9gias para atrair diferentes mercados.<\/p>\n<h3>Medidas de adapta\u00e7\u00e3o e perspetivas<\/h3>\n<p>As empresas do setor continuam a ajustar ofertas e a dinamizar pre\u00e7os para manter a atratividade. A aposta passa por atrair turistas de v\u00e1rias regi\u00f5es, mantendo a oferta competitiva e a qualidade do servi\u00e7o. O objetivo \u00e9 retomar n\u00edveis de ocupa\u00e7\u00e3o anteriores assim que haja maior estabilidade regional.<\/p>\n","protected":false},"excerpt":{"rendered":"<ul>\n<li>As reservas de turistas norte-americanos para Portugal diminuem a uma semana da P\u00e1scoa, refletindo a instabilidade geopol\u00edtica na regi\u00e3o.<\/li>\n<li>A hotelaria portuguesa tem vindo a sentir o impacto da guerra na Ucr\u00e2nia, com redu\u00e7\u00e3o de turistas provenientes dos EUA.<\/li>\n<li>A Madeira regista alta ocupa\u00e7\u00e3o, beneficiando do movimento de viagens em busca de destinos mais seguros.<\/li>\n<li>O Algarve e os A\u00e7ores enfrentam dificuldades, com ocupa\u00e7\u00f5es mais baixas e press\u00e3o sobre pre\u00e7os.<\/li>\n<li>Especialistas esperam recupera\u00e7\u00e3o gradual da hotelaria conforme se resolvesse o conflito e haja maior estabilidade regional, com promessas de ajustes promocionais para atrair turistas de v\u00e1rias regi\u00f5es.<\/li>\n<\/ul>\n","protected":false},"author":2,"featured_media":422367,"comment_status":"closed","ping_status":"closed","sticky":false,"template":"","format":"standard","meta":{"footnotes":""},"categories":[2,6735],"tags":[822,928,6592,859,169,5621],"class_list":["post-422360","post","type-post","status-publish","format-standard","has-post-thumbnail","hentry","category-economia","category-negocios","tag-acores","tag-algarve","tag-destinos-internacionais","tag-madeira","tag-turismo","tag-turismo-internacional"],"yoast_head":"<!-- This site is optimized with the Yoast SEO plugin v27.2 - https:\/\/yoast.com\/product\/yoast-seo-wordpress\/ -->\n<title>Guerra afeta hotelaria: reservas de americanos na P\u00e1scoa caem - Portal Tela Portugal<\/title>\n<meta name=\"robots\" content=\"index, follow, max-snippet:-1, max-image-preview:large, max-video-preview:-1\" \/>\n<meta property=\"og:locale\" content=\"pt_PT\" \/>\n<meta property=\"og:type\" content=\"article\" \/>\n<meta property=\"og:title\" content=\"Guerra afeta hotelaria: reservas de americanos na P\u00e1scoa caem - Portal Tela Portugal\" \/>\n<meta property=\"og:description\" content=\"As reservas de turistas norte-americanos para Portugal diminuem a uma semana da P\u00e1scoa, refletindo a instabilidade geopol\u00edtica na regi\u00e3o. A hotelaria portuguesa tem vindo a sentir o impacto da guerra na Ucr\u00e2nia, com redu\u00e7\u00e3o de turistas provenientes dos EUA. A Madeira regista alta ocupa\u00e7\u00e3o, beneficiando do movimento de viagens em busca de destinos mais seguros. O Algarve e os A\u00e7ores enfrentam dificuldades, com ocupa\u00e7\u00f5es mais baixas e press\u00e3o sobre pre\u00e7os. Especialistas esperam recupera\u00e7\u00e3o gradual da hotelaria conforme se resolvesse o conflito e haja maior estabilidade regional, com promessas de ajustes promocionais para atrair turistas de v\u00e1rias regi\u00f5es.\" \/>\n<meta property=\"og:url\" content=\"https:\/\/portaltela.pt\/noticias\/2026\/03\/26\/guerra-afeta-hotelaria-reservas-de-americanos-na-pascoa-caem\/\" \/>\n<meta property=\"og:site_name\" content=\"Portal Tela Portugal\" \/>\n<meta property=\"article:published_time\" content=\"2026-03-26T14:46:52+00:00\" \/>\n<meta name=\"author\" content=\"Telinha\" \/>\n<meta name=\"twitter:card\" content=\"summary_large_image\" \/>\n<meta name=\"twitter:label1\" content=\"Escrito por\" \/>\n\t<meta name=\"twitter:data1\" content=\"Telinha\" \/>\n\t<meta name=\"twitter:label2\" content=\"Tempo estimado de leitura\" \/>\n\t<meta name=\"twitter:data2\" content=\"2 minutos\" \/>\n<script type=\"application\/ld+json\" class=\"yoast-schema-graph\">{\"@context\":\"https:\/\/schema.org\",\"@graph\":[{\"@type\":\"Article\",\"@id\":\"https:\/\/portaltela.pt\/noticias\/2026\/03\/26\/guerra-afeta-hotelaria-reservas-de-americanos-na-pascoa-caem\/#article\",\"isPartOf\":{\"@id\":\"https:\/\/portaltela.pt\/noticias\/2026\/03\/26\/guerra-afeta-hotelaria-reservas-de-americanos-na-pascoa-caem\/\"},\"author\":{\"name\":\"Telinha\",\"@id\":\"https:\/\/portaltela.pt\/#\/schema\/person\/c4278d4a6028830caff9ee44b42d32ed\"},\"headline\":\"Guerra afeta hotelaria: reservas de americanos na P\u00e1scoa caem\",\"datePublished\":\"2026-03-26T14:46:52+00:00\",\"mainEntityOfPage\":{\"@id\":\"https:\/\/portaltela.pt\/noticias\/2026\/03\/26\/guerra-afeta-hotelaria-reservas-de-americanos-na-pascoa-caem\/\"},\"wordCount\":335,\"image\":{\"@id\":\"https:\/\/portaltela.pt\/noticias\/2026\/03\/26\/guerra-afeta-hotelaria-reservas-de-americanos-na-pascoa-caem\/#primaryimage\"},\"thumbnailUrl\":\"https:\/\/portaltela.pt\/s.01k8rhncp4jt1\/2026\/03\/dn2Fimport2Fdncxpgxxypnfpero2Favz5nlpildfv.jpg\",\"keywords\":[\"A\u00e7ores\",\"Algarve\",\"destinos internacionais\",\"Madeira\",\"turismo\",\"turismo internacional\"],\"articleSection\":[\"Economia\",\"Neg\u00f3cios\"],\"inLanguage\":\"pt-PT\"},{\"@type\":\"WebPage\",\"@id\":\"https:\/\/portaltela.pt\/noticias\/2026\/03\/26\/guerra-afeta-hotelaria-reservas-de-americanos-na-pascoa-caem\/\",\"url\":\"https:\/\/portaltela.pt\/noticias\/2026\/03\/26\/guerra-afeta-hotelaria-reservas-de-americanos-na-pascoa-caem\/\",\"name\":\"Guerra afeta hotelaria: reservas de americanos na P\u00e1scoa caem - Portal Tela Portugal\",\"isPartOf\":{\"@id\":\"https:\/\/portaltela.pt\/#website\"},\"primaryImageOfPage\":{\"@id\":\"https:\/\/portaltela.pt\/noticias\/2026\/03\/26\/guerra-afeta-hotelaria-reservas-de-americanos-na-pascoa-caem\/#primaryimage\"},\"image\":{\"@id\":\"https:\/\/portaltela.pt\/noticias\/2026\/03\/26\/guerra-afeta-hotelaria-reservas-de-americanos-na-pascoa-caem\/#primaryimage\"},\"thumbnailUrl\":\"https:\/\/portaltela.pt\/s.01k8rhncp4jt1\/2026\/03\/dn2Fimport2Fdncxpgxxypnfpero2Favz5nlpildfv.jpg\",\"datePublished\":\"2026-03-26T14:46:52+00:00\",\"author\":{\"@id\":\"https:\/\/portaltela.pt\/#\/schema\/person\/c4278d4a6028830caff9ee44b42d32ed\"},\"breadcrumb\":{\"@id\":\"https:\/\/portaltela.pt\/noticias\/2026\/03\/26\/guerra-afeta-hotelaria-reservas-de-americanos-na-pascoa-caem\/#breadcrumb\"},\"inLanguage\":\"pt-PT\",\"potentialAction\":[{\"@type\":\"ReadAction\",\"target\":[\"https:\/\/portaltela.pt\/noticias\/2026\/03\/26\/guerra-afeta-hotelaria-reservas-de-americanos-na-pascoa-caem\/\"]}]},{\"@type\":\"ImageObject\",\"inLanguage\":\"pt-PT\",\"@id\":\"https:\/\/portaltela.pt\/noticias\/2026\/03\/26\/guerra-afeta-hotelaria-reservas-de-americanos-na-pascoa-caem\/#primaryimage\",\"url\":\"https:\/\/portaltela.pt\/s.01k8rhncp4jt1\/2026\/03\/dn2Fimport2Fdncxpgxxypnfpero2Favz5nlpildfv.jpg\",\"contentUrl\":\"https:\/\/portaltela.pt\/s.01k8rhncp4jt1\/2026\/03\/dn2Fimport2Fdncxpgxxypnfpero2Favz5nlpildfv.jpg\",\"width\":1200,\"height\":629,\"caption\":\"Reinaldo Rodrigues\"},{\"@type\":\"BreadcrumbList\",\"@id\":\"https:\/\/portaltela.pt\/noticias\/2026\/03\/26\/guerra-afeta-hotelaria-reservas-de-americanos-na-pascoa-caem\/#breadcrumb\",\"itemListElement\":[{\"@type\":\"ListItem\",\"position\":1,\"name\":\"In\u00edcio\",\"item\":\"https:\/\/portaltela.pt\/\"},{\"@type\":\"ListItem\",\"position\":2,\"name\":\"Guerra afeta hotelaria: reservas de americanos na P\u00e1scoa caem\"}]},{\"@type\":\"WebSite\",\"@id\":\"https:\/\/portaltela.pt\/#website\",\"url\":\"https:\/\/portaltela.pt\/\",\"name\":\"Portal Tela Portugal\",\"description\":\"\",\"potentialAction\":[{\"@type\":\"SearchAction\",\"target\":{\"@type\":\"EntryPoint\",\"urlTemplate\":\"https:\/\/portaltela.pt\/?s={search_term_string}\"},\"query-input\":{\"@type\":\"PropertyValueSpecification\",\"valueRequired\":true,\"valueName\":\"search_term_string\"}}],\"inLanguage\":\"pt-PT\"},{\"@type\":\"Person\",\"@id\":\"https:\/\/portaltela.pt\/#\/schema\/person\/c4278d4a6028830caff9ee44b42d32ed\",\"name\":\"Telinha\",\"image\":{\"@type\":\"ImageObject\",\"inLanguage\":\"pt-PT\",\"@id\":\"https:\/\/portaltela.pt\/s.01k8rhncp4jt1\/2025\/11\/talking-bot-125x125.png\",\"url\":\"https:\/\/portaltela.pt\/s.01k8rhncp4jt1\/2025\/11\/talking-bot-125x125.png\",\"contentUrl\":\"https:\/\/portaltela.pt\/s.01k8rhncp4jt1\/2025\/11\/talking-bot-125x125.png\",\"caption\":\"Telinha\"},\"sameAs\":[\"https:\/\/portaltela.pt\/\"],\"url\":\"https:\/\/portaltela.pt\/por\/367410592786\/\"}]}<\/script>\n<!-- \/ Yoast SEO plugin. -->","yoast_head_json":{"title":"Guerra afeta hotelaria: reservas de americanos na P\u00e1scoa caem - Portal Tela Portugal","robots":{"index":"index","follow":"follow","max-snippet":"max-snippet:-1","max-image-preview":"max-image-preview:large","max-video-preview":"max-video-preview:-1"},"og_locale":"pt_PT","og_type":"article","og_title":"Guerra afeta hotelaria: reservas de americanos na P\u00e1scoa caem - Portal Tela Portugal","og_description":"As reservas de turistas norte-americanos para Portugal diminuem a uma semana da P\u00e1scoa, refletindo a instabilidade geopol\u00edtica na regi\u00e3o. A hotelaria portuguesa tem vindo a sentir o impacto da guerra na Ucr\u00e2nia, com redu\u00e7\u00e3o de turistas provenientes dos EUA. A Madeira regista alta ocupa\u00e7\u00e3o, beneficiando do movimento de viagens em busca de destinos mais seguros. O Algarve e os A\u00e7ores enfrentam dificuldades, com ocupa\u00e7\u00f5es mais baixas e press\u00e3o sobre pre\u00e7os. Especialistas esperam recupera\u00e7\u00e3o gradual da hotelaria conforme se resolvesse o conflito e haja maior estabilidade regional, com promessas de ajustes promocionais para atrair turistas de v\u00e1rias regi\u00f5es.","og_url":"https:\/\/portaltela.pt\/noticias\/2026\/03\/26\/guerra-afeta-hotelaria-reservas-de-americanos-na-pascoa-caem\/","og_site_name":"Portal Tela Portugal","article_published_time":"2026-03-26T14:46:52+00:00","author":"Telinha","twitter_card":"summary_large_image","twitter_misc":{"Escrito por":"Telinha","Tempo estimado de leitura":"2 minutos"},"schema":{"@context":"https:\/\/schema.org","@graph":[{"@type":"Article","@id":"https:\/\/portaltela.pt\/noticias\/2026\/03\/26\/guerra-afeta-hotelaria-reservas-de-americanos-na-pascoa-caem\/#article","isPartOf":{"@id":"https:\/\/portaltela.pt\/noticias\/2026\/03\/26\/guerra-afeta-hotelaria-reservas-de-americanos-na-pascoa-caem\/"},"author":{"name":"Telinha","@id":"https:\/\/portaltela.pt\/#\/schema\/person\/c4278d4a6028830caff9ee44b42d32ed"},"headline":"Guerra afeta hotelaria: reservas de americanos na P\u00e1scoa caem","datePublished":"2026-03-26T14:46:52+00:00","mainEntityOfPage":{"@id":"https:\/\/portaltela.pt\/noticias\/2026\/03\/26\/guerra-afeta-hotelaria-reservas-de-americanos-na-pascoa-caem\/"},"wordCount":335,"image":{"@id":"https:\/\/portaltela.pt\/noticias\/2026\/03\/26\/guerra-afeta-hotelaria-reservas-de-americanos-na-pascoa-caem\/#primaryimage"},"thumbnailUrl":"https:\/\/portaltela.pt\/s.01k8rhncp4jt1\/2026\/03\/dn2Fimport2Fdncxpgxxypnfpero2Favz5nlpildfv.jpg","keywords":["A\u00e7ores","Algarve","destinos internacionais","Madeira","turismo","turismo internacional"],"articleSection":["Economia","Neg\u00f3cios"],"inLanguage":"pt-PT"},{"@type":"WebPage","@id":"https:\/\/portaltela.pt\/noticias\/2026\/03\/26\/guerra-afeta-hotelaria-reservas-de-americanos-na-pascoa-caem\/","url":"https:\/\/portaltela.pt\/noticias\/2026\/03\/26\/guerra-afeta-hotelaria-reservas-de-americanos-na-pascoa-caem\/","name":"Guerra afeta hotelaria: reservas de americanos na P\u00e1scoa caem - Portal Tela Portugal","isPartOf":{"@id":"https:\/\/portaltela.pt\/#website"},"primaryImageOfPage":{"@id":"https:\/\/portaltela.pt\/noticias\/2026\/03\/26\/guerra-afeta-hotelaria-reservas-de-americanos-na-pascoa-caem\/#primaryimage"},"image":{"@id":"https:\/\/portaltela.pt\/noticias\/2026\/03\/26\/guerra-afeta-hotelaria-reservas-de-americanos-na-pascoa-caem\/#primaryimage"},"thumbnailUrl":"https:\/\/portaltela.pt\/s.01k8rhncp4jt1\/2026\/03\/dn2Fimport2Fdncxpgxxypnfpero2Favz5nlpildfv.jpg","datePublished":"2026-03-26T14:46:52+00:00","author":{"@id":"https:\/\/portaltela.pt\/#\/schema\/person\/c4278d4a6028830caff9ee44b42d32ed"},"breadcrumb":{"@id":"https:\/\/portaltela.pt\/noticias\/2026\/03\/26\/guerra-afeta-hotelaria-reservas-de-americanos-na-pascoa-caem\/#breadcrumb"},"inLanguage":"pt-PT","potentialAction":[{"@type":"ReadAction","target":["https:\/\/portaltela.pt\/noticias\/2026\/03\/26\/guerra-afeta-hotelaria-reservas-de-americanos-na-pascoa-caem\/"]}]},{"@type":"ImageObject","inLanguage":"pt-PT","@id":"https:\/\/portaltela.pt\/noticias\/2026\/03\/26\/guerra-afeta-hotelaria-reservas-de-americanos-na-pascoa-caem\/#primaryimage","url":"https:\/\/portaltela.pt\/s.01k8rhncp4jt1\/2026\/03\/dn2Fimport2Fdncxpgxxypnfpero2Favz5nlpildfv.jpg","contentUrl":"https:\/\/portaltela.pt\/s.01k8rhncp4jt1\/2026\/03\/dn2Fimport2Fdncxpgxxypnfpero2Favz5nlpildfv.jpg","width":1200,"height":629,"caption":"Reinaldo Rodrigues"},{"@type":"BreadcrumbList","@id":"https:\/\/portaltela.pt\/noticias\/2026\/03\/26\/guerra-afeta-hotelaria-reservas-de-americanos-na-pascoa-caem\/#breadcrumb","itemListElement":[{"@type":"ListItem","position":1,"name":"In\u00edcio","item":"https:\/\/portaltela.pt\/"},{"@type":"ListItem","position":2,"name":"Guerra afeta hotelaria: reservas de americanos na P\u00e1scoa caem"}]},{"@type":"WebSite","@id":"https:\/\/portaltela.pt\/#website","url":"https:\/\/portaltela.pt\/","name":"Portal Tela Portugal","description":"","potentialAction":[{"@type":"SearchAction","target":{"@type":"EntryPoint","urlTemplate":"https:\/\/portaltela.pt\/?s={search_term_string}"},"query-input":{"@type":"PropertyValueSpecification","valueRequired":true,"valueName":"search_term_string"}}],"inLanguage":"pt-PT"},{"@type":"Person","@id":"https:\/\/portaltela.pt\/#\/schema\/person\/c4278d4a6028830caff9ee44b42d32ed","name":"Telinha","image":{"@type":"ImageObject","inLanguage":"pt-PT","@id":"https:\/\/portaltela.pt\/s.01k8rhncp4jt1\/2025\/11\/talking-bot-125x125.png","url":"https:\/\/portaltela.pt\/s.01k8rhncp4jt1\/2025\/11\/talking-bot-125x125.png","contentUrl":"https:\/\/portaltela.pt\/s.01k8rhncp4jt1\/2025\/11\/talking-bot-125x125.png","caption":"Telinha"},"sameAs":["https:\/\/portaltela.pt\/"],"url":"https:\/\/portaltela.pt\/por\/367410592786\/"}]}},"_links":{"self":[{"href":"https:\/\/portaltela.pt\/api\/wp\/v2\/posts\/422360","targetHints":{"allow":["GET"]}}],"collection":[{"href":"https:\/\/portaltela.pt\/api\/wp\/v2\/posts"}],"about":[{"href":"https:\/\/portaltela.pt\/api\/wp\/v2\/types\/post"}],"author":[{"embeddable":true,"href":"https:\/\/portaltela.pt\/api\/wp\/v2\/users\/2"}],"replies":[{"embeddable":true,"href":"https:\/\/portaltela.pt\/api\/wp\/v2\/comments?post=422360"}],"version-history":[{"count":0,"href":"https:\/\/portaltela.pt\/api\/wp\/v2\/posts\/422360\/revisions"}],"wp:featuredmedia":[{"embeddable":true,"href":"https:\/\/portaltela.pt\/api\/wp\/v2\/media\/422367"}],"wp:attachment":[{"href":"https:\/\/portaltela.pt\/api\/wp\/v2\/media?parent=422360"}],"wp:term":[{"taxonomy":"category","embeddable":true,"href":"https:\/\/portaltela.pt\/api\/wp\/v2\/categories?post=422360"},{"taxonomy":"post_tag","embeddable":true,"href":"https:\/\/portaltela.pt\/api\/wp\/v2\/tags?post=422360"}],"curies":[{"name":"wp","href":"https:\/\/api.w.org\/{rel}","templated":true}]}}