{"id":422359,"date":"2026-03-26T11:38:16","date_gmt":"2026-03-26T14:38:16","guid":{"rendered":"https:\/\/portaltela.pt\/noticias\/2026\/03\/26\/imagens-do-casamento-de-joao-mario-no-lago-de-como\/"},"modified":"2026-03-26T11:38:16","modified_gmt":"2026-03-26T14:38:16","slug":"imagens-do-casamento-de-joao-mario-no-lago-de-como","status":"publish","type":"post","link":"https:\/\/portaltela.pt\/desporto\/futebol\/2026\/03\/26\/imagens-do-casamento-de-joao-mario-no-lago-de-como\/","title":{"rendered":"Imagens do casamento de Jo\u00e3o M\u00e1rio no Lago de Como"},"content":{"rendered":"<p>O ex-jogador Jo\u00e3o M\u00e1rio contraiu casamento com Adriana Costa em It\u00e1lia, numa cerim\u00f3nia realizada junto ao Lago de Como. O evento reuniu familiares e amigos pr\u00f3ximos, mantendo a confidencialidade sobre detalhes espec\u00edficos do enlace.<\/p>\n<p>Segundo informa\u00e7\u00f5es dispon\u00edveis, a boda decorreu em territ\u00f3rio italiano, com o Lago de Como a servir de cen\u00e1rio ao novo cap\u00edtulo da vida do atleta. A ocasi\u00e3o foi apresentada como uma celebra\u00e7\u00e3o privada, sem divulga\u00e7\u00e3o de elementos adicionais \u00e0 imprensa.<\/p>\n<p>O casal confirmou o matrim\u00f3nio atrav\u00e9s de relatos que circulam entre f\u00e3s e meios desportivos, sem que tenham sido divulgadas declara\u00e7\u00f5es oficiais extensas. A cerim\u00f3nia insere-se, assim, num conjunto de acontecimentos recentes na vida pessoal do antigo m\u00e9dio do FC Porto.<\/p>\n","protected":false},"excerpt":{"rendered":"<ul>\n<li>O ex-jogador do FC Porto Jo\u00e3o M\u00e1rio casou-se com Adriana Costa em It\u00e1lia.<\/li>\n<li>O enlace decorreu junto ao Lago de Como, cen\u00e1rio de sonho para o casamento.<\/li>\n<li>As imagens do casamento destacam o momento em que os dois deram o n\u00f3.<\/li>\n<li>A cerim\u00f3nia foi realizada em territ\u00f3rio italiano, conforme as imagens partilhadas.<\/li>\n<li>A not\u00edcia centra-se no casamento do atleta, sem incluir detalhes adicionais n\u00e3o confirmados.<\/li>\n<\/ul>\n","protected":false},"author":2,"featured_media":422366,"comment_status":"closed","ping_status":"closed","sticky":false,"template":"","format":"standard","meta":{"footnotes":""},"categories":[21,24],"tags":[87,2717,152,2028,32,1857],"class_list":["post-422359","post","type-post","status-publish","format-standard","has-post-thumbnail","hentry","category-desporto","category-futebol","tag-casamento","tag-casamentos","tag-desporto","tag-fc-porto","tag-futebol","tag-italia"],"yoast_head":"<!-- This site is optimized with the Yoast SEO plugin v27.2 - https:\/\/yoast.com\/product\/yoast-seo-wordpress\/ -->\n<title>Imagens do casamento de Jo\u00e3o M\u00e1rio no Lago de Como - Portal Tela Portugal<\/title>\n<meta name=\"robots\" content=\"index, follow, max-snippet:-1, max-image-preview:large, max-video-preview:-1\" \/>\n<meta property=\"og:locale\" content=\"pt_PT\" \/>\n<meta property=\"og:type\" content=\"article\" \/>\n<meta property=\"og:title\" content=\"Imagens do casamento de Jo\u00e3o M\u00e1rio no Lago de Como - Portal Tela Portugal\" \/>\n<meta property=\"og:description\" content=\"O ex-jogador do FC Porto Jo\u00e3o M\u00e1rio casou-se com Adriana Costa em It\u00e1lia. O enlace decorreu junto ao Lago de Como, cen\u00e1rio de sonho para o casamento. As imagens do casamento destacam o momento em que os dois deram o n\u00f3. A cerim\u00f3nia foi realizada em territ\u00f3rio italiano, conforme as imagens partilhadas. A not\u00edcia centra-se no casamento do atleta, sem incluir detalhes adicionais n\u00e3o confirmados.\" \/>\n<meta property=\"og:url\" content=\"https:\/\/portaltela.pt\/noticias\/2026\/03\/26\/imagens-do-casamento-de-joao-mario-no-lago-de-como\/\" \/>\n<meta property=\"og:site_name\" content=\"Portal Tela Portugal\" \/>\n<meta property=\"article:published_time\" content=\"2026-03-26T14:38:16+00:00\" \/>\n<meta name=\"author\" content=\"Telinha\" \/>\n<meta name=\"twitter:card\" content=\"summary_large_image\" \/>\n<meta name=\"twitter:label1\" content=\"Escrito por\" \/>\n\t<meta name=\"twitter:data1\" content=\"Telinha\" \/>\n\t<meta name=\"twitter:label2\" content=\"Tempo estimado de leitura\" \/>\n\t<meta name=\"twitter:data2\" content=\"1 minuto\" \/>\n<script type=\"application\/ld+json\" class=\"yoast-schema-graph\">{\"@context\":\"https:\/\/schema.org\",\"@graph\":[{\"@type\":\"Article\",\"@id\":\"https:\/\/portaltela.pt\/noticias\/2026\/03\/26\/imagens-do-casamento-de-joao-mario-no-lago-de-como\/#article\",\"isPartOf\":{\"@id\":\"https:\/\/portaltela.pt\/noticias\/2026\/03\/26\/imagens-do-casamento-de-joao-mario-no-lago-de-como\/\"},\"author\":{\"name\":\"Telinha\",\"@id\":\"https:\/\/portaltela.pt\/#\/schema\/person\/c4278d4a6028830caff9ee44b42d32ed\"},\"headline\":\"Imagens do casamento de Jo\u00e3o M\u00e1rio no Lago de Como\",\"datePublished\":\"2026-03-26T14:38:16+00:00\",\"mainEntityOfPage\":{\"@id\":\"https:\/\/portaltela.pt\/noticias\/2026\/03\/26\/imagens-do-casamento-de-joao-mario-no-lago-de-como\/\"},\"wordCount\":146,\"image\":{\"@id\":\"https:\/\/portaltela.pt\/noticias\/2026\/03\/26\/imagens-do-casamento-de-joao-mario-no-lago-de-como\/#primaryimage\"},\"thumbnailUrl\":\"https:\/\/portaltela.pt\/s.01k8rhncp4jt1\/2026\/03\/img_1200x721uu2026-03-26-13-20-09-2429457.png\",\"keywords\":[\"casamento\",\"casamentos\",\"desporto\",\"FC Porto\",\"futebol\",\"It\u00e1lia\"],\"articleSection\":[\"Desporto\",\"Futebol\"],\"inLanguage\":\"pt-PT\"},{\"@type\":\"WebPage\",\"@id\":\"https:\/\/portaltela.pt\/noticias\/2026\/03\/26\/imagens-do-casamento-de-joao-mario-no-lago-de-como\/\",\"url\":\"https:\/\/portaltela.pt\/noticias\/2026\/03\/26\/imagens-do-casamento-de-joao-mario-no-lago-de-como\/\",\"name\":\"Imagens do casamento de Jo\u00e3o M\u00e1rio no Lago de Como - Portal Tela Portugal\",\"isPartOf\":{\"@id\":\"https:\/\/portaltela.pt\/#website\"},\"primaryImageOfPage\":{\"@id\":\"https:\/\/portaltela.pt\/noticias\/2026\/03\/26\/imagens-do-casamento-de-joao-mario-no-lago-de-como\/#primaryimage\"},\"image\":{\"@id\":\"https:\/\/portaltela.pt\/noticias\/2026\/03\/26\/imagens-do-casamento-de-joao-mario-no-lago-de-como\/#primaryimage\"},\"thumbnailUrl\":\"https:\/\/portaltela.pt\/s.01k8rhncp4jt1\/2026\/03\/img_1200x721uu2026-03-26-13-20-09-2429457.png\",\"datePublished\":\"2026-03-26T14:38:16+00:00\",\"author\":{\"@id\":\"https:\/\/portaltela.pt\/#\/schema\/person\/c4278d4a6028830caff9ee44b42d32ed\"},\"breadcrumb\":{\"@id\":\"https:\/\/portaltela.pt\/noticias\/2026\/03\/26\/imagens-do-casamento-de-joao-mario-no-lago-de-como\/#breadcrumb\"},\"inLanguage\":\"pt-PT\",\"potentialAction\":[{\"@type\":\"ReadAction\",\"target\":[\"https:\/\/portaltela.pt\/noticias\/2026\/03\/26\/imagens-do-casamento-de-joao-mario-no-lago-de-como\/\"]}]},{\"@type\":\"ImageObject\",\"inLanguage\":\"pt-PT\",\"@id\":\"https:\/\/portaltela.pt\/noticias\/2026\/03\/26\/imagens-do-casamento-de-joao-mario-no-lago-de-como\/#primaryimage\",\"url\":\"https:\/\/portaltela.pt\/s.01k8rhncp4jt1\/2026\/03\/img_1200x721uu2026-03-26-13-20-09-2429457.png\",\"contentUrl\":\"https:\/\/portaltela.pt\/s.01k8rhncp4jt1\/2026\/03\/img_1200x721uu2026-03-26-13-20-09-2429457.png\",\"width\":1200,\"height\":721,\"caption\":\"As imagens do casamento de Jo\u00e3o M\u00e1rio no m\u00e1gico Lago de Como\"},{\"@type\":\"BreadcrumbList\",\"@id\":\"https:\/\/portaltela.pt\/noticias\/2026\/03\/26\/imagens-do-casamento-de-joao-mario-no-lago-de-como\/#breadcrumb\",\"itemListElement\":[{\"@type\":\"ListItem\",\"position\":1,\"name\":\"In\u00edcio\",\"item\":\"https:\/\/portaltela.pt\/\"},{\"@type\":\"ListItem\",\"position\":2,\"name\":\"Imagens do casamento de Jo\u00e3o M\u00e1rio no Lago de Como\"}]},{\"@type\":\"WebSite\",\"@id\":\"https:\/\/portaltela.pt\/#website\",\"url\":\"https:\/\/portaltela.pt\/\",\"name\":\"Portal Tela Portugal\",\"description\":\"\",\"potentialAction\":[{\"@type\":\"SearchAction\",\"target\":{\"@type\":\"EntryPoint\",\"urlTemplate\":\"https:\/\/portaltela.pt\/?s={search_term_string}\"},\"query-input\":{\"@type\":\"PropertyValueSpecification\",\"valueRequired\":true,\"valueName\":\"search_term_string\"}}],\"inLanguage\":\"pt-PT\"},{\"@type\":\"Person\",\"@id\":\"https:\/\/portaltela.pt\/#\/schema\/person\/c4278d4a6028830caff9ee44b42d32ed\",\"name\":\"Telinha\",\"image\":{\"@type\":\"ImageObject\",\"inLanguage\":\"pt-PT\",\"@id\":\"https:\/\/portaltela.pt\/s.01k8rhncp4jt1\/2025\/11\/talking-bot-125x125.png\",\"url\":\"https:\/\/portaltela.pt\/s.01k8rhncp4jt1\/2025\/11\/talking-bot-125x125.png\",\"contentUrl\":\"https:\/\/portaltela.pt\/s.01k8rhncp4jt1\/2025\/11\/talking-bot-125x125.png\",\"caption\":\"Telinha\"},\"sameAs\":[\"https:\/\/portaltela.pt\/\"],\"url\":\"https:\/\/portaltela.pt\/por\/367410592786\/\"}]}<\/script>\n<!-- \/ Yoast SEO plugin. -->","yoast_head_json":{"title":"Imagens do casamento de Jo\u00e3o M\u00e1rio no Lago de Como - Portal Tela Portugal","robots":{"index":"index","follow":"follow","max-snippet":"max-snippet:-1","max-image-preview":"max-image-preview:large","max-video-preview":"max-video-preview:-1"},"og_locale":"pt_PT","og_type":"article","og_title":"Imagens do casamento de Jo\u00e3o M\u00e1rio no Lago de Como - Portal Tela Portugal","og_description":"O ex-jogador do FC Porto Jo\u00e3o M\u00e1rio casou-se com Adriana Costa em It\u00e1lia. O enlace decorreu junto ao Lago de Como, cen\u00e1rio de sonho para o casamento. As imagens do casamento destacam o momento em que os dois deram o n\u00f3. A cerim\u00f3nia foi realizada em territ\u00f3rio italiano, conforme as imagens partilhadas. A not\u00edcia centra-se no casamento do atleta, sem incluir detalhes adicionais n\u00e3o confirmados.","og_url":"https:\/\/portaltela.pt\/noticias\/2026\/03\/26\/imagens-do-casamento-de-joao-mario-no-lago-de-como\/","og_site_name":"Portal Tela Portugal","article_published_time":"2026-03-26T14:38:16+00:00","author":"Telinha","twitter_card":"summary_large_image","twitter_misc":{"Escrito por":"Telinha","Tempo estimado de leitura":"1 minuto"},"schema":{"@context":"https:\/\/schema.org","@graph":[{"@type":"Article","@id":"https:\/\/portaltela.pt\/noticias\/2026\/03\/26\/imagens-do-casamento-de-joao-mario-no-lago-de-como\/#article","isPartOf":{"@id":"https:\/\/portaltela.pt\/noticias\/2026\/03\/26\/imagens-do-casamento-de-joao-mario-no-lago-de-como\/"},"author":{"name":"Telinha","@id":"https:\/\/portaltela.pt\/#\/schema\/person\/c4278d4a6028830caff9ee44b42d32ed"},"headline":"Imagens do casamento de Jo\u00e3o M\u00e1rio no Lago de Como","datePublished":"2026-03-26T14:38:16+00:00","mainEntityOfPage":{"@id":"https:\/\/portaltela.pt\/noticias\/2026\/03\/26\/imagens-do-casamento-de-joao-mario-no-lago-de-como\/"},"wordCount":146,"image":{"@id":"https:\/\/portaltela.pt\/noticias\/2026\/03\/26\/imagens-do-casamento-de-joao-mario-no-lago-de-como\/#primaryimage"},"thumbnailUrl":"https:\/\/portaltela.pt\/s.01k8rhncp4jt1\/2026\/03\/img_1200x721uu2026-03-26-13-20-09-2429457.png","keywords":["casamento","casamentos","desporto","FC Porto","futebol","It\u00e1lia"],"articleSection":["Desporto","Futebol"],"inLanguage":"pt-PT"},{"@type":"WebPage","@id":"https:\/\/portaltela.pt\/noticias\/2026\/03\/26\/imagens-do-casamento-de-joao-mario-no-lago-de-como\/","url":"https:\/\/portaltela.pt\/noticias\/2026\/03\/26\/imagens-do-casamento-de-joao-mario-no-lago-de-como\/","name":"Imagens do casamento de Jo\u00e3o M\u00e1rio no Lago de Como - Portal Tela Portugal","isPartOf":{"@id":"https:\/\/portaltela.pt\/#website"},"primaryImageOfPage":{"@id":"https:\/\/portaltela.pt\/noticias\/2026\/03\/26\/imagens-do-casamento-de-joao-mario-no-lago-de-como\/#primaryimage"},"image":{"@id":"https:\/\/portaltela.pt\/noticias\/2026\/03\/26\/imagens-do-casamento-de-joao-mario-no-lago-de-como\/#primaryimage"},"thumbnailUrl":"https:\/\/portaltela.pt\/s.01k8rhncp4jt1\/2026\/03\/img_1200x721uu2026-03-26-13-20-09-2429457.png","datePublished":"2026-03-26T14:38:16+00:00","author":{"@id":"https:\/\/portaltela.pt\/#\/schema\/person\/c4278d4a6028830caff9ee44b42d32ed"},"breadcrumb":{"@id":"https:\/\/portaltela.pt\/noticias\/2026\/03\/26\/imagens-do-casamento-de-joao-mario-no-lago-de-como\/#breadcrumb"},"inLanguage":"pt-PT","potentialAction":[{"@type":"ReadAction","target":["https:\/\/portaltela.pt\/noticias\/2026\/03\/26\/imagens-do-casamento-de-joao-mario-no-lago-de-como\/"]}]},{"@type":"ImageObject","inLanguage":"pt-PT","@id":"https:\/\/portaltela.pt\/noticias\/2026\/03\/26\/imagens-do-casamento-de-joao-mario-no-lago-de-como\/#primaryimage","url":"https:\/\/portaltela.pt\/s.01k8rhncp4jt1\/2026\/03\/img_1200x721uu2026-03-26-13-20-09-2429457.png","contentUrl":"https:\/\/portaltela.pt\/s.01k8rhncp4jt1\/2026\/03\/img_1200x721uu2026-03-26-13-20-09-2429457.png","width":1200,"height":721,"caption":"As imagens do casamento de Jo\u00e3o M\u00e1rio no m\u00e1gico Lago de Como"},{"@type":"BreadcrumbList","@id":"https:\/\/portaltela.pt\/noticias\/2026\/03\/26\/imagens-do-casamento-de-joao-mario-no-lago-de-como\/#breadcrumb","itemListElement":[{"@type":"ListItem","position":1,"name":"In\u00edcio","item":"https:\/\/portaltela.pt\/"},{"@type":"ListItem","position":2,"name":"Imagens do casamento de Jo\u00e3o M\u00e1rio no Lago de Como"}]},{"@type":"WebSite","@id":"https:\/\/portaltela.pt\/#website","url":"https:\/\/portaltela.pt\/","name":"Portal Tela Portugal","description":"","potentialAction":[{"@type":"SearchAction","target":{"@type":"EntryPoint","urlTemplate":"https:\/\/portaltela.pt\/?s={search_term_string}"},"query-input":{"@type":"PropertyValueSpecification","valueRequired":true,"valueName":"search_term_string"}}],"inLanguage":"pt-PT"},{"@type":"Person","@id":"https:\/\/portaltela.pt\/#\/schema\/person\/c4278d4a6028830caff9ee44b42d32ed","name":"Telinha","image":{"@type":"ImageObject","inLanguage":"pt-PT","@id":"https:\/\/portaltela.pt\/s.01k8rhncp4jt1\/2025\/11\/talking-bot-125x125.png","url":"https:\/\/portaltela.pt\/s.01k8rhncp4jt1\/2025\/11\/talking-bot-125x125.png","contentUrl":"https:\/\/portaltela.pt\/s.01k8rhncp4jt1\/2025\/11\/talking-bot-125x125.png","caption":"Telinha"},"sameAs":["https:\/\/portaltela.pt\/"],"url":"https:\/\/portaltela.pt\/por\/367410592786\/"}]}},"_links":{"self":[{"href":"https:\/\/portaltela.pt\/api\/wp\/v2\/posts\/422359","targetHints":{"allow":["GET"]}}],"collection":[{"href":"https:\/\/portaltela.pt\/api\/wp\/v2\/posts"}],"about":[{"href":"https:\/\/portaltela.pt\/api\/wp\/v2\/types\/post"}],"author":[{"embeddable":true,"href":"https:\/\/portaltela.pt\/api\/wp\/v2\/users\/2"}],"replies":[{"embeddable":true,"href":"https:\/\/portaltela.pt\/api\/wp\/v2\/comments?post=422359"}],"version-history":[{"count":0,"href":"https:\/\/portaltela.pt\/api\/wp\/v2\/posts\/422359\/revisions"}],"wp:featuredmedia":[{"embeddable":true,"href":"https:\/\/portaltela.pt\/api\/wp\/v2\/media\/422366"}],"wp:attachment":[{"href":"https:\/\/portaltela.pt\/api\/wp\/v2\/media?parent=422359"}],"wp:term":[{"taxonomy":"category","embeddable":true,"href":"https:\/\/portaltela.pt\/api\/wp\/v2\/categories?post=422359"},{"taxonomy":"post_tag","embeddable":true,"href":"https:\/\/portaltela.pt\/api\/wp\/v2\/tags?post=422359"}],"curies":[{"name":"wp","href":"https:\/\/api.w.org\/{rel}","templated":true}]}}