{"id":422356,"date":"2026-03-26T10:28:00","date_gmt":"2026-03-26T13:28:00","guid":{"rendered":"https:\/\/portaltela.pt\/noticias\/2026\/03\/26\/trabalhadores-das-ipss-protestam-no-porto-para-retomar-negociacoes\/"},"modified":"2026-03-26T10:28:00","modified_gmt":"2026-03-26T13:28:00","slug":"trabalhadores-das-ipss-protestam-no-porto-para-retomar-negociacoes","status":"publish","type":"post","link":"https:\/\/portaltela.pt\/sociedade\/2026\/03\/26\/trabalhadores-das-ipss-protestam-no-porto-para-retomar-negociacoes\/","title":{"rendered":"Trabalhadores das IPSS protestam no Porto para retomar negocia\u00e7\u00f5es"},"content":{"rendered":"<p>Cerca de 300 trabalhadores de IPSS concentraram-se hoje em frente \u00e0 sede da Confedera\u00e7\u00e3o Nacional das Institui\u00e7\u00f5es de Solidariedade (CNIS), no Porto, para exigir o retomar das negocia\u00e7\u00f5es com os sindicatos ligados \u00e0 CGTP. A a\u00e7\u00e3o teve lugar na manh\u00e3 de hoje na regi\u00e3o portuense.<\/p>\n<p>Segundo os organizadores, a manifesta\u00e7\u00e3o visa pressionar as entidades envolvidas a retomar as negocia\u00e7\u00f5es que se encontram suspensas. Os trabalhadores reclamam uma agenda negocial retomada com as representa\u00e7\u00f5es sindicais, mantendo o objetivo de melhores condi\u00e7\u00f5es laborais e resposta a demandas institucionais.<\/p>\n<p>A concentra\u00e7\u00e3o decorreu junto \u00e0 sede da CNIS, numa zona central do Porto, com participa\u00e7\u00e3o de v\u00e1rias dezenas de trabalhadores de IPSS de diferentes regi\u00f5es. N\u00e3o foram anunciadas informa\u00e7\u00f5es sobre eventuais contactos ou propostas apresentadas durante a iniciativa.<\/p>\n<p>N\u00e3o houve informa\u00e7\u00f5es sobre deten\u00e7\u00f5es ou incidentes, nem sobre uma data prevista para a retoma das negocia\u00e7\u00f5es. O protesto centra-se na cobran\u00e7a de uma reabertura do di\u00e1logo entre as IPSS e os sindicatos afetos \u00e0 CGTP.<\/p>\n","protected":false},"excerpt":{"rendered":"<ul>\n<li>Cerca de tr\u00eas centenas de trabalhadores de IPSS concentraram-se hoje \u00e0 frente da sede da Confedera\u00e7\u00e3o Nacional das Institui\u00e7\u00f5es de Solidariedade (CNIS), no Porto.<\/li>\n<li>O protesto tem como objetivo exigir o retomar das negocia\u00e7\u00f5es com os sindicatos afetos \u00e0 CGTP.<\/li>\n<li>A mobiliza\u00e7\u00e3o ocorre junto \u00e0 sede da CNIS, entidade representativa das IPSS.<\/li>\n<li>N\u00e3o foram mencionados prazos ou resultados imediatos das negocia\u00e7\u00f5es durante este ato.<\/li>\n<\/ul>\n","protected":false},"author":2,"featured_media":422357,"comment_status":"closed","ping_status":"closed","sticky":false,"template":"","format":"standard","meta":{"footnotes":""},"categories":[6871],"tags":[3075,3129,3897,982,966,2841],"class_list":["post-422356","post","type-post","status-publish","format-standard","has-post-thumbnail","hentry","category-sociedade","tag-cgtp","tag-ipss","tag-negociacoes","tag-porto","tag-sindicatos","tag-trabalhadores"],"yoast_head":"<!-- This site is optimized with the Yoast SEO plugin v27.2 - https:\/\/yoast.com\/product\/yoast-seo-wordpress\/ -->\n<title>Trabalhadores das IPSS protestam no Porto para retomar negocia\u00e7\u00f5es - Portal Tela Portugal<\/title>\n<meta name=\"robots\" content=\"index, follow, max-snippet:-1, max-image-preview:large, max-video-preview:-1\" \/>\n<meta property=\"og:locale\" content=\"pt_PT\" \/>\n<meta property=\"og:type\" content=\"article\" \/>\n<meta property=\"og:title\" content=\"Trabalhadores das IPSS protestam no Porto para retomar negocia\u00e7\u00f5es - Portal Tela Portugal\" \/>\n<meta property=\"og:description\" content=\"Cerca de tr\u00eas centenas de trabalhadores de IPSS concentraram-se hoje \u00e0 frente da sede da Confedera\u00e7\u00e3o Nacional das Institui\u00e7\u00f5es de Solidariedade (CNIS), no Porto. O protesto tem como objetivo exigir o retomar das negocia\u00e7\u00f5es com os sindicatos afetos \u00e0 CGTP. A mobiliza\u00e7\u00e3o ocorre junto \u00e0 sede da CNIS, entidade representativa das IPSS. N\u00e3o foram mencionados prazos ou resultados imediatos das negocia\u00e7\u00f5es durante este ato.\" \/>\n<meta property=\"og:url\" content=\"https:\/\/portaltela.pt\/noticias\/2026\/03\/26\/trabalhadores-das-ipss-protestam-no-porto-para-retomar-negociacoes\/\" \/>\n<meta property=\"og:site_name\" content=\"Portal Tela Portugal\" \/>\n<meta property=\"article:published_time\" content=\"2026-03-26T13:28:00+00:00\" \/>\n<meta name=\"author\" content=\"Telinha\" \/>\n<meta name=\"twitter:card\" content=\"summary_large_image\" \/>\n<meta name=\"twitter:label1\" content=\"Escrito por\" \/>\n\t<meta name=\"twitter:data1\" content=\"Telinha\" \/>\n\t<meta name=\"twitter:label2\" content=\"Tempo estimado de leitura\" \/>\n\t<meta name=\"twitter:data2\" content=\"1 minuto\" \/>\n<script type=\"application\/ld+json\" class=\"yoast-schema-graph\">{\"@context\":\"https:\/\/schema.org\",\"@graph\":[{\"@type\":\"Article\",\"@id\":\"https:\/\/portaltela.pt\/noticias\/2026\/03\/26\/trabalhadores-das-ipss-protestam-no-porto-para-retomar-negociacoes\/#article\",\"isPartOf\":{\"@id\":\"https:\/\/portaltela.pt\/noticias\/2026\/03\/26\/trabalhadores-das-ipss-protestam-no-porto-para-retomar-negociacoes\/\"},\"author\":{\"name\":\"Telinha\",\"@id\":\"https:\/\/portaltela.pt\/#\/schema\/person\/c4278d4a6028830caff9ee44b42d32ed\"},\"headline\":\"Trabalhadores das IPSS protestam no Porto para retomar negocia\u00e7\u00f5es\",\"datePublished\":\"2026-03-26T13:28:00+00:00\",\"mainEntityOfPage\":{\"@id\":\"https:\/\/portaltela.pt\/noticias\/2026\/03\/26\/trabalhadores-das-ipss-protestam-no-porto-para-retomar-negociacoes\/\"},\"wordCount\":186,\"image\":{\"@id\":\"https:\/\/portaltela.pt\/noticias\/2026\/03\/26\/trabalhadores-das-ipss-protestam-no-porto-para-retomar-negociacoes\/#primaryimage\"},\"thumbnailUrl\":\"https:\/\/portaltela.pt\/s.01k8rhncp4jt1\/2026\/03\/CACHE_780X1200_ANALOG_WATERMARKED_46827853_6500340_26032026121625.jpg\",\"keywords\":[\"CGTP\",\"IPSS\",\"negocia\u00e7\u00f5es\",\"Porto\",\"sindicatos\",\"trabalhadores\"],\"articleSection\":[\"Sociedade\"],\"inLanguage\":\"pt-PT\"},{\"@type\":\"WebPage\",\"@id\":\"https:\/\/portaltela.pt\/noticias\/2026\/03\/26\/trabalhadores-das-ipss-protestam-no-porto-para-retomar-negociacoes\/\",\"url\":\"https:\/\/portaltela.pt\/noticias\/2026\/03\/26\/trabalhadores-das-ipss-protestam-no-porto-para-retomar-negociacoes\/\",\"name\":\"Trabalhadores das IPSS protestam no Porto para retomar negocia\u00e7\u00f5es - Portal Tela Portugal\",\"isPartOf\":{\"@id\":\"https:\/\/portaltela.pt\/#website\"},\"primaryImageOfPage\":{\"@id\":\"https:\/\/portaltela.pt\/noticias\/2026\/03\/26\/trabalhadores-das-ipss-protestam-no-porto-para-retomar-negociacoes\/#primaryimage\"},\"image\":{\"@id\":\"https:\/\/portaltela.pt\/noticias\/2026\/03\/26\/trabalhadores-das-ipss-protestam-no-porto-para-retomar-negociacoes\/#primaryimage\"},\"thumbnailUrl\":\"https:\/\/portaltela.pt\/s.01k8rhncp4jt1\/2026\/03\/CACHE_780X1200_ANALOG_WATERMARKED_46827853_6500340_26032026121625.jpg\",\"datePublished\":\"2026-03-26T13:28:00+00:00\",\"author\":{\"@id\":\"https:\/\/portaltela.pt\/#\/schema\/person\/c4278d4a6028830caff9ee44b42d32ed\"},\"breadcrumb\":{\"@id\":\"https:\/\/portaltela.pt\/noticias\/2026\/03\/26\/trabalhadores-das-ipss-protestam-no-porto-para-retomar-negociacoes\/#breadcrumb\"},\"inLanguage\":\"pt-PT\",\"potentialAction\":[{\"@type\":\"ReadAction\",\"target\":[\"https:\/\/portaltela.pt\/noticias\/2026\/03\/26\/trabalhadores-das-ipss-protestam-no-porto-para-retomar-negociacoes\/\"]}]},{\"@type\":\"ImageObject\",\"inLanguage\":\"pt-PT\",\"@id\":\"https:\/\/portaltela.pt\/noticias\/2026\/03\/26\/trabalhadores-das-ipss-protestam-no-porto-para-retomar-negociacoes\/#primaryimage\",\"url\":\"https:\/\/portaltela.pt\/s.01k8rhncp4jt1\/2026\/03\/CACHE_780X1200_ANALOG_WATERMARKED_46827853_6500340_26032026121625.jpg\",\"contentUrl\":\"https:\/\/portaltela.pt\/s.01k8rhncp4jt1\/2026\/03\/CACHE_780X1200_ANALOG_WATERMARKED_46827853_6500340_26032026121625.jpg\",\"width\":768,\"height\":512,\"caption\":\"Trabalhadores das IPSS manifestaram-se no Porto para exigir retomar das negocia\u00e7\u00f5es\"},{\"@type\":\"BreadcrumbList\",\"@id\":\"https:\/\/portaltela.pt\/noticias\/2026\/03\/26\/trabalhadores-das-ipss-protestam-no-porto-para-retomar-negociacoes\/#breadcrumb\",\"itemListElement\":[{\"@type\":\"ListItem\",\"position\":1,\"name\":\"In\u00edcio\",\"item\":\"https:\/\/portaltela.pt\/\"},{\"@type\":\"ListItem\",\"position\":2,\"name\":\"Trabalhadores das IPSS protestam no Porto para retomar negocia\u00e7\u00f5es\"}]},{\"@type\":\"WebSite\",\"@id\":\"https:\/\/portaltela.pt\/#website\",\"url\":\"https:\/\/portaltela.pt\/\",\"name\":\"Portal Tela Portugal\",\"description\":\"\",\"potentialAction\":[{\"@type\":\"SearchAction\",\"target\":{\"@type\":\"EntryPoint\",\"urlTemplate\":\"https:\/\/portaltela.pt\/?s={search_term_string}\"},\"query-input\":{\"@type\":\"PropertyValueSpecification\",\"valueRequired\":true,\"valueName\":\"search_term_string\"}}],\"inLanguage\":\"pt-PT\"},{\"@type\":\"Person\",\"@id\":\"https:\/\/portaltela.pt\/#\/schema\/person\/c4278d4a6028830caff9ee44b42d32ed\",\"name\":\"Telinha\",\"image\":{\"@type\":\"ImageObject\",\"inLanguage\":\"pt-PT\",\"@id\":\"https:\/\/portaltela.pt\/s.01k8rhncp4jt1\/2025\/11\/talking-bot-125x125.png\",\"url\":\"https:\/\/portaltela.pt\/s.01k8rhncp4jt1\/2025\/11\/talking-bot-125x125.png\",\"contentUrl\":\"https:\/\/portaltela.pt\/s.01k8rhncp4jt1\/2025\/11\/talking-bot-125x125.png\",\"caption\":\"Telinha\"},\"sameAs\":[\"https:\/\/portaltela.pt\/\"],\"url\":\"https:\/\/portaltela.pt\/por\/367410592786\/\"}]}<\/script>\n<!-- \/ Yoast SEO plugin. -->","yoast_head_json":{"title":"Trabalhadores das IPSS protestam no Porto para retomar negocia\u00e7\u00f5es - Portal Tela Portugal","robots":{"index":"index","follow":"follow","max-snippet":"max-snippet:-1","max-image-preview":"max-image-preview:large","max-video-preview":"max-video-preview:-1"},"og_locale":"pt_PT","og_type":"article","og_title":"Trabalhadores das IPSS protestam no Porto para retomar negocia\u00e7\u00f5es - Portal Tela Portugal","og_description":"Cerca de tr\u00eas centenas de trabalhadores de IPSS concentraram-se hoje \u00e0 frente da sede da Confedera\u00e7\u00e3o Nacional das Institui\u00e7\u00f5es de Solidariedade (CNIS), no Porto. O protesto tem como objetivo exigir o retomar das negocia\u00e7\u00f5es com os sindicatos afetos \u00e0 CGTP. A mobiliza\u00e7\u00e3o ocorre junto \u00e0 sede da CNIS, entidade representativa das IPSS. N\u00e3o foram mencionados prazos ou resultados imediatos das negocia\u00e7\u00f5es durante este ato.","og_url":"https:\/\/portaltela.pt\/noticias\/2026\/03\/26\/trabalhadores-das-ipss-protestam-no-porto-para-retomar-negociacoes\/","og_site_name":"Portal Tela Portugal","article_published_time":"2026-03-26T13:28:00+00:00","author":"Telinha","twitter_card":"summary_large_image","twitter_misc":{"Escrito por":"Telinha","Tempo estimado de leitura":"1 minuto"},"schema":{"@context":"https:\/\/schema.org","@graph":[{"@type":"Article","@id":"https:\/\/portaltela.pt\/noticias\/2026\/03\/26\/trabalhadores-das-ipss-protestam-no-porto-para-retomar-negociacoes\/#article","isPartOf":{"@id":"https:\/\/portaltela.pt\/noticias\/2026\/03\/26\/trabalhadores-das-ipss-protestam-no-porto-para-retomar-negociacoes\/"},"author":{"name":"Telinha","@id":"https:\/\/portaltela.pt\/#\/schema\/person\/c4278d4a6028830caff9ee44b42d32ed"},"headline":"Trabalhadores das IPSS protestam no Porto para retomar negocia\u00e7\u00f5es","datePublished":"2026-03-26T13:28:00+00:00","mainEntityOfPage":{"@id":"https:\/\/portaltela.pt\/noticias\/2026\/03\/26\/trabalhadores-das-ipss-protestam-no-porto-para-retomar-negociacoes\/"},"wordCount":186,"image":{"@id":"https:\/\/portaltela.pt\/noticias\/2026\/03\/26\/trabalhadores-das-ipss-protestam-no-porto-para-retomar-negociacoes\/#primaryimage"},"thumbnailUrl":"https:\/\/portaltela.pt\/s.01k8rhncp4jt1\/2026\/03\/CACHE_780X1200_ANALOG_WATERMARKED_46827853_6500340_26032026121625.jpg","keywords":["CGTP","IPSS","negocia\u00e7\u00f5es","Porto","sindicatos","trabalhadores"],"articleSection":["Sociedade"],"inLanguage":"pt-PT"},{"@type":"WebPage","@id":"https:\/\/portaltela.pt\/noticias\/2026\/03\/26\/trabalhadores-das-ipss-protestam-no-porto-para-retomar-negociacoes\/","url":"https:\/\/portaltela.pt\/noticias\/2026\/03\/26\/trabalhadores-das-ipss-protestam-no-porto-para-retomar-negociacoes\/","name":"Trabalhadores das IPSS protestam no Porto para retomar negocia\u00e7\u00f5es - Portal Tela Portugal","isPartOf":{"@id":"https:\/\/portaltela.pt\/#website"},"primaryImageOfPage":{"@id":"https:\/\/portaltela.pt\/noticias\/2026\/03\/26\/trabalhadores-das-ipss-protestam-no-porto-para-retomar-negociacoes\/#primaryimage"},"image":{"@id":"https:\/\/portaltela.pt\/noticias\/2026\/03\/26\/trabalhadores-das-ipss-protestam-no-porto-para-retomar-negociacoes\/#primaryimage"},"thumbnailUrl":"https:\/\/portaltela.pt\/s.01k8rhncp4jt1\/2026\/03\/CACHE_780X1200_ANALOG_WATERMARKED_46827853_6500340_26032026121625.jpg","datePublished":"2026-03-26T13:28:00+00:00","author":{"@id":"https:\/\/portaltela.pt\/#\/schema\/person\/c4278d4a6028830caff9ee44b42d32ed"},"breadcrumb":{"@id":"https:\/\/portaltela.pt\/noticias\/2026\/03\/26\/trabalhadores-das-ipss-protestam-no-porto-para-retomar-negociacoes\/#breadcrumb"},"inLanguage":"pt-PT","potentialAction":[{"@type":"ReadAction","target":["https:\/\/portaltela.pt\/noticias\/2026\/03\/26\/trabalhadores-das-ipss-protestam-no-porto-para-retomar-negociacoes\/"]}]},{"@type":"ImageObject","inLanguage":"pt-PT","@id":"https:\/\/portaltela.pt\/noticias\/2026\/03\/26\/trabalhadores-das-ipss-protestam-no-porto-para-retomar-negociacoes\/#primaryimage","url":"https:\/\/portaltela.pt\/s.01k8rhncp4jt1\/2026\/03\/CACHE_780X1200_ANALOG_WATERMARKED_46827853_6500340_26032026121625.jpg","contentUrl":"https:\/\/portaltela.pt\/s.01k8rhncp4jt1\/2026\/03\/CACHE_780X1200_ANALOG_WATERMARKED_46827853_6500340_26032026121625.jpg","width":768,"height":512,"caption":"Trabalhadores das IPSS manifestaram-se no Porto para exigir retomar das negocia\u00e7\u00f5es"},{"@type":"BreadcrumbList","@id":"https:\/\/portaltela.pt\/noticias\/2026\/03\/26\/trabalhadores-das-ipss-protestam-no-porto-para-retomar-negociacoes\/#breadcrumb","itemListElement":[{"@type":"ListItem","position":1,"name":"In\u00edcio","item":"https:\/\/portaltela.pt\/"},{"@type":"ListItem","position":2,"name":"Trabalhadores das IPSS protestam no Porto para retomar negocia\u00e7\u00f5es"}]},{"@type":"WebSite","@id":"https:\/\/portaltela.pt\/#website","url":"https:\/\/portaltela.pt\/","name":"Portal Tela Portugal","description":"","potentialAction":[{"@type":"SearchAction","target":{"@type":"EntryPoint","urlTemplate":"https:\/\/portaltela.pt\/?s={search_term_string}"},"query-input":{"@type":"PropertyValueSpecification","valueRequired":true,"valueName":"search_term_string"}}],"inLanguage":"pt-PT"},{"@type":"Person","@id":"https:\/\/portaltela.pt\/#\/schema\/person\/c4278d4a6028830caff9ee44b42d32ed","name":"Telinha","image":{"@type":"ImageObject","inLanguage":"pt-PT","@id":"https:\/\/portaltela.pt\/s.01k8rhncp4jt1\/2025\/11\/talking-bot-125x125.png","url":"https:\/\/portaltela.pt\/s.01k8rhncp4jt1\/2025\/11\/talking-bot-125x125.png","contentUrl":"https:\/\/portaltela.pt\/s.01k8rhncp4jt1\/2025\/11\/talking-bot-125x125.png","caption":"Telinha"},"sameAs":["https:\/\/portaltela.pt\/"],"url":"https:\/\/portaltela.pt\/por\/367410592786\/"}]}},"_links":{"self":[{"href":"https:\/\/portaltela.pt\/api\/wp\/v2\/posts\/422356","targetHints":{"allow":["GET"]}}],"collection":[{"href":"https:\/\/portaltela.pt\/api\/wp\/v2\/posts"}],"about":[{"href":"https:\/\/portaltela.pt\/api\/wp\/v2\/types\/post"}],"author":[{"embeddable":true,"href":"https:\/\/portaltela.pt\/api\/wp\/v2\/users\/2"}],"replies":[{"embeddable":true,"href":"https:\/\/portaltela.pt\/api\/wp\/v2\/comments?post=422356"}],"version-history":[{"count":0,"href":"https:\/\/portaltela.pt\/api\/wp\/v2\/posts\/422356\/revisions"}],"wp:featuredmedia":[{"embeddable":true,"href":"https:\/\/portaltela.pt\/api\/wp\/v2\/media\/422357"}],"wp:attachment":[{"href":"https:\/\/portaltela.pt\/api\/wp\/v2\/media?parent=422356"}],"wp:term":[{"taxonomy":"category","embeddable":true,"href":"https:\/\/portaltela.pt\/api\/wp\/v2\/categories?post=422356"},{"taxonomy":"post_tag","embeddable":true,"href":"https:\/\/portaltela.pt\/api\/wp\/v2\/tags?post=422356"}],"curies":[{"name":"wp","href":"https:\/\/api.w.org\/{rel}","templated":true}]}}