{"id":422349,"date":"2026-03-26T11:29:20","date_gmt":"2026-03-26T14:29:20","guid":{"rendered":"https:\/\/portaltela.pt\/noticias\/2026\/03\/26\/governo-concede-medalha-de-merito-cultural-a-simone-de-oliveira-2\/"},"modified":"2026-03-26T11:29:20","modified_gmt":"2026-03-26T14:29:20","slug":"governo-concede-medalha-de-merito-cultural-a-simone-de-oliveira-2","status":"publish","type":"post","link":"https:\/\/portaltela.pt\/musica\/2026\/03\/26\/governo-concede-medalha-de-merito-cultural-a-simone-de-oliveira-2\/","title":{"rendered":"Governo concede Medalha de M\u00e9rito Cultural a Simone de Oliveira"},"content":{"rendered":"<p>O Governo vai atribuir a Medalha de M\u00e9rito Cultural \u00e0 cantora e atriz Simone de Oliveira. A cerim\u00f3nia decorre na sexta-feira, Dia Mundial do Teatro, na Casa do Artista, em Lisboa.<\/p>\n<p>A decis\u00e3o foi anunciada por escrito pela ministra da Cultura, Juventude e Desporto, Margarida Balseiro Lopes. A governante destacou a carreira marcada pela emo\u00e7\u00e3o, pela intensidade e pela verdade.<\/p>\n<p>A Medalha de M\u00e9rito Cultural visa homenagear n\u00e3o apenas a artista, mas a int\u00e9rprete cujo percurso ultrapassa a soma das can\u00e7\u00f5es, espet\u00e1culos ou personagens. O ato sublinha o reconhecimento do Estado pela sua contribui\u00e7\u00e3o.<\/p>\n<h3>Trajet\u00f3ria e momentos-chave<\/h3>\n<p>Em 1969, Oliveira venceu pela segunda vez o Festival RTP da Can\u00e7\u00e3o com Desfolhada Portuguesa, conseguindo representar Portugal no Festival da Eurovis\u00e3o, em Madrid.<\/p>\n<p>Apesar de ter mais de 400 temas no repert\u00f3rio, ficou marcada por uma express\u00e3o ousada em 1969, quando, na televis\u00e3o, abordou uma tem\u00e1tica social de relevo da \u00e9poca.<\/p>\n<p>No final de 1969 perdeu a voz e passou a trabalhar em jornalismo, r\u00e1dio e locu\u00e7\u00e3o de continuidade, al\u00e9m de apresentar concursos e espet\u00e1culos em clubes e casinos.<\/p>\n<p>A int\u00e9rprete recuperou a voz mais tarde, gravou um \u00e1lbum com can\u00e7\u00f5es de Jos\u00e9 Cid e, em 1973, voltou a competir no Festival RTP da Can\u00e7\u00e3o, com Apenas o meu povo, recebendo o Pr\u00e9mio de Interpreta\u00e7\u00e3o.<\/p>\n<p>Em 2022, recebeu a Gr\u00e3-Cruz da Ordem do M\u00e9rito, atribu\u00edda pelo Presidente da Rep\u00fablica, Marcelo Rebelo de Sousa.<\/p>\n","protected":false},"excerpt":{"rendered":"<ul>\n<li>O Governo vai atribuir a Medalha de M\u00e9rito Cultural a Simone de Oliveira, no Dia Mundial do Teatro, numa cerim\u00f3nia na Casa do Artista, em Lisboa.<\/li>\n<li>A ministra da Cultura, Margarida Balseiro Lopes, elogiou a carreira da artista, destacando a emo\u00e7\u00e3o, a intensidade e a verdade que a definem.<\/li>\n<li>A distin\u00e7\u00e3o visa homenagear a int\u00e9rprete cujo percurso vai al\u00e9m da soma das can\u00e7\u00f5es, espet\u00e1culos ou personagens.<\/li>\n<li>Em 1969, Simone de Oliveira venceu o Festival RTP da Can\u00e7\u00e3o com Desfolhada Portuguesa e representou Portugal no Festival Eurovis\u00e3o em Madrid.<\/li>\n<li>Ao longo da carreira, com mais de quatrocentas can\u00e7\u00f5es, recuperou a voz ap\u00f3s 1969 e voltou a vencer o Festival RTP em 1973 com Apenas o meu povo; foi condecorada, em 2022, com a Gr\u00e3-Cruz da Ordem do M\u00e9rito.<\/li>\n<\/ul>\n","protected":false},"author":2,"featured_media":422354,"comment_status":"closed","ping_status":"closed","sticky":false,"template":"","format":"standard","meta":{"footnotes":""},"categories":[7375,6676],"tags":[6005,6163,981,6514,119],"class_list":["post-422349","post","type-post","status-publish","format-standard","has-post-thumbnail","hentry","category-cultura","category-musica","tag-a-cultura","tag-cantores","tag-lisboa","tag-medalha-de-merito-cultural","tag-teatro"],"yoast_head":"<!-- This site is optimized with the Yoast SEO plugin v27.2 - https:\/\/yoast.com\/product\/yoast-seo-wordpress\/ -->\n<title>Governo concede Medalha de M\u00e9rito Cultural a Simone de Oliveira - Portal Tela Portugal<\/title>\n<meta name=\"robots\" content=\"index, follow, max-snippet:-1, max-image-preview:large, max-video-preview:-1\" \/>\n<meta property=\"og:locale\" content=\"pt_PT\" \/>\n<meta property=\"og:type\" content=\"article\" \/>\n<meta property=\"og:title\" content=\"Governo concede Medalha de M\u00e9rito Cultural a Simone de Oliveira - Portal Tela Portugal\" \/>\n<meta property=\"og:description\" content=\"O Governo vai atribuir a Medalha de M\u00e9rito Cultural a Simone de Oliveira, no Dia Mundial do Teatro, numa cerim\u00f3nia na Casa do Artista, em Lisboa. A ministra da Cultura, Margarida Balseiro Lopes, elogiou a carreira da artista, destacando a emo\u00e7\u00e3o, a intensidade e a verdade que a definem. A distin\u00e7\u00e3o visa homenagear a int\u00e9rprete cujo percurso vai al\u00e9m da soma das can\u00e7\u00f5es, espet\u00e1culos ou personagens. Em 1969, Simone de Oliveira venceu o Festival RTP da Can\u00e7\u00e3o com Desfolhada Portuguesa e representou Portugal no Festival Eurovis\u00e3o em Madrid. Ao longo da carreira, com mais de quatrocentas can\u00e7\u00f5es, recuperou a voz ap\u00f3s 1969 e voltou a vencer o Festival RTP em 1973 com Apenas o meu povo; foi condecorada, em 2022, com a Gr\u00e3-Cruz da Ordem do M\u00e9rito.\" \/>\n<meta property=\"og:url\" content=\"https:\/\/portaltela.pt\/noticias\/2026\/03\/26\/governo-concede-medalha-de-merito-cultural-a-simone-de-oliveira-2\/\" \/>\n<meta property=\"og:site_name\" content=\"Portal Tela Portugal\" \/>\n<meta property=\"article:published_time\" content=\"2026-03-26T14:29:20+00:00\" \/>\n<meta name=\"author\" content=\"Telinha\" \/>\n<meta name=\"twitter:card\" content=\"summary_large_image\" \/>\n<meta name=\"twitter:label1\" content=\"Escrito por\" \/>\n\t<meta name=\"twitter:data1\" content=\"Telinha\" \/>\n\t<meta name=\"twitter:label2\" content=\"Tempo estimado de leitura\" \/>\n\t<meta name=\"twitter:data2\" content=\"1 minuto\" \/>\n<script type=\"application\/ld+json\" class=\"yoast-schema-graph\">{\"@context\":\"https:\/\/schema.org\",\"@graph\":[{\"@type\":\"Article\",\"@id\":\"https:\/\/portaltela.pt\/noticias\/2026\/03\/26\/governo-concede-medalha-de-merito-cultural-a-simone-de-oliveira-2\/#article\",\"isPartOf\":{\"@id\":\"https:\/\/portaltela.pt\/noticias\/2026\/03\/26\/governo-concede-medalha-de-merito-cultural-a-simone-de-oliveira-2\/\"},\"author\":{\"name\":\"Telinha\",\"@id\":\"https:\/\/portaltela.pt\/#\/schema\/person\/c4278d4a6028830caff9ee44b42d32ed\"},\"headline\":\"Governo concede Medalha de M\u00e9rito Cultural a Simone de Oliveira\",\"datePublished\":\"2026-03-26T14:29:20+00:00\",\"mainEntityOfPage\":{\"@id\":\"https:\/\/portaltela.pt\/noticias\/2026\/03\/26\/governo-concede-medalha-de-merito-cultural-a-simone-de-oliveira-2\/\"},\"wordCount\":265,\"image\":{\"@id\":\"https:\/\/portaltela.pt\/noticias\/2026\/03\/26\/governo-concede-medalha-de-merito-cultural-a-simone-de-oliveira-2\/#primaryimage\"},\"thumbnailUrl\":\"https:\/\/portaltela.pt\/s.01k8rhncp4jt1\/2026\/03\/img_1500x1000uu2023-11-18-00-49-23-1495486.jpg\",\"keywords\":[\"a cultura\",\"cantores\",\"Lisboa\",\"Medalha de M\u00e9rito Cultural\",\"teatro\"],\"articleSection\":[\"Cultura\",\"M\u00fasica\"],\"inLanguage\":\"pt-PT\"},{\"@type\":\"WebPage\",\"@id\":\"https:\/\/portaltela.pt\/noticias\/2026\/03\/26\/governo-concede-medalha-de-merito-cultural-a-simone-de-oliveira-2\/\",\"url\":\"https:\/\/portaltela.pt\/noticias\/2026\/03\/26\/governo-concede-medalha-de-merito-cultural-a-simone-de-oliveira-2\/\",\"name\":\"Governo concede Medalha de M\u00e9rito Cultural a Simone de Oliveira - Portal Tela Portugal\",\"isPartOf\":{\"@id\":\"https:\/\/portaltela.pt\/#website\"},\"primaryImageOfPage\":{\"@id\":\"https:\/\/portaltela.pt\/noticias\/2026\/03\/26\/governo-concede-medalha-de-merito-cultural-a-simone-de-oliveira-2\/#primaryimage\"},\"image\":{\"@id\":\"https:\/\/portaltela.pt\/noticias\/2026\/03\/26\/governo-concede-medalha-de-merito-cultural-a-simone-de-oliveira-2\/#primaryimage\"},\"thumbnailUrl\":\"https:\/\/portaltela.pt\/s.01k8rhncp4jt1\/2026\/03\/img_1500x1000uu2023-11-18-00-49-23-1495486.jpg\",\"datePublished\":\"2026-03-26T14:29:20+00:00\",\"author\":{\"@id\":\"https:\/\/portaltela.pt\/#\/schema\/person\/c4278d4a6028830caff9ee44b42d32ed\"},\"breadcrumb\":{\"@id\":\"https:\/\/portaltela.pt\/noticias\/2026\/03\/26\/governo-concede-medalha-de-merito-cultural-a-simone-de-oliveira-2\/#breadcrumb\"},\"inLanguage\":\"pt-PT\",\"potentialAction\":[{\"@type\":\"ReadAction\",\"target\":[\"https:\/\/portaltela.pt\/noticias\/2026\/03\/26\/governo-concede-medalha-de-merito-cultural-a-simone-de-oliveira-2\/\"]}]},{\"@type\":\"ImageObject\",\"inLanguage\":\"pt-PT\",\"@id\":\"https:\/\/portaltela.pt\/noticias\/2026\/03\/26\/governo-concede-medalha-de-merito-cultural-a-simone-de-oliveira-2\/#primaryimage\",\"url\":\"https:\/\/portaltela.pt\/s.01k8rhncp4jt1\/2026\/03\/img_1500x1000uu2023-11-18-00-49-23-1495486.jpg\",\"contentUrl\":\"https:\/\/portaltela.pt\/s.01k8rhncp4jt1\/2026\/03\/img_1500x1000uu2023-11-18-00-49-23-1495486.jpg\",\"width\":1500,\"height\":1000,\"caption\":\"Simone de Oliveira\"},{\"@type\":\"BreadcrumbList\",\"@id\":\"https:\/\/portaltela.pt\/noticias\/2026\/03\/26\/governo-concede-medalha-de-merito-cultural-a-simone-de-oliveira-2\/#breadcrumb\",\"itemListElement\":[{\"@type\":\"ListItem\",\"position\":1,\"name\":\"In\u00edcio\",\"item\":\"https:\/\/portaltela.pt\/\"},{\"@type\":\"ListItem\",\"position\":2,\"name\":\"Governo concede Medalha de M\u00e9rito Cultural a Simone de Oliveira\"}]},{\"@type\":\"WebSite\",\"@id\":\"https:\/\/portaltela.pt\/#website\",\"url\":\"https:\/\/portaltela.pt\/\",\"name\":\"Portal Tela Portugal\",\"description\":\"\",\"potentialAction\":[{\"@type\":\"SearchAction\",\"target\":{\"@type\":\"EntryPoint\",\"urlTemplate\":\"https:\/\/portaltela.pt\/?s={search_term_string}\"},\"query-input\":{\"@type\":\"PropertyValueSpecification\",\"valueRequired\":true,\"valueName\":\"search_term_string\"}}],\"inLanguage\":\"pt-PT\"},{\"@type\":\"Person\",\"@id\":\"https:\/\/portaltela.pt\/#\/schema\/person\/c4278d4a6028830caff9ee44b42d32ed\",\"name\":\"Telinha\",\"image\":{\"@type\":\"ImageObject\",\"inLanguage\":\"pt-PT\",\"@id\":\"https:\/\/portaltela.pt\/s.01k8rhncp4jt1\/2025\/11\/talking-bot-125x125.png\",\"url\":\"https:\/\/portaltela.pt\/s.01k8rhncp4jt1\/2025\/11\/talking-bot-125x125.png\",\"contentUrl\":\"https:\/\/portaltela.pt\/s.01k8rhncp4jt1\/2025\/11\/talking-bot-125x125.png\",\"caption\":\"Telinha\"},\"sameAs\":[\"https:\/\/portaltela.pt\/\"],\"url\":\"https:\/\/portaltela.pt\/por\/367410592786\/\"}]}<\/script>\n<!-- \/ Yoast SEO plugin. -->","yoast_head_json":{"title":"Governo concede Medalha de M\u00e9rito Cultural a Simone de Oliveira - Portal Tela Portugal","robots":{"index":"index","follow":"follow","max-snippet":"max-snippet:-1","max-image-preview":"max-image-preview:large","max-video-preview":"max-video-preview:-1"},"og_locale":"pt_PT","og_type":"article","og_title":"Governo concede Medalha de M\u00e9rito Cultural a Simone de Oliveira - Portal Tela Portugal","og_description":"O Governo vai atribuir a Medalha de M\u00e9rito Cultural a Simone de Oliveira, no Dia Mundial do Teatro, numa cerim\u00f3nia na Casa do Artista, em Lisboa. A ministra da Cultura, Margarida Balseiro Lopes, elogiou a carreira da artista, destacando a emo\u00e7\u00e3o, a intensidade e a verdade que a definem. A distin\u00e7\u00e3o visa homenagear a int\u00e9rprete cujo percurso vai al\u00e9m da soma das can\u00e7\u00f5es, espet\u00e1culos ou personagens. Em 1969, Simone de Oliveira venceu o Festival RTP da Can\u00e7\u00e3o com Desfolhada Portuguesa e representou Portugal no Festival Eurovis\u00e3o em Madrid. Ao longo da carreira, com mais de quatrocentas can\u00e7\u00f5es, recuperou a voz ap\u00f3s 1969 e voltou a vencer o Festival RTP em 1973 com Apenas o meu povo; foi condecorada, em 2022, com a Gr\u00e3-Cruz da Ordem do M\u00e9rito.","og_url":"https:\/\/portaltela.pt\/noticias\/2026\/03\/26\/governo-concede-medalha-de-merito-cultural-a-simone-de-oliveira-2\/","og_site_name":"Portal Tela Portugal","article_published_time":"2026-03-26T14:29:20+00:00","author":"Telinha","twitter_card":"summary_large_image","twitter_misc":{"Escrito por":"Telinha","Tempo estimado de leitura":"1 minuto"},"schema":{"@context":"https:\/\/schema.org","@graph":[{"@type":"Article","@id":"https:\/\/portaltela.pt\/noticias\/2026\/03\/26\/governo-concede-medalha-de-merito-cultural-a-simone-de-oliveira-2\/#article","isPartOf":{"@id":"https:\/\/portaltela.pt\/noticias\/2026\/03\/26\/governo-concede-medalha-de-merito-cultural-a-simone-de-oliveira-2\/"},"author":{"name":"Telinha","@id":"https:\/\/portaltela.pt\/#\/schema\/person\/c4278d4a6028830caff9ee44b42d32ed"},"headline":"Governo concede Medalha de M\u00e9rito Cultural a Simone de Oliveira","datePublished":"2026-03-26T14:29:20+00:00","mainEntityOfPage":{"@id":"https:\/\/portaltela.pt\/noticias\/2026\/03\/26\/governo-concede-medalha-de-merito-cultural-a-simone-de-oliveira-2\/"},"wordCount":265,"image":{"@id":"https:\/\/portaltela.pt\/noticias\/2026\/03\/26\/governo-concede-medalha-de-merito-cultural-a-simone-de-oliveira-2\/#primaryimage"},"thumbnailUrl":"https:\/\/portaltela.pt\/s.01k8rhncp4jt1\/2026\/03\/img_1500x1000uu2023-11-18-00-49-23-1495486.jpg","keywords":["a cultura","cantores","Lisboa","Medalha de M\u00e9rito Cultural","teatro"],"articleSection":["Cultura","M\u00fasica"],"inLanguage":"pt-PT"},{"@type":"WebPage","@id":"https:\/\/portaltela.pt\/noticias\/2026\/03\/26\/governo-concede-medalha-de-merito-cultural-a-simone-de-oliveira-2\/","url":"https:\/\/portaltela.pt\/noticias\/2026\/03\/26\/governo-concede-medalha-de-merito-cultural-a-simone-de-oliveira-2\/","name":"Governo concede Medalha de M\u00e9rito Cultural a Simone de Oliveira - Portal Tela Portugal","isPartOf":{"@id":"https:\/\/portaltela.pt\/#website"},"primaryImageOfPage":{"@id":"https:\/\/portaltela.pt\/noticias\/2026\/03\/26\/governo-concede-medalha-de-merito-cultural-a-simone-de-oliveira-2\/#primaryimage"},"image":{"@id":"https:\/\/portaltela.pt\/noticias\/2026\/03\/26\/governo-concede-medalha-de-merito-cultural-a-simone-de-oliveira-2\/#primaryimage"},"thumbnailUrl":"https:\/\/portaltela.pt\/s.01k8rhncp4jt1\/2026\/03\/img_1500x1000uu2023-11-18-00-49-23-1495486.jpg","datePublished":"2026-03-26T14:29:20+00:00","author":{"@id":"https:\/\/portaltela.pt\/#\/schema\/person\/c4278d4a6028830caff9ee44b42d32ed"},"breadcrumb":{"@id":"https:\/\/portaltela.pt\/noticias\/2026\/03\/26\/governo-concede-medalha-de-merito-cultural-a-simone-de-oliveira-2\/#breadcrumb"},"inLanguage":"pt-PT","potentialAction":[{"@type":"ReadAction","target":["https:\/\/portaltela.pt\/noticias\/2026\/03\/26\/governo-concede-medalha-de-merito-cultural-a-simone-de-oliveira-2\/"]}]},{"@type":"ImageObject","inLanguage":"pt-PT","@id":"https:\/\/portaltela.pt\/noticias\/2026\/03\/26\/governo-concede-medalha-de-merito-cultural-a-simone-de-oliveira-2\/#primaryimage","url":"https:\/\/portaltela.pt\/s.01k8rhncp4jt1\/2026\/03\/img_1500x1000uu2023-11-18-00-49-23-1495486.jpg","contentUrl":"https:\/\/portaltela.pt\/s.01k8rhncp4jt1\/2026\/03\/img_1500x1000uu2023-11-18-00-49-23-1495486.jpg","width":1500,"height":1000,"caption":"Simone de Oliveira"},{"@type":"BreadcrumbList","@id":"https:\/\/portaltela.pt\/noticias\/2026\/03\/26\/governo-concede-medalha-de-merito-cultural-a-simone-de-oliveira-2\/#breadcrumb","itemListElement":[{"@type":"ListItem","position":1,"name":"In\u00edcio","item":"https:\/\/portaltela.pt\/"},{"@type":"ListItem","position":2,"name":"Governo concede Medalha de M\u00e9rito Cultural a Simone de Oliveira"}]},{"@type":"WebSite","@id":"https:\/\/portaltela.pt\/#website","url":"https:\/\/portaltela.pt\/","name":"Portal Tela Portugal","description":"","potentialAction":[{"@type":"SearchAction","target":{"@type":"EntryPoint","urlTemplate":"https:\/\/portaltela.pt\/?s={search_term_string}"},"query-input":{"@type":"PropertyValueSpecification","valueRequired":true,"valueName":"search_term_string"}}],"inLanguage":"pt-PT"},{"@type":"Person","@id":"https:\/\/portaltela.pt\/#\/schema\/person\/c4278d4a6028830caff9ee44b42d32ed","name":"Telinha","image":{"@type":"ImageObject","inLanguage":"pt-PT","@id":"https:\/\/portaltela.pt\/s.01k8rhncp4jt1\/2025\/11\/talking-bot-125x125.png","url":"https:\/\/portaltela.pt\/s.01k8rhncp4jt1\/2025\/11\/talking-bot-125x125.png","contentUrl":"https:\/\/portaltela.pt\/s.01k8rhncp4jt1\/2025\/11\/talking-bot-125x125.png","caption":"Telinha"},"sameAs":["https:\/\/portaltela.pt\/"],"url":"https:\/\/portaltela.pt\/por\/367410592786\/"}]}},"_links":{"self":[{"href":"https:\/\/portaltela.pt\/api\/wp\/v2\/posts\/422349","targetHints":{"allow":["GET"]}}],"collection":[{"href":"https:\/\/portaltela.pt\/api\/wp\/v2\/posts"}],"about":[{"href":"https:\/\/portaltela.pt\/api\/wp\/v2\/types\/post"}],"author":[{"embeddable":true,"href":"https:\/\/portaltela.pt\/api\/wp\/v2\/users\/2"}],"replies":[{"embeddable":true,"href":"https:\/\/portaltela.pt\/api\/wp\/v2\/comments?post=422349"}],"version-history":[{"count":0,"href":"https:\/\/portaltela.pt\/api\/wp\/v2\/posts\/422349\/revisions"}],"wp:featuredmedia":[{"embeddable":true,"href":"https:\/\/portaltela.pt\/api\/wp\/v2\/media\/422354"}],"wp:attachment":[{"href":"https:\/\/portaltela.pt\/api\/wp\/v2\/media?parent=422349"}],"wp:term":[{"taxonomy":"category","embeddable":true,"href":"https:\/\/portaltela.pt\/api\/wp\/v2\/categories?post=422349"},{"taxonomy":"post_tag","embeddable":true,"href":"https:\/\/portaltela.pt\/api\/wp\/v2\/tags?post=422349"}],"curies":[{"name":"wp","href":"https:\/\/api.w.org\/{rel}","templated":true}]}}