{"id":422345,"date":"2026-03-26T11:18:00","date_gmt":"2026-03-26T14:18:00","guid":{"rendered":"https:\/\/portaltela.pt\/noticias\/2026\/03\/26\/governo-concede-medalha-de-merito-cultural-a-simone-de-oliveira-no-teatro-mundial\/"},"modified":"2026-03-26T11:18:00","modified_gmt":"2026-03-26T14:18:00","slug":"governo-concede-medalha-de-merito-cultural-a-simone-de-oliveira-no-teatro-mundial","status":"publish","type":"post","link":"https:\/\/portaltela.pt\/noticias\/2026\/03\/26\/governo-concede-medalha-de-merito-cultural-a-simone-de-oliveira-no-teatro-mundial\/","title":{"rendered":"Governo concede Medalha de M\u00e9rito Cultural a Simone de Oliveira no Teatro Mundial"},"content":{"rendered":"<p>O Governo vai distinguir a cantora e actriz Simone de Oliveira com a Medalha de M\u00e9rito Cultural. A cerim\u00f3nia decorre na sexta-feira, Dia Mundial do Teatro, na Casa do Artista, em Lisboa. O reconhecimento enquadra-se numa homenagem ao percurso da artista.<\/p>\n<p>A ministra da Cultura, Juventude e Desporto destacou, num comunicado, a presen\u00e7a de Simone de Oliveira na hist\u00f3ria musical e teatral portuguesa. O Governo sublinha que o onde a int\u00e9rprete se insere vai al\u00e9m da soma de can\u00e7\u00f5es, espet\u00e1culos ou personagens.<\/p>\n<p>Ao longo da carreira, Simone de Oliveira destacou-se pela interpreta\u00e7\u00e3o de Desfolhada Portuguesa, em 1969, levando Portugal ao Festival Eurovis\u00e3o em Madrid. O texto recorda ainda que, nesse ano, a artista perdeu a voz e enveredou pelo jornalismo, r\u00e1dio e televis\u00e3o, regressando mais tarde \u00e0 m\u00fasica.<\/p>\n<h3>Reconhecimento<\/h3>\n<p>A biografia tamb\u00e9m mencionada na nota oficial inclui o regresso aos palcos, a grava\u00e7\u00e3o de um disco com composi\u00e7\u00f5es de Jos\u00e9 Cid e a vit\u00f3ria de 1973 no Festival RTP com Apenas o meu povo. O historial art\u00edstico \u00e9 apresentado como uma obra que inspira gera\u00e7\u00f5es.<\/p>\n<p>Em 2022, Simone de Oliveira foi condecorada com a Gr\u00e3-Cruz da Ordem do M\u00e9rito pelo Presidente da Rep\u00fablica. A distin\u00e7\u00e3o atual mant\u00e9m o foco na abrang\u00eancia do seu contributo cultural.<\/p>\n","protected":false},"excerpt":{"rendered":"<ul>\n<li>O Governo vai atribuir a Medalha de M\u00e9rito Cultural a Simone de Oliveira, no Dia Mundial do Teatro, na Casa do Artista, em Lisboa.<\/li>\n<li>A decis\u00e3o foi anunciada pela ministra da Cultura, Margarida Balseiro Lopes, que elogiou a carreira da artista.<\/li>\n<li>A homenagem reconhece n\u00e3o apenas a cantora, mas o percurso de int\u00e9rprete cuja obra vai al\u00e9m de can\u00e7\u00f5es, espet\u00e1culos ou personagens.<\/li>\n<li>Em 1969, Simone de Oliveira venceu pela segunda vez o Festival RTP da Can\u00e7\u00e3o com Desfolhada Portuguesa, representando Portugal no Festival da Eurovis\u00e3o em Madrid.<\/li>\n<li>No final desse ano perdeu a voz, seguiu uma fase no jornalismo, r\u00e1dio e televis\u00e3o, recuperou-a mais tarde e regressou \u00e0 m\u00fasica, vencendo em 1973 o Pr\u00e9mio de Interpreta\u00e7\u00e3o com Apenas o meu povo; em 2022 recebeu a Gr\u00e3-Cruz da Ordem do M\u00e9rito.<\/li>\n<\/ul>\n","protected":false},"author":2,"featured_media":422348,"comment_status":"closed","ping_status":"closed","sticky":false,"template":"","format":"standard","meta":{"footnotes":""},"categories":[7375,1],"tags":[6773,145,6514,122,1014,119],"class_list":["post-422345","post","type-post","status-publish","format-standard","has-post-thumbnail","hentry","category-cultura","category-noticias","tag-condecoracoes","tag-cultura","tag-medalha-de-merito-cultural","tag-musica","tag-portugal","tag-teatro"],"yoast_head":"<!-- This site is optimized with the Yoast SEO plugin v27.2 - https:\/\/yoast.com\/product\/yoast-seo-wordpress\/ -->\n<title>Governo concede Medalha de M\u00e9rito Cultural a Simone de Oliveira no Teatro Mundial - Portal Tela Portugal<\/title>\n<meta name=\"robots\" content=\"index, follow, max-snippet:-1, max-image-preview:large, max-video-preview:-1\" \/>\n<meta property=\"og:locale\" content=\"pt_PT\" \/>\n<meta property=\"og:type\" content=\"article\" \/>\n<meta property=\"og:title\" content=\"Governo concede Medalha de M\u00e9rito Cultural a Simone de Oliveira no Teatro Mundial - Portal Tela Portugal\" \/>\n<meta property=\"og:description\" content=\"O Governo vai atribuir a Medalha de M\u00e9rito Cultural a Simone de Oliveira, no Dia Mundial do Teatro, na Casa do Artista, em Lisboa. A decis\u00e3o foi anunciada pela ministra da Cultura, Margarida Balseiro Lopes, que elogiou a carreira da artista. A homenagem reconhece n\u00e3o apenas a cantora, mas o percurso de int\u00e9rprete cuja obra vai al\u00e9m de can\u00e7\u00f5es, espet\u00e1culos ou personagens. Em 1969, Simone de Oliveira venceu pela segunda vez o Festival RTP da Can\u00e7\u00e3o com Desfolhada Portuguesa, representando Portugal no Festival da Eurovis\u00e3o em Madrid. No final desse ano perdeu a voz, seguiu uma fase no jornalismo, r\u00e1dio e televis\u00e3o, recuperou-a mais tarde e regressou \u00e0 m\u00fasica, vencendo em 1973 o Pr\u00e9mio de Interpreta\u00e7\u00e3o com Apenas o meu povo; em 2022 recebeu a Gr\u00e3-Cruz da Ordem do M\u00e9rito.\" \/>\n<meta property=\"og:url\" content=\"https:\/\/portaltela.pt\/noticias\/2026\/03\/26\/governo-concede-medalha-de-merito-cultural-a-simone-de-oliveira-no-teatro-mundial\/\" \/>\n<meta property=\"og:site_name\" content=\"Portal Tela Portugal\" \/>\n<meta property=\"article:published_time\" content=\"2026-03-26T14:18:00+00:00\" \/>\n<meta name=\"author\" content=\"Telinha\" \/>\n<meta name=\"twitter:card\" content=\"summary_large_image\" \/>\n<meta name=\"twitter:label1\" content=\"Escrito por\" \/>\n\t<meta name=\"twitter:data1\" content=\"Telinha\" \/>\n\t<meta name=\"twitter:label2\" content=\"Tempo estimado de leitura\" \/>\n\t<meta name=\"twitter:data2\" content=\"1 minuto\" \/>\n<script type=\"application\/ld+json\" class=\"yoast-schema-graph\">{\"@context\":\"https:\/\/schema.org\",\"@graph\":[{\"@type\":\"Article\",\"@id\":\"https:\/\/portaltela.pt\/noticias\/2026\/03\/26\/governo-concede-medalha-de-merito-cultural-a-simone-de-oliveira-no-teatro-mundial\/#article\",\"isPartOf\":{\"@id\":\"https:\/\/portaltela.pt\/noticias\/2026\/03\/26\/governo-concede-medalha-de-merito-cultural-a-simone-de-oliveira-no-teatro-mundial\/\"},\"author\":{\"name\":\"Telinha\",\"@id\":\"https:\/\/portaltela.pt\/#\/schema\/person\/c4278d4a6028830caff9ee44b42d32ed\"},\"headline\":\"Governo concede Medalha de M\u00e9rito Cultural a Simone de Oliveira no Teatro Mundial\",\"datePublished\":\"2026-03-26T14:18:00+00:00\",\"mainEntityOfPage\":{\"@id\":\"https:\/\/portaltela.pt\/noticias\/2026\/03\/26\/governo-concede-medalha-de-merito-cultural-a-simone-de-oliveira-no-teatro-mundial\/\"},\"wordCount\":239,\"image\":{\"@id\":\"https:\/\/portaltela.pt\/noticias\/2026\/03\/26\/governo-concede-medalha-de-merito-cultural-a-simone-de-oliveira-no-teatro-mundial\/#primaryimage\"},\"thumbnailUrl\":\"https:\/\/portaltela.pt\/s.01k8rhncp4jt1\/2026\/03\/2077057.jpg\",\"keywords\":[\"Condecora\u00e7\u00f5es\",\"cultura\",\"Medalha de M\u00e9rito Cultural\",\"m\u00fasica\",\"Portugal\",\"teatro\"],\"articleSection\":[\"Cultura\",\"Not\u00edcias\"],\"inLanguage\":\"pt-PT\"},{\"@type\":\"WebPage\",\"@id\":\"https:\/\/portaltela.pt\/noticias\/2026\/03\/26\/governo-concede-medalha-de-merito-cultural-a-simone-de-oliveira-no-teatro-mundial\/\",\"url\":\"https:\/\/portaltela.pt\/noticias\/2026\/03\/26\/governo-concede-medalha-de-merito-cultural-a-simone-de-oliveira-no-teatro-mundial\/\",\"name\":\"Governo concede Medalha de M\u00e9rito Cultural a Simone de Oliveira no Teatro Mundial - Portal Tela Portugal\",\"isPartOf\":{\"@id\":\"https:\/\/portaltela.pt\/#website\"},\"primaryImageOfPage\":{\"@id\":\"https:\/\/portaltela.pt\/noticias\/2026\/03\/26\/governo-concede-medalha-de-merito-cultural-a-simone-de-oliveira-no-teatro-mundial\/#primaryimage\"},\"image\":{\"@id\":\"https:\/\/portaltela.pt\/noticias\/2026\/03\/26\/governo-concede-medalha-de-merito-cultural-a-simone-de-oliveira-no-teatro-mundial\/#primaryimage\"},\"thumbnailUrl\":\"https:\/\/portaltela.pt\/s.01k8rhncp4jt1\/2026\/03\/2077057.jpg\",\"datePublished\":\"2026-03-26T14:18:00+00:00\",\"author\":{\"@id\":\"https:\/\/portaltela.pt\/#\/schema\/person\/c4278d4a6028830caff9ee44b42d32ed\"},\"breadcrumb\":{\"@id\":\"https:\/\/portaltela.pt\/noticias\/2026\/03\/26\/governo-concede-medalha-de-merito-cultural-a-simone-de-oliveira-no-teatro-mundial\/#breadcrumb\"},\"inLanguage\":\"pt-PT\",\"potentialAction\":[{\"@type\":\"ReadAction\",\"target\":[\"https:\/\/portaltela.pt\/noticias\/2026\/03\/26\/governo-concede-medalha-de-merito-cultural-a-simone-de-oliveira-no-teatro-mundial\/\"]}]},{\"@type\":\"ImageObject\",\"inLanguage\":\"pt-PT\",\"@id\":\"https:\/\/portaltela.pt\/noticias\/2026\/03\/26\/governo-concede-medalha-de-merito-cultural-a-simone-de-oliveira-no-teatro-mundial\/#primaryimage\",\"url\":\"https:\/\/portaltela.pt\/s.01k8rhncp4jt1\/2026\/03\/2077057.jpg\",\"contentUrl\":\"https:\/\/portaltela.pt\/s.01k8rhncp4jt1\/2026\/03\/2077057.jpg\",\"width\":796,\"height\":448,\"caption\":\"Simone de Oliveira\"},{\"@type\":\"BreadcrumbList\",\"@id\":\"https:\/\/portaltela.pt\/noticias\/2026\/03\/26\/governo-concede-medalha-de-merito-cultural-a-simone-de-oliveira-no-teatro-mundial\/#breadcrumb\",\"itemListElement\":[{\"@type\":\"ListItem\",\"position\":1,\"name\":\"In\u00edcio\",\"item\":\"https:\/\/portaltela.pt\/\"},{\"@type\":\"ListItem\",\"position\":2,\"name\":\"Governo concede Medalha de M\u00e9rito Cultural a Simone de Oliveira no Teatro Mundial\"}]},{\"@type\":\"WebSite\",\"@id\":\"https:\/\/portaltela.pt\/#website\",\"url\":\"https:\/\/portaltela.pt\/\",\"name\":\"Portal Tela Portugal\",\"description\":\"\",\"potentialAction\":[{\"@type\":\"SearchAction\",\"target\":{\"@type\":\"EntryPoint\",\"urlTemplate\":\"https:\/\/portaltela.pt\/?s={search_term_string}\"},\"query-input\":{\"@type\":\"PropertyValueSpecification\",\"valueRequired\":true,\"valueName\":\"search_term_string\"}}],\"inLanguage\":\"pt-PT\"},{\"@type\":\"Person\",\"@id\":\"https:\/\/portaltela.pt\/#\/schema\/person\/c4278d4a6028830caff9ee44b42d32ed\",\"name\":\"Telinha\",\"image\":{\"@type\":\"ImageObject\",\"inLanguage\":\"pt-PT\",\"@id\":\"https:\/\/portaltela.pt\/s.01k8rhncp4jt1\/2025\/11\/talking-bot-125x125.png\",\"url\":\"https:\/\/portaltela.pt\/s.01k8rhncp4jt1\/2025\/11\/talking-bot-125x125.png\",\"contentUrl\":\"https:\/\/portaltela.pt\/s.01k8rhncp4jt1\/2025\/11\/talking-bot-125x125.png\",\"caption\":\"Telinha\"},\"sameAs\":[\"https:\/\/portaltela.pt\/\"],\"url\":\"https:\/\/portaltela.pt\/por\/367410592786\/\"}]}<\/script>\n<!-- \/ Yoast SEO plugin. -->","yoast_head_json":{"title":"Governo concede Medalha de M\u00e9rito Cultural a Simone de Oliveira no Teatro Mundial - Portal Tela Portugal","robots":{"index":"index","follow":"follow","max-snippet":"max-snippet:-1","max-image-preview":"max-image-preview:large","max-video-preview":"max-video-preview:-1"},"og_locale":"pt_PT","og_type":"article","og_title":"Governo concede Medalha de M\u00e9rito Cultural a Simone de Oliveira no Teatro Mundial - Portal Tela Portugal","og_description":"O Governo vai atribuir a Medalha de M\u00e9rito Cultural a Simone de Oliveira, no Dia Mundial do Teatro, na Casa do Artista, em Lisboa. A decis\u00e3o foi anunciada pela ministra da Cultura, Margarida Balseiro Lopes, que elogiou a carreira da artista. A homenagem reconhece n\u00e3o apenas a cantora, mas o percurso de int\u00e9rprete cuja obra vai al\u00e9m de can\u00e7\u00f5es, espet\u00e1culos ou personagens. Em 1969, Simone de Oliveira venceu pela segunda vez o Festival RTP da Can\u00e7\u00e3o com Desfolhada Portuguesa, representando Portugal no Festival da Eurovis\u00e3o em Madrid. No final desse ano perdeu a voz, seguiu uma fase no jornalismo, r\u00e1dio e televis\u00e3o, recuperou-a mais tarde e regressou \u00e0 m\u00fasica, vencendo em 1973 o Pr\u00e9mio de Interpreta\u00e7\u00e3o com Apenas o meu povo; em 2022 recebeu a Gr\u00e3-Cruz da Ordem do M\u00e9rito.","og_url":"https:\/\/portaltela.pt\/noticias\/2026\/03\/26\/governo-concede-medalha-de-merito-cultural-a-simone-de-oliveira-no-teatro-mundial\/","og_site_name":"Portal Tela Portugal","article_published_time":"2026-03-26T14:18:00+00:00","author":"Telinha","twitter_card":"summary_large_image","twitter_misc":{"Escrito por":"Telinha","Tempo estimado de leitura":"1 minuto"},"schema":{"@context":"https:\/\/schema.org","@graph":[{"@type":"Article","@id":"https:\/\/portaltela.pt\/noticias\/2026\/03\/26\/governo-concede-medalha-de-merito-cultural-a-simone-de-oliveira-no-teatro-mundial\/#article","isPartOf":{"@id":"https:\/\/portaltela.pt\/noticias\/2026\/03\/26\/governo-concede-medalha-de-merito-cultural-a-simone-de-oliveira-no-teatro-mundial\/"},"author":{"name":"Telinha","@id":"https:\/\/portaltela.pt\/#\/schema\/person\/c4278d4a6028830caff9ee44b42d32ed"},"headline":"Governo concede Medalha de M\u00e9rito Cultural a Simone de Oliveira no Teatro Mundial","datePublished":"2026-03-26T14:18:00+00:00","mainEntityOfPage":{"@id":"https:\/\/portaltela.pt\/noticias\/2026\/03\/26\/governo-concede-medalha-de-merito-cultural-a-simone-de-oliveira-no-teatro-mundial\/"},"wordCount":239,"image":{"@id":"https:\/\/portaltela.pt\/noticias\/2026\/03\/26\/governo-concede-medalha-de-merito-cultural-a-simone-de-oliveira-no-teatro-mundial\/#primaryimage"},"thumbnailUrl":"https:\/\/portaltela.pt\/s.01k8rhncp4jt1\/2026\/03\/2077057.jpg","keywords":["Condecora\u00e7\u00f5es","cultura","Medalha de M\u00e9rito Cultural","m\u00fasica","Portugal","teatro"],"articleSection":["Cultura","Not\u00edcias"],"inLanguage":"pt-PT"},{"@type":"WebPage","@id":"https:\/\/portaltela.pt\/noticias\/2026\/03\/26\/governo-concede-medalha-de-merito-cultural-a-simone-de-oliveira-no-teatro-mundial\/","url":"https:\/\/portaltela.pt\/noticias\/2026\/03\/26\/governo-concede-medalha-de-merito-cultural-a-simone-de-oliveira-no-teatro-mundial\/","name":"Governo concede Medalha de M\u00e9rito Cultural a Simone de Oliveira no Teatro Mundial - Portal Tela Portugal","isPartOf":{"@id":"https:\/\/portaltela.pt\/#website"},"primaryImageOfPage":{"@id":"https:\/\/portaltela.pt\/noticias\/2026\/03\/26\/governo-concede-medalha-de-merito-cultural-a-simone-de-oliveira-no-teatro-mundial\/#primaryimage"},"image":{"@id":"https:\/\/portaltela.pt\/noticias\/2026\/03\/26\/governo-concede-medalha-de-merito-cultural-a-simone-de-oliveira-no-teatro-mundial\/#primaryimage"},"thumbnailUrl":"https:\/\/portaltela.pt\/s.01k8rhncp4jt1\/2026\/03\/2077057.jpg","datePublished":"2026-03-26T14:18:00+00:00","author":{"@id":"https:\/\/portaltela.pt\/#\/schema\/person\/c4278d4a6028830caff9ee44b42d32ed"},"breadcrumb":{"@id":"https:\/\/portaltela.pt\/noticias\/2026\/03\/26\/governo-concede-medalha-de-merito-cultural-a-simone-de-oliveira-no-teatro-mundial\/#breadcrumb"},"inLanguage":"pt-PT","potentialAction":[{"@type":"ReadAction","target":["https:\/\/portaltela.pt\/noticias\/2026\/03\/26\/governo-concede-medalha-de-merito-cultural-a-simone-de-oliveira-no-teatro-mundial\/"]}]},{"@type":"ImageObject","inLanguage":"pt-PT","@id":"https:\/\/portaltela.pt\/noticias\/2026\/03\/26\/governo-concede-medalha-de-merito-cultural-a-simone-de-oliveira-no-teatro-mundial\/#primaryimage","url":"https:\/\/portaltela.pt\/s.01k8rhncp4jt1\/2026\/03\/2077057.jpg","contentUrl":"https:\/\/portaltela.pt\/s.01k8rhncp4jt1\/2026\/03\/2077057.jpg","width":796,"height":448,"caption":"Simone de Oliveira"},{"@type":"BreadcrumbList","@id":"https:\/\/portaltela.pt\/noticias\/2026\/03\/26\/governo-concede-medalha-de-merito-cultural-a-simone-de-oliveira-no-teatro-mundial\/#breadcrumb","itemListElement":[{"@type":"ListItem","position":1,"name":"In\u00edcio","item":"https:\/\/portaltela.pt\/"},{"@type":"ListItem","position":2,"name":"Governo concede Medalha de M\u00e9rito Cultural a Simone de Oliveira no Teatro Mundial"}]},{"@type":"WebSite","@id":"https:\/\/portaltela.pt\/#website","url":"https:\/\/portaltela.pt\/","name":"Portal Tela Portugal","description":"","potentialAction":[{"@type":"SearchAction","target":{"@type":"EntryPoint","urlTemplate":"https:\/\/portaltela.pt\/?s={search_term_string}"},"query-input":{"@type":"PropertyValueSpecification","valueRequired":true,"valueName":"search_term_string"}}],"inLanguage":"pt-PT"},{"@type":"Person","@id":"https:\/\/portaltela.pt\/#\/schema\/person\/c4278d4a6028830caff9ee44b42d32ed","name":"Telinha","image":{"@type":"ImageObject","inLanguage":"pt-PT","@id":"https:\/\/portaltela.pt\/s.01k8rhncp4jt1\/2025\/11\/talking-bot-125x125.png","url":"https:\/\/portaltela.pt\/s.01k8rhncp4jt1\/2025\/11\/talking-bot-125x125.png","contentUrl":"https:\/\/portaltela.pt\/s.01k8rhncp4jt1\/2025\/11\/talking-bot-125x125.png","caption":"Telinha"},"sameAs":["https:\/\/portaltela.pt\/"],"url":"https:\/\/portaltela.pt\/por\/367410592786\/"}]}},"_links":{"self":[{"href":"https:\/\/portaltela.pt\/api\/wp\/v2\/posts\/422345","targetHints":{"allow":["GET"]}}],"collection":[{"href":"https:\/\/portaltela.pt\/api\/wp\/v2\/posts"}],"about":[{"href":"https:\/\/portaltela.pt\/api\/wp\/v2\/types\/post"}],"author":[{"embeddable":true,"href":"https:\/\/portaltela.pt\/api\/wp\/v2\/users\/2"}],"replies":[{"embeddable":true,"href":"https:\/\/portaltela.pt\/api\/wp\/v2\/comments?post=422345"}],"version-history":[{"count":0,"href":"https:\/\/portaltela.pt\/api\/wp\/v2\/posts\/422345\/revisions"}],"wp:featuredmedia":[{"embeddable":true,"href":"https:\/\/portaltela.pt\/api\/wp\/v2\/media\/422348"}],"wp:attachment":[{"href":"https:\/\/portaltela.pt\/api\/wp\/v2\/media?parent=422345"}],"wp:term":[{"taxonomy":"category","embeddable":true,"href":"https:\/\/portaltela.pt\/api\/wp\/v2\/categories?post=422345"},{"taxonomy":"post_tag","embeddable":true,"href":"https:\/\/portaltela.pt\/api\/wp\/v2\/tags?post=422345"}],"curies":[{"name":"wp","href":"https:\/\/api.w.org\/{rel}","templated":true}]}}