{"id":422325,"date":"2026-03-26T11:00:00","date_gmt":"2026-03-26T14:00:00","guid":{"rendered":"https:\/\/portaltela.pt\/noticias\/2026\/03\/26\/filme-da-semana-analisa-a-juventude-perdida-no-novo-cinema-portugues\/"},"modified":"2026-03-26T11:00:00","modified_gmt":"2026-03-26T14:00:00","slug":"filme-da-semana-analisa-a-juventude-perdida-no-novo-cinema-portugues","status":"publish","type":"post","link":"https:\/\/portaltela.pt\/series-e-filmes\/2026\/03\/26\/filme-da-semana-analisa-a-juventude-perdida-no-novo-cinema-portugues\/","title":{"rendered":"Filme da Semana analisa a juventude perdida no novo cinema portugu\u00eas"},"content":{"rendered":"<p>Entroncamento, no centro de Portugal, \u00e9 o cen\u00e1rio do segundo filme do cineasta Pedro Cabeleira. O drama social acompanha jovens que vivem \u00e0 margem, num espa\u00e7o descrito como um n\u00e3o-lugar, onde a viol\u00eancia, as drogas e a criminalidade surgem como parte da luta por uma vida melhor.<\/p>\n<p>A narrativa foca-se na realidade de uma periferia marcada pela aus\u00eancia de perspetivas. O filme busca trazer \u00e0 tona vidas invis\u00edveis, revelando motiva\u00e7\u00f5es, dificuldades e o contexto que encaminha os jovens para caminhos de risco. A abordagem \u00e9 realista e centrada nas pessoas.<\/p>\n<p>A produ\u00e7\u00e3o insere-se numa linha de cinema portugu\u00eas que aborda temas sociais com sensibilidade e factualidade. A rece\u00e7\u00e3o cr\u00edtica tem destacado a autenticidade da obra e a pertin\u00eancia de abordar realidades pouco discutidas, sem improvisos dram\u00e1ticos.<\/p>\n<h3>Sobre o filme<\/h3>\n<ul>\n<li>T\u00edtulo: Entroncamento<\/li>\n<li>Diretor: Pedro Cabeleira<\/li>\n<li>G\u00eanero: Drama social<\/li>\n<li>Local de filmagem: Entroncamento, Portugal<\/li>\n<li>Temas: Juventude, marginalidade, drogas, crime, esperan\u00e7a<\/li>\n<\/ul>\n<h3>Sobre o realizador<\/h3>\n<p>Pedro Cabeleira \u00e9 conhecido pela abordagem sociocultural dos seus filmes, com foco em realismo e apresenta\u00e7\u00e3o de realidades comunit\u00e1rias muitas vezes ignoradas pelo grande p\u00fablico.<\/p>\n","protected":false},"excerpt":{"rendered":"<ul>\n<li>O filme Entroncamento, de Pedro Cabeleira, \u00e9 o segundo longa do realizador e foca a periferia de Entroncamento, em Portugal, com uma abordagem realista de jovens \u00e0 margem.<\/li>\n<li>A obra retrata viol\u00eancia, consumo de drogas e criminalidade, apresentando uma realidade muitas vezes invis\u00edvel e a aus\u00eancia de perspetivas.<\/li>\n<li>A cr\u00edtica tem elogiado a autenticidade do retrato social e a sensibilidade da narra\u00e7\u00e3o, que procura sensibilizar o p\u00fablico para a vulnerabilidade dos jovens.<\/li>\n<li>O objetivo da pel\u00edcula \u00e9 promover reflex\u00e3o sobre as dificuldades enfrentadas pela juventude na periferia e a necessidade de oferecer oportunidades e esperan\u00e7a.<\/li>\n<li>Entroncamento tem sido exibido em salas e festivais, contribuindo para o debate social e a valoriza\u00e7\u00e3o do cinema portugu\u00eas contempor\u00e2neo.<\/li>\n<\/ul>\n","protected":false},"author":2,"featured_media":422328,"comment_status":"closed","ping_status":"closed","sticky":false,"template":"","format":"standard","meta":{"footnotes":""},"categories":[12,7368],"tags":[112,147,4347,1430,251,1014],"class_list":["post-422325","post","type-post","status-publish","format-standard","has-post-thumbnail","hentry","category-entretenimento","category-series-e-filmes","tag-cinema","tag-crime","tag-drogas","tag-entroncamento","tag-juventude","tag-portugal"],"yoast_head":"<!-- This site is optimized with the Yoast SEO plugin v27.2 - https:\/\/yoast.com\/product\/yoast-seo-wordpress\/ -->\n<title>Filme da Semana analisa a juventude perdida no novo cinema portugu\u00eas - Portal Tela Portugal<\/title>\n<meta name=\"robots\" content=\"index, follow, max-snippet:-1, max-image-preview:large, max-video-preview:-1\" \/>\n<meta property=\"og:locale\" content=\"pt_PT\" \/>\n<meta property=\"og:type\" content=\"article\" \/>\n<meta property=\"og:title\" content=\"Filme da Semana analisa a juventude perdida no novo cinema portugu\u00eas - Portal Tela Portugal\" \/>\n<meta property=\"og:description\" content=\"O filme Entroncamento, de Pedro Cabeleira, \u00e9 o segundo longa do realizador e foca a periferia de Entroncamento, em Portugal, com uma abordagem realista de jovens \u00e0 margem. A obra retrata viol\u00eancia, consumo de drogas e criminalidade, apresentando uma realidade muitas vezes invis\u00edvel e a aus\u00eancia de perspetivas. A cr\u00edtica tem elogiado a autenticidade do retrato social e a sensibilidade da narra\u00e7\u00e3o, que procura sensibilizar o p\u00fablico para a vulnerabilidade dos jovens. O objetivo da pel\u00edcula \u00e9 promover reflex\u00e3o sobre as dificuldades enfrentadas pela juventude na periferia e a necessidade de oferecer oportunidades e esperan\u00e7a. Entroncamento tem sido exibido em salas e festivais, contribuindo para o debate social e a valoriza\u00e7\u00e3o do cinema portugu\u00eas contempor\u00e2neo.\" \/>\n<meta property=\"og:url\" content=\"https:\/\/portaltela.pt\/noticias\/2026\/03\/26\/filme-da-semana-analisa-a-juventude-perdida-no-novo-cinema-portugues\/\" \/>\n<meta property=\"og:site_name\" content=\"Portal Tela Portugal\" \/>\n<meta property=\"article:published_time\" content=\"2026-03-26T14:00:00+00:00\" \/>\n<meta name=\"author\" content=\"Telinha\" \/>\n<meta name=\"twitter:card\" content=\"summary_large_image\" \/>\n<meta name=\"twitter:label1\" content=\"Escrito por\" \/>\n\t<meta name=\"twitter:data1\" content=\"Telinha\" \/>\n\t<meta name=\"twitter:label2\" content=\"Tempo estimado de leitura\" \/>\n\t<meta name=\"twitter:data2\" content=\"1 minuto\" \/>\n<script type=\"application\/ld+json\" class=\"yoast-schema-graph\">{\"@context\":\"https:\/\/schema.org\",\"@graph\":[{\"@type\":\"Article\",\"@id\":\"https:\/\/portaltela.pt\/noticias\/2026\/03\/26\/filme-da-semana-analisa-a-juventude-perdida-no-novo-cinema-portugues\/#article\",\"isPartOf\":{\"@id\":\"https:\/\/portaltela.pt\/noticias\/2026\/03\/26\/filme-da-semana-analisa-a-juventude-perdida-no-novo-cinema-portugues\/\"},\"author\":{\"name\":\"Telinha\",\"@id\":\"https:\/\/portaltela.pt\/#\/schema\/person\/c4278d4a6028830caff9ee44b42d32ed\"},\"headline\":\"Filme da Semana analisa a juventude perdida no novo cinema portugu\u00eas\",\"datePublished\":\"2026-03-26T14:00:00+00:00\",\"mainEntityOfPage\":{\"@id\":\"https:\/\/portaltela.pt\/noticias\/2026\/03\/26\/filme-da-semana-analisa-a-juventude-perdida-no-novo-cinema-portugues\/\"},\"wordCount\":202,\"image\":{\"@id\":\"https:\/\/portaltela.pt\/noticias\/2026\/03\/26\/filme-da-semana-analisa-a-juventude-perdida-no-novo-cinema-portugues\/#primaryimage\"},\"thumbnailUrl\":\"https:\/\/portaltela.pt\/s.01k8rhncp4jt1\/2026\/03\/img_1280x722uu2026-03-26-13-55-28-2274926.png\",\"keywords\":[\"cinema\",\"crime\",\"drogas\",\"Entroncamento\",\"juventude\",\"Portugal\"],\"articleSection\":[\"Entretenimento\",\"S\u00e9ries e filmes\"],\"inLanguage\":\"pt-PT\"},{\"@type\":\"WebPage\",\"@id\":\"https:\/\/portaltela.pt\/noticias\/2026\/03\/26\/filme-da-semana-analisa-a-juventude-perdida-no-novo-cinema-portugues\/\",\"url\":\"https:\/\/portaltela.pt\/noticias\/2026\/03\/26\/filme-da-semana-analisa-a-juventude-perdida-no-novo-cinema-portugues\/\",\"name\":\"Filme da Semana analisa a juventude perdida no novo cinema portugu\u00eas - Portal Tela Portugal\",\"isPartOf\":{\"@id\":\"https:\/\/portaltela.pt\/#website\"},\"primaryImageOfPage\":{\"@id\":\"https:\/\/portaltela.pt\/noticias\/2026\/03\/26\/filme-da-semana-analisa-a-juventude-perdida-no-novo-cinema-portugues\/#primaryimage\"},\"image\":{\"@id\":\"https:\/\/portaltela.pt\/noticias\/2026\/03\/26\/filme-da-semana-analisa-a-juventude-perdida-no-novo-cinema-portugues\/#primaryimage\"},\"thumbnailUrl\":\"https:\/\/portaltela.pt\/s.01k8rhncp4jt1\/2026\/03\/img_1280x722uu2026-03-26-13-55-28-2274926.png\",\"datePublished\":\"2026-03-26T14:00:00+00:00\",\"author\":{\"@id\":\"https:\/\/portaltela.pt\/#\/schema\/person\/c4278d4a6028830caff9ee44b42d32ed\"},\"breadcrumb\":{\"@id\":\"https:\/\/portaltela.pt\/noticias\/2026\/03\/26\/filme-da-semana-analisa-a-juventude-perdida-no-novo-cinema-portugues\/#breadcrumb\"},\"inLanguage\":\"pt-PT\",\"potentialAction\":[{\"@type\":\"ReadAction\",\"target\":[\"https:\/\/portaltela.pt\/noticias\/2026\/03\/26\/filme-da-semana-analisa-a-juventude-perdida-no-novo-cinema-portugues\/\"]}]},{\"@type\":\"ImageObject\",\"inLanguage\":\"pt-PT\",\"@id\":\"https:\/\/portaltela.pt\/noticias\/2026\/03\/26\/filme-da-semana-analisa-a-juventude-perdida-no-novo-cinema-portugues\/#primaryimage\",\"url\":\"https:\/\/portaltela.pt\/s.01k8rhncp4jt1\/2026\/03\/img_1280x722uu2026-03-26-13-55-28-2274926.png\",\"contentUrl\":\"https:\/\/portaltela.pt\/s.01k8rhncp4jt1\/2026\/03\/img_1280x722uu2026-03-26-13-55-28-2274926.png\",\"width\":1280,\"height\":722,\"caption\":\"Filme da Semana | A juventude perdida no novo cinema portugu\u00eas\"},{\"@type\":\"BreadcrumbList\",\"@id\":\"https:\/\/portaltela.pt\/noticias\/2026\/03\/26\/filme-da-semana-analisa-a-juventude-perdida-no-novo-cinema-portugues\/#breadcrumb\",\"itemListElement\":[{\"@type\":\"ListItem\",\"position\":1,\"name\":\"In\u00edcio\",\"item\":\"https:\/\/portaltela.pt\/\"},{\"@type\":\"ListItem\",\"position\":2,\"name\":\"Filme da Semana analisa a juventude perdida no novo cinema portugu\u00eas\"}]},{\"@type\":\"WebSite\",\"@id\":\"https:\/\/portaltela.pt\/#website\",\"url\":\"https:\/\/portaltela.pt\/\",\"name\":\"Portal Tela Portugal\",\"description\":\"\",\"potentialAction\":[{\"@type\":\"SearchAction\",\"target\":{\"@type\":\"EntryPoint\",\"urlTemplate\":\"https:\/\/portaltela.pt\/?s={search_term_string}\"},\"query-input\":{\"@type\":\"PropertyValueSpecification\",\"valueRequired\":true,\"valueName\":\"search_term_string\"}}],\"inLanguage\":\"pt-PT\"},{\"@type\":\"Person\",\"@id\":\"https:\/\/portaltela.pt\/#\/schema\/person\/c4278d4a6028830caff9ee44b42d32ed\",\"name\":\"Telinha\",\"image\":{\"@type\":\"ImageObject\",\"inLanguage\":\"pt-PT\",\"@id\":\"https:\/\/portaltela.pt\/s.01k8rhncp4jt1\/2025\/11\/talking-bot-125x125.png\",\"url\":\"https:\/\/portaltela.pt\/s.01k8rhncp4jt1\/2025\/11\/talking-bot-125x125.png\",\"contentUrl\":\"https:\/\/portaltela.pt\/s.01k8rhncp4jt1\/2025\/11\/talking-bot-125x125.png\",\"caption\":\"Telinha\"},\"sameAs\":[\"https:\/\/portaltela.pt\/\"],\"url\":\"https:\/\/portaltela.pt\/por\/367410592786\/\"}]}<\/script>\n<!-- \/ Yoast SEO plugin. -->","yoast_head_json":{"title":"Filme da Semana analisa a juventude perdida no novo cinema portugu\u00eas - Portal Tela Portugal","robots":{"index":"index","follow":"follow","max-snippet":"max-snippet:-1","max-image-preview":"max-image-preview:large","max-video-preview":"max-video-preview:-1"},"og_locale":"pt_PT","og_type":"article","og_title":"Filme da Semana analisa a juventude perdida no novo cinema portugu\u00eas - Portal Tela Portugal","og_description":"O filme Entroncamento, de Pedro Cabeleira, \u00e9 o segundo longa do realizador e foca a periferia de Entroncamento, em Portugal, com uma abordagem realista de jovens \u00e0 margem. A obra retrata viol\u00eancia, consumo de drogas e criminalidade, apresentando uma realidade muitas vezes invis\u00edvel e a aus\u00eancia de perspetivas. A cr\u00edtica tem elogiado a autenticidade do retrato social e a sensibilidade da narra\u00e7\u00e3o, que procura sensibilizar o p\u00fablico para a vulnerabilidade dos jovens. O objetivo da pel\u00edcula \u00e9 promover reflex\u00e3o sobre as dificuldades enfrentadas pela juventude na periferia e a necessidade de oferecer oportunidades e esperan\u00e7a. Entroncamento tem sido exibido em salas e festivais, contribuindo para o debate social e a valoriza\u00e7\u00e3o do cinema portugu\u00eas contempor\u00e2neo.","og_url":"https:\/\/portaltela.pt\/noticias\/2026\/03\/26\/filme-da-semana-analisa-a-juventude-perdida-no-novo-cinema-portugues\/","og_site_name":"Portal Tela Portugal","article_published_time":"2026-03-26T14:00:00+00:00","author":"Telinha","twitter_card":"summary_large_image","twitter_misc":{"Escrito por":"Telinha","Tempo estimado de leitura":"1 minuto"},"schema":{"@context":"https:\/\/schema.org","@graph":[{"@type":"Article","@id":"https:\/\/portaltela.pt\/noticias\/2026\/03\/26\/filme-da-semana-analisa-a-juventude-perdida-no-novo-cinema-portugues\/#article","isPartOf":{"@id":"https:\/\/portaltela.pt\/noticias\/2026\/03\/26\/filme-da-semana-analisa-a-juventude-perdida-no-novo-cinema-portugues\/"},"author":{"name":"Telinha","@id":"https:\/\/portaltela.pt\/#\/schema\/person\/c4278d4a6028830caff9ee44b42d32ed"},"headline":"Filme da Semana analisa a juventude perdida no novo cinema portugu\u00eas","datePublished":"2026-03-26T14:00:00+00:00","mainEntityOfPage":{"@id":"https:\/\/portaltela.pt\/noticias\/2026\/03\/26\/filme-da-semana-analisa-a-juventude-perdida-no-novo-cinema-portugues\/"},"wordCount":202,"image":{"@id":"https:\/\/portaltela.pt\/noticias\/2026\/03\/26\/filme-da-semana-analisa-a-juventude-perdida-no-novo-cinema-portugues\/#primaryimage"},"thumbnailUrl":"https:\/\/portaltela.pt\/s.01k8rhncp4jt1\/2026\/03\/img_1280x722uu2026-03-26-13-55-28-2274926.png","keywords":["cinema","crime","drogas","Entroncamento","juventude","Portugal"],"articleSection":["Entretenimento","S\u00e9ries e filmes"],"inLanguage":"pt-PT"},{"@type":"WebPage","@id":"https:\/\/portaltela.pt\/noticias\/2026\/03\/26\/filme-da-semana-analisa-a-juventude-perdida-no-novo-cinema-portugues\/","url":"https:\/\/portaltela.pt\/noticias\/2026\/03\/26\/filme-da-semana-analisa-a-juventude-perdida-no-novo-cinema-portugues\/","name":"Filme da Semana analisa a juventude perdida no novo cinema portugu\u00eas - Portal Tela Portugal","isPartOf":{"@id":"https:\/\/portaltela.pt\/#website"},"primaryImageOfPage":{"@id":"https:\/\/portaltela.pt\/noticias\/2026\/03\/26\/filme-da-semana-analisa-a-juventude-perdida-no-novo-cinema-portugues\/#primaryimage"},"image":{"@id":"https:\/\/portaltela.pt\/noticias\/2026\/03\/26\/filme-da-semana-analisa-a-juventude-perdida-no-novo-cinema-portugues\/#primaryimage"},"thumbnailUrl":"https:\/\/portaltela.pt\/s.01k8rhncp4jt1\/2026\/03\/img_1280x722uu2026-03-26-13-55-28-2274926.png","datePublished":"2026-03-26T14:00:00+00:00","author":{"@id":"https:\/\/portaltela.pt\/#\/schema\/person\/c4278d4a6028830caff9ee44b42d32ed"},"breadcrumb":{"@id":"https:\/\/portaltela.pt\/noticias\/2026\/03\/26\/filme-da-semana-analisa-a-juventude-perdida-no-novo-cinema-portugues\/#breadcrumb"},"inLanguage":"pt-PT","potentialAction":[{"@type":"ReadAction","target":["https:\/\/portaltela.pt\/noticias\/2026\/03\/26\/filme-da-semana-analisa-a-juventude-perdida-no-novo-cinema-portugues\/"]}]},{"@type":"ImageObject","inLanguage":"pt-PT","@id":"https:\/\/portaltela.pt\/noticias\/2026\/03\/26\/filme-da-semana-analisa-a-juventude-perdida-no-novo-cinema-portugues\/#primaryimage","url":"https:\/\/portaltela.pt\/s.01k8rhncp4jt1\/2026\/03\/img_1280x722uu2026-03-26-13-55-28-2274926.png","contentUrl":"https:\/\/portaltela.pt\/s.01k8rhncp4jt1\/2026\/03\/img_1280x722uu2026-03-26-13-55-28-2274926.png","width":1280,"height":722,"caption":"Filme da Semana | A juventude perdida no novo cinema portugu\u00eas"},{"@type":"BreadcrumbList","@id":"https:\/\/portaltela.pt\/noticias\/2026\/03\/26\/filme-da-semana-analisa-a-juventude-perdida-no-novo-cinema-portugues\/#breadcrumb","itemListElement":[{"@type":"ListItem","position":1,"name":"In\u00edcio","item":"https:\/\/portaltela.pt\/"},{"@type":"ListItem","position":2,"name":"Filme da Semana analisa a juventude perdida no novo cinema portugu\u00eas"}]},{"@type":"WebSite","@id":"https:\/\/portaltela.pt\/#website","url":"https:\/\/portaltela.pt\/","name":"Portal Tela Portugal","description":"","potentialAction":[{"@type":"SearchAction","target":{"@type":"EntryPoint","urlTemplate":"https:\/\/portaltela.pt\/?s={search_term_string}"},"query-input":{"@type":"PropertyValueSpecification","valueRequired":true,"valueName":"search_term_string"}}],"inLanguage":"pt-PT"},{"@type":"Person","@id":"https:\/\/portaltela.pt\/#\/schema\/person\/c4278d4a6028830caff9ee44b42d32ed","name":"Telinha","image":{"@type":"ImageObject","inLanguage":"pt-PT","@id":"https:\/\/portaltela.pt\/s.01k8rhncp4jt1\/2025\/11\/talking-bot-125x125.png","url":"https:\/\/portaltela.pt\/s.01k8rhncp4jt1\/2025\/11\/talking-bot-125x125.png","contentUrl":"https:\/\/portaltela.pt\/s.01k8rhncp4jt1\/2025\/11\/talking-bot-125x125.png","caption":"Telinha"},"sameAs":["https:\/\/portaltela.pt\/"],"url":"https:\/\/portaltela.pt\/por\/367410592786\/"}]}},"_links":{"self":[{"href":"https:\/\/portaltela.pt\/api\/wp\/v2\/posts\/422325","targetHints":{"allow":["GET"]}}],"collection":[{"href":"https:\/\/portaltela.pt\/api\/wp\/v2\/posts"}],"about":[{"href":"https:\/\/portaltela.pt\/api\/wp\/v2\/types\/post"}],"author":[{"embeddable":true,"href":"https:\/\/portaltela.pt\/api\/wp\/v2\/users\/2"}],"replies":[{"embeddable":true,"href":"https:\/\/portaltela.pt\/api\/wp\/v2\/comments?post=422325"}],"version-history":[{"count":0,"href":"https:\/\/portaltela.pt\/api\/wp\/v2\/posts\/422325\/revisions"}],"wp:featuredmedia":[{"embeddable":true,"href":"https:\/\/portaltela.pt\/api\/wp\/v2\/media\/422328"}],"wp:attachment":[{"href":"https:\/\/portaltela.pt\/api\/wp\/v2\/media?parent=422325"}],"wp:term":[{"taxonomy":"category","embeddable":true,"href":"https:\/\/portaltela.pt\/api\/wp\/v2\/categories?post=422325"},{"taxonomy":"post_tag","embeddable":true,"href":"https:\/\/portaltela.pt\/api\/wp\/v2\/tags?post=422325"}],"curies":[{"name":"wp","href":"https:\/\/api.w.org\/{rel}","templated":true}]}}