{"id":422323,"date":"2026-03-26T11:10:15","date_gmt":"2026-03-26T14:10:15","guid":{"rendered":"https:\/\/portaltela.pt\/noticias\/2026\/03\/26\/erc-nao-autoriza-projeto-radio-da-bauer-com-o-benfica\/"},"modified":"2026-03-26T11:10:15","modified_gmt":"2026-03-26T14:10:15","slug":"erc-nao-autoriza-projeto-radio-da-bauer-com-o-benfica","status":"publish","type":"post","link":"https:\/\/portaltela.pt\/noticias\/politica\/2026\/03\/26\/erc-nao-autoriza-projeto-radio-da-bauer-com-o-benfica\/","title":{"rendered":"ERC n\u00e3o autoriza projeto r\u00e1dio da Bauer com o Benfica"},"content":{"rendered":"<p>A Entidade Reguladora para a Comunica\u00e7\u00e3o Social (ERC) n\u00e3o autorizou o projeto radiof\u00f3nico do grupo Bauer e do Sport Lisboa e Benfica, por n\u00e3o cumprir os pressupostos legais. A decis\u00e3o foi tornada p\u00fablica hoje.<\/p>\n<p>O Conselho Regulador indeferiu, a 25 de mar\u00e7o de 2026, o requerimento da BMHAUDIO Portugal Holdings para modificar o projeto dos servi\u00e7os Batida FM, Batida FM Moita, Batida FM Maia e Batida FM Cantanhede, para uma tipologia desportiva informativa.<\/p>\n<p>Como consequ\u00eancia, a ERC n\u00e3o apreciou a associa\u00e7\u00e3o destes servi\u00e7os com a Golo FM (Bombarral), do operador Benfica FM, Unipessoal, Lda., mantendo a identifica\u00e7\u00e3o comum em antena como Benfica FM.<\/p>\n<p>A decis\u00e3o sustenta que a modifica\u00e7\u00e3o n\u00e3o aumentaria a diversidade da oferta radiof\u00f3nica nas \u00e1reas de Amadora, Moita, Cantanhede e Maia, antes substituindo apenas a tem\u00e1tica sem acrescentar pluralidade de conte\u00fados.<\/p>\n<p>A ERC aponta d\u00favidas quanto \u00e0 independ\u00eancia editorial, devido \u00e0 participa\u00e7\u00e3o relevante do Sport Lisboa e Benfica na conce\u00e7\u00e3o e estrutura\u00e7\u00e3o dos conte\u00fados, o que contraria o regime jur\u00eddico dos operadores de r\u00e1dio.<\/p>\n<p>O regulador tamb\u00e9m considera que o projeto pode colocar em risco o pluralismo, ao segmentar o audit\u00f3rio para interesses desportivos espec\u00edficos, em detrimento do servi\u00e7o orientado ao interesse p\u00fablico das comunidades abrangidas.<\/p>\n<p>A guarda de recursos p\u00fablicos de espectro radiof\u00f3nico \u00e9 referido como responsabilidade da ERC, que afirma buscar manter o espectro orientado para o interesse p\u00fablico e o pluralismo.<\/p>\n","protected":false},"excerpt":{"rendered":"<ul>\n<li>A ERC n\u00e3o autorizou o projeto radiof\u00f3nico do grupo Bauer e do Sport Lisboa e Benfica, por n\u00e3o cumprir os pressupostos legais necess\u00e1rios.<\/li>\n<li>O Conselho Regulador indeferiu, em 25 de mar\u00e7o de 2026, o requerimento de BMHAUDIO Portugal Holdings para alterar os servi\u00e7os Batida FM, Batida FM Moita, Batida FM Maia e Batida FM Cantanhede de tem\u00e1tica musical para tem\u00e1tica desportiva informativa.<\/li>\n<li>A altera\u00e7\u00e3o n\u00e3o seria, na perce\u00e7\u00e3o da ERC, um refor\u00e7o da diversidade nem da pluralidade na cobertura local, podendo at\u00e9 reduzir o potencial de audi\u00eancia devido \u00e0 natureza mais segmentada da programa\u00e7\u00e3o desportiva.<\/li>\n<li>Persistem d\u00favidas sobre a salvaguarda da independ\u00eancia editorial, face \u00e0 participa\u00e7\u00e3o relevante do Benfica na conce\u00e7\u00e3o e estrutura\u00e7\u00e3o dos conte\u00fados, o que seria incompat\u00edvel com o regime jur\u00eddico aplic\u00e1vel aos operadores de r\u00e1dio.<\/li>\n<li>O regulador entende que o projeto forte de liga\u00e7\u00e3o a um universo desportivo espec\u00edfico compromete o pluralismo e o interesse p\u00fablico das comunidades abrangidas, n\u00e3o assegurando um servi\u00e7o de r\u00e1dio orientado para esse interesse.<\/li>\n<\/ul>\n","protected":false},"author":2,"featured_media":422326,"comment_status":"closed","ping_status":"closed","sticky":false,"template":"","format":"standard","meta":{"footnotes":""},"categories":[1,5],"tags":[1439,1946,3677,2607,1743,3569],"class_list":["post-422323","post","type-post","status-publish","format-standard","has-post-thumbnail","hentry","category-noticias","category-politica","tag-amadora","tag-benfica","tag-cantanhede","tag-comunicacao","tag-maia","tag-moita"],"yoast_head":"<!-- This site is optimized with the Yoast SEO plugin v27.2 - https:\/\/yoast.com\/product\/yoast-seo-wordpress\/ -->\n<title>ERC n\u00e3o autoriza projeto r\u00e1dio da Bauer com o Benfica - Portal Tela Portugal<\/title>\n<meta name=\"robots\" content=\"index, follow, max-snippet:-1, max-image-preview:large, max-video-preview:-1\" \/>\n<meta property=\"og:locale\" content=\"pt_PT\" \/>\n<meta property=\"og:type\" content=\"article\" \/>\n<meta property=\"og:title\" content=\"ERC n\u00e3o autoriza projeto r\u00e1dio da Bauer com o Benfica - Portal Tela Portugal\" \/>\n<meta property=\"og:description\" content=\"A ERC n\u00e3o autorizou o projeto radiof\u00f3nico do grupo Bauer e do Sport Lisboa e Benfica, por n\u00e3o cumprir os pressupostos legais necess\u00e1rios. O Conselho Regulador indeferiu, em 25 de mar\u00e7o de 2026, o requerimento de BMHAUDIO Portugal Holdings para alterar os servi\u00e7os Batida FM, Batida FM Moita, Batida FM Maia e Batida FM Cantanhede de tem\u00e1tica musical para tem\u00e1tica desportiva informativa. A altera\u00e7\u00e3o n\u00e3o seria, na perce\u00e7\u00e3o da ERC, um refor\u00e7o da diversidade nem da pluralidade na cobertura local, podendo at\u00e9 reduzir o potencial de audi\u00eancia devido \u00e0 natureza mais segmentada da programa\u00e7\u00e3o desportiva. Persistem d\u00favidas sobre a salvaguarda da independ\u00eancia editorial, face \u00e0 participa\u00e7\u00e3o relevante do Benfica na conce\u00e7\u00e3o e estrutura\u00e7\u00e3o dos conte\u00fados, o que seria incompat\u00edvel com o regime jur\u00eddico aplic\u00e1vel aos operadores de r\u00e1dio. O regulador entende que o projeto forte de liga\u00e7\u00e3o a um universo desportivo espec\u00edfico compromete o pluralismo e o interesse p\u00fablico das comunidades abrangidas, n\u00e3o assegurando um servi\u00e7o de r\u00e1dio orientado para esse interesse.\" \/>\n<meta property=\"og:url\" content=\"https:\/\/portaltela.pt\/noticias\/2026\/03\/26\/erc-nao-autoriza-projeto-radio-da-bauer-com-o-benfica\/\" \/>\n<meta property=\"og:site_name\" content=\"Portal Tela Portugal\" \/>\n<meta property=\"article:published_time\" content=\"2026-03-26T14:10:15+00:00\" \/>\n<meta name=\"author\" content=\"Telinha\" \/>\n<meta name=\"twitter:card\" content=\"summary_large_image\" \/>\n<meta name=\"twitter:label1\" content=\"Escrito por\" \/>\n\t<meta name=\"twitter:data1\" content=\"Telinha\" \/>\n\t<meta name=\"twitter:label2\" content=\"Tempo estimado de leitura\" \/>\n\t<meta name=\"twitter:data2\" content=\"1 minuto\" \/>\n<script type=\"application\/ld+json\" class=\"yoast-schema-graph\">{\"@context\":\"https:\/\/schema.org\",\"@graph\":[{\"@type\":\"Article\",\"@id\":\"https:\/\/portaltela.pt\/noticias\/2026\/03\/26\/erc-nao-autoriza-projeto-radio-da-bauer-com-o-benfica\/#article\",\"isPartOf\":{\"@id\":\"https:\/\/portaltela.pt\/noticias\/2026\/03\/26\/erc-nao-autoriza-projeto-radio-da-bauer-com-o-benfica\/\"},\"author\":{\"name\":\"Telinha\",\"@id\":\"https:\/\/portaltela.pt\/#\/schema\/person\/c4278d4a6028830caff9ee44b42d32ed\"},\"headline\":\"ERC n\u00e3o autoriza projeto r\u00e1dio da Bauer com o Benfica\",\"datePublished\":\"2026-03-26T14:10:15+00:00\",\"mainEntityOfPage\":{\"@id\":\"https:\/\/portaltela.pt\/noticias\/2026\/03\/26\/erc-nao-autoriza-projeto-radio-da-bauer-com-o-benfica\/\"},\"wordCount\":269,\"image\":{\"@id\":\"https:\/\/portaltela.pt\/noticias\/2026\/03\/26\/erc-nao-autoriza-projeto-radio-da-bauer-com-o-benfica\/#primaryimage\"},\"thumbnailUrl\":\"https:\/\/portaltela.pt\/s.01k8rhncp4jt1\/2026\/03\/img_920x518uu2026-03-12-19-05-39-2426525.jpg\",\"keywords\":[\"Amadora\",\"Benfica\",\"Cantanhede\",\"comunica\u00e7\u00e3o\",\"Maia\",\"Moita\"],\"articleSection\":[\"Not\u00edcias\",\"Pol\u00edtica\"],\"inLanguage\":\"pt-PT\"},{\"@type\":\"WebPage\",\"@id\":\"https:\/\/portaltela.pt\/noticias\/2026\/03\/26\/erc-nao-autoriza-projeto-radio-da-bauer-com-o-benfica\/\",\"url\":\"https:\/\/portaltela.pt\/noticias\/2026\/03\/26\/erc-nao-autoriza-projeto-radio-da-bauer-com-o-benfica\/\",\"name\":\"ERC n\u00e3o autoriza projeto r\u00e1dio da Bauer com o Benfica - Portal Tela Portugal\",\"isPartOf\":{\"@id\":\"https:\/\/portaltela.pt\/#website\"},\"primaryImageOfPage\":{\"@id\":\"https:\/\/portaltela.pt\/noticias\/2026\/03\/26\/erc-nao-autoriza-projeto-radio-da-bauer-com-o-benfica\/#primaryimage\"},\"image\":{\"@id\":\"https:\/\/portaltela.pt\/noticias\/2026\/03\/26\/erc-nao-autoriza-projeto-radio-da-bauer-com-o-benfica\/#primaryimage\"},\"thumbnailUrl\":\"https:\/\/portaltela.pt\/s.01k8rhncp4jt1\/2026\/03\/img_920x518uu2026-03-12-19-05-39-2426525.jpg\",\"datePublished\":\"2026-03-26T14:10:15+00:00\",\"author\":{\"@id\":\"https:\/\/portaltela.pt\/#\/schema\/person\/c4278d4a6028830caff9ee44b42d32ed\"},\"breadcrumb\":{\"@id\":\"https:\/\/portaltela.pt\/noticias\/2026\/03\/26\/erc-nao-autoriza-projeto-radio-da-bauer-com-o-benfica\/#breadcrumb\"},\"inLanguage\":\"pt-PT\",\"potentialAction\":[{\"@type\":\"ReadAction\",\"target\":[\"https:\/\/portaltela.pt\/noticias\/2026\/03\/26\/erc-nao-autoriza-projeto-radio-da-bauer-com-o-benfica\/\"]}]},{\"@type\":\"ImageObject\",\"inLanguage\":\"pt-PT\",\"@id\":\"https:\/\/portaltela.pt\/noticias\/2026\/03\/26\/erc-nao-autoriza-projeto-radio-da-bauer-com-o-benfica\/#primaryimage\",\"url\":\"https:\/\/portaltela.pt\/s.01k8rhncp4jt1\/2026\/03\/img_920x518uu2026-03-12-19-05-39-2426525.jpg\",\"contentUrl\":\"https:\/\/portaltela.pt\/s.01k8rhncp4jt1\/2026\/03\/img_920x518uu2026-03-12-19-05-39-2426525.jpg\",\"width\":796,\"height\":448,\"caption\":\"Benfica FM\"},{\"@type\":\"BreadcrumbList\",\"@id\":\"https:\/\/portaltela.pt\/noticias\/2026\/03\/26\/erc-nao-autoriza-projeto-radio-da-bauer-com-o-benfica\/#breadcrumb\",\"itemListElement\":[{\"@type\":\"ListItem\",\"position\":1,\"name\":\"In\u00edcio\",\"item\":\"https:\/\/portaltela.pt\/\"},{\"@type\":\"ListItem\",\"position\":2,\"name\":\"ERC n\u00e3o autoriza projeto r\u00e1dio da Bauer com o Benfica\"}]},{\"@type\":\"WebSite\",\"@id\":\"https:\/\/portaltela.pt\/#website\",\"url\":\"https:\/\/portaltela.pt\/\",\"name\":\"Portal Tela Portugal\",\"description\":\"\",\"potentialAction\":[{\"@type\":\"SearchAction\",\"target\":{\"@type\":\"EntryPoint\",\"urlTemplate\":\"https:\/\/portaltela.pt\/?s={search_term_string}\"},\"query-input\":{\"@type\":\"PropertyValueSpecification\",\"valueRequired\":true,\"valueName\":\"search_term_string\"}}],\"inLanguage\":\"pt-PT\"},{\"@type\":\"Person\",\"@id\":\"https:\/\/portaltela.pt\/#\/schema\/person\/c4278d4a6028830caff9ee44b42d32ed\",\"name\":\"Telinha\",\"image\":{\"@type\":\"ImageObject\",\"inLanguage\":\"pt-PT\",\"@id\":\"https:\/\/portaltela.pt\/s.01k8rhncp4jt1\/2025\/11\/talking-bot-125x125.png\",\"url\":\"https:\/\/portaltela.pt\/s.01k8rhncp4jt1\/2025\/11\/talking-bot-125x125.png\",\"contentUrl\":\"https:\/\/portaltela.pt\/s.01k8rhncp4jt1\/2025\/11\/talking-bot-125x125.png\",\"caption\":\"Telinha\"},\"sameAs\":[\"https:\/\/portaltela.pt\/\"],\"url\":\"https:\/\/portaltela.pt\/por\/367410592786\/\"}]}<\/script>\n<!-- \/ Yoast SEO plugin. -->","yoast_head_json":{"title":"ERC n\u00e3o autoriza projeto r\u00e1dio da Bauer com o Benfica - Portal Tela Portugal","robots":{"index":"index","follow":"follow","max-snippet":"max-snippet:-1","max-image-preview":"max-image-preview:large","max-video-preview":"max-video-preview:-1"},"og_locale":"pt_PT","og_type":"article","og_title":"ERC n\u00e3o autoriza projeto r\u00e1dio da Bauer com o Benfica - Portal Tela Portugal","og_description":"A ERC n\u00e3o autorizou o projeto radiof\u00f3nico do grupo Bauer e do Sport Lisboa e Benfica, por n\u00e3o cumprir os pressupostos legais necess\u00e1rios. O Conselho Regulador indeferiu, em 25 de mar\u00e7o de 2026, o requerimento de BMHAUDIO Portugal Holdings para alterar os servi\u00e7os Batida FM, Batida FM Moita, Batida FM Maia e Batida FM Cantanhede de tem\u00e1tica musical para tem\u00e1tica desportiva informativa. A altera\u00e7\u00e3o n\u00e3o seria, na perce\u00e7\u00e3o da ERC, um refor\u00e7o da diversidade nem da pluralidade na cobertura local, podendo at\u00e9 reduzir o potencial de audi\u00eancia devido \u00e0 natureza mais segmentada da programa\u00e7\u00e3o desportiva. Persistem d\u00favidas sobre a salvaguarda da independ\u00eancia editorial, face \u00e0 participa\u00e7\u00e3o relevante do Benfica na conce\u00e7\u00e3o e estrutura\u00e7\u00e3o dos conte\u00fados, o que seria incompat\u00edvel com o regime jur\u00eddico aplic\u00e1vel aos operadores de r\u00e1dio. O regulador entende que o projeto forte de liga\u00e7\u00e3o a um universo desportivo espec\u00edfico compromete o pluralismo e o interesse p\u00fablico das comunidades abrangidas, n\u00e3o assegurando um servi\u00e7o de r\u00e1dio orientado para esse interesse.","og_url":"https:\/\/portaltela.pt\/noticias\/2026\/03\/26\/erc-nao-autoriza-projeto-radio-da-bauer-com-o-benfica\/","og_site_name":"Portal Tela Portugal","article_published_time":"2026-03-26T14:10:15+00:00","author":"Telinha","twitter_card":"summary_large_image","twitter_misc":{"Escrito por":"Telinha","Tempo estimado de leitura":"1 minuto"},"schema":{"@context":"https:\/\/schema.org","@graph":[{"@type":"Article","@id":"https:\/\/portaltela.pt\/noticias\/2026\/03\/26\/erc-nao-autoriza-projeto-radio-da-bauer-com-o-benfica\/#article","isPartOf":{"@id":"https:\/\/portaltela.pt\/noticias\/2026\/03\/26\/erc-nao-autoriza-projeto-radio-da-bauer-com-o-benfica\/"},"author":{"name":"Telinha","@id":"https:\/\/portaltela.pt\/#\/schema\/person\/c4278d4a6028830caff9ee44b42d32ed"},"headline":"ERC n\u00e3o autoriza projeto r\u00e1dio da Bauer com o Benfica","datePublished":"2026-03-26T14:10:15+00:00","mainEntityOfPage":{"@id":"https:\/\/portaltela.pt\/noticias\/2026\/03\/26\/erc-nao-autoriza-projeto-radio-da-bauer-com-o-benfica\/"},"wordCount":269,"image":{"@id":"https:\/\/portaltela.pt\/noticias\/2026\/03\/26\/erc-nao-autoriza-projeto-radio-da-bauer-com-o-benfica\/#primaryimage"},"thumbnailUrl":"https:\/\/portaltela.pt\/s.01k8rhncp4jt1\/2026\/03\/img_920x518uu2026-03-12-19-05-39-2426525.jpg","keywords":["Amadora","Benfica","Cantanhede","comunica\u00e7\u00e3o","Maia","Moita"],"articleSection":["Not\u00edcias","Pol\u00edtica"],"inLanguage":"pt-PT"},{"@type":"WebPage","@id":"https:\/\/portaltela.pt\/noticias\/2026\/03\/26\/erc-nao-autoriza-projeto-radio-da-bauer-com-o-benfica\/","url":"https:\/\/portaltela.pt\/noticias\/2026\/03\/26\/erc-nao-autoriza-projeto-radio-da-bauer-com-o-benfica\/","name":"ERC n\u00e3o autoriza projeto r\u00e1dio da Bauer com o Benfica - Portal Tela Portugal","isPartOf":{"@id":"https:\/\/portaltela.pt\/#website"},"primaryImageOfPage":{"@id":"https:\/\/portaltela.pt\/noticias\/2026\/03\/26\/erc-nao-autoriza-projeto-radio-da-bauer-com-o-benfica\/#primaryimage"},"image":{"@id":"https:\/\/portaltela.pt\/noticias\/2026\/03\/26\/erc-nao-autoriza-projeto-radio-da-bauer-com-o-benfica\/#primaryimage"},"thumbnailUrl":"https:\/\/portaltela.pt\/s.01k8rhncp4jt1\/2026\/03\/img_920x518uu2026-03-12-19-05-39-2426525.jpg","datePublished":"2026-03-26T14:10:15+00:00","author":{"@id":"https:\/\/portaltela.pt\/#\/schema\/person\/c4278d4a6028830caff9ee44b42d32ed"},"breadcrumb":{"@id":"https:\/\/portaltela.pt\/noticias\/2026\/03\/26\/erc-nao-autoriza-projeto-radio-da-bauer-com-o-benfica\/#breadcrumb"},"inLanguage":"pt-PT","potentialAction":[{"@type":"ReadAction","target":["https:\/\/portaltela.pt\/noticias\/2026\/03\/26\/erc-nao-autoriza-projeto-radio-da-bauer-com-o-benfica\/"]}]},{"@type":"ImageObject","inLanguage":"pt-PT","@id":"https:\/\/portaltela.pt\/noticias\/2026\/03\/26\/erc-nao-autoriza-projeto-radio-da-bauer-com-o-benfica\/#primaryimage","url":"https:\/\/portaltela.pt\/s.01k8rhncp4jt1\/2026\/03\/img_920x518uu2026-03-12-19-05-39-2426525.jpg","contentUrl":"https:\/\/portaltela.pt\/s.01k8rhncp4jt1\/2026\/03\/img_920x518uu2026-03-12-19-05-39-2426525.jpg","width":796,"height":448,"caption":"Benfica FM"},{"@type":"BreadcrumbList","@id":"https:\/\/portaltela.pt\/noticias\/2026\/03\/26\/erc-nao-autoriza-projeto-radio-da-bauer-com-o-benfica\/#breadcrumb","itemListElement":[{"@type":"ListItem","position":1,"name":"In\u00edcio","item":"https:\/\/portaltela.pt\/"},{"@type":"ListItem","position":2,"name":"ERC n\u00e3o autoriza projeto r\u00e1dio da Bauer com o Benfica"}]},{"@type":"WebSite","@id":"https:\/\/portaltela.pt\/#website","url":"https:\/\/portaltela.pt\/","name":"Portal Tela Portugal","description":"","potentialAction":[{"@type":"SearchAction","target":{"@type":"EntryPoint","urlTemplate":"https:\/\/portaltela.pt\/?s={search_term_string}"},"query-input":{"@type":"PropertyValueSpecification","valueRequired":true,"valueName":"search_term_string"}}],"inLanguage":"pt-PT"},{"@type":"Person","@id":"https:\/\/portaltela.pt\/#\/schema\/person\/c4278d4a6028830caff9ee44b42d32ed","name":"Telinha","image":{"@type":"ImageObject","inLanguage":"pt-PT","@id":"https:\/\/portaltela.pt\/s.01k8rhncp4jt1\/2025\/11\/talking-bot-125x125.png","url":"https:\/\/portaltela.pt\/s.01k8rhncp4jt1\/2025\/11\/talking-bot-125x125.png","contentUrl":"https:\/\/portaltela.pt\/s.01k8rhncp4jt1\/2025\/11\/talking-bot-125x125.png","caption":"Telinha"},"sameAs":["https:\/\/portaltela.pt\/"],"url":"https:\/\/portaltela.pt\/por\/367410592786\/"}]}},"_links":{"self":[{"href":"https:\/\/portaltela.pt\/api\/wp\/v2\/posts\/422323","targetHints":{"allow":["GET"]}}],"collection":[{"href":"https:\/\/portaltela.pt\/api\/wp\/v2\/posts"}],"about":[{"href":"https:\/\/portaltela.pt\/api\/wp\/v2\/types\/post"}],"author":[{"embeddable":true,"href":"https:\/\/portaltela.pt\/api\/wp\/v2\/users\/2"}],"replies":[{"embeddable":true,"href":"https:\/\/portaltela.pt\/api\/wp\/v2\/comments?post=422323"}],"version-history":[{"count":0,"href":"https:\/\/portaltela.pt\/api\/wp\/v2\/posts\/422323\/revisions"}],"wp:featuredmedia":[{"embeddable":true,"href":"https:\/\/portaltela.pt\/api\/wp\/v2\/media\/422326"}],"wp:attachment":[{"href":"https:\/\/portaltela.pt\/api\/wp\/v2\/media?parent=422323"}],"wp:term":[{"taxonomy":"category","embeddable":true,"href":"https:\/\/portaltela.pt\/api\/wp\/v2\/categories?post=422323"},{"taxonomy":"post_tag","embeddable":true,"href":"https:\/\/portaltela.pt\/api\/wp\/v2\/tags?post=422323"}],"curies":[{"name":"wp","href":"https:\/\/api.w.org\/{rel}","templated":true}]}}