{"id":422322,"date":"2026-03-26T11:02:04","date_gmt":"2026-03-26T14:02:04","guid":{"rendered":"https:\/\/portaltela.pt\/noticias\/2026\/03\/26\/il-afirma-que-governo-nao-tem-motivos-para-celebrar-o-excedente\/"},"modified":"2026-03-26T11:02:04","modified_gmt":"2026-03-26T14:02:04","slug":"il-afirma-que-governo-nao-tem-motivos-para-celebrar-o-excedente","status":"publish","type":"post","link":"https:\/\/portaltela.pt\/noticias\/politica\/2026\/03\/26\/il-afirma-que-governo-nao-tem-motivos-para-celebrar-o-excedente\/","title":{"rendered":"IL afirma que Governo n\u00e3o tem motivos para celebrar o excedente"},"content":{"rendered":"<p>A Iniciativa Liberal afirmou nesta quinta-feira que o Governo n\u00e3o tem motivos para celebrar o excedente or\u00e7amental, num contexto de custo de vida elevado e crise na habita\u00e7\u00e3o. O partido questiona a relev\u00e2ncia do balan\u00e7o, em especial face ao peso para os portugueses.<\/p>\n<p>Na Assembleia da Rep\u00fablica, o l\u00edder parlamentar M\u00e1rio Amorim Lopes lembrou que o pa\u00eds ainda n\u00e3o sente os sinais de um crescimento econ\u00f3mico considerado suficiente. O objetivo \u00e9 um surto de prosperidade que se traduza em sal\u00e1rios melhores e no impulso dentro da UE.<\/p>\n<h3>Rea\u00e7\u00e3o da IL<\/h3>\n<p>Amorim Lopes defendeu que os excedentes devem servir para enfrentar crises, sem comprometer a sustentabilidade das contas p\u00fablicas. Questionou se medidas tempor\u00e1rias podem tornar-se permanentes, elevando a despesa futura.<\/p>\n<p>O deputado salientou que o partido j\u00e1 pediu um or\u00e7amento retificativo para discutir custos e impactos das medidas, sem buscar ganhos pol\u00edticos com o tema. A IL mant\u00e9m a necessidade de equil\u00edbrio financeiro.<\/p>\n<h3>Dados oficiais do INE<\/h3>\n<p>O INE confirma que Portugal fechou 2025 com excedente de 0,7% do PIB, acima da previs\u00e3o governamental de 0,3%. O saldo do setor das Administra\u00e7\u00f5es P\u00fablicas manteve-se positivo, em 0,7% do PIB no 4.\u00ba trimestre de 2025, frente a 0,6% no final de 2024.<\/p>\n","protected":false},"excerpt":{"rendered":"<ul>\n<li>A Iniciativa Liberal afirma que o Governo n\u00e3o tem motivos para celebrar o excedente or\u00e7amental de 0,7% do PIB em 2025, numa altura de custo de vida elevado e crise na habita\u00e7\u00e3o.<\/li>\n<li>O l\u00edder parlamentar M\u00e1rio Amorim Lopes diz que \u00e9 necess\u00e1rio crescer mais o PIB e os sal\u00e1rios; em 2025 o PIB per capita recuou na Uni\u00e3o Europeia e o pa\u00eds cresce 1% em vez de 3% a 4%.<\/li>\n<li>O partido sustenta que os excedentes devem ajudar em crises, desde que n\u00e3o comprometam a sustentabilidade das contas p\u00fablicas; medidas tempor\u00e1rias s\u00e3o aceit\u00e1veis, mas despesas futuras podem ser problem\u00e1ticas.<\/li>\n<li>A IL pediu ao Governo um or\u00e7amento retificativo para discutir as medidas e o custo das mesmas, evitando que haja ganho pol\u00edtico.<\/li>\n<li>O Instituto Nacional de Estat\u00edstica confirmou o excedente de 0,7% do PIB em 2025, com saldo positivo das Administra\u00e7\u00f5es P\u00fablicas de 0,7% no quarto trimestre.<\/li>\n<\/ul>\n","protected":false},"author":2,"featured_media":422324,"comment_status":"closed","ping_status":"closed","sticky":false,"template":"","format":"standard","meta":{"footnotes":""},"categories":[1,5],"tags":[6115,168,28,158,6000,2832],"class_list":["post-422322","post","type-post","status-publish","format-standard","has-post-thumbnail","hentry","category-noticias","category-politica","tag-_economia","tag-administracao-publica","tag-economia","tag-excedente","tag-orcamento","tag-politica"],"yoast_head":"<!-- This site is optimized with the Yoast SEO plugin v27.2 - https:\/\/yoast.com\/product\/yoast-seo-wordpress\/ -->\n<title>IL afirma que Governo n\u00e3o tem motivos para celebrar o excedente - Portal Tela Portugal<\/title>\n<meta name=\"robots\" content=\"index, follow, max-snippet:-1, max-image-preview:large, max-video-preview:-1\" \/>\n<meta property=\"og:locale\" content=\"pt_PT\" \/>\n<meta property=\"og:type\" content=\"article\" \/>\n<meta property=\"og:title\" content=\"IL afirma que Governo n\u00e3o tem motivos para celebrar o excedente - Portal Tela Portugal\" \/>\n<meta property=\"og:description\" content=\"A Iniciativa Liberal afirma que o Governo n\u00e3o tem motivos para celebrar o excedente or\u00e7amental de 0,7% do PIB em 2025, numa altura de custo de vida elevado e crise na habita\u00e7\u00e3o. O l\u00edder parlamentar M\u00e1rio Amorim Lopes diz que \u00e9 necess\u00e1rio crescer mais o PIB e os sal\u00e1rios; em 2025 o PIB per capita recuou na Uni\u00e3o Europeia e o pa\u00eds cresce 1% em vez de 3% a 4%. O partido sustenta que os excedentes devem ajudar em crises, desde que n\u00e3o comprometam a sustentabilidade das contas p\u00fablicas; medidas tempor\u00e1rias s\u00e3o aceit\u00e1veis, mas despesas futuras podem ser problem\u00e1ticas. A IL pediu ao Governo um or\u00e7amento retificativo para discutir as medidas e o custo das mesmas, evitando que haja ganho pol\u00edtico. O Instituto Nacional de Estat\u00edstica confirmou o excedente de 0,7% do PIB em 2025, com saldo positivo das Administra\u00e7\u00f5es P\u00fablicas de 0,7% no quarto trimestre.\" \/>\n<meta property=\"og:url\" content=\"https:\/\/portaltela.pt\/noticias\/2026\/03\/26\/il-afirma-que-governo-nao-tem-motivos-para-celebrar-o-excedente\/\" \/>\n<meta property=\"og:site_name\" content=\"Portal Tela Portugal\" \/>\n<meta property=\"article:published_time\" content=\"2026-03-26T14:02:04+00:00\" \/>\n<meta name=\"author\" content=\"Telinha\" \/>\n<meta name=\"twitter:card\" content=\"summary_large_image\" \/>\n<meta name=\"twitter:label1\" content=\"Escrito por\" \/>\n\t<meta name=\"twitter:data1\" content=\"Telinha\" \/>\n\t<meta name=\"twitter:label2\" content=\"Tempo estimado de leitura\" \/>\n\t<meta name=\"twitter:data2\" content=\"1 minuto\" \/>\n<script type=\"application\/ld+json\" class=\"yoast-schema-graph\">{\"@context\":\"https:\/\/schema.org\",\"@graph\":[{\"@type\":\"Article\",\"@id\":\"https:\/\/portaltela.pt\/noticias\/2026\/03\/26\/il-afirma-que-governo-nao-tem-motivos-para-celebrar-o-excedente\/#article\",\"isPartOf\":{\"@id\":\"https:\/\/portaltela.pt\/noticias\/2026\/03\/26\/il-afirma-que-governo-nao-tem-motivos-para-celebrar-o-excedente\/\"},\"author\":{\"name\":\"Telinha\",\"@id\":\"https:\/\/portaltela.pt\/#\/schema\/person\/c4278d4a6028830caff9ee44b42d32ed\"},\"headline\":\"IL afirma que Governo n\u00e3o tem motivos para celebrar o excedente\",\"datePublished\":\"2026-03-26T14:02:04+00:00\",\"mainEntityOfPage\":{\"@id\":\"https:\/\/portaltela.pt\/noticias\/2026\/03\/26\/il-afirma-que-governo-nao-tem-motivos-para-celebrar-o-excedente\/\"},\"wordCount\":225,\"image\":{\"@id\":\"https:\/\/portaltela.pt\/noticias\/2026\/03\/26\/il-afirma-que-governo-nao-tem-motivos-para-celebrar-o-excedente\/#primaryimage\"},\"thumbnailUrl\":\"https:\/\/portaltela.pt\/s.01k8rhncp4jt1\/2026\/03\/img_1500x1000uu2025-11-03-15-46-54-2245120.jpg\",\"keywords\":[\"_economia\",\"administra\u00e7\u00e3o p\u00fablica\",\"economia\",\"excedente\",\"or\u00e7amento\",\"pol\u00edtica\"],\"articleSection\":[\"Not\u00edcias\",\"Pol\u00edtica\"],\"inLanguage\":\"pt-PT\"},{\"@type\":\"WebPage\",\"@id\":\"https:\/\/portaltela.pt\/noticias\/2026\/03\/26\/il-afirma-que-governo-nao-tem-motivos-para-celebrar-o-excedente\/\",\"url\":\"https:\/\/portaltela.pt\/noticias\/2026\/03\/26\/il-afirma-que-governo-nao-tem-motivos-para-celebrar-o-excedente\/\",\"name\":\"IL afirma que Governo n\u00e3o tem motivos para celebrar o excedente - Portal Tela Portugal\",\"isPartOf\":{\"@id\":\"https:\/\/portaltela.pt\/#website\"},\"primaryImageOfPage\":{\"@id\":\"https:\/\/portaltela.pt\/noticias\/2026\/03\/26\/il-afirma-que-governo-nao-tem-motivos-para-celebrar-o-excedente\/#primaryimage\"},\"image\":{\"@id\":\"https:\/\/portaltela.pt\/noticias\/2026\/03\/26\/il-afirma-que-governo-nao-tem-motivos-para-celebrar-o-excedente\/#primaryimage\"},\"thumbnailUrl\":\"https:\/\/portaltela.pt\/s.01k8rhncp4jt1\/2026\/03\/img_1500x1000uu2025-11-03-15-46-54-2245120.jpg\",\"datePublished\":\"2026-03-26T14:02:04+00:00\",\"author\":{\"@id\":\"https:\/\/portaltela.pt\/#\/schema\/person\/c4278d4a6028830caff9ee44b42d32ed\"},\"breadcrumb\":{\"@id\":\"https:\/\/portaltela.pt\/noticias\/2026\/03\/26\/il-afirma-que-governo-nao-tem-motivos-para-celebrar-o-excedente\/#breadcrumb\"},\"inLanguage\":\"pt-PT\",\"potentialAction\":[{\"@type\":\"ReadAction\",\"target\":[\"https:\/\/portaltela.pt\/noticias\/2026\/03\/26\/il-afirma-que-governo-nao-tem-motivos-para-celebrar-o-excedente\/\"]}]},{\"@type\":\"ImageObject\",\"inLanguage\":\"pt-PT\",\"@id\":\"https:\/\/portaltela.pt\/noticias\/2026\/03\/26\/il-afirma-que-governo-nao-tem-motivos-para-celebrar-o-excedente\/#primaryimage\",\"url\":\"https:\/\/portaltela.pt\/s.01k8rhncp4jt1\/2026\/03\/img_1500x1000uu2025-11-03-15-46-54-2245120.jpg\",\"contentUrl\":\"https:\/\/portaltela.pt\/s.01k8rhncp4jt1\/2026\/03\/img_1500x1000uu2025-11-03-15-46-54-2245120.jpg\",\"width\":796,\"height\":448,\"caption\":\"M\u00e1rio Amorim Lopes\"},{\"@type\":\"BreadcrumbList\",\"@id\":\"https:\/\/portaltela.pt\/noticias\/2026\/03\/26\/il-afirma-que-governo-nao-tem-motivos-para-celebrar-o-excedente\/#breadcrumb\",\"itemListElement\":[{\"@type\":\"ListItem\",\"position\":1,\"name\":\"In\u00edcio\",\"item\":\"https:\/\/portaltela.pt\/\"},{\"@type\":\"ListItem\",\"position\":2,\"name\":\"IL afirma que Governo n\u00e3o tem motivos para celebrar o excedente\"}]},{\"@type\":\"WebSite\",\"@id\":\"https:\/\/portaltela.pt\/#website\",\"url\":\"https:\/\/portaltela.pt\/\",\"name\":\"Portal Tela Portugal\",\"description\":\"\",\"potentialAction\":[{\"@type\":\"SearchAction\",\"target\":{\"@type\":\"EntryPoint\",\"urlTemplate\":\"https:\/\/portaltela.pt\/?s={search_term_string}\"},\"query-input\":{\"@type\":\"PropertyValueSpecification\",\"valueRequired\":true,\"valueName\":\"search_term_string\"}}],\"inLanguage\":\"pt-PT\"},{\"@type\":\"Person\",\"@id\":\"https:\/\/portaltela.pt\/#\/schema\/person\/c4278d4a6028830caff9ee44b42d32ed\",\"name\":\"Telinha\",\"image\":{\"@type\":\"ImageObject\",\"inLanguage\":\"pt-PT\",\"@id\":\"https:\/\/portaltela.pt\/s.01k8rhncp4jt1\/2025\/11\/talking-bot-125x125.png\",\"url\":\"https:\/\/portaltela.pt\/s.01k8rhncp4jt1\/2025\/11\/talking-bot-125x125.png\",\"contentUrl\":\"https:\/\/portaltela.pt\/s.01k8rhncp4jt1\/2025\/11\/talking-bot-125x125.png\",\"caption\":\"Telinha\"},\"sameAs\":[\"https:\/\/portaltela.pt\/\"],\"url\":\"https:\/\/portaltela.pt\/por\/367410592786\/\"}]}<\/script>\n<!-- \/ Yoast SEO plugin. -->","yoast_head_json":{"title":"IL afirma que Governo n\u00e3o tem motivos para celebrar o excedente - Portal Tela Portugal","robots":{"index":"index","follow":"follow","max-snippet":"max-snippet:-1","max-image-preview":"max-image-preview:large","max-video-preview":"max-video-preview:-1"},"og_locale":"pt_PT","og_type":"article","og_title":"IL afirma que Governo n\u00e3o tem motivos para celebrar o excedente - Portal Tela Portugal","og_description":"A Iniciativa Liberal afirma que o Governo n\u00e3o tem motivos para celebrar o excedente or\u00e7amental de 0,7% do PIB em 2025, numa altura de custo de vida elevado e crise na habita\u00e7\u00e3o. O l\u00edder parlamentar M\u00e1rio Amorim Lopes diz que \u00e9 necess\u00e1rio crescer mais o PIB e os sal\u00e1rios; em 2025 o PIB per capita recuou na Uni\u00e3o Europeia e o pa\u00eds cresce 1% em vez de 3% a 4%. O partido sustenta que os excedentes devem ajudar em crises, desde que n\u00e3o comprometam a sustentabilidade das contas p\u00fablicas; medidas tempor\u00e1rias s\u00e3o aceit\u00e1veis, mas despesas futuras podem ser problem\u00e1ticas. A IL pediu ao Governo um or\u00e7amento retificativo para discutir as medidas e o custo das mesmas, evitando que haja ganho pol\u00edtico. O Instituto Nacional de Estat\u00edstica confirmou o excedente de 0,7% do PIB em 2025, com saldo positivo das Administra\u00e7\u00f5es P\u00fablicas de 0,7% no quarto trimestre.","og_url":"https:\/\/portaltela.pt\/noticias\/2026\/03\/26\/il-afirma-que-governo-nao-tem-motivos-para-celebrar-o-excedente\/","og_site_name":"Portal Tela Portugal","article_published_time":"2026-03-26T14:02:04+00:00","author":"Telinha","twitter_card":"summary_large_image","twitter_misc":{"Escrito por":"Telinha","Tempo estimado de leitura":"1 minuto"},"schema":{"@context":"https:\/\/schema.org","@graph":[{"@type":"Article","@id":"https:\/\/portaltela.pt\/noticias\/2026\/03\/26\/il-afirma-que-governo-nao-tem-motivos-para-celebrar-o-excedente\/#article","isPartOf":{"@id":"https:\/\/portaltela.pt\/noticias\/2026\/03\/26\/il-afirma-que-governo-nao-tem-motivos-para-celebrar-o-excedente\/"},"author":{"name":"Telinha","@id":"https:\/\/portaltela.pt\/#\/schema\/person\/c4278d4a6028830caff9ee44b42d32ed"},"headline":"IL afirma que Governo n\u00e3o tem motivos para celebrar o excedente","datePublished":"2026-03-26T14:02:04+00:00","mainEntityOfPage":{"@id":"https:\/\/portaltela.pt\/noticias\/2026\/03\/26\/il-afirma-que-governo-nao-tem-motivos-para-celebrar-o-excedente\/"},"wordCount":225,"image":{"@id":"https:\/\/portaltela.pt\/noticias\/2026\/03\/26\/il-afirma-que-governo-nao-tem-motivos-para-celebrar-o-excedente\/#primaryimage"},"thumbnailUrl":"https:\/\/portaltela.pt\/s.01k8rhncp4jt1\/2026\/03\/img_1500x1000uu2025-11-03-15-46-54-2245120.jpg","keywords":["_economia","administra\u00e7\u00e3o p\u00fablica","economia","excedente","or\u00e7amento","pol\u00edtica"],"articleSection":["Not\u00edcias","Pol\u00edtica"],"inLanguage":"pt-PT"},{"@type":"WebPage","@id":"https:\/\/portaltela.pt\/noticias\/2026\/03\/26\/il-afirma-que-governo-nao-tem-motivos-para-celebrar-o-excedente\/","url":"https:\/\/portaltela.pt\/noticias\/2026\/03\/26\/il-afirma-que-governo-nao-tem-motivos-para-celebrar-o-excedente\/","name":"IL afirma que Governo n\u00e3o tem motivos para celebrar o excedente - Portal Tela Portugal","isPartOf":{"@id":"https:\/\/portaltela.pt\/#website"},"primaryImageOfPage":{"@id":"https:\/\/portaltela.pt\/noticias\/2026\/03\/26\/il-afirma-que-governo-nao-tem-motivos-para-celebrar-o-excedente\/#primaryimage"},"image":{"@id":"https:\/\/portaltela.pt\/noticias\/2026\/03\/26\/il-afirma-que-governo-nao-tem-motivos-para-celebrar-o-excedente\/#primaryimage"},"thumbnailUrl":"https:\/\/portaltela.pt\/s.01k8rhncp4jt1\/2026\/03\/img_1500x1000uu2025-11-03-15-46-54-2245120.jpg","datePublished":"2026-03-26T14:02:04+00:00","author":{"@id":"https:\/\/portaltela.pt\/#\/schema\/person\/c4278d4a6028830caff9ee44b42d32ed"},"breadcrumb":{"@id":"https:\/\/portaltela.pt\/noticias\/2026\/03\/26\/il-afirma-que-governo-nao-tem-motivos-para-celebrar-o-excedente\/#breadcrumb"},"inLanguage":"pt-PT","potentialAction":[{"@type":"ReadAction","target":["https:\/\/portaltela.pt\/noticias\/2026\/03\/26\/il-afirma-que-governo-nao-tem-motivos-para-celebrar-o-excedente\/"]}]},{"@type":"ImageObject","inLanguage":"pt-PT","@id":"https:\/\/portaltela.pt\/noticias\/2026\/03\/26\/il-afirma-que-governo-nao-tem-motivos-para-celebrar-o-excedente\/#primaryimage","url":"https:\/\/portaltela.pt\/s.01k8rhncp4jt1\/2026\/03\/img_1500x1000uu2025-11-03-15-46-54-2245120.jpg","contentUrl":"https:\/\/portaltela.pt\/s.01k8rhncp4jt1\/2026\/03\/img_1500x1000uu2025-11-03-15-46-54-2245120.jpg","width":796,"height":448,"caption":"M\u00e1rio Amorim Lopes"},{"@type":"BreadcrumbList","@id":"https:\/\/portaltela.pt\/noticias\/2026\/03\/26\/il-afirma-que-governo-nao-tem-motivos-para-celebrar-o-excedente\/#breadcrumb","itemListElement":[{"@type":"ListItem","position":1,"name":"In\u00edcio","item":"https:\/\/portaltela.pt\/"},{"@type":"ListItem","position":2,"name":"IL afirma que Governo n\u00e3o tem motivos para celebrar o excedente"}]},{"@type":"WebSite","@id":"https:\/\/portaltela.pt\/#website","url":"https:\/\/portaltela.pt\/","name":"Portal Tela Portugal","description":"","potentialAction":[{"@type":"SearchAction","target":{"@type":"EntryPoint","urlTemplate":"https:\/\/portaltela.pt\/?s={search_term_string}"},"query-input":{"@type":"PropertyValueSpecification","valueRequired":true,"valueName":"search_term_string"}}],"inLanguage":"pt-PT"},{"@type":"Person","@id":"https:\/\/portaltela.pt\/#\/schema\/person\/c4278d4a6028830caff9ee44b42d32ed","name":"Telinha","image":{"@type":"ImageObject","inLanguage":"pt-PT","@id":"https:\/\/portaltela.pt\/s.01k8rhncp4jt1\/2025\/11\/talking-bot-125x125.png","url":"https:\/\/portaltela.pt\/s.01k8rhncp4jt1\/2025\/11\/talking-bot-125x125.png","contentUrl":"https:\/\/portaltela.pt\/s.01k8rhncp4jt1\/2025\/11\/talking-bot-125x125.png","caption":"Telinha"},"sameAs":["https:\/\/portaltela.pt\/"],"url":"https:\/\/portaltela.pt\/por\/367410592786\/"}]}},"_links":{"self":[{"href":"https:\/\/portaltela.pt\/api\/wp\/v2\/posts\/422322","targetHints":{"allow":["GET"]}}],"collection":[{"href":"https:\/\/portaltela.pt\/api\/wp\/v2\/posts"}],"about":[{"href":"https:\/\/portaltela.pt\/api\/wp\/v2\/types\/post"}],"author":[{"embeddable":true,"href":"https:\/\/portaltela.pt\/api\/wp\/v2\/users\/2"}],"replies":[{"embeddable":true,"href":"https:\/\/portaltela.pt\/api\/wp\/v2\/comments?post=422322"}],"version-history":[{"count":0,"href":"https:\/\/portaltela.pt\/api\/wp\/v2\/posts\/422322\/revisions"}],"wp:featuredmedia":[{"embeddable":true,"href":"https:\/\/portaltela.pt\/api\/wp\/v2\/media\/422324"}],"wp:attachment":[{"href":"https:\/\/portaltela.pt\/api\/wp\/v2\/media?parent=422322"}],"wp:term":[{"taxonomy":"category","embeddable":true,"href":"https:\/\/portaltela.pt\/api\/wp\/v2\/categories?post=422322"},{"taxonomy":"post_tag","embeddable":true,"href":"https:\/\/portaltela.pt\/api\/wp\/v2\/tags?post=422322"}],"curies":[{"name":"wp","href":"https:\/\/api.w.org\/{rel}","templated":true}]}}