{"id":422309,"date":"2026-03-26T10:48:00","date_gmt":"2026-03-26T13:48:00","guid":{"rendered":"https:\/\/portaltela.pt\/noticias\/2026\/03\/26\/parlamento-europeu-propoe-banir-aplicacoes-de-falsas-nudez\/"},"modified":"2026-03-26T10:48:00","modified_gmt":"2026-03-26T13:48:00","slug":"parlamento-europeu-propoe-banir-aplicacoes-de-falsas-nudez","status":"publish","type":"post","link":"https:\/\/portaltela.pt\/tecnologia\/2026\/03\/26\/parlamento-europeu-propoe-banir-aplicacoes-de-falsas-nudez\/","title":{"rendered":"Parlamento Europeu prop\u00f5e banir aplica\u00e7\u00f5es de falsas nudez"},"content":{"rendered":"<p>O Parlamento Europeu aprovou a proibi\u00e7\u00e3o na UE de sistemas de IA que criem ou manipulem imagens sexualmente expl\u00edcitas ou \u00edntimas que se pare\u00e7am com uma pessoa real identific\u00e1vel sem o seu consentimento. A medida ganhou aprova\u00e7\u00e3o na minisess\u00e3o em Bruxelas, com 569 votos a favor, 45 contra e 23 absten\u00e7\u00f5es. A regra entra no \u00e2mbito da simplifica\u00e7\u00e3o das normas sobre IA.<\/p>\n<p>Os eurodeputados defendem a proibi\u00e7\u00e3o espec\u00edfica dos chamados nudificadores, desde que n\u00e3o haja consentimento. A exce\u00e7\u00e3o aplica-se apenas a sistemas de IA com salvaguardas eficazes para evitar a cria\u00e7\u00e3o dessas imagens pelos utilizadores. A posi\u00e7\u00e3o do PE aponta ainda avan\u00e7os para clarificar a aplica\u00e7\u00e3o das regras.<\/p>\n<h3>Proibi\u00e7\u00e3o e prazos no quadro da IA na UE<\/h3>\n<p>A institui\u00e7\u00e3o adianta que a data geral de aplica\u00e7\u00e3o do regulamento \u00e9 2 de agosto de 2026, data a partir da qual as regras gerais passam a valer. Existem atrasos propostos para 2 de dezembro de 2027, no caso de IA de alto risco enumerada no regulamento, e 2 de agosto de 2028 para sistemas abrangidos por legisla\u00e7\u00e3o setorial.<\/p>\n<p>Os eurodeputados tamb\u00e9m defendem que os fornecedores cumpram at\u00e9 2 de novembro de 2026 as regras de marca\u00e7\u00e3o de conte\u00fados criados por IA, para indicar a sua origem. As negocia\u00e7\u00f5es com o Conselho devem arrancar para definir a vers\u00e3o final da lei.<\/p>\n","protected":false},"excerpt":{"rendered":"<ul>\n<li>O Parlamento Europeu aprovou, por 569 votos a favor, 45 contra e 23 absten\u00e7\u00f5es, a proibi\u00e7\u00e3o na Uni\u00e3o Europeia de IA que manipule imagens sexualmente expl\u00edcitas ou \u00edntimas que se assemelhem a uma pessoa real sem o seu consentimento.<\/li>\n<li>A medida visa proibir os chamados &#8220;nudificadores&#8221;, com exce\u00e7\u00e3o de sistemas de IA que tenham medidas de seguran\u00e7a para impedir a cria\u00e7\u00e3o dessas imagens.<\/li>\n<li>A decis\u00e3o faz parte da posi\u00e7\u00e3o do Parlamento sobre a simplifica\u00e7\u00e3o das regras da IA, com a data de aplica\u00e7\u00e3o geral prevista para 2 de agosto de 2026.<\/li>\n<li>Foram proposta prorroga\u00e7\u00f5es: at\u00e9 2 de dezembro de 2027 para sistemas de IA de alto risco enumerados no regulamento; e at\u00e9 2 de agosto de 2028 para sistemas abrangidos pela legisla\u00e7\u00e3o setorial da UE.<\/li>\n<li>Os eurodeputados ainda querem que os fornecedores cumpram, at\u00e9 2 de novembro de 2026, as regras de marca\u00e7\u00e3o de conte\u00fados criados por IA para indicar a sua origem, e as negocia\u00e7\u00f5es com o Conselho devem come\u00e7ar para chegar \u00e0 forma final da lei.<\/li>\n<\/ul>\n","protected":false},"author":2,"featured_media":422310,"comment_status":"closed","ping_status":"closed","sticky":false,"template":"","format":"standard","meta":{"footnotes":""},"categories":[6716],"tags":[2633,2487,51,2215,2377,2055],"class_list":["post-422309","post","type-post","status-publish","format-standard","has-post-thumbnail","hentry","category-tecnologia","tag-direitos-humanos","tag-europa","tag-inteligencia-artificial","tag-protecao-da-privacidade","tag-regulacao-internacional","tag-uniao-europeia"],"yoast_head":"<!-- This site is optimized with the Yoast SEO plugin v27.2 - https:\/\/yoast.com\/product\/yoast-seo-wordpress\/ -->\n<title>Parlamento Europeu prop\u00f5e banir aplica\u00e7\u00f5es de falsas nudez - Portal Tela Portugal<\/title>\n<meta name=\"robots\" content=\"index, follow, max-snippet:-1, max-image-preview:large, max-video-preview:-1\" \/>\n<meta property=\"og:locale\" content=\"pt_PT\" \/>\n<meta property=\"og:type\" content=\"article\" \/>\n<meta property=\"og:title\" content=\"Parlamento Europeu prop\u00f5e banir aplica\u00e7\u00f5es de falsas nudez - Portal Tela Portugal\" \/>\n<meta property=\"og:description\" content=\"O Parlamento Europeu aprovou, por 569 votos a favor, 45 contra e 23 absten\u00e7\u00f5es, a proibi\u00e7\u00e3o na Uni\u00e3o Europeia de IA que manipule imagens sexualmente expl\u00edcitas ou \u00edntimas que se assemelhem a uma pessoa real sem o seu consentimento. A medida visa proibir os chamados &quot;nudificadores&quot;, com exce\u00e7\u00e3o de sistemas de IA que tenham medidas de seguran\u00e7a para impedir a cria\u00e7\u00e3o dessas imagens. A decis\u00e3o faz parte da posi\u00e7\u00e3o do Parlamento sobre a simplifica\u00e7\u00e3o das regras da IA, com a data de aplica\u00e7\u00e3o geral prevista para 2 de agosto de 2026. Foram proposta prorroga\u00e7\u00f5es: at\u00e9 2 de dezembro de 2027 para sistemas de IA de alto risco enumerados no regulamento; e at\u00e9 2 de agosto de 2028 para sistemas abrangidos pela legisla\u00e7\u00e3o setorial da UE. Os eurodeputados ainda querem que os fornecedores cumpram, at\u00e9 2 de novembro de 2026, as regras de marca\u00e7\u00e3o de conte\u00fados criados por IA para indicar a sua origem, e as negocia\u00e7\u00f5es com o Conselho devem come\u00e7ar para chegar \u00e0 forma final da lei.\" \/>\n<meta property=\"og:url\" content=\"https:\/\/portaltela.pt\/noticias\/2026\/03\/26\/parlamento-europeu-propoe-banir-aplicacoes-de-falsas-nudez\/\" \/>\n<meta property=\"og:site_name\" content=\"Portal Tela Portugal\" \/>\n<meta property=\"article:published_time\" content=\"2026-03-26T13:48:00+00:00\" \/>\n<meta name=\"author\" content=\"Telinha\" \/>\n<meta name=\"twitter:card\" content=\"summary_large_image\" \/>\n<meta name=\"twitter:label1\" content=\"Escrito por\" \/>\n\t<meta name=\"twitter:data1\" content=\"Telinha\" \/>\n\t<meta name=\"twitter:label2\" content=\"Tempo estimado de leitura\" \/>\n\t<meta name=\"twitter:data2\" content=\"1 minuto\" \/>\n<script type=\"application\/ld+json\" class=\"yoast-schema-graph\">{\"@context\":\"https:\/\/schema.org\",\"@graph\":[{\"@type\":\"Article\",\"@id\":\"https:\/\/portaltela.pt\/noticias\/2026\/03\/26\/parlamento-europeu-propoe-banir-aplicacoes-de-falsas-nudez\/#article\",\"isPartOf\":{\"@id\":\"https:\/\/portaltela.pt\/noticias\/2026\/03\/26\/parlamento-europeu-propoe-banir-aplicacoes-de-falsas-nudez\/\"},\"author\":{\"name\":\"Telinha\",\"@id\":\"https:\/\/portaltela.pt\/#\/schema\/person\/c4278d4a6028830caff9ee44b42d32ed\"},\"headline\":\"Parlamento Europeu prop\u00f5e banir aplica\u00e7\u00f5es de falsas nudez\",\"datePublished\":\"2026-03-26T13:48:00+00:00\",\"mainEntityOfPage\":{\"@id\":\"https:\/\/portaltela.pt\/noticias\/2026\/03\/26\/parlamento-europeu-propoe-banir-aplicacoes-de-falsas-nudez\/\"},\"wordCount\":241,\"image\":{\"@id\":\"https:\/\/portaltela.pt\/noticias\/2026\/03\/26\/parlamento-europeu-propoe-banir-aplicacoes-de-falsas-nudez\/#primaryimage\"},\"thumbnailUrl\":\"https:\/\/portaltela.pt\/s.01k8rhncp4jt1\/2026\/03\/c5a96437-860b-45df-bf74-0093574aa4de_1200x675.jpg\",\"keywords\":[\"direitos humanos\",\"Europa\",\"intelig\u00eancia artificial\",\"prote\u00e7\u00e3o da privacidade\",\"regula\u00e7\u00e3o internacional\",\"Uni\u00e3o Europeia\"],\"articleSection\":[\"Tecnologia\"],\"inLanguage\":\"pt-PT\"},{\"@type\":\"WebPage\",\"@id\":\"https:\/\/portaltela.pt\/noticias\/2026\/03\/26\/parlamento-europeu-propoe-banir-aplicacoes-de-falsas-nudez\/\",\"url\":\"https:\/\/portaltela.pt\/noticias\/2026\/03\/26\/parlamento-europeu-propoe-banir-aplicacoes-de-falsas-nudez\/\",\"name\":\"Parlamento Europeu prop\u00f5e banir aplica\u00e7\u00f5es de falsas nudez - Portal Tela Portugal\",\"isPartOf\":{\"@id\":\"https:\/\/portaltela.pt\/#website\"},\"primaryImageOfPage\":{\"@id\":\"https:\/\/portaltela.pt\/noticias\/2026\/03\/26\/parlamento-europeu-propoe-banir-aplicacoes-de-falsas-nudez\/#primaryimage\"},\"image\":{\"@id\":\"https:\/\/portaltela.pt\/noticias\/2026\/03\/26\/parlamento-europeu-propoe-banir-aplicacoes-de-falsas-nudez\/#primaryimage\"},\"thumbnailUrl\":\"https:\/\/portaltela.pt\/s.01k8rhncp4jt1\/2026\/03\/c5a96437-860b-45df-bf74-0093574aa4de_1200x675.jpg\",\"datePublished\":\"2026-03-26T13:48:00+00:00\",\"author\":{\"@id\":\"https:\/\/portaltela.pt\/#\/schema\/person\/c4278d4a6028830caff9ee44b42d32ed\"},\"breadcrumb\":{\"@id\":\"https:\/\/portaltela.pt\/noticias\/2026\/03\/26\/parlamento-europeu-propoe-banir-aplicacoes-de-falsas-nudez\/#breadcrumb\"},\"inLanguage\":\"pt-PT\",\"potentialAction\":[{\"@type\":\"ReadAction\",\"target\":[\"https:\/\/portaltela.pt\/noticias\/2026\/03\/26\/parlamento-europeu-propoe-banir-aplicacoes-de-falsas-nudez\/\"]}]},{\"@type\":\"ImageObject\",\"inLanguage\":\"pt-PT\",\"@id\":\"https:\/\/portaltela.pt\/noticias\/2026\/03\/26\/parlamento-europeu-propoe-banir-aplicacoes-de-falsas-nudez\/#primaryimage\",\"url\":\"https:\/\/portaltela.pt\/s.01k8rhncp4jt1\/2026\/03\/c5a96437-860b-45df-bf74-0093574aa4de_1200x675.jpg\",\"contentUrl\":\"https:\/\/portaltela.pt\/s.01k8rhncp4jt1\/2026\/03\/c5a96437-860b-45df-bf74-0093574aa4de_1200x675.jpg\",\"width\":796,\"height\":448,\"caption\":\"Imagem de contexto do artigo Imagens de falsa nudez. Parlamento Europeu quer proibir aplica\u00e7\u00f5es\"},{\"@type\":\"BreadcrumbList\",\"@id\":\"https:\/\/portaltela.pt\/noticias\/2026\/03\/26\/parlamento-europeu-propoe-banir-aplicacoes-de-falsas-nudez\/#breadcrumb\",\"itemListElement\":[{\"@type\":\"ListItem\",\"position\":1,\"name\":\"In\u00edcio\",\"item\":\"https:\/\/portaltela.pt\/\"},{\"@type\":\"ListItem\",\"position\":2,\"name\":\"Parlamento Europeu prop\u00f5e banir aplica\u00e7\u00f5es de falsas nudez\"}]},{\"@type\":\"WebSite\",\"@id\":\"https:\/\/portaltela.pt\/#website\",\"url\":\"https:\/\/portaltela.pt\/\",\"name\":\"Portal Tela Portugal\",\"description\":\"\",\"potentialAction\":[{\"@type\":\"SearchAction\",\"target\":{\"@type\":\"EntryPoint\",\"urlTemplate\":\"https:\/\/portaltela.pt\/?s={search_term_string}\"},\"query-input\":{\"@type\":\"PropertyValueSpecification\",\"valueRequired\":true,\"valueName\":\"search_term_string\"}}],\"inLanguage\":\"pt-PT\"},{\"@type\":\"Person\",\"@id\":\"https:\/\/portaltela.pt\/#\/schema\/person\/c4278d4a6028830caff9ee44b42d32ed\",\"name\":\"Telinha\",\"image\":{\"@type\":\"ImageObject\",\"inLanguage\":\"pt-PT\",\"@id\":\"https:\/\/portaltela.pt\/s.01k8rhncp4jt1\/2025\/11\/talking-bot-125x125.png\",\"url\":\"https:\/\/portaltela.pt\/s.01k8rhncp4jt1\/2025\/11\/talking-bot-125x125.png\",\"contentUrl\":\"https:\/\/portaltela.pt\/s.01k8rhncp4jt1\/2025\/11\/talking-bot-125x125.png\",\"caption\":\"Telinha\"},\"sameAs\":[\"https:\/\/portaltela.pt\/\"],\"url\":\"https:\/\/portaltela.pt\/por\/367410592786\/\"}]}<\/script>\n<!-- \/ Yoast SEO plugin. -->","yoast_head_json":{"title":"Parlamento Europeu prop\u00f5e banir aplica\u00e7\u00f5es de falsas nudez - Portal Tela Portugal","robots":{"index":"index","follow":"follow","max-snippet":"max-snippet:-1","max-image-preview":"max-image-preview:large","max-video-preview":"max-video-preview:-1"},"og_locale":"pt_PT","og_type":"article","og_title":"Parlamento Europeu prop\u00f5e banir aplica\u00e7\u00f5es de falsas nudez - Portal Tela Portugal","og_description":"O Parlamento Europeu aprovou, por 569 votos a favor, 45 contra e 23 absten\u00e7\u00f5es, a proibi\u00e7\u00e3o na Uni\u00e3o Europeia de IA que manipule imagens sexualmente expl\u00edcitas ou \u00edntimas que se assemelhem a uma pessoa real sem o seu consentimento. A medida visa proibir os chamados \"nudificadores\", com exce\u00e7\u00e3o de sistemas de IA que tenham medidas de seguran\u00e7a para impedir a cria\u00e7\u00e3o dessas imagens. A decis\u00e3o faz parte da posi\u00e7\u00e3o do Parlamento sobre a simplifica\u00e7\u00e3o das regras da IA, com a data de aplica\u00e7\u00e3o geral prevista para 2 de agosto de 2026. Foram proposta prorroga\u00e7\u00f5es: at\u00e9 2 de dezembro de 2027 para sistemas de IA de alto risco enumerados no regulamento; e at\u00e9 2 de agosto de 2028 para sistemas abrangidos pela legisla\u00e7\u00e3o setorial da UE. Os eurodeputados ainda querem que os fornecedores cumpram, at\u00e9 2 de novembro de 2026, as regras de marca\u00e7\u00e3o de conte\u00fados criados por IA para indicar a sua origem, e as negocia\u00e7\u00f5es com o Conselho devem come\u00e7ar para chegar \u00e0 forma final da lei.","og_url":"https:\/\/portaltela.pt\/noticias\/2026\/03\/26\/parlamento-europeu-propoe-banir-aplicacoes-de-falsas-nudez\/","og_site_name":"Portal Tela Portugal","article_published_time":"2026-03-26T13:48:00+00:00","author":"Telinha","twitter_card":"summary_large_image","twitter_misc":{"Escrito por":"Telinha","Tempo estimado de leitura":"1 minuto"},"schema":{"@context":"https:\/\/schema.org","@graph":[{"@type":"Article","@id":"https:\/\/portaltela.pt\/noticias\/2026\/03\/26\/parlamento-europeu-propoe-banir-aplicacoes-de-falsas-nudez\/#article","isPartOf":{"@id":"https:\/\/portaltela.pt\/noticias\/2026\/03\/26\/parlamento-europeu-propoe-banir-aplicacoes-de-falsas-nudez\/"},"author":{"name":"Telinha","@id":"https:\/\/portaltela.pt\/#\/schema\/person\/c4278d4a6028830caff9ee44b42d32ed"},"headline":"Parlamento Europeu prop\u00f5e banir aplica\u00e7\u00f5es de falsas nudez","datePublished":"2026-03-26T13:48:00+00:00","mainEntityOfPage":{"@id":"https:\/\/portaltela.pt\/noticias\/2026\/03\/26\/parlamento-europeu-propoe-banir-aplicacoes-de-falsas-nudez\/"},"wordCount":241,"image":{"@id":"https:\/\/portaltela.pt\/noticias\/2026\/03\/26\/parlamento-europeu-propoe-banir-aplicacoes-de-falsas-nudez\/#primaryimage"},"thumbnailUrl":"https:\/\/portaltela.pt\/s.01k8rhncp4jt1\/2026\/03\/c5a96437-860b-45df-bf74-0093574aa4de_1200x675.jpg","keywords":["direitos humanos","Europa","intelig\u00eancia artificial","prote\u00e7\u00e3o da privacidade","regula\u00e7\u00e3o internacional","Uni\u00e3o Europeia"],"articleSection":["Tecnologia"],"inLanguage":"pt-PT"},{"@type":"WebPage","@id":"https:\/\/portaltela.pt\/noticias\/2026\/03\/26\/parlamento-europeu-propoe-banir-aplicacoes-de-falsas-nudez\/","url":"https:\/\/portaltela.pt\/noticias\/2026\/03\/26\/parlamento-europeu-propoe-banir-aplicacoes-de-falsas-nudez\/","name":"Parlamento Europeu prop\u00f5e banir aplica\u00e7\u00f5es de falsas nudez - Portal Tela Portugal","isPartOf":{"@id":"https:\/\/portaltela.pt\/#website"},"primaryImageOfPage":{"@id":"https:\/\/portaltela.pt\/noticias\/2026\/03\/26\/parlamento-europeu-propoe-banir-aplicacoes-de-falsas-nudez\/#primaryimage"},"image":{"@id":"https:\/\/portaltela.pt\/noticias\/2026\/03\/26\/parlamento-europeu-propoe-banir-aplicacoes-de-falsas-nudez\/#primaryimage"},"thumbnailUrl":"https:\/\/portaltela.pt\/s.01k8rhncp4jt1\/2026\/03\/c5a96437-860b-45df-bf74-0093574aa4de_1200x675.jpg","datePublished":"2026-03-26T13:48:00+00:00","author":{"@id":"https:\/\/portaltela.pt\/#\/schema\/person\/c4278d4a6028830caff9ee44b42d32ed"},"breadcrumb":{"@id":"https:\/\/portaltela.pt\/noticias\/2026\/03\/26\/parlamento-europeu-propoe-banir-aplicacoes-de-falsas-nudez\/#breadcrumb"},"inLanguage":"pt-PT","potentialAction":[{"@type":"ReadAction","target":["https:\/\/portaltela.pt\/noticias\/2026\/03\/26\/parlamento-europeu-propoe-banir-aplicacoes-de-falsas-nudez\/"]}]},{"@type":"ImageObject","inLanguage":"pt-PT","@id":"https:\/\/portaltela.pt\/noticias\/2026\/03\/26\/parlamento-europeu-propoe-banir-aplicacoes-de-falsas-nudez\/#primaryimage","url":"https:\/\/portaltela.pt\/s.01k8rhncp4jt1\/2026\/03\/c5a96437-860b-45df-bf74-0093574aa4de_1200x675.jpg","contentUrl":"https:\/\/portaltela.pt\/s.01k8rhncp4jt1\/2026\/03\/c5a96437-860b-45df-bf74-0093574aa4de_1200x675.jpg","width":796,"height":448,"caption":"Imagem de contexto do artigo Imagens de falsa nudez. Parlamento Europeu quer proibir aplica\u00e7\u00f5es"},{"@type":"BreadcrumbList","@id":"https:\/\/portaltela.pt\/noticias\/2026\/03\/26\/parlamento-europeu-propoe-banir-aplicacoes-de-falsas-nudez\/#breadcrumb","itemListElement":[{"@type":"ListItem","position":1,"name":"In\u00edcio","item":"https:\/\/portaltela.pt\/"},{"@type":"ListItem","position":2,"name":"Parlamento Europeu prop\u00f5e banir aplica\u00e7\u00f5es de falsas nudez"}]},{"@type":"WebSite","@id":"https:\/\/portaltela.pt\/#website","url":"https:\/\/portaltela.pt\/","name":"Portal Tela Portugal","description":"","potentialAction":[{"@type":"SearchAction","target":{"@type":"EntryPoint","urlTemplate":"https:\/\/portaltela.pt\/?s={search_term_string}"},"query-input":{"@type":"PropertyValueSpecification","valueRequired":true,"valueName":"search_term_string"}}],"inLanguage":"pt-PT"},{"@type":"Person","@id":"https:\/\/portaltela.pt\/#\/schema\/person\/c4278d4a6028830caff9ee44b42d32ed","name":"Telinha","image":{"@type":"ImageObject","inLanguage":"pt-PT","@id":"https:\/\/portaltela.pt\/s.01k8rhncp4jt1\/2025\/11\/talking-bot-125x125.png","url":"https:\/\/portaltela.pt\/s.01k8rhncp4jt1\/2025\/11\/talking-bot-125x125.png","contentUrl":"https:\/\/portaltela.pt\/s.01k8rhncp4jt1\/2025\/11\/talking-bot-125x125.png","caption":"Telinha"},"sameAs":["https:\/\/portaltela.pt\/"],"url":"https:\/\/portaltela.pt\/por\/367410592786\/"}]}},"_links":{"self":[{"href":"https:\/\/portaltela.pt\/api\/wp\/v2\/posts\/422309","targetHints":{"allow":["GET"]}}],"collection":[{"href":"https:\/\/portaltela.pt\/api\/wp\/v2\/posts"}],"about":[{"href":"https:\/\/portaltela.pt\/api\/wp\/v2\/types\/post"}],"author":[{"embeddable":true,"href":"https:\/\/portaltela.pt\/api\/wp\/v2\/users\/2"}],"replies":[{"embeddable":true,"href":"https:\/\/portaltela.pt\/api\/wp\/v2\/comments?post=422309"}],"version-history":[{"count":0,"href":"https:\/\/portaltela.pt\/api\/wp\/v2\/posts\/422309\/revisions"}],"wp:featuredmedia":[{"embeddable":true,"href":"https:\/\/portaltela.pt\/api\/wp\/v2\/media\/422310"}],"wp:attachment":[{"href":"https:\/\/portaltela.pt\/api\/wp\/v2\/media?parent=422309"}],"wp:term":[{"taxonomy":"category","embeddable":true,"href":"https:\/\/portaltela.pt\/api\/wp\/v2\/categories?post=422309"},{"taxonomy":"post_tag","embeddable":true,"href":"https:\/\/portaltela.pt\/api\/wp\/v2\/tags?post=422309"}],"curies":[{"name":"wp","href":"https:\/\/api.w.org\/{rel}","templated":true}]}}