{"id":422306,"date":"2026-03-26T10:53:10","date_gmt":"2026-03-26T13:53:10","guid":{"rendered":"https:\/\/portaltela.pt\/noticias\/2026\/03\/26\/psd-chama-dia-historico-e-critica-a-oposicao-por-nao-parabenizar-o-governo\/"},"modified":"2026-03-26T10:53:10","modified_gmt":"2026-03-26T13:53:10","slug":"psd-chama-dia-historico-e-critica-a-oposicao-por-nao-parabenizar-o-governo","status":"publish","type":"post","link":"https:\/\/portaltela.pt\/noticias\/politica\/2026\/03\/26\/psd-chama-dia-historico-e-critica-a-oposicao-por-nao-parabenizar-o-governo\/","title":{"rendered":"PSD chama dia hist\u00f3rico e critica a oposi\u00e7\u00e3o por n\u00e3o parabenizar o Governo"},"content":{"rendered":"<p>O PSD descreveu esta quarta-feira como um dia historicamente importante para Portugal, destacando o r\u00e1cio da d\u00edvida p\u00fablica abaixo de 90% pela primeira vez em d\u00e9cadas e um excedente or\u00e7amental de 0,7%. O partido sublinha que estes resultados surgem apesar das perspetivas adversas.<\/p>\n<p>O l\u00edder parlamentar do PSD afirmou que a redu\u00e7\u00e3o do d\u00e9fice p\u00fablico contraria a ideia de que o pa\u00eds vive em austeridade, destacando cortes fiscais a empresas e fam\u00edlias, bem como aumento do investimento p\u00fablico, de sal\u00e1rios e de pens\u00f5es. Apontou, ainda, o custo de n\u00e3o reconhecer os resultados.<\/p>\n<p>Hugo Soares criticou a oposi\u00e7\u00e3o, especialmente o PS, por n\u00e3o ter congratulado o Governo pelos dados or\u00e7amentais. Questionou a atitude de responsabilidade da oposi\u00e7\u00e3o e afirmou que parabenizar o executivo n\u00e3o seria um mal, desde que haja sentido de Estado.<\/p>\n<h3>Perspectivas futuras e Or\u00e7amento Retificativo<\/h3>\n<p>Sobre a possibilidade de um Or\u00e7amento Retificativo, Soares disse que os n\u00fameros de 2025 n\u00e3o implicam, de imediato, altera\u00e7\u00f5es \u00e0 execu\u00e7\u00e3o de 2026. O Governo mant\u00e9m a posi\u00e7\u00e3o de avaliar necessidades da despesa p\u00fablica e decidir, passo a passo, se haver\u00e1 ajuste or\u00e7amental.<\/p>\n<p>No parlamento, o CDS-PP reagiu de forma semelhante, qualificando o resultado como excelente para o pa\u00eds e para a maioria, ao celebrar o terceiro excedente or\u00e7amental consecutivo pela primeira vez na democracia portuguesa.<\/p>\n<p>Paulo N\u00fancio afirmou que o pa\u00eds est\u00e1 mais preparado para crises e que o excedente oferece espa\u00e7o para responder a dificuldades atuais e poss\u00edveis muito antes do que seria poss\u00edvel com d\u00e9fice. Destacou o rigor or\u00e7amental como fundamento da credibilidade.<\/p>\n<p>O INE confirmou, esta quarta-feira, que Portugal fechou 2025 com excedente or\u00e7amental de 0,7% do PIB, acima da previs\u00e3o governamental de 0,3%. O saldo do setor das Administra\u00e7\u00f5es P\u00fablicas manteve-se positivo, em 0,7% do PIB no \u00faltimo trimestre.<\/p>\n","protected":false},"excerpt":{"rendered":"<ul>\n<li>O l\u00edder parlamentar do PSD disse que esta quarta-feira foi um dia absolutamente hist\u00f3rico para Portugal, destacando a d\u00edvida p\u00fablica abaixo de noventa por cento e o excedente or\u00e7amental de 0,7%, alcan\u00e7ados contra as piores perspetivas.<\/li>\n<li>O PSD\/CDS-PP defendeu que o Governo reduz impostos, aumenta o investimento p\u00fablico, sal\u00e1rios e pens\u00f5es, e considerou que essa trajet\u00f3ria contraria a austeridade.<\/li>\n<li>O l\u00edder social-democrata acusou o PS de ci\u00fame com os portugueses e pediu mais responsabilidade e sentido de Estado por parte da oposi\u00e7\u00e3o, incluindo para parabenizar o Governo pelos resultados.<\/li>\n<li>Sobre um eventual Or\u00e7amento Retificativo, afirmou que os n\u00fameros de 2025 n\u00e3o influenciam a execu\u00e7\u00e3o de 2026 e que o Governo avaliar\u00e1 necessidades de despesa e a possibilidade de retificativo.<\/li>\n<li>O CDS-PP tamb\u00e9m elogiou os resultados, considerando tratar-se do terceiro excedente or\u00e7amental consecutivo e de um sinal de rigor or\u00e7amental e prepara\u00e7\u00e3o do pa\u00eds para crises.<\/li>\n<\/ul>\n","protected":false},"author":2,"featured_media":422308,"comment_status":"closed","ping_status":"closed","sticky":false,"template":"","format":"standard","meta":{"footnotes":""},"categories":[1,5],"tags":[6115,4674,158,1769,2144,3695],"class_list":["post-422306","post","type-post","status-publish","format-standard","has-post-thumbnail","hentry","category-noticias","category-politica","tag-_economia","tag-divida-publica","tag-excedente","tag-orcamento-territorio","tag-ps","tag-psd"],"yoast_head":"<!-- This site is optimized with the Yoast SEO plugin v27.2 - https:\/\/yoast.com\/product\/yoast-seo-wordpress\/ -->\n<title>PSD chama dia hist\u00f3rico e critica a oposi\u00e7\u00e3o por n\u00e3o parabenizar o Governo - Portal Tela Portugal<\/title>\n<meta name=\"robots\" content=\"index, follow, max-snippet:-1, max-image-preview:large, max-video-preview:-1\" \/>\n<meta property=\"og:locale\" content=\"pt_PT\" \/>\n<meta property=\"og:type\" content=\"article\" \/>\n<meta property=\"og:title\" content=\"PSD chama dia hist\u00f3rico e critica a oposi\u00e7\u00e3o por n\u00e3o parabenizar o Governo - Portal Tela Portugal\" \/>\n<meta property=\"og:description\" content=\"O l\u00edder parlamentar do PSD disse que esta quarta-feira foi um dia absolutamente hist\u00f3rico para Portugal, destacando a d\u00edvida p\u00fablica abaixo de noventa por cento e o excedente or\u00e7amental de 0,7%, alcan\u00e7ados contra as piores perspetivas. O PSD\/CDS-PP defendeu que o Governo reduz impostos, aumenta o investimento p\u00fablico, sal\u00e1rios e pens\u00f5es, e considerou que essa trajet\u00f3ria contraria a austeridade. O l\u00edder social-democrata acusou o PS de ci\u00fame com os portugueses e pediu mais responsabilidade e sentido de Estado por parte da oposi\u00e7\u00e3o, incluindo para parabenizar o Governo pelos resultados. Sobre um eventual Or\u00e7amento Retificativo, afirmou que os n\u00fameros de 2025 n\u00e3o influenciam a execu\u00e7\u00e3o de 2026 e que o Governo avaliar\u00e1 necessidades de despesa e a possibilidade de retificativo. O CDS-PP tamb\u00e9m elogiou os resultados, considerando tratar-se do terceiro excedente or\u00e7amental consecutivo e de um sinal de rigor or\u00e7amental e prepara\u00e7\u00e3o do pa\u00eds para crises.\" \/>\n<meta property=\"og:url\" content=\"https:\/\/portaltela.pt\/noticias\/2026\/03\/26\/psd-chama-dia-historico-e-critica-a-oposicao-por-nao-parabenizar-o-governo\/\" \/>\n<meta property=\"og:site_name\" content=\"Portal Tela Portugal\" \/>\n<meta property=\"article:published_time\" content=\"2026-03-26T13:53:10+00:00\" \/>\n<meta name=\"author\" content=\"Telinha\" \/>\n<meta name=\"twitter:card\" content=\"summary_large_image\" \/>\n<meta name=\"twitter:label1\" content=\"Escrito por\" \/>\n\t<meta name=\"twitter:data1\" content=\"Telinha\" \/>\n\t<meta name=\"twitter:label2\" content=\"Tempo estimado de leitura\" \/>\n\t<meta name=\"twitter:data2\" content=\"2 minutos\" \/>\n<script type=\"application\/ld+json\" class=\"yoast-schema-graph\">{\"@context\":\"https:\/\/schema.org\",\"@graph\":[{\"@type\":\"Article\",\"@id\":\"https:\/\/portaltela.pt\/noticias\/2026\/03\/26\/psd-chama-dia-historico-e-critica-a-oposicao-por-nao-parabenizar-o-governo\/#article\",\"isPartOf\":{\"@id\":\"https:\/\/portaltela.pt\/noticias\/2026\/03\/26\/psd-chama-dia-historico-e-critica-a-oposicao-por-nao-parabenizar-o-governo\/\"},\"author\":{\"name\":\"Telinha\",\"@id\":\"https:\/\/portaltela.pt\/#\/schema\/person\/c4278d4a6028830caff9ee44b42d32ed\"},\"headline\":\"PSD chama dia hist\u00f3rico e critica a oposi\u00e7\u00e3o por n\u00e3o parabenizar o Governo\",\"datePublished\":\"2026-03-26T13:53:10+00:00\",\"mainEntityOfPage\":{\"@id\":\"https:\/\/portaltela.pt\/noticias\/2026\/03\/26\/psd-chama-dia-historico-e-critica-a-oposicao-por-nao-parabenizar-o-governo\/\"},\"wordCount\":341,\"image\":{\"@id\":\"https:\/\/portaltela.pt\/noticias\/2026\/03\/26\/psd-chama-dia-historico-e-critica-a-oposicao-por-nao-parabenizar-o-governo\/#primaryimage\"},\"thumbnailUrl\":\"https:\/\/portaltela.pt\/s.01k8rhncp4jt1\/2026\/03\/img_1500x1000uu2024-09-23-21-06-46-1754191.jpg\",\"keywords\":[\"_economia\",\"d\u00edvida p\u00fablica\",\"excedente\",\"Or\u00e7amento\/Territ\u00f3rio\",\"PS\",\"PSD\"],\"articleSection\":[\"Not\u00edcias\",\"Pol\u00edtica\"],\"inLanguage\":\"pt-PT\"},{\"@type\":\"WebPage\",\"@id\":\"https:\/\/portaltela.pt\/noticias\/2026\/03\/26\/psd-chama-dia-historico-e-critica-a-oposicao-por-nao-parabenizar-o-governo\/\",\"url\":\"https:\/\/portaltela.pt\/noticias\/2026\/03\/26\/psd-chama-dia-historico-e-critica-a-oposicao-por-nao-parabenizar-o-governo\/\",\"name\":\"PSD chama dia hist\u00f3rico e critica a oposi\u00e7\u00e3o por n\u00e3o parabenizar o Governo - Portal Tela Portugal\",\"isPartOf\":{\"@id\":\"https:\/\/portaltela.pt\/#website\"},\"primaryImageOfPage\":{\"@id\":\"https:\/\/portaltela.pt\/noticias\/2026\/03\/26\/psd-chama-dia-historico-e-critica-a-oposicao-por-nao-parabenizar-o-governo\/#primaryimage\"},\"image\":{\"@id\":\"https:\/\/portaltela.pt\/noticias\/2026\/03\/26\/psd-chama-dia-historico-e-critica-a-oposicao-por-nao-parabenizar-o-governo\/#primaryimage\"},\"thumbnailUrl\":\"https:\/\/portaltela.pt\/s.01k8rhncp4jt1\/2026\/03\/img_1500x1000uu2024-09-23-21-06-46-1754191.jpg\",\"datePublished\":\"2026-03-26T13:53:10+00:00\",\"author\":{\"@id\":\"https:\/\/portaltela.pt\/#\/schema\/person\/c4278d4a6028830caff9ee44b42d32ed\"},\"breadcrumb\":{\"@id\":\"https:\/\/portaltela.pt\/noticias\/2026\/03\/26\/psd-chama-dia-historico-e-critica-a-oposicao-por-nao-parabenizar-o-governo\/#breadcrumb\"},\"inLanguage\":\"pt-PT\",\"potentialAction\":[{\"@type\":\"ReadAction\",\"target\":[\"https:\/\/portaltela.pt\/noticias\/2026\/03\/26\/psd-chama-dia-historico-e-critica-a-oposicao-por-nao-parabenizar-o-governo\/\"]}]},{\"@type\":\"ImageObject\",\"inLanguage\":\"pt-PT\",\"@id\":\"https:\/\/portaltela.pt\/noticias\/2026\/03\/26\/psd-chama-dia-historico-e-critica-a-oposicao-por-nao-parabenizar-o-governo\/#primaryimage\",\"url\":\"https:\/\/portaltela.pt\/s.01k8rhncp4jt1\/2026\/03\/img_1500x1000uu2024-09-23-21-06-46-1754191.jpg\",\"contentUrl\":\"https:\/\/portaltela.pt\/s.01k8rhncp4jt1\/2026\/03\/img_1500x1000uu2024-09-23-21-06-46-1754191.jpg\",\"width\":796,\"height\":448,\"caption\":\"Hugo Soares (na foto, com o PM, Lu\u00eds Montenegro) assumiu em entrevista ao NOW que o Governo pode \u201cmodelar\u201d medidas\"},{\"@type\":\"BreadcrumbList\",\"@id\":\"https:\/\/portaltela.pt\/noticias\/2026\/03\/26\/psd-chama-dia-historico-e-critica-a-oposicao-por-nao-parabenizar-o-governo\/#breadcrumb\",\"itemListElement\":[{\"@type\":\"ListItem\",\"position\":1,\"name\":\"In\u00edcio\",\"item\":\"https:\/\/portaltela.pt\/\"},{\"@type\":\"ListItem\",\"position\":2,\"name\":\"PSD chama dia hist\u00f3rico e critica a oposi\u00e7\u00e3o por n\u00e3o parabenizar o Governo\"}]},{\"@type\":\"WebSite\",\"@id\":\"https:\/\/portaltela.pt\/#website\",\"url\":\"https:\/\/portaltela.pt\/\",\"name\":\"Portal Tela Portugal\",\"description\":\"\",\"potentialAction\":[{\"@type\":\"SearchAction\",\"target\":{\"@type\":\"EntryPoint\",\"urlTemplate\":\"https:\/\/portaltela.pt\/?s={search_term_string}\"},\"query-input\":{\"@type\":\"PropertyValueSpecification\",\"valueRequired\":true,\"valueName\":\"search_term_string\"}}],\"inLanguage\":\"pt-PT\"},{\"@type\":\"Person\",\"@id\":\"https:\/\/portaltela.pt\/#\/schema\/person\/c4278d4a6028830caff9ee44b42d32ed\",\"name\":\"Telinha\",\"image\":{\"@type\":\"ImageObject\",\"inLanguage\":\"pt-PT\",\"@id\":\"https:\/\/portaltela.pt\/s.01k8rhncp4jt1\/2025\/11\/talking-bot-125x125.png\",\"url\":\"https:\/\/portaltela.pt\/s.01k8rhncp4jt1\/2025\/11\/talking-bot-125x125.png\",\"contentUrl\":\"https:\/\/portaltela.pt\/s.01k8rhncp4jt1\/2025\/11\/talking-bot-125x125.png\",\"caption\":\"Telinha\"},\"sameAs\":[\"https:\/\/portaltela.pt\/\"],\"url\":\"https:\/\/portaltela.pt\/por\/367410592786\/\"}]}<\/script>\n<!-- \/ Yoast SEO plugin. -->","yoast_head_json":{"title":"PSD chama dia hist\u00f3rico e critica a oposi\u00e7\u00e3o por n\u00e3o parabenizar o Governo - Portal Tela Portugal","robots":{"index":"index","follow":"follow","max-snippet":"max-snippet:-1","max-image-preview":"max-image-preview:large","max-video-preview":"max-video-preview:-1"},"og_locale":"pt_PT","og_type":"article","og_title":"PSD chama dia hist\u00f3rico e critica a oposi\u00e7\u00e3o por n\u00e3o parabenizar o Governo - Portal Tela Portugal","og_description":"O l\u00edder parlamentar do PSD disse que esta quarta-feira foi um dia absolutamente hist\u00f3rico para Portugal, destacando a d\u00edvida p\u00fablica abaixo de noventa por cento e o excedente or\u00e7amental de 0,7%, alcan\u00e7ados contra as piores perspetivas. O PSD\/CDS-PP defendeu que o Governo reduz impostos, aumenta o investimento p\u00fablico, sal\u00e1rios e pens\u00f5es, e considerou que essa trajet\u00f3ria contraria a austeridade. O l\u00edder social-democrata acusou o PS de ci\u00fame com os portugueses e pediu mais responsabilidade e sentido de Estado por parte da oposi\u00e7\u00e3o, incluindo para parabenizar o Governo pelos resultados. Sobre um eventual Or\u00e7amento Retificativo, afirmou que os n\u00fameros de 2025 n\u00e3o influenciam a execu\u00e7\u00e3o de 2026 e que o Governo avaliar\u00e1 necessidades de despesa e a possibilidade de retificativo. O CDS-PP tamb\u00e9m elogiou os resultados, considerando tratar-se do terceiro excedente or\u00e7amental consecutivo e de um sinal de rigor or\u00e7amental e prepara\u00e7\u00e3o do pa\u00eds para crises.","og_url":"https:\/\/portaltela.pt\/noticias\/2026\/03\/26\/psd-chama-dia-historico-e-critica-a-oposicao-por-nao-parabenizar-o-governo\/","og_site_name":"Portal Tela Portugal","article_published_time":"2026-03-26T13:53:10+00:00","author":"Telinha","twitter_card":"summary_large_image","twitter_misc":{"Escrito por":"Telinha","Tempo estimado de leitura":"2 minutos"},"schema":{"@context":"https:\/\/schema.org","@graph":[{"@type":"Article","@id":"https:\/\/portaltela.pt\/noticias\/2026\/03\/26\/psd-chama-dia-historico-e-critica-a-oposicao-por-nao-parabenizar-o-governo\/#article","isPartOf":{"@id":"https:\/\/portaltela.pt\/noticias\/2026\/03\/26\/psd-chama-dia-historico-e-critica-a-oposicao-por-nao-parabenizar-o-governo\/"},"author":{"name":"Telinha","@id":"https:\/\/portaltela.pt\/#\/schema\/person\/c4278d4a6028830caff9ee44b42d32ed"},"headline":"PSD chama dia hist\u00f3rico e critica a oposi\u00e7\u00e3o por n\u00e3o parabenizar o Governo","datePublished":"2026-03-26T13:53:10+00:00","mainEntityOfPage":{"@id":"https:\/\/portaltela.pt\/noticias\/2026\/03\/26\/psd-chama-dia-historico-e-critica-a-oposicao-por-nao-parabenizar-o-governo\/"},"wordCount":341,"image":{"@id":"https:\/\/portaltela.pt\/noticias\/2026\/03\/26\/psd-chama-dia-historico-e-critica-a-oposicao-por-nao-parabenizar-o-governo\/#primaryimage"},"thumbnailUrl":"https:\/\/portaltela.pt\/s.01k8rhncp4jt1\/2026\/03\/img_1500x1000uu2024-09-23-21-06-46-1754191.jpg","keywords":["_economia","d\u00edvida p\u00fablica","excedente","Or\u00e7amento\/Territ\u00f3rio","PS","PSD"],"articleSection":["Not\u00edcias","Pol\u00edtica"],"inLanguage":"pt-PT"},{"@type":"WebPage","@id":"https:\/\/portaltela.pt\/noticias\/2026\/03\/26\/psd-chama-dia-historico-e-critica-a-oposicao-por-nao-parabenizar-o-governo\/","url":"https:\/\/portaltela.pt\/noticias\/2026\/03\/26\/psd-chama-dia-historico-e-critica-a-oposicao-por-nao-parabenizar-o-governo\/","name":"PSD chama dia hist\u00f3rico e critica a oposi\u00e7\u00e3o por n\u00e3o parabenizar o Governo - Portal Tela Portugal","isPartOf":{"@id":"https:\/\/portaltela.pt\/#website"},"primaryImageOfPage":{"@id":"https:\/\/portaltela.pt\/noticias\/2026\/03\/26\/psd-chama-dia-historico-e-critica-a-oposicao-por-nao-parabenizar-o-governo\/#primaryimage"},"image":{"@id":"https:\/\/portaltela.pt\/noticias\/2026\/03\/26\/psd-chama-dia-historico-e-critica-a-oposicao-por-nao-parabenizar-o-governo\/#primaryimage"},"thumbnailUrl":"https:\/\/portaltela.pt\/s.01k8rhncp4jt1\/2026\/03\/img_1500x1000uu2024-09-23-21-06-46-1754191.jpg","datePublished":"2026-03-26T13:53:10+00:00","author":{"@id":"https:\/\/portaltela.pt\/#\/schema\/person\/c4278d4a6028830caff9ee44b42d32ed"},"breadcrumb":{"@id":"https:\/\/portaltela.pt\/noticias\/2026\/03\/26\/psd-chama-dia-historico-e-critica-a-oposicao-por-nao-parabenizar-o-governo\/#breadcrumb"},"inLanguage":"pt-PT","potentialAction":[{"@type":"ReadAction","target":["https:\/\/portaltela.pt\/noticias\/2026\/03\/26\/psd-chama-dia-historico-e-critica-a-oposicao-por-nao-parabenizar-o-governo\/"]}]},{"@type":"ImageObject","inLanguage":"pt-PT","@id":"https:\/\/portaltela.pt\/noticias\/2026\/03\/26\/psd-chama-dia-historico-e-critica-a-oposicao-por-nao-parabenizar-o-governo\/#primaryimage","url":"https:\/\/portaltela.pt\/s.01k8rhncp4jt1\/2026\/03\/img_1500x1000uu2024-09-23-21-06-46-1754191.jpg","contentUrl":"https:\/\/portaltela.pt\/s.01k8rhncp4jt1\/2026\/03\/img_1500x1000uu2024-09-23-21-06-46-1754191.jpg","width":796,"height":448,"caption":"Hugo Soares (na foto, com o PM, Lu\u00eds Montenegro) assumiu em entrevista ao NOW que o Governo pode \u201cmodelar\u201d medidas"},{"@type":"BreadcrumbList","@id":"https:\/\/portaltela.pt\/noticias\/2026\/03\/26\/psd-chama-dia-historico-e-critica-a-oposicao-por-nao-parabenizar-o-governo\/#breadcrumb","itemListElement":[{"@type":"ListItem","position":1,"name":"In\u00edcio","item":"https:\/\/portaltela.pt\/"},{"@type":"ListItem","position":2,"name":"PSD chama dia hist\u00f3rico e critica a oposi\u00e7\u00e3o por n\u00e3o parabenizar o Governo"}]},{"@type":"WebSite","@id":"https:\/\/portaltela.pt\/#website","url":"https:\/\/portaltela.pt\/","name":"Portal Tela Portugal","description":"","potentialAction":[{"@type":"SearchAction","target":{"@type":"EntryPoint","urlTemplate":"https:\/\/portaltela.pt\/?s={search_term_string}"},"query-input":{"@type":"PropertyValueSpecification","valueRequired":true,"valueName":"search_term_string"}}],"inLanguage":"pt-PT"},{"@type":"Person","@id":"https:\/\/portaltela.pt\/#\/schema\/person\/c4278d4a6028830caff9ee44b42d32ed","name":"Telinha","image":{"@type":"ImageObject","inLanguage":"pt-PT","@id":"https:\/\/portaltela.pt\/s.01k8rhncp4jt1\/2025\/11\/talking-bot-125x125.png","url":"https:\/\/portaltela.pt\/s.01k8rhncp4jt1\/2025\/11\/talking-bot-125x125.png","contentUrl":"https:\/\/portaltela.pt\/s.01k8rhncp4jt1\/2025\/11\/talking-bot-125x125.png","caption":"Telinha"},"sameAs":["https:\/\/portaltela.pt\/"],"url":"https:\/\/portaltela.pt\/por\/367410592786\/"}]}},"_links":{"self":[{"href":"https:\/\/portaltela.pt\/api\/wp\/v2\/posts\/422306","targetHints":{"allow":["GET"]}}],"collection":[{"href":"https:\/\/portaltela.pt\/api\/wp\/v2\/posts"}],"about":[{"href":"https:\/\/portaltela.pt\/api\/wp\/v2\/types\/post"}],"author":[{"embeddable":true,"href":"https:\/\/portaltela.pt\/api\/wp\/v2\/users\/2"}],"replies":[{"embeddable":true,"href":"https:\/\/portaltela.pt\/api\/wp\/v2\/comments?post=422306"}],"version-history":[{"count":0,"href":"https:\/\/portaltela.pt\/api\/wp\/v2\/posts\/422306\/revisions"}],"wp:featuredmedia":[{"embeddable":true,"href":"https:\/\/portaltela.pt\/api\/wp\/v2\/media\/422308"}],"wp:attachment":[{"href":"https:\/\/portaltela.pt\/api\/wp\/v2\/media?parent=422306"}],"wp:term":[{"taxonomy":"category","embeddable":true,"href":"https:\/\/portaltela.pt\/api\/wp\/v2\/categories?post=422306"},{"taxonomy":"post_tag","embeddable":true,"href":"https:\/\/portaltela.pt\/api\/wp\/v2\/tags?post=422306"}],"curies":[{"name":"wp","href":"https:\/\/api.w.org\/{rel}","templated":true}]}}